{"id":2076732,"date":"2026-07-29T00:00:00","date_gmt":"2026-07-28T21:00:00","guid":{"rendered":"https:\/\/analyse.optim.biz\/?p=2076732"},"modified":"2026-07-29T00:00:00","modified_gmt":"2026-07-28T21:00:00","slug":"restaurantul-intim-din-focsani-unul-dintre-simbolurile-gastronomiei-vrancei-a-fost-scos-la-vanzare-pentru-25-milioane-de-euro","status":"publish","type":"post","link":"https:\/\/analyse.optim.biz\/?p=2076732","title":{"rendered":"Restaurantul \u201eIntim\u201d din Foc\u0219ani, unul dintre simbolurile gastronomiei Vrancei, a fost scos la v\u00e2nzare pentru 2,5 milioane de euro"},"content":{"rendered":"<p>[analyse_image type=&#8221;featured&#8221; src=&#8221;https:\/\/zdvi.cname.ro\/_\/restaurantul-intim-din-focsani-unul-dintre-simbolurile-gastronomiei-vrancei-a-fost-scos-la-vanzare-pentru-25-milioane-de-euro\/mediaPool\/u4UBDfP.jpg&#8221;]<\/p>\n<div class=\"main-content detaliu-articol\"><a class=\"titlu-cat-list\" href=\"https:\/\/ziaruldevrancea.ro\/promo\/brand-voice\">Brand voice<\/a><\/p>\n<h1>Restaurantul \u201eIntim\u201d din Foc\u0219ani, unul dintre simbolurile gastronomiei Vrancei, a fost scos la v\u00e2nzare pentru 2,5 milioane de euro<\/h1>\n<div class=\"date-articol clearfix\">\n<div class=\"distribuie-articol dropdown\">\n    Distribuie: \u00a0<br \/>\n    <em>|<\/em><\/div>\n<div class=\"autor-articol\"><a href=\"https:\/\/ziaruldevrancea.ro\/autor\/eduard-popescu\/\"><img decoding=\"async\" class=\"img-circle\" src=\"https:\/\/zdvi.cname.ro\/50_50\/articleAuthor\/eduard-popescu\/articleAuthor\/uSipCNh.jpg\" alt><\/a><\/p>\n<h5><a href=\"https:\/\/ziaruldevrancea.ro\/autor\/eduard-popescu\/\">Eduard Popescu<\/a><\/h5>\n<div class=\"grup-spatiere\"><span class=\"cu-spatiere\">29 iul 2026<\/span><span class=\"cu-spatiere\">3530 vizualiz\u0103ri<\/span><\/div>\n<\/div>\n<\/div>\n<div class=\"poza-mare\">\n<div class=\"poza-mare galerie-detaliu\">\n<div id=\"carousel-poza-mare\" class=\"carousel slide carusel-poza\" data-ride=\"carousel\" data-interval=\"0\">\n<div class=\"carousel-inner\" role=\"listbox\">\n<div class=\"item imagine-carusel active\"><a href class=\"openGallery\"><img decoding=\"async\" class=\"img-responsive\" src=\"https:\/\/zdvi.cname.ro\/850_530\/restaurantul-intim-din-focsani-unul-dintre-simbolurile-gastronomiei-vrancei-a-fost-scos-la-vanzare-pentru-25-milioane-de-euro\/article\/mediaPool\/u4UBDfP.jpg\" alt><\/a><\/div>\n<div class=\"item imagine-carusel \"><a href class=\"openGallery\"><img decoding=\"async\" class=\"img-responsive\" src=\"https:\/\/zdvi.cname.ro\/850_530\/restaurantul-intim-din-focsani-unul-dintre-simbolurile-gastronomiei-vrancei-a-fost-scos-la-vanzare-pentru-25-milioane-de-euro\/article\/mediaPool\/uIXuQF1.jpg\" alt><\/a><\/div>\n<div class=\"item imagine-carusel \"><a href class=\"openGallery\"><img decoding=\"async\" class=\"img-responsive\" src=\"https:\/\/zdvi.cname.ro\/850_530\/restaurantul-intim-din-focsani-unul-dintre-simbolurile-gastronomiei-vrancei-a-fost-scos-la-vanzare-pentru-25-milioane-de-euro\/article\/mediaPool\/uGOuq3A.jpg\" alt><\/a><\/div>\n<div class=\"item imagine-carusel \"><a href class=\"openGallery\"><img decoding=\"async\" class=\"img-responsive\" src=\"https:\/\/zdvi.cname.ro\/850_530\/restaurantul-intim-din-focsani-unul-dintre-simbolurile-gastronomiei-vrancei-a-fost-scos-la-vanzare-pentru-25-milioane-de-euro\/article\/mediaPool\/uoAv2qa.jpg\" alt><\/a><\/div>\n<div class=\"item imagine-carusel \"><a href class=\"openGallery\"><img decoding=\"async\" class=\"img-responsive\" src=\"https:\/\/zdvi.cname.ro\/850_530\/restaurantul-intim-din-focsani-unul-dintre-simbolurile-gastronomiei-vrancei-a-fost-scos-la-vanzare-pentru-25-milioane-de-euro\/article\/mediaPool\/ui2mGOJ.jpg\" alt><\/a><\/div>\n<div class=\"item imagine-carusel \"><a href class=\"openGallery\"><img decoding=\"async\" class=\"img-responsive\" src=\"https:\/\/zdvi.cname.ro\/850_530\/restaurantul-intim-din-focsani-unul-dintre-simbolurile-gastronomiei-vrancei-a-fost-scos-la-vanzare-pentru-25-milioane-de-euro\/article\/mediaPool\/um4smcj.jpg\" alt><\/a><\/div>\n<div class=\"item imagine-carusel \"><a href class=\"openGallery\"><img decoding=\"async\" class=\"img-responsive\" src=\"https:\/\/zdvi.cname.ro\/850_530\/restaurantul-intim-din-focsani-unul-dintre-simbolurile-gastronomiei-vrancei-a-fost-scos-la-vanzare-pentru-25-milioane-de-euro\/article\/mediaPool\/uS764zS.jpg\" alt><\/a><\/div>\n<div class=\"item imagine-carusel \"><a href class=\"openGallery\"><img decoding=\"async\" class=\"img-responsive\" src=\"https:\/\/zdvi.cname.ro\/850_530\/restaurantul-intim-din-focsani-unul-dintre-simbolurile-gastronomiei-vrancei-a-fost-scos-la-vanzare-pentru-25-milioane-de-euro\/article\/mediaPool\/uISeQXr.jpg\" alt><\/a><\/div>\n<div class=\"item imagine-carusel \"><a href class=\"openGallery\"><img decoding=\"async\" class=\"img-responsive\" src=\"https:\/\/zdvi.cname.ro\/850_530\/restaurantul-intim-din-focsani-unul-dintre-simbolurile-gastronomiei-vrancei-a-fost-scos-la-vanzare-pentru-25-milioane-de-euro\/article\/mediaPool\/umtJDl1.jpg\" alt><\/a><\/div>\n<div class=\"item imagine-carusel \"><a href class=\"openGallery\"><img decoding=\"async\" class=\"img-responsive\" src=\"https:\/\/zdvi.cname.ro\/850_530\/restaurantul-intim-din-focsani-unul-dintre-simbolurile-gastronomiei-vrancei-a-fost-scos-la-vanzare-pentru-25-milioane-de-euro\/article\/mediaPool\/u4mNtJA.jpg\" alt><\/a><\/div>\n<\/div>\n<\/div>\n<div id=\"carousel-poze-mici\" class=\"carousel slide carusel-mici\" data-ride=\"carousel\" data-interval=\"0\">\n<div class=\"carousel-inner\" role=\"listbox\">\n<div class=\"item active\">\n<ul class=\"navigare-carusel-imagini\">\n<li data-target=\"#carousel-poza-mare\" data-slide-to=\"0\"><img decoding=\"async\" class=\"img-responsive\" src=\"https:\/\/zdvi.cname.ro\/_90\/restaurantul-intim-din-focsani-unul-dintre-simbolurile-gastronomiei-vrancei-a-fost-scos-la-vanzare-pentru-25-milioane-de-euro\/article\/mediaPool\/u4UBDfP.jpg\" alt><\/li>\n<li data-target=\"#carousel-poza-mare\" data-slide-to=\"1\"><img decoding=\"async\" class=\"img-responsive\" src=\"https:\/\/zdvi.cname.ro\/_90\/restaurantul-intim-din-focsani-unul-dintre-simbolurile-gastronomiei-vrancei-a-fost-scos-la-vanzare-pentru-25-milioane-de-euro\/article\/mediaPool\/uIXuQF1.jpg\" alt><\/li>\n<li data-target=\"#carousel-poza-mare\" data-slide-to=\"2\"><img decoding=\"async\" class=\"img-responsive\" src=\"https:\/\/zdvi.cname.ro\/_90\/restaurantul-intim-din-focsani-unul-dintre-simbolurile-gastronomiei-vrancei-a-fost-scos-la-vanzare-pentru-25-milioane-de-euro\/article\/mediaPool\/uGOuq3A.jpg\" alt><\/li>\n<li data-target=\"#carousel-poza-mare\" data-slide-to=\"3\"><img decoding=\"async\" class=\"img-responsive\" src=\"https:\/\/zdvi.cname.ro\/_90\/restaurantul-intim-din-focsani-unul-dintre-simbolurile-gastronomiei-vrancei-a-fost-scos-la-vanzare-pentru-25-milioane-de-euro\/article\/mediaPool\/uoAv2qa.jpg\" alt><\/li>\n<li data-target=\"#carousel-poza-mare\" data-slide-to=\"4\"><img decoding=\"async\" class=\"img-responsive\" src=\"https:\/\/zdvi.cname.ro\/_90\/restaurantul-intim-din-focsani-unul-dintre-simbolurile-gastronomiei-vrancei-a-fost-scos-la-vanzare-pentru-25-milioane-de-euro\/article\/mediaPool\/ui2mGOJ.jpg\" alt><\/li>\n<\/ul>\n<\/div>\n<div class=\"item \">\n<ul class=\"navigare-carusel-imagini\">\n<li data-target=\"#carousel-poza-mare\" data-slide-to=\"5\"><img decoding=\"async\" class=\"img-responsive\" src=\"https:\/\/zdvi.cname.ro\/_90\/restaurantul-intim-din-focsani-unul-dintre-simbolurile-gastronomiei-vrancei-a-fost-scos-la-vanzare-pentru-25-milioane-de-euro\/article\/mediaPool\/um4smcj.jpg\" alt><\/li>\n<li data-target=\"#carousel-poza-mare\" data-slide-to=\"6\"><img decoding=\"async\" class=\"img-responsive\" src=\"https:\/\/zdvi.cname.ro\/_90\/restaurantul-intim-din-focsani-unul-dintre-simbolurile-gastronomiei-vrancei-a-fost-scos-la-vanzare-pentru-25-milioane-de-euro\/article\/mediaPool\/uS764zS.jpg\" alt><\/li>\n<li data-target=\"#carousel-poza-mare\" data-slide-to=\"7\"><img decoding=\"async\" class=\"img-responsive\" src=\"https:\/\/zdvi.cname.ro\/_90\/restaurantul-intim-din-focsani-unul-dintre-simbolurile-gastronomiei-vrancei-a-fost-scos-la-vanzare-pentru-25-milioane-de-euro\/article\/mediaPool\/uISeQXr.jpg\" alt><\/li>\n<li data-target=\"#carousel-poza-mare\" data-slide-to=\"8\"><img decoding=\"async\" class=\"img-responsive\" src=\"https:\/\/zdvi.cname.ro\/_90\/restaurantul-intim-din-focsani-unul-dintre-simbolurile-gastronomiei-vrancei-a-fost-scos-la-vanzare-pentru-25-milioane-de-euro\/article\/mediaPool\/umtJDl1.jpg\" alt><\/li>\n<li data-target=\"#carousel-poza-mare\" data-slide-to=\"9\"><img decoding=\"async\" class=\"img-responsive\" src=\"https:\/\/zdvi.cname.ro\/_90\/restaurantul-intim-din-focsani-unul-dintre-simbolurile-gastronomiei-vrancei-a-fost-scos-la-vanzare-pentru-25-milioane-de-euro\/article\/mediaPool\/u4mNtJA.jpg\" alt><\/li>\n<\/ul>\n<\/div>\n<\/div>\n<p><a class=\"control left\" href=\"https:\/\/ziaruldevrancea.ro\/promo\/brand-voice\/restaurantul-intim-din-focsani-unul-dintre-simbolurile-gastronomiei-vrancei-a-fost-scos-la-vanzare-pentru-25-milioane-de-euro#carousel-poze-mici\" role=\"button\" data-slide=\"prev\"><span class=\"sr-only\">Previous<\/span><\/a><a class=\"control right\" href=\"https:\/\/ziaruldevrancea.ro\/promo\/brand-voice\/restaurantul-intim-din-focsani-unul-dintre-simbolurile-gastronomiei-vrancei-a-fost-scos-la-vanzare-pentru-25-milioane-de-euro#carousel-poze-mici\" role=\"button\" data-slide=\"next\"><span class=\"sr-only\">Next<\/span><\/a><\/div>\n<\/div>\n<\/div>\n<p><strong>Complexul cu o tradi\u021bie \u00eenceput\u0103 \u00een 1972, aflat \u00een centrul municipiului Foc\u0219ani, l\u00e2ng\u0103 Parcul \u201eNicolae B\u0103lcescu\u201d, este promovat \u00eentr-o ofert\u0103 imobiliar\u0103 drept o afacere complet func\u021bional\u0103, cu peste 500 de locuri, restaurant modernizat, rooftop, terase \u0219i poten\u021bial hotelier.<\/strong><\/p>\n<p><strong>Restaurantul \u201eIntim\u201d din Foc\u0219ani, unul dintre simbolurile gastronomiei Vrancei, a fost scos la v\u00e2nzare pentru 2,5 milioane de euro<\/strong><\/p>\n<p>Unul dintre cele mai cunoscute restaurante din municipiul Foc\u0219ani \u0219i un reper al vie\u021bii sociale din Vrancea \u00een ultimele peste cinci decenii, <strong>Restaurantul \u201eIntim\u201d<\/strong>, a fost scos la v\u00e2nzare. Oferta este publicat\u0103 pe platforma <strong>Imobiliare.ro<\/strong>, unde proprietatea este prezentat\u0103 drept o <strong>\u201eafacere la cheie\u201d<\/strong>, iar pre\u021bul solicitat este de <strong>2.500.000 de euro<\/strong>.<\/p>\n<p>Potrivit anun\u021bului, complexul este comercializat prin intermediul unei agen\u021bii imobiliare \u0219i este descris ca un business complet opera\u021bional, destinat at\u00e2t investitorilor din domeniul HoReCa, c\u00e2t \u0219i lan\u021burilor hoteliere sau de restaurante interesate de o proprietate situat\u0103 \u00een zona ultracentral\u0103 a municipiului Foc\u0219ani.<\/p>\n<p>Restaurantul \u201eIntim\u201d, a c\u0103rui poveste a \u00eenceput \u00een anul <strong>1972<\/strong>, beneficiaz\u0103 de o pozi\u021bionare privilegiat\u0103, cu deschidere c\u0103tre <strong>Parcul \u201eNicolae B\u0103lcescu\u201d<\/strong>, una dintre cele mai cunoscute zone ale ora\u0219ului.<\/p>\n<p><strong>Complex de peste 1.000 de metri p\u0103tra\u021bi \u0219i peste 500 de locuri<\/strong><\/p>\n<p>Conform informa\u021biilor publicate \u00een oferta imobiliar\u0103, proprietatea are aproximativ <strong>1.005 metri p\u0103tra\u021bi utili<\/strong>, fiind amplasat\u0103 pe un teren de <strong>441 metri p\u0103tra\u021bi<\/strong>.<\/p>\n<p>Ansamblul cuprinde:<\/p>\n<ul>\n<li>restaurant complet modernizat;<\/li>\n<li>saloane pentru organizarea de evenimente;<\/li>\n<li>terase exterioare;<\/li>\n<li>proiect de rooftop lounge \u0219i pizzerie;<\/li>\n<li>buc\u0103t\u0103rie profesional\u0103 complet utilat\u0103;<\/li>\n<li>camere frigorifice \u0219i spa\u021bii industriale de depozitare;<\/li>\n<li>spa\u021bii administrative;<\/li>\n<li>cinci camere cu b\u0103i proprii, care pot fi transformate \u00eentr-o zon\u0103 de cazare de tip boutique-hotel.<\/li>\n<\/ul>\n<p>Potrivit descrierii, capacitatea total\u0103 de servire dep\u0103\u0219e\u0219te <strong>500 de locuri<\/strong>, incluz\u00e2nd at\u00e2t spa\u021biile interioare, c\u00e2t \u0219i terasele.<\/p>\n<p><strong>Proprietatea este prezentat\u0103 ca o afacere func\u021bional\u0103<\/strong><\/p>\n<p><strong><em>\u00cen anun\u021b se precizeaz\u0103 c\u0103 restaurantul se vinde complet opera\u021bional, \u00eempreun\u0103 cu mobilierul, echipamentele \u0219i dot\u0103rile existente, f\u0103r\u0103 preluarea societ\u0103\u021bii comerciale care \u00eel administreaz\u0103 \u00een prezent.De asemenea, agen\u021bia men\u021bioneaz\u0103 c\u0103 localul are deja rezerv\u0103ri confirmate pentru perioada urm\u0103toare, iar informa\u021biile privind istoricul financiar \u0219i profitabilitatea sunt puse la dispozi\u021bia poten\u021bialilor cump\u0103r\u0103tori doar \u00een cadrul unor discu\u021bii directe.<\/em><\/strong><\/p>\n<p>Oferta, actualizat\u0103 la data de <strong>22 iulie 2026<\/strong>, indic\u0103 faptul c\u0103 imobilul este disponibil at\u00e2t pentru plata integral\u0103, c\u00e2t \u0219i prin credit.<\/p>\n<p><strong>Un nume care face parte din memoria afectiv\u0103 a Foc\u0219aniului<\/strong><\/p>\n<p>Dincolo de valoarea comercial\u0103 a propriet\u0103\u021bii, Restaurantul \u201eIntim\u201d ocup\u0103 un loc aparte \u00een memoria colectiv\u0103 a multor genera\u021bii de foc\u0219\u0103neni.<\/p>\n<p>De-a lungul ultimelor cinci decenii, localul a g\u0103zduit nenum\u0103rate evenimente familiale, \u00eent\u00e2lniri \u00eentre prieteni, anivers\u0103ri, nun\u021bi, botezuri sau petreceri, devenind unul dintre cele mai cunoscute puncte de \u00eent\u00e2lnire din municipiu.<\/p>\n<p>\u00cen august 2025, <strong>Ziarul de Vrancea<\/strong> publica articolul <strong>\u201e<a href=\"https:\/\/www.ziaruldevrancea.ro\/promo\/brand-voice\/video--foto-restaurantul-intim---peste-jumatate-de-secol-de-povesti-si-amintiri-in-inima-focsaniului\" target=\"_blank\">VIDEO + Foto | Restaurantul \u00abIntim\u00bb \u2013 peste jum\u0103tate de secol de pove\u0219ti \u0219i amintiri \u00een inima Foc\u0219aniului<\/a>\u201d<\/strong>, prilej cu care era evocat\u0103 istoria localului \u0219i leg\u0103tura sa cu comunitatea.<\/p>\n<p>Atunci, reprezentan\u021bii restaurantului transmiteau c\u0103, \u00eenc\u0103 din 1972, \u201eIntim\u201d a fost locul unde s-au \u00eent\u00e2lnit genera\u021bii \u00eentregi de foc\u0219\u0103neni, iar dup\u0103 modernizarea complexului tradi\u021bia continu\u0103 \u00eentr-un spa\u021biu adaptat cerin\u021belor actuale.<\/p>\n<p>Pentru numero\u0219i vr\u00e2nceni, restaurantul reprezint\u0103 mai mult dec\u00e2t un simplu spa\u021biu comercial: este un loc asociat unor momente importante din via\u021b\u0103 \u0219i un reper al ora\u0219ului Foc\u0219ani.<\/p>\n<p>R\u0103m\u00e2ne de v\u0103zut dac\u0103 proprietatea \u00ee\u0219i va g\u0103si un nou investitor \u0219i dac\u0103 viitorul proprietar va p\u0103stra identitatea unui local care, timp de peste 50 de ani, a f\u0103cut parte din istoria gastronomic\u0103 \u0219i social\u0103 a municipiului.<\/p>\n<p><strong>Eduard Popescu<\/strong><\/p>\n<hr>\n<div class=\"bloc-widget widget-rosu\">\n<p>\u00cen lipsa unui acord scris din partea Ziarului de Vrancea, pute\u0163i prelua maxim 500 de caractere din acest articol dac\u0103 preciza\u0163i sursa \u015fi insera\u0163i vizibil link-ul articolului:\u00a0<span>#insertcurrentlinkhere<\/span><\/p>\n<\/div>\n<div class=\"extra-articol listing-anunturi\">\n<h6>Anun\u021buri <span class=\"text-primary\">ZdV<\/span> Premium<\/h6>\n<div class=\"row\">\n<div class=\"col-lg-4 col-md-6 bloc-egal\"><a class=\"card-anunt\" href=\"https:\/\/ziaruldevrancea.ro\/anunturi\/altele\/servicii\/caut-o-persoana-sau-o-familie-pentru-ingrijirea-unei-batrane\"><strong class=\"titlu\">Servicii<\/strong><span class=\"text-anunt\">Caut o persoan\u0103\u00a0sau o familie serioas\u0103&#8230;<\/span><span class=\"data-anunt\">04.08.2026  <\/span><\/a><\/div>\n<div class=\"col-lg-4 col-md-6 bloc-egal\"><a class=\"card-anunt\" href=\"https:\/\/ziaruldevrancea.ro\/anunturi\/imobiliare\/vanzari-ap-2-camere\/vand-apartament-2-camere-in-focsani-anunt-72825\"><strong class=\"titlu\">V\u00e2nz\u0103ri ap 2 camere<\/strong><span class=\"text-anunt\">V\u00e2nd apartament 2 camere, hol p\u0103trat,&#8230;<\/span><span class=\"data-anunt\">04.08.2026  <\/span><\/a><\/div>\n<div class=\"col-lg-4 col-md-6 bloc-egal\"><a class=\"card-anunt\" href=\"https:\/\/ziaruldevrancea.ro\/anunturi\/angajari\/oferte-angajari\/angajam-asistente-medicale\"><strong class=\"titlu\">Oferte<\/strong><span class=\"text-anunt\">Crucea Ro\u0219ie Vrancea angajeaz\u0103 asistente\u00a0&#8230;<\/span><span class=\"data-anunt\">04.08.2026  <\/span><\/a><\/div>\n<\/div>\n<\/div>\n<div class=\"extra-articol alte-articole\">\n<div class=\"row\">\n<div class=\"col-lg-6 bloc-egal\">\n<div class=\"card articol-listing\">\n<h6>\u00cen categoria <a href=\"https:\/\/ziaruldevrancea.ro\/promo\/brand-voice\">Brand voice<\/a><\/h6>\n<div class=\"grup-articol-listing\">\n<div class=\"cont-pils\"><a href=\"https:\/\/ziaruldevrancea.ro\/promo\/brand-voice\/video-agenda-saptamanii-3-9-august-2026-in-vrancea\"><img decoding=\"async\" src=\"https:\/\/zdvi.cname.ro\/180_135\/promo\/brand-voice\/video-agenda-saptamanii-3-9-august-2026-in-vrancea\/mediaPool\/ukNuNqV.jpg\" class=\"img-responsive img-180\" alt><\/a><\/div>\n<h2><a class=\"link-titlu\" href=\"https:\/\/ziaruldevrancea.ro\/promo\/brand-voice\/video-agenda-saptamanii-3-9-august-2026-in-vrancea\">VIDEO | Agenda s\u0103pt\u0103m\u00e2nii 3\u20139 august 2026 \u00een Vrancea<\/a><\/h2>\n<div class=\"date-post\"><a href=\"https:\/\/ziaruldevrancea.ro\/autor\/radu-tomescu\">Radu Tomescu<\/a>,  4 aug 2026  <\/div>\n<\/div>\n<div class=\"grup-articol-listing\">\n<div class=\"cont-pils\"><a href=\"https:\/\/ziaruldevrancea.ro\/promo\/brand-voice\/20-de-tineri-din-vrancea-descopera-europa-cu-trenul-prin-erasmus\"><img decoding=\"async\" src=\"https:\/\/zdvi.cname.ro\/180_135\/promo\/brand-voice\/20-de-tineri-din-vrancea-descopera-europa-cu-trenul-prin-erasmus\/mediaPool\/uVsSv09.jpg\" class=\"img-responsive img-180\" alt><\/a><\/div>\n<h2><a class=\"link-titlu\" href=\"https:\/\/ziaruldevrancea.ro\/promo\/brand-voice\/20-de-tineri-din-vrancea-descopera-europa-cu-trenul-prin-erasmus\">20 de tineri din Vrancea descoper\u0103 Europa cu trenul prin Erasmus+<\/a><\/h2>\n<div class=\"date-post\"><a href=\"https:\/\/ziaruldevrancea.ro\/autor\/maria-bratu\">Maria BRATU<\/a>,  4 aug 2026  <\/div>\n<\/div>\n<div class=\"grup-articol-listing\">\n<div class=\"cont-pils\"><a href=\"https:\/\/ziaruldevrancea.ro\/promo\/brand-voice\/investigatii-complete-pentru-sanatatea-femeii-disponibile-in-vrancea-la-acelasi-medic-specialist\"><img decoding=\"async\" src=\"https:\/\/zdvi.cname.ro\/180_135\/promo\/brand-voice\/investigatii-complete-pentru-sanatatea-femeii-disponibile-in-vrancea-la-acelasi-medic-specialist\/mediaPool\/ui2xC62.PNG\" class=\"img-responsive img-180\" alt><\/a><\/div>\n<h2><a class=\"link-titlu\" href=\"https:\/\/ziaruldevrancea.ro\/promo\/brand-voice\/investigatii-complete-pentru-sanatatea-femeii-disponibile-in-vrancea-la-acelasi-medic-specialist\">Investiga\u021bii complete pentru s\u0103n\u0103tatea femeii, disponibile \u00een Vrancea la acela\u0219i medic specialist<\/a><\/h2>\n<div class=\"date-post\"><a href=\"https:\/\/ziaruldevrancea.ro\/autor\/camelia-marin\">Camelia Marin<\/a>,  4 aug 2026  <\/div>\n<\/div>\n<\/div>\n<\/div>\n<div class=\"col-lg-6 bloc-egal\">\n<div class=\"card articol-listing\">\n<h6>De acela\u0219i <a href=\"https:\/\/ziaruldevrancea.ro\/autor\/eduard-popescu\/\">autor<\/a><\/h6>\n<div class=\"grup-articol-listing\">\n<div class=\"cont-pils\"><a href=\"https:\/\/ziaruldevrancea.ro\/promo\/brand-voice\/psihologia-din-spatele-somnului-cum-transformi-teama-de-culcare-in-primul-pas-spre-independenta-copilului-tau\"><img decoding=\"async\" src=\"https:\/\/zdvi.cname.ro\/180_135\/promo\/brand-voice\/psihologia-din-spatele-somnului-cum-transformi-teama-de-culcare-in-primul-pas-spre-independenta-copilului-tau\/mediaPool\/ujFkUvt.jpg\" class=\"img-responsive img-180\" alt><\/a><\/div>\n<h2><a class=\"link-titlu\" href=\"https:\/\/ziaruldevrancea.ro\/promo\/brand-voice\/psihologia-din-spatele-somnului-cum-transformi-teama-de-culcare-in-primul-pas-spre-independenta-copilului-tau\">Psihologia din spatele somnului: Cum transformi teama de culcare \u00een primul pas spre independen\u021ba copilului t\u0103u<\/a><\/h2>\n<div class=\"date-post\"><a href=\"https:\/\/ziaruldevrancea.ro\/autor\/eduard-popescu\">Eduard Popescu<\/a>,  3 aug 2026  <\/div>\n<\/div>\n<div class=\"grup-articol-listing\">\n<div class=\"cont-pils\"><a href=\"https:\/\/ziaruldevrancea.ro\/promo\/brand-voice\/video-laboratorul-de-recuperare-al-spitalului-municipal-adjud-complet-renovat\"><img decoding=\"async\" src=\"https:\/\/zdvi.cname.ro\/180_135\/promo\/brand-voice\/video-laboratorul-de-recuperare-al-spitalului-municipal-adjud-complet-renovat\/mediaPool\/uAxvm3R.jpg\" class=\"img-responsive img-180\" alt><\/a><\/div>\n<h2><a class=\"link-titlu\" href=\"https:\/\/ziaruldevrancea.ro\/promo\/brand-voice\/video-laboratorul-de-recuperare-al-spitalului-municipal-adjud-complet-renovat\">VIDEO | Laboratorul de Recuperare al Spitalului Municipal Adjud, complet renovat<\/a><\/h2>\n<div class=\"date-post\"><a href=\"https:\/\/ziaruldevrancea.ro\/autor\/eduard-popescu\">Eduard Popescu<\/a>,  2 aug 2026  <\/div>\n<\/div>\n<div class=\"grup-articol-listing\">\n<div class=\"cont-pils\"><a href=\"https:\/\/ziaruldevrancea.ro\/promo\/brand-voice\/constatare-in-urma-prezentei-in-santier-a-presedintelui-cj-nicusor-halici-dj-204e-din-vrancea-modernizat-in-proportie-de-aproape-70\"><img decoding=\"async\" src=\"https:\/\/zdvi.cname.ro\/180_135\/promo\/brand-voice\/constatare-in-urma-prezentei-in-santier-a-presedintelui-cj-nicusor-halici-dj-204e-din-vrancea-modernizat-in-proportie-de-aproape-70\/mediaPool\/uEQXypl.jpg\" class=\"img-responsive img-180\" alt><\/a><\/div>\n<h2><a class=\"link-titlu\" href=\"https:\/\/ziaruldevrancea.ro\/promo\/brand-voice\/constatare-in-urma-prezentei-in-santier-a-presedintelui-cj-nicusor-halici-dj-204e-din-vrancea-modernizat-in-proportie-de-aproape-70\">Constatare \u00een urma prezen\u021bei \u00een \u0219antier a pre\u0219edintelui CJ Nicu\u0219or Halici: DJ 204E din Vrancea, modernizat \u00een propor\u021bie de aproape 70%<\/a><\/h2>\n<div class=\"date-post\"><a href=\"https:\/\/ziaruldevrancea.ro\/autor\/eduard-popescu\">Eduard Popescu<\/a>, 28 iul 2026  <\/div>\n<\/div>\n<\/div>\n<\/div>\n<\/div>\n<\/div>\n<div class=\"extra-articol listing-anunturi\">\n<h6>Anun\u021buri <span class=\"text-primary\">ZdV<\/span> Premium<\/h6>\n<div class=\"row\">\n<div class=\"col-lg-4 col-md-6 bloc-egal\"><a class=\"card-anunt\" href=\"https:\/\/ziaruldevrancea.ro\/anunturi\/inchirieri\/locuinte-oferte\/Inchiriez-camera-anunt-72823\"><strong class=\"titlu\">Locuin\u021be oferte<\/strong><span class=\"text-anunt\">\u00cenchiriez camer\u0103 la apartament. Rog&#8230;<\/span><span class=\"data-anunt\">03.08.2026  <\/span><\/a><\/div>\n<div class=\"col-lg-4 col-md-6 bloc-egal\"><a class=\"card-anunt\" href=\"https:\/\/ziaruldevrancea.ro\/anunturi\/imobiliare\/vanzari-terenuri\/vand-teren-in-panciu\"><strong class=\"titlu\">V\u00e2nz\u0103ri terenuri<\/strong><span class=\"text-anunt\">Teren Panciu 1170 mp, cu num\u0103r cas\u0103, ap\u0103&#8230;<\/span><span class=\"data-anunt\">29.07.2026  <\/span><\/a><\/div>\n<div class=\"col-lg-4 col-md-6 bloc-egal\"><a class=\"card-anunt\" href=\"https:\/\/ziaruldevrancea.ro\/anunturi\/altele\/anulare-acte\/vand-scrumbii-afumate-capturi-dunare\"><strong class=\"titlu\">Vanzari diverse<\/strong><span class=\"text-anunt\">Pret : 117 lei \/ kg . \u00a0 Este&#8230;<\/span><span class=\"data-anunt\">29.07.2026 , Gala\u021bi , Gala\u021bi<\/span><\/a><\/div>\n<\/div>\n<\/div>\n<div class=\"bloc-widget widget-albastru\">\n    Ziarul de Vrancea \u00a0nu este responsabil juridic pentru con\u0163inutul textelor din comentariile de mai jos. Responsabilitatea pentru mesajele dumneavoastra v\u0103 revine \u00een exclusivitate.\n<\/div>\n<div class=\"comentarii-articol\" id=\"comentarii\">\n<h3>Comentarii: <span class=\"text-primary\">0<\/span><\/h3>\n<p><a href=\"https:\/\/ziaruldevrancea.ro\/promo\/brand-voice\/restaurantul-intim-din-focsani-unul-dintre-simbolurile-gastronomiei-vrancei-a-fost-scos-la-vanzare-pentru-25-milioane-de-euro\" class=\"btn btn-success btn-adauga-com\" data-toggle=\"modal\" data-parent=\"0\" data-target=\"#commentModal\">Adaug\u0103 comentariu<\/a><\/p>\n<div class=\"loadMask comments-mask\"><img decoding=\"async\" src=\"https:\/\/zdvs.cname.ro\/images\/loader_40.gif\"><\/div>\n<div class=\"comenteaza-jos\">Trebuie s\u0103 fii <a href=\"https:\/\/ziaruldevrancea.ro\/account\">autentificat<\/a> pentru a putea <a href=\"https:\/\/ziaruldevrancea.ro\/promo\/brand-voice\/restaurantul-intim-din-focsani-unul-dintre-simbolurile-gastronomiei-vrancei-a-fost-scos-la-vanzare-pentru-25-milioane-de-euro\" class data-toggle=\"modal\" data-parent=\"0\" data-target=\"#commentModal\">posta un comentariu<\/a>.<\/div>\n<\/div>\n<div class=\"modal fade\" id=\"commentModal\" role=\"dialog\" aria-labelledby=\"commentModalLabel\">\n<div class=\"modal-dialog modal-lg\" role=\"document\">\n<div class=\"modal-content\">\n<div class=\"modal-header\">\n<h3 class=\"modal-title\" id=\"commentModalLabel\">Comenteaz\u0103<\/h3>\n<\/div>\n<div class=\"modal-body\">\n<div class=\"tabel tabel-full\">\n<div class=\"celula\">\n              Trebuie s\u0103 fii <a href=\"https:\/\/ziaruldevrancea.ro\/account\">autentificat<\/a> pentru a putea posta un comentariu.\n            <\/div>\n<\/div>\n<\/div>\n<div class=\"modal-footer\">\n<div id=\"commentPending\" class=\"formPending pull-left\"><img decoding=\"async\" src=\"https:\/\/zdvs.cname.ro\/images\/loader_40.gif\"> In curs de procesare&#8230;<\/div>\n<p><a href=\"https:\/\/ziaruldevrancea.ro\/promo\/brand-voice\/restaurantul-intim-din-focsani-unul-dintre-simbolurile-gastronomiei-vrancei-a-fost-scos-la-vanzare-pentru-25-milioane-de-euro\" class=\"btn btn-default\" data-dismiss=\"modal\">Anuleaz\u0103<\/a><\/div>\n<\/div>\n<\/div>\n<\/div>\n<div class=\"modal fade\" id=\"commentReportModal\" role=\"dialog\" aria-labelledby=\"commentReportModalLabel\">\n<div class=\"modal-dialog modal-lg\" role=\"document\">\n<div class=\"modal-content\">\n<div class=\"modal-header\">\n<h3 class=\"modal-title\" id=\"commentReportModalLabel\">Raporteaza comentariu<\/h3>\n<\/div>\n<div class=\"modal-body\">\n<div class=\"tabel tabel-full\">\n<div class=\"celula\">\n              Trebuie s\u0103 fii <a href=\"https:\/\/ziaruldevrancea.ro\/account\">autentificat<\/a> pentru a putea raporta un comentariu.\n            <\/div>\n<\/div>\n<\/div>\n<div class=\"modal-footer\">\n<div id=\"commentReportPending\" class=\"formPending pull-left\"><img decoding=\"async\" src=\"https:\/\/zdvs.cname.ro\/images\/loader_40.gif\"> In curs de procesare&#8230;<\/div>\n<p><a href=\"https:\/\/ziaruldevrancea.ro\/promo\/brand-voice\/restaurantul-intim-din-focsani-unul-dintre-simbolurile-gastronomiei-vrancei-a-fost-scos-la-vanzare-pentru-25-milioane-de-euro\" class=\"btn btn-default\" data-dismiss=\"modal\">Anuleaz\u0103<\/a><\/div>\n<\/div>\n<\/div>\n<\/div>\n<div class=\"modal fade\" id=\"commentLikeModal\" role=\"dialog\" aria-labelledby=\"commentLikeModalLabel\">\n<div class=\"modal-dialog modal-lg\" role=\"document\">\n<div class=\"modal-content\">\n<div class=\"modal-header\">\n<h3 class=\"modal-title\" id=\"commentReportModalLabel\">Apreciaza comentariu<\/h3>\n<\/div>\n<div class=\"modal-body\">\n<div class=\"tabel tabel-full\">\n<div class=\"celula\">\n            Trebuie s\u0103 fii <a href=\"https:\/\/ziaruldevrancea.ro\/account\">autentificat<\/a> pentru a putea aprecia un comentariu.\n          <\/div>\n<\/div>\n<\/div>\n<div class=\"modal-footer\"><a href=\"https:\/\/ziaruldevrancea.ro\/promo\/brand-voice\/restaurantul-intim-din-focsani-unul-dintre-simbolurile-gastronomiei-vrancei-a-fost-scos-la-vanzare-pentru-25-milioane-de-euro\" class=\"btn btn-default\" data-dismiss=\"modal\">Anuleaz\u0103<\/a><\/div>\n<\/div>\n<\/div>\n<\/div>\n<div class=\"bloc-widget widget-rosu\"><span><small>Ziarul de Vrancea doreste ca acest site sa fie un spatiu al discutiilor civilizate, al comentariilor de bun simt. Din acest motiv, cei care posteaza comentarii la articole trebuie sa respecte urmatoarele reguli:<br \/>\n1. Sa se refere doar la articolul la care posteaza comentarii.<br \/>\n2. Sa foloseasca un limbaj civilizat, fara injurii, calomnii, comentarii antisemite, xenofobe sau rasiste.<br \/>\n3. Sunt interzise atacurile la adresa autorilor, daca acestea nu au legatura cu textul.<br \/>\n4. Username-ul sa nu fie nume de personalitati ale vietii publice sau parodieri ale acestora.<br \/>\nAutorul unui articol poate fi criticat pentru eventuale greseli, incoerenta, lipsa de documentare etc.<br \/>\nNerespectarea regulilor mentionate mai sus va duce la stergerea comentariilor, fara avertisment si fara explicatii.<br \/>\nAbaterile repetate vor avea drept consecinta interdictia accesului la aceasta facilitate a site-ului.<\/small><\/span><\/div>\n<\/div>\n<p>[analyse_source url=&#8221;https:\/\/ziaruldevrancea.ro\/promo\/brand-voice\/restaurantul-intim-din-focsani-unul-dintre-simbolurile-gastronomiei-vrancei-a-fost-scos-la-vanzare-pentru-25-milioane-de-euro&#8221;]<\/p>\n","protected":false},"excerpt":{"rendered":"<p>[analyse_image type=&#8221;featured&#8221; src=&#8221;https:\/\/zdvi.cname.ro\/_\/restaurantul-intim-din-focsani-unul-dintre-simbolurile-gastronomiei-vrancei-a-fost-scos-la-vanzare-pentru-25-milioane-de-euro\/mediaPool\/u4UBDfP.jpg&#8221;] Brand voice Restaurantul \u201eIntim\u201d din Foc\u0219ani, unul dintre simbolurile gastronomiei Vrancei, a fost scos la v\u00e2nzare pentru 2,5 milioane de euro Distribuie: \u00a0 | Eduard Popescu 29 iul 20263530 vizualiz\u0103ri PreviousNext Complexul cu o tradi\u021bie \u00eenceput\u0103 \u00een 1972, aflat \u00een centrul municipiului Foc\u0219ani, l\u00e2ng\u0103 Parcul \u201eNicolae B\u0103lcescu\u201d, este promovat \u00eentr-o ofert\u0103 imobiliar\u0103 [&hellip;]<\/p>\n","protected":false},"author":1,"featured_media":0,"comment_status":"open","ping_status":"","sticky":false,"template":"","format":"standard","meta":{"footnotes":""},"categories":[89],"tags":[226,208],"class_list":["post-2076732","post","type-post","status-publish","format-standard","hentry","category-romania","tag-crawlmanager","tag-ziaruldevrancea-ro"],"_links":{"self":[{"href":"https:\/\/analyse.optim.biz\/index.php?rest_route=\/wp\/v2\/posts\/2076732","targetHints":{"allow":["GET"]}}],"collection":[{"href":"https:\/\/analyse.optim.biz\/index.php?rest_route=\/wp\/v2\/posts"}],"about":[{"href":"https:\/\/analyse.optim.biz\/index.php?rest_route=\/wp\/v2\/types\/post"}],"author":[{"embeddable":true,"href":"https:\/\/analyse.optim.biz\/index.php?rest_route=\/wp\/v2\/users\/1"}],"replies":[{"embeddable":true,"href":"https:\/\/analyse.optim.biz\/index.php?rest_route=%2Fwp%2Fv2%2Fcomments&post=2076732"}],"version-history":[{"count":0,"href":"https:\/\/analyse.optim.biz\/index.php?rest_route=\/wp\/v2\/posts\/2076732\/revisions"}],"wp:attachment":[{"href":"https:\/\/analyse.optim.biz\/index.php?rest_route=%2Fwp%2Fv2%2Fmedia&parent=2076732"}],"wp:term":[{"taxonomy":"category","embeddable":true,"href":"https:\/\/analyse.optim.biz\/index.php?rest_route=%2Fwp%2Fv2%2Fcategories&post=2076732"},{"taxonomy":"post_tag","embeddable":true,"href":"https:\/\/analyse.optim.biz\/index.php?rest_route=%2Fwp%2Fv2%2Ftags&post=2076732"}],"curies":[{"name":"wp","href":"https:\/\/api.w.org\/{rel}","templated":true}]}}