{"id":2076731,"date":"2026-07-29T00:00:00","date_gmt":"2026-07-28T21:00:00","guid":{"rendered":"https:\/\/analyse.optim.biz\/?p=2076731"},"modified":"2026-07-29T00:00:00","modified_gmt":"2026-07-28T21:00:00","slug":"deputatul-pnl-de-vrancea-dragos-ciobotaru-anunta-modificari-importante-in-noul-cod-al-urbanismului","status":"publish","type":"post","link":"https:\/\/analyse.optim.biz\/?p=2076731","title":{"rendered":"Deputatul PNL de Vrancea Drago\u0219 Ciobotaru anun\u021b\u0103 modific\u0103ri importante \u00een noul Cod al Urbanismului"},"content":{"rendered":"<p>[analyse_image type=&#8221;featured&#8221; src=&#8221;https:\/\/zdvi.cname.ro\/_\/deputatul-pnl-de-vrancea-dragos-ciobotaru-anunta-modificari-importante-in-noul-cod-al-urbanismului\/mediaPool\/uJ3n2a6.jpg&#8221;]<\/p>\n<div class=\"main-content detaliu-articol\"><a class=\"titlu-cat-list\" href=\"https:\/\/ziaruldevrancea.ro\/promo\/brand-voice\">Brand voice<\/a><\/p>\n<h1>Deputatul PNL de Vrancea Drago\u0219 Ciobotaru anun\u021b\u0103 modific\u0103ri importante \u00een noul Cod al Urbanismului<\/h1>\n<div class=\"date-articol clearfix\">\n<div class=\"distribuie-articol dropdown\">\n    Distribuie: \u00a0<br \/>\n    <em>|<\/em><\/div>\n<div class=\"autor-articol\"><a href=\"https:\/\/ziaruldevrancea.ro\/autor\/mircea-pavel\/\"><img decoding=\"async\" class=\"img-circle\" src=\"https:\/\/zdvi.cname.ro\/50_50\/articleAuthor\/mircea-pavel\/articleAuthor\/uqcCx6q.jpg\" alt><\/a><\/p>\n<h5><a href=\"https:\/\/ziaruldevrancea.ro\/autor\/mircea-pavel\/\">Mircea Pavel<\/a><\/h5>\n<div class=\"grup-spatiere\"><span class=\"cu-spatiere\">29 iul 2026<\/span><span class=\"cu-spatiere\">1054 vizualiz\u0103ri<\/span><\/div>\n<\/div>\n<\/div>\n<div class=\"poza-mare\">\n<div class=\"poza-mare galerie-detaliu\">\n<div id=\"carousel-poza-mare\" class=\"carousel slide carusel-poza\" data-ride=\"carousel\" data-interval=\"0\">\n<div class=\"carousel-inner\" role=\"listbox\">\n<div class=\"item imagine-carusel active\"><a href class=\"openGallery\"><img decoding=\"async\" class=\"img-responsive\" src=\"https:\/\/zdvi.cname.ro\/850_530\/deputatul-pnl-de-vrancea-dragos-ciobotaru-anunta-modificari-importante-in-noul-cod-al-urbanismului\/article\/mediaPool\/uJ3n2a6.jpg\" alt><\/a><\/div>\n<div class=\"item imagine-carusel \"><a href class=\"openGallery\"><img decoding=\"async\" class=\"img-responsive\" src=\"https:\/\/zdvi.cname.ro\/850_530\/deputatul-pnl-de-vrancea-dragos-ciobotaru-anunta-modificari-importante-in-noul-cod-al-urbanismului\/article\/mediaPool\/uHMFNDW.jpg\" alt><\/a><\/div>\n<\/div>\n<\/div>\n<div id=\"carousel-poze-mici\" class=\"carousel slide carusel-mici\" data-ride=\"carousel\" data-interval=\"0\">\n<div class=\"carousel-inner\" role=\"listbox\">\n<div class=\"item active\">\n<ul class=\"navigare-carusel-imagini\">\n<li data-target=\"#carousel-poza-mare\" data-slide-to=\"0\"><img decoding=\"async\" class=\"img-responsive\" src=\"https:\/\/zdvi.cname.ro\/_90\/deputatul-pnl-de-vrancea-dragos-ciobotaru-anunta-modificari-importante-in-noul-cod-al-urbanismului\/article\/mediaPool\/uJ3n2a6.jpg\" alt><\/li>\n<li data-target=\"#carousel-poza-mare\" data-slide-to=\"1\"><img decoding=\"async\" class=\"img-responsive\" src=\"https:\/\/zdvi.cname.ro\/_90\/deputatul-pnl-de-vrancea-dragos-ciobotaru-anunta-modificari-importante-in-noul-cod-al-urbanismului\/article\/mediaPool\/uHMFNDW.jpg\" alt><\/li>\n<\/ul>\n<\/div>\n<\/div>\n<\/div>\n<\/div>\n<\/div>\n<p><strong>Anexe gospod\u0103re\u0219ti f\u0103r\u0103 autoriza\u021bie \u00een mediul rural<\/strong><\/p>\n<p><strong>Un amendament ini\u021biat de parlamentarul vr\u00e2ncean \u0219i adoptat \u00een Comisia pentru administra\u021bie public\u0103 permite construirea unor anexe provizorii \u00een satele din Rom\u00e2nia doar cu acordul prim\u0103riei, f\u0103r\u0103 autoriza\u021bie de construire.<\/strong><\/p>\n<p><strong>Deputatul PNL de Vrancea Drago\u0219 Ciobotaru anun\u021b\u0103 modific\u0103ri importante \u00een noul Cod al Urbanismului: anexe gospod\u0103re\u0219ti f\u0103r\u0103 autoriza\u021bie \u00een mediul rural<\/strong><\/p>\n<p>Deputatul PNL de Vrancea, <strong>Drago\u0219 Ciobotaru<\/strong>, a anun\u021bat c\u0103 raportul pentru proiectul noului <strong>Cod al amenaj\u0103rii teritoriului, urbanismului \u0219i construc\u021biilor (PL-x nr. 418\/2023)<\/strong> a fost aprobat mar\u021bi, 28 iulie 2026, \u00een Comisia pentru administra\u021bie public\u0103 \u0219i amenajarea teritoriului din Camera Deputa\u021bilor. Potrivit parlamentarului, proiectul urma s\u0103 intre la votul final \u00een plenul Camerei Deputa\u021bilor.<\/p>\n<p>\u00centr-o postare publicat\u0103 pe pagina sa de Facebook, deputatul de Vrancea sus\u021bine c\u0103 adoptarea noului Cod al Urbanismului reprezint\u0103 un pas important at\u00e2t pentru modernizarea legisla\u021biei din domeniu, c\u00e2t \u0219i pentru \u00eendeplinirea unor jaloane asumate de Rom\u00e2nia prin Planul Na\u021bional de Redresare \u0219i Rezilien\u021b\u0103 (PNRR).<\/p>\n<p><strong>Un amendament ini\u021biat de deputatul de Vrancea vizeaz\u0103 anexele gospod\u0103re\u0219ti din mediul rural<\/strong><\/p>\n<p>Drago\u0219 Ciobotaru afirm\u0103 c\u0103 unul dintre amendamentele pe care le-a ini\u021biat \u0219i care a fost adoptat \u00een unanimitate introduce o excep\u021bie privind construirea unor anexe gospod\u0103re\u0219ti provizorii \u00een mediul rural.<\/p>\n<p>Potrivit textului amendamentului, vor putea fi realizate, <strong>\u00een baza acordului unit\u0103\u021bii administrativ-teritoriale \u0219i f\u0103r\u0103 autoriza\u021bie de construire<\/strong>, anumite construc\u021bii-anex\u0103 amplasate \u00een afara locuin\u021belor unifamiliale independente, precum:<\/p>\n<ul>\n<li>terase acoperite;<\/li>\n<li>pergole;<\/li>\n<li>buc\u0103t\u0103rii de var\u0103;<\/li>\n<li>magazii;<\/li>\n<li>grupuri sanitare;<\/li>\n<li>alte construc\u021bii similare.<\/li>\n<\/ul>\n<p>Condi\u021biile prev\u0103zute \u00een amendament stabilesc c\u0103 aceste construc\u021bii trebuie s\u0103 fie amplasate \u00een mediul rural, \u00een afara zonelor metropolitane, a siturilor arheologice \u0219i a zonelor protejate, s\u0103 nu dep\u0103\u0219easc\u0103 <strong>20 de metri p\u0103tra\u021bi<\/strong>, s\u0103 aib\u0103 o \u00een\u0103l\u021bime de cel mult <strong>3 metri<\/strong> \u00een cazul acoperi\u0219ului plat sau <strong>4 metri<\/strong> \u00een cazul acoperi\u0219ului \u00een una sau dou\u0103 ape, s\u0103 fie realizate f\u0103r\u0103 funda\u021bie, cu caracter provizoriu \u0219i demontabil, pe structur\u0103 din lemn sau metal \u0219i cu respectarea prevederilor Planului Urbanistic General \u0219i ale Regulamentului Local de Urbanism.<\/p>\n<p><strong>Alte modific\u0103ri prev\u0103zute \u00een noul Cod<\/strong><\/p>\n<p>\u00cen aceea\u0219i postare, deputatul PNL enumer\u0103 \u0219i alte schimb\u0103ri pe care proiectul legislativ le-ar aduce dup\u0103 adoptare:<\/p>\n<ul>\n<li>reducerea birocra\u021biei \u00een domeniul construc\u021biilor;<\/li>\n<li>introducerea unor termene clare pentru emiterea avizelor \u0219i autoriza\u021biilor;<\/li>\n<li>sanc\u021biuni pentru institu\u021biile care nu respect\u0103 termenele prev\u0103zute de lege;<\/li>\n<li>posibilitatea construirii \u00een mediul rural a unor locuin\u021be parter de p\u00e2n\u0103 la <strong>150 de metri p\u0103tra\u021bi<\/strong>, \u00een baza unei notific\u0103ri, f\u0103r\u0103 autoriza\u021bie de construire, \u00een condi\u021biile stabilite de noul act normativ.<\/li>\n<\/ul>\n<p><strong>Argumentele invocate de ini\u021biator<\/strong><\/p>\n<p>Deputatul Drago\u0219 Ciobotaru sus\u021bine c\u0103 modific\u0103rile propuse urm\u0103resc simplificarea procedurilor administrative pentru cet\u0103\u021benii din mediul rural.<\/p>\n<p>Acesta afirm\u0103 c\u0103, \u00een forma actual\u0103 a legisla\u021biei, chiar \u0219i realizarea unor construc\u021bii gospod\u0103re\u0219ti simple presupune ob\u021binerea unei autoriza\u021bii de construire, iar \u00een practic\u0103 au existat numeroase situa\u021bii \u00een care proprietarii au fost reclama\u021bi \u0219i sanc\u021biona\u021bi pentru astfel de lucr\u0103ri.<\/p>\n<p>Parlamentarul precizeaz\u0103 c\u0103 amendamentul s\u0103u a fost analizat \u00een cursul anului trecut, fiind ini\u021bial men\u021binut \u00een dezbatere, iar ulterior, dup\u0103 consult\u0103ri cu reprezentan\u021bii Ministerului Dezvolt\u0103rii \u0219i fundamentarea solu\u021biei legislative, a fost adoptat \u00een unanimitate \u00een cadrul comisiei de specialitate.<\/p>\n<p>Dac\u0103 proiectul va fi adoptat \u00een forma propus\u0103 \u0219i va parcurge toate etapele legislative necesare pentru intrarea \u00een vigoare, noile prevederi vor modifica regimul autoriz\u0103rii unor construc\u021bii gospod\u0103re\u0219ti din mediul rural \u0219i vor introduce proceduri simplificate pentru o serie de investi\u021bii de mici dimensiuni.<\/p>\n<p><strong>Mircea Pavel\u00a0<\/strong><\/p>\n<hr>\n<div class=\"bloc-widget widget-rosu\">\n<p>\u00cen lipsa unui acord scris din partea Ziarului de Vrancea, pute\u0163i prelua maxim 500 de caractere din acest articol dac\u0103 preciza\u0163i sursa \u015fi insera\u0163i vizibil link-ul articolului:\u00a0<span>#insertcurrentlinkhere<\/span><\/p>\n<\/div>\n<div class=\"extra-articol listing-anunturi\">\n<h6>Anun\u021buri <span class=\"text-primary\">ZdV<\/span> Premium<\/h6>\n<div class=\"row\">\n<div class=\"col-lg-4 col-md-6 bloc-egal\"><a class=\"card-anunt\" href=\"https:\/\/ziaruldevrancea.ro\/anunturi\/altele\/servicii\/caut-o-persoana-sau-o-familie-pentru-ingrijirea-unei-batrane\"><strong class=\"titlu\">Servicii<\/strong><span class=\"text-anunt\">Caut o persoan\u0103\u00a0sau o familie serioas\u0103&#8230;<\/span><span class=\"data-anunt\">04.08.2026  <\/span><\/a><\/div>\n<div class=\"col-lg-4 col-md-6 bloc-egal\"><a class=\"card-anunt\" href=\"https:\/\/ziaruldevrancea.ro\/anunturi\/imobiliare\/vanzari-ap-2-camere\/vand-apartament-2-camere-in-focsani-anunt-72825\"><strong class=\"titlu\">V\u00e2nz\u0103ri ap 2 camere<\/strong><span class=\"text-anunt\">V\u00e2nd apartament 2 camere, hol p\u0103trat,&#8230;<\/span><span class=\"data-anunt\">04.08.2026  <\/span><\/a><\/div>\n<div class=\"col-lg-4 col-md-6 bloc-egal\"><a class=\"card-anunt\" href=\"https:\/\/ziaruldevrancea.ro\/anunturi\/angajari\/oferte-angajari\/angajam-asistente-medicale\"><strong class=\"titlu\">Oferte<\/strong><span class=\"text-anunt\">Crucea Ro\u0219ie Vrancea angajeaz\u0103 asistente\u00a0&#8230;<\/span><span class=\"data-anunt\">04.08.2026  <\/span><\/a><\/div>\n<\/div>\n<\/div>\n<div class=\"extra-articol alte-articole\">\n<div class=\"row\">\n<div class=\"col-lg-6 bloc-egal\">\n<div class=\"card articol-listing\">\n<h6>\u00cen categoria <a href=\"https:\/\/ziaruldevrancea.ro\/promo\/brand-voice\">Brand voice<\/a><\/h6>\n<div class=\"grup-articol-listing\">\n<div class=\"cont-pils\"><a href=\"https:\/\/ziaruldevrancea.ro\/promo\/brand-voice\/video-agenda-saptamanii-3-9-august-2026-in-vrancea\"><img decoding=\"async\" src=\"https:\/\/zdvi.cname.ro\/180_135\/promo\/brand-voice\/video-agenda-saptamanii-3-9-august-2026-in-vrancea\/mediaPool\/ukNuNqV.jpg\" class=\"img-responsive img-180\" alt><\/a><\/div>\n<h2><a class=\"link-titlu\" href=\"https:\/\/ziaruldevrancea.ro\/promo\/brand-voice\/video-agenda-saptamanii-3-9-august-2026-in-vrancea\">VIDEO | Agenda s\u0103pt\u0103m\u00e2nii 3\u20139 august 2026 \u00een Vrancea<\/a><\/h2>\n<div class=\"date-post\"><a href=\"https:\/\/ziaruldevrancea.ro\/autor\/radu-tomescu\">Radu Tomescu<\/a>,  4 aug 2026  <\/div>\n<\/div>\n<div class=\"grup-articol-listing\">\n<div class=\"cont-pils\"><a href=\"https:\/\/ziaruldevrancea.ro\/promo\/brand-voice\/20-de-tineri-din-vrancea-descopera-europa-cu-trenul-prin-erasmus\"><img decoding=\"async\" src=\"https:\/\/zdvi.cname.ro\/180_135\/promo\/brand-voice\/20-de-tineri-din-vrancea-descopera-europa-cu-trenul-prin-erasmus\/mediaPool\/uVsSv09.jpg\" class=\"img-responsive img-180\" alt><\/a><\/div>\n<h2><a class=\"link-titlu\" href=\"https:\/\/ziaruldevrancea.ro\/promo\/brand-voice\/20-de-tineri-din-vrancea-descopera-europa-cu-trenul-prin-erasmus\">20 de tineri din Vrancea descoper\u0103 Europa cu trenul prin Erasmus+<\/a><\/h2>\n<div class=\"date-post\"><a href=\"https:\/\/ziaruldevrancea.ro\/autor\/maria-bratu\">Maria BRATU<\/a>,  4 aug 2026  <\/div>\n<\/div>\n<div class=\"grup-articol-listing\">\n<div class=\"cont-pils\"><a href=\"https:\/\/ziaruldevrancea.ro\/promo\/brand-voice\/investigatii-complete-pentru-sanatatea-femeii-disponibile-in-vrancea-la-acelasi-medic-specialist\"><img decoding=\"async\" src=\"https:\/\/zdvi.cname.ro\/180_135\/promo\/brand-voice\/investigatii-complete-pentru-sanatatea-femeii-disponibile-in-vrancea-la-acelasi-medic-specialist\/mediaPool\/ui2xC62.PNG\" class=\"img-responsive img-180\" alt><\/a><\/div>\n<h2><a class=\"link-titlu\" href=\"https:\/\/ziaruldevrancea.ro\/promo\/brand-voice\/investigatii-complete-pentru-sanatatea-femeii-disponibile-in-vrancea-la-acelasi-medic-specialist\">Investiga\u021bii complete pentru s\u0103n\u0103tatea femeii, disponibile \u00een Vrancea la acela\u0219i medic specialist<\/a><\/h2>\n<div class=\"date-post\"><a href=\"https:\/\/ziaruldevrancea.ro\/autor\/camelia-marin\">Camelia Marin<\/a>,  4 aug 2026  <\/div>\n<\/div>\n<\/div>\n<\/div>\n<div class=\"col-lg-6 bloc-egal\">\n<div class=\"card articol-listing\">\n<h6>De acela\u0219i <a href=\"https:\/\/ziaruldevrancea.ro\/autor\/mircea-pavel\/\">autor<\/a><\/h6>\n<div class=\"grup-articol-listing\">\n<div class=\"cont-pils\"><a href=\"https:\/\/ziaruldevrancea.ro\/actualitatea\/stiri-locale\/canicula-se-intensifica-in-romania-vrancea-sub-cod-galben-de-caldura\"><img decoding=\"async\" src=\"https:\/\/zdvi.cname.ro\/180_135\/actualitatea\/stiri-locale\/canicula-se-intensifica-in-romania-vrancea-sub-cod-galben-de-caldura\/mediaPool\/uucGrcd.jpg\" class=\"img-responsive img-180\" alt><\/a><\/div>\n<h2><a class=\"link-titlu\" href=\"https:\/\/ziaruldevrancea.ro\/actualitatea\/stiri-locale\/canicula-se-intensifica-in-romania-vrancea-sub-cod-galben-de-caldura\">Canicula se intensific\u0103 \u00een Rom\u00e2nia: Vrancea, sub Cod galben de c\u0103ldur\u0103 <\/a><\/h2>\n<div class=\"date-post\"><a href=\"https:\/\/ziaruldevrancea.ro\/autor\/mircea-pavel\">Mircea Pavel<\/a>,  2 aug 2026  <\/div>\n<\/div>\n<div class=\"grup-articol-listing\">\n<div class=\"cont-pils\"><a href=\"https:\/\/ziaruldevrancea.ro\/special\/politica\/prefectul-vrancei-liviu-macovei-despre-reorganizarea-teatrului-maior-gheorghe-pastia-institutia-prefectului-va-analiza-hotararea-exclusiv-in-limitele-legii\"><img decoding=\"async\" src=\"https:\/\/zdvi.cname.ro\/180_135\/special\/politica\/prefectul-vrancei-liviu-macovei-despre-reorganizarea-teatrului-maior-gheorghe-pastia-institutia-prefectului-va-analiza-hotararea-exclusiv-in-limitele-legii\/mediaPool\/uN8hOaH.jpg\" class=\"img-responsive img-180\" alt><\/a><\/div>\n<h2><a class=\"link-titlu\" href=\"https:\/\/ziaruldevrancea.ro\/special\/politica\/prefectul-vrancei-liviu-macovei-despre-reorganizarea-teatrului-maior-gheorghe-pastia-institutia-prefectului-va-analiza-hotararea-exclusiv-in-limitele-legii\">Prefectul Vrancei, Liviu Macovei, despre reorganizarea Teatrului \u201eMaior Gheorghe Pastia\u201d: \u201eInstitu\u021bia Prefectului va analiza hot\u0103r\u00e2rea exclusiv \u00een limitele legii\u201d<\/a><\/h2>\n<div class=\"date-post\"><a href=\"https:\/\/ziaruldevrancea.ro\/autor\/mircea-pavel\">Mircea Pavel<\/a>,  2 aug 2026  <\/div>\n<\/div>\n<div class=\"grup-articol-listing\">\n<div class=\"cont-pils\"><a href=\"https:\/\/ziaruldevrancea.ro\/actualitatea\/stiri-locale\/nunta-de-amploare-de-la-homocea-a-intrat-si-in-atentia-presei-nationale\"><img decoding=\"async\" src=\"https:\/\/zdvi.cname.ro\/180_135\/actualitatea\/stiri-locale\/nunta-de-amploare-de-la-homocea-a-intrat-si-in-atentia-presei-nationale\/mediaPool\/u470lZ0.jpg\" class=\"img-responsive img-180\" alt><\/a><\/div>\n<h2><a class=\"link-titlu\" href=\"https:\/\/ziaruldevrancea.ro\/actualitatea\/stiri-locale\/nunta-de-amploare-de-la-homocea-a-intrat-si-in-atentia-presei-nationale\">Nunta de amploare de la Homocea a intrat \u0219i \u00een aten\u021bia presei na\u021bionale<\/a><\/h2>\n<div class=\"date-post\"><a href=\"https:\/\/ziaruldevrancea.ro\/autor\/mircea-pavel\">Mircea Pavel<\/a>,  2 aug 2026  <\/div>\n<\/div>\n<\/div>\n<\/div>\n<\/div>\n<\/div>\n<div class=\"extra-articol listing-anunturi\">\n<h6>Anun\u021buri <span class=\"text-primary\">ZdV<\/span> Premium<\/h6>\n<div class=\"row\">\n<div class=\"col-lg-4 col-md-6 bloc-egal\"><a class=\"card-anunt\" href=\"https:\/\/ziaruldevrancea.ro\/anunturi\/inchirieri\/locuinte-oferte\/Inchiriez-camera-anunt-72823\"><strong class=\"titlu\">Locuin\u021be oferte<\/strong><span class=\"text-anunt\">\u00cenchiriez camer\u0103 la apartament. Rog&#8230;<\/span><span class=\"data-anunt\">03.08.2026  <\/span><\/a><\/div>\n<div class=\"col-lg-4 col-md-6 bloc-egal\"><a class=\"card-anunt\" href=\"https:\/\/ziaruldevrancea.ro\/anunturi\/imobiliare\/vanzari-terenuri\/vand-teren-in-panciu\"><strong class=\"titlu\">V\u00e2nz\u0103ri terenuri<\/strong><span class=\"text-anunt\">Teren Panciu 1170 mp, cu num\u0103r cas\u0103, ap\u0103&#8230;<\/span><span class=\"data-anunt\">29.07.2026  <\/span><\/a><\/div>\n<div class=\"col-lg-4 col-md-6 bloc-egal\"><a class=\"card-anunt\" href=\"https:\/\/ziaruldevrancea.ro\/anunturi\/altele\/anulare-acte\/vand-scrumbii-afumate-capturi-dunare\"><strong class=\"titlu\">Vanzari diverse<\/strong><span class=\"text-anunt\">Pret : 117 lei \/ kg . \u00a0 Este&#8230;<\/span><span class=\"data-anunt\">29.07.2026 , Gala\u021bi , Gala\u021bi<\/span><\/a><\/div>\n<\/div>\n<\/div>\n<div class=\"bloc-widget widget-albastru\">\n    Ziarul de Vrancea \u00a0nu este responsabil juridic pentru con\u0163inutul textelor din comentariile de mai jos. Responsabilitatea pentru mesajele dumneavoastra v\u0103 revine \u00een exclusivitate.\n<\/div>\n<div class=\"comentarii-articol\" id=\"comentarii\">\n<h3>Comentarii: <span class=\"text-primary\">0<\/span><\/h3>\n<p><a href=\"https:\/\/ziaruldevrancea.ro\/promo\/brand-voice\/deputatul-pnl-de-vrancea-dragos-ciobotaru-anunta-modificari-importante-in-noul-cod-al-urbanismului\" class=\"btn btn-success btn-adauga-com\" data-toggle=\"modal\" data-parent=\"0\" data-target=\"#commentModal\">Adaug\u0103 comentariu<\/a><\/p>\n<div class=\"loadMask comments-mask\"><img decoding=\"async\" src=\"https:\/\/zdvs.cname.ro\/images\/loader_40.gif\"><\/div>\n<div class=\"comenteaza-jos\">Trebuie s\u0103 fii <a href=\"https:\/\/ziaruldevrancea.ro\/account\">autentificat<\/a> pentru a putea <a href=\"https:\/\/ziaruldevrancea.ro\/promo\/brand-voice\/deputatul-pnl-de-vrancea-dragos-ciobotaru-anunta-modificari-importante-in-noul-cod-al-urbanismului\" class data-toggle=\"modal\" data-parent=\"0\" data-target=\"#commentModal\">posta un comentariu<\/a>.<\/div>\n<\/div>\n<div class=\"modal fade\" id=\"commentModal\" role=\"dialog\" aria-labelledby=\"commentModalLabel\">\n<div class=\"modal-dialog modal-lg\" role=\"document\">\n<div class=\"modal-content\">\n<div class=\"modal-header\">\n<h3 class=\"modal-title\" id=\"commentModalLabel\">Comenteaz\u0103<\/h3>\n<\/div>\n<div class=\"modal-body\">\n<div class=\"tabel tabel-full\">\n<div class=\"celula\">\n              Trebuie s\u0103 fii <a href=\"https:\/\/ziaruldevrancea.ro\/account\">autentificat<\/a> pentru a putea posta un comentariu.\n            <\/div>\n<\/div>\n<\/div>\n<div class=\"modal-footer\">\n<div id=\"commentPending\" class=\"formPending pull-left\"><img decoding=\"async\" src=\"https:\/\/zdvs.cname.ro\/images\/loader_40.gif\"> In curs de procesare&#8230;<\/div>\n<p><a href=\"https:\/\/ziaruldevrancea.ro\/promo\/brand-voice\/deputatul-pnl-de-vrancea-dragos-ciobotaru-anunta-modificari-importante-in-noul-cod-al-urbanismului\" class=\"btn btn-default\" data-dismiss=\"modal\">Anuleaz\u0103<\/a><\/div>\n<\/div>\n<\/div>\n<\/div>\n<div class=\"modal fade\" id=\"commentReportModal\" role=\"dialog\" aria-labelledby=\"commentReportModalLabel\">\n<div class=\"modal-dialog modal-lg\" role=\"document\">\n<div class=\"modal-content\">\n<div class=\"modal-header\">\n<h3 class=\"modal-title\" id=\"commentReportModalLabel\">Raporteaza comentariu<\/h3>\n<\/div>\n<div class=\"modal-body\">\n<div class=\"tabel tabel-full\">\n<div class=\"celula\">\n              Trebuie s\u0103 fii <a href=\"https:\/\/ziaruldevrancea.ro\/account\">autentificat<\/a> pentru a putea raporta un comentariu.\n            <\/div>\n<\/div>\n<\/div>\n<div class=\"modal-footer\">\n<div id=\"commentReportPending\" class=\"formPending pull-left\"><img decoding=\"async\" src=\"https:\/\/zdvs.cname.ro\/images\/loader_40.gif\"> In curs de procesare&#8230;<\/div>\n<p><a href=\"https:\/\/ziaruldevrancea.ro\/promo\/brand-voice\/deputatul-pnl-de-vrancea-dragos-ciobotaru-anunta-modificari-importante-in-noul-cod-al-urbanismului\" class=\"btn btn-default\" data-dismiss=\"modal\">Anuleaz\u0103<\/a><\/div>\n<\/div>\n<\/div>\n<\/div>\n<div class=\"modal fade\" id=\"commentLikeModal\" role=\"dialog\" aria-labelledby=\"commentLikeModalLabel\">\n<div class=\"modal-dialog modal-lg\" role=\"document\">\n<div class=\"modal-content\">\n<div class=\"modal-header\">\n<h3 class=\"modal-title\" id=\"commentReportModalLabel\">Apreciaza comentariu<\/h3>\n<\/div>\n<div class=\"modal-body\">\n<div class=\"tabel tabel-full\">\n<div class=\"celula\">\n            Trebuie s\u0103 fii <a href=\"https:\/\/ziaruldevrancea.ro\/account\">autentificat<\/a> pentru a putea aprecia un comentariu.\n          <\/div>\n<\/div>\n<\/div>\n<div class=\"modal-footer\"><a href=\"https:\/\/ziaruldevrancea.ro\/promo\/brand-voice\/deputatul-pnl-de-vrancea-dragos-ciobotaru-anunta-modificari-importante-in-noul-cod-al-urbanismului\" class=\"btn btn-default\" data-dismiss=\"modal\">Anuleaz\u0103<\/a><\/div>\n<\/div>\n<\/div>\n<\/div>\n<div class=\"bloc-widget widget-rosu\"><span><small>Ziarul de Vrancea doreste ca acest site sa fie un spatiu al discutiilor civilizate, al comentariilor de bun simt. Din acest motiv, cei care posteaza comentarii la articole trebuie sa respecte urmatoarele reguli:<br \/>\n1. Sa se refere doar la articolul la care posteaza comentarii.<br \/>\n2. Sa foloseasca un limbaj civilizat, fara injurii, calomnii, comentarii antisemite, xenofobe sau rasiste.<br \/>\n3. Sunt interzise atacurile la adresa autorilor, daca acestea nu au legatura cu textul.<br \/>\n4. Username-ul sa nu fie nume de personalitati ale vietii publice sau parodieri ale acestora.<br \/>\nAutorul unui articol poate fi criticat pentru eventuale greseli, incoerenta, lipsa de documentare etc.<br \/>\nNerespectarea regulilor mentionate mai sus va duce la stergerea comentariilor, fara avertisment si fara explicatii.<br \/>\nAbaterile repetate vor avea drept consecinta interdictia accesului la aceasta facilitate a site-ului.<\/small><\/span><\/div>\n<\/div>\n<p>[analyse_source url=&#8221;https:\/\/ziaruldevrancea.ro\/promo\/brand-voice\/deputatul-pnl-de-vrancea-dragos-ciobotaru-anunta-modificari-importante-in-noul-cod-al-urbanismului&#8221;]<\/p>\n","protected":false},"excerpt":{"rendered":"<p>[analyse_image type=&#8221;featured&#8221; src=&#8221;https:\/\/zdvi.cname.ro\/_\/deputatul-pnl-de-vrancea-dragos-ciobotaru-anunta-modificari-importante-in-noul-cod-al-urbanismului\/mediaPool\/uJ3n2a6.jpg&#8221;] Brand voice Deputatul PNL de Vrancea Drago\u0219 Ciobotaru anun\u021b\u0103 modific\u0103ri importante \u00een noul Cod al Urbanismului Distribuie: \u00a0 | Mircea Pavel 29 iul 20261054 vizualiz\u0103ri Anexe gospod\u0103re\u0219ti f\u0103r\u0103 autoriza\u021bie \u00een mediul rural Un amendament ini\u021biat de parlamentarul vr\u00e2ncean \u0219i adoptat \u00een Comisia pentru administra\u021bie public\u0103 permite construirea unor anexe provizorii \u00een satele [&hellip;]<\/p>\n","protected":false},"author":1,"featured_media":0,"comment_status":"open","ping_status":"","sticky":false,"template":"","format":"standard","meta":{"footnotes":""},"categories":[89],"tags":[226,208],"class_list":["post-2076731","post","type-post","status-publish","format-standard","hentry","category-romania","tag-crawlmanager","tag-ziaruldevrancea-ro"],"_links":{"self":[{"href":"https:\/\/analyse.optim.biz\/index.php?rest_route=\/wp\/v2\/posts\/2076731","targetHints":{"allow":["GET"]}}],"collection":[{"href":"https:\/\/analyse.optim.biz\/index.php?rest_route=\/wp\/v2\/posts"}],"about":[{"href":"https:\/\/analyse.optim.biz\/index.php?rest_route=\/wp\/v2\/types\/post"}],"author":[{"embeddable":true,"href":"https:\/\/analyse.optim.biz\/index.php?rest_route=\/wp\/v2\/users\/1"}],"replies":[{"embeddable":true,"href":"https:\/\/analyse.optim.biz\/index.php?rest_route=%2Fwp%2Fv2%2Fcomments&post=2076731"}],"version-history":[{"count":0,"href":"https:\/\/analyse.optim.biz\/index.php?rest_route=\/wp\/v2\/posts\/2076731\/revisions"}],"wp:attachment":[{"href":"https:\/\/analyse.optim.biz\/index.php?rest_route=%2Fwp%2Fv2%2Fmedia&parent=2076731"}],"wp:term":[{"taxonomy":"category","embeddable":true,"href":"https:\/\/analyse.optim.biz\/index.php?rest_route=%2Fwp%2Fv2%2Fcategories&post=2076731"},{"taxonomy":"post_tag","embeddable":true,"href":"https:\/\/analyse.optim.biz\/index.php?rest_route=%2Fwp%2Fv2%2Ftags&post=2076731"}],"curies":[{"name":"wp","href":"https:\/\/api.w.org\/{rel}","templated":true}]}}