{"id":2076723,"date":"2026-07-27T00:00:00","date_gmt":"2026-07-26T21:00:00","guid":{"rendered":"https:\/\/analyse.optim.biz\/?p=2076723"},"modified":"2026-07-27T00:00:00","modified_gmt":"2026-07-26T21:00:00","slug":"video-vrancea-intra-intr-o-saptamana-cu-investitii-educatie-si-evenimente-publice","status":"publish","type":"post","link":"https:\/\/analyse.optim.biz\/?p=2076723","title":{"rendered":"VIDEO | Vrancea intr\u0103 \u00eentr-o s\u0103pt\u0103m\u00e2n\u0103 cu investi\u021bii, educa\u021bie \u0219i evenimente publice"},"content":{"rendered":"<p>[analyse_image type=&#8221;featured&#8221; src=&#8221;https:\/\/zdvi.cname.ro\/_\/video-vrancea-intra-intr-o-saptamana-cu-investitii-educatie-si-evenimente-publice\/mediaPool\/u9CjlRr.jpg&#8221;]<\/p>\n<div class=\"main-content detaliu-articol\"><a class=\"titlu-cat-list\" href=\"https:\/\/ziaruldevrancea.ro\/promo\/brand-voice\">Brand voice<\/a><\/p>\n<h1>VIDEO | Vrancea intr\u0103 \u00eentr-o s\u0103pt\u0103m\u00e2n\u0103 cu investi\u021bii, educa\u021bie \u0219i evenimente publice<\/h1>\n<div class=\"date-articol clearfix\">\n<div class=\"distribuie-articol dropdown\">\n    Distribuie: \u00a0<br \/>\n    <em>|<\/em><\/div>\n<div class=\"autor-articol\"><a href=\"https:\/\/ziaruldevrancea.ro\/autor\/radu-tomescu\/\"><img decoding=\"async\" class=\"img-circle\" src=\"https:\/\/zdvi.cname.ro\/50_50\/articleAuthor\/radu-tomescu\/articleAuthor\/ucx2Ggg.PNG\" alt><\/a><\/p>\n<h5><a href=\"https:\/\/ziaruldevrancea.ro\/autor\/radu-tomescu\/\">Radu Tomescu<\/a><\/h5>\n<div class=\"grup-spatiere\"><span class=\"cu-spatiere\">27 iul 2026<\/span><span class=\"cu-spatiere\">743 vizualiz\u0103ri<\/span><\/div>\n<\/div>\n<\/div>\n<div class=\"poza-mare\"><a href class=\"openGallery\"><img decoding=\"async\" class=\"img-responsive\" src=\"https:\/\/zdvi.cname.ro\/850_530\/video-vrancea-intra-intr-o-saptamana-cu-investitii-educatie-si-evenimente-publice\/article\/mediaPool\/u9CjlRr.jpg\" alt><\/a><\/div>\n<p><strong>Ce proiecte \u0219i activit\u0103\u021bi sunt anun\u021bate \u00een jude\u021b \u00eentre 27 iulie \u0219i 2 august.<\/strong><\/p>\n<p><strong>Modernizarea drumurilor jude\u021bene, investi\u021biile \u00een re\u021belele de ap\u0103 \u0219i canalizare, competi\u021bia na\u021bional\u0103 InfoEduca\u021bie, programele culturale \u0219i activit\u0103\u021bile dedicate copiilor se afl\u0103 printre principalele ac\u021biuni prezentate de Consiliul Jude\u021bean Vrancea pentru perioada 27 iulie \u2013 2 august 2026.<\/strong><\/p>\n<hr>\n<p><strong>VIDEO |\u00a0Vrancea intr\u0103 \u00eentr-o s\u0103pt\u0103m\u00e2n\u0103 cu investi\u021bii, educa\u021bie \u0219i evenimente publice. Ce proiecte \u0219i activit\u0103\u021bi sunt anun\u021bate \u00een jude\u021b \u00eentre 27 iulie \u0219i 2 august<\/strong><\/p>\n<p><strong>VIDEO<\/strong>:<strong><a href=\"https:\/\/www.youtube.com\/@cjvnro\" target=\"_blank\">Consiliul Jude\u021bean Vrancea<\/a><\/strong><\/p>\n<iframe loading=\"lazy\" frameborder height=\"560\" scrolling=\"no\" src=\"https:\/\/www.youtube.com\/embed\/HTpyPKdOHt0?si=X5Nb-bu0E_klyGVV\" width=\"100%\"><\/iframe>\n<p>Consiliul Jude\u021bean Vrancea a prezentat, luni, 27 iulie 2026, agenda principalelor proiecte \u0219i evenimente programate \u00een jude\u021b \u00een perioada 27 iulie \u2013 2 august. Potrivit inform\u0103rii de pres\u0103 publicate la ora 12:19 \u0219i \u00eenso\u021bite de o \u00eenregistrare video, s\u0103pt\u0103m\u00e2na este marcat\u0103 de investi\u021bii \u00een infrastructur\u0103, lucr\u0103ri la re\u021belele de ap\u0103 \u0219i canalizare, evenimente educa\u021bionale, culturale \u0219i activit\u0103\u021bi dedicate copiilor \u0219i tinerilor.<\/p>\n<p><strong>Peste 300 de participan\u021bi la InfoEduca\u021bie, organizat\u0103 \u00een Vrancea<\/strong><\/p>\n<p>Unul dintre cele mai importante evenimente ale s\u0103pt\u0103m\u00e2nii este etapa na\u021bional\u0103 a Olimpiadei de Inovare \u0219i Crea\u021bie Digital\u0103 <strong>InfoEduca\u021bie<\/strong>, desf\u0103\u0219urat\u0103 \u00eentre <strong>28 \u0219i 31 iulie<\/strong>.<\/p>\n<p>Potrivit Consiliului Jude\u021bean Vrancea, peste <strong>300 de elevi \u0219i profesori<\/strong> din \u00eentreaga \u021bar\u0103 vor ajunge \u00een jude\u021b pentru competi\u021bia dedicat\u0103 tehnologiei \u0219i creativit\u0103\u021bii digitale, organizat\u0103 cu sprijinul administra\u021biei jude\u021bene.<\/p>\n<p>Evenimentul reprezint\u0103 una dintre cele mai importante competi\u021bii na\u021bionale dedicate elevilor pasiona\u021bi de informatic\u0103, dezvoltare software \u0219i proiecte digitale.<\/p>\n<p><strong>Verific\u0103ri pe \u0219antierele drumurilor jude\u021bene<\/strong><\/p>\n<p>\u00cen aceast\u0103 perioad\u0103 continu\u0103 \u0219i monitorizarea investi\u021biilor \u00een infrastructura rutier\u0103.<\/p>\n<p>Pre\u0219edintele Consiliului Jude\u021bean Vrancea, Nicu\u0219or Halici, \u00eempreun\u0103 cu echipa tehnic\u0103 a institu\u021biei, verific\u0103 lucr\u0103rile de modernizare de pe <strong>DJ 204E<\/strong>, pe sectorul <strong>Mirce\u0219tii Noi \u2013 Ciu\u0219lea \u2013 Str\u0103jescu \u2013 Doaga \u2013 DN 24<\/strong>, unde sunt urm\u0103rite at\u00e2t calitatea execu\u021biei, c\u00e2t \u0219i respectarea termenelor asumate.<\/p>\n<p>Lucr\u0103ri sunt \u00een desf\u0103\u0219urare \u0219i pe <strong>DJ 204G<\/strong>, unde se execut\u0103 terasamente \u00een zona <strong>Bo\u021b\u00e2rl\u0103u<\/strong>, iar \u00een comuna <strong>Suraia<\/strong> este preg\u0103tit\u0103 turnarea stratului de uzur\u0103.<\/p>\n<p><strong>\u00centre\u021binere pe mai multe drumuri jude\u021bene<\/strong><\/p>\n<p>Societatea Servicii Publice desf\u0103\u0219oar\u0103 \u00een paralel lucr\u0103ri de \u00eentre\u021binere pe mai multe sectoare de drum jude\u021bean.<\/p>\n<p>Pe <strong>DJ 205D Valea S\u0103rii \u2013 Nereju<\/strong> se execut\u0103 marcaje rutiere \u0219i lucr\u0103ri de cosire a vegeta\u021biei, iar pe drumurile <strong>DJ 119J, DJ 252, DJ 241, DJ 241A \u0219i DJ 241F<\/strong> continu\u0103 ac\u021biunile de cur\u0103\u021bare \u0219i toaletare a vegeta\u021biei din zona carosabil\u0103, m\u0103suri care urm\u0103resc cre\u0219terea siguran\u021bei circula\u021biei.<\/p>\n<p><strong>Investi\u021bii \u00een re\u021belele de ap\u0103 \u0219i canalizare din mai multe localit\u0103\u021bi<\/strong><\/p>\n<p>Consiliul Jude\u021bean anun\u021b\u0103 continuarea lucr\u0103rilor din cadrul proiectelor de extindere \u0219i modernizare a infrastructurii de ap\u0103 \u0219i canalizare.<\/p>\n<p>Printre investi\u021biile aflate \u00een derulare se num\u0103r\u0103:<\/p>\n<ul>\n<li>sistemul zonal de alimentare cu ap\u0103 Odobe\u0219ti;<\/li>\n<li>lucr\u0103ri de alimentare cu ap\u0103 \u00een Borde\u0219ti, Ureche\u0219ti, C\u00eerligele, V\u00e2rte\u0219coiu, Cote\u0219ti, Adjud, M\u0103r\u0103\u0219e\u0219ti, Homocea, Guge\u0219ti, Bolote\u0219ti, T\u00e2mboe\u0219ti, Rugine\u0219ti, Jari\u0219tea, Pope\u0219ti, Panciu \u0219i Str\u0103oane;<\/li>\n<li>\u00eenfiin\u021barea sistemului de ap\u0103 \u0219i canalizare \u00een Lep\u0219a \u2013 Gre\u0219u;<\/li>\n<li>sta\u021bia de epurare de la Guge\u0219ti;<\/li>\n<li>sistemul de alimentare cu ap\u0103 din comuna Sihlea.<\/li>\n<\/ul>\n<p><strong>Ziua Imnului Na\u021bional, marcat\u0103 la Foc\u0219ani<\/strong><\/p>\n<p>Miercuri, 29 iulie, autorit\u0103\u021bile vor organiza \u00een <strong>Pia\u021ba Unirii din Foc\u0219ani<\/strong> ceremonia dedicat\u0103 <strong>Zilei Imnului Na\u021bional al Rom\u00e2niei<\/strong>, eveniment care va include ceremonia militar\u0103 \u0219i intonarea imnului &#8220;De\u0219teapt\u0103-te, rom\u00e2ne!&#8221;.<\/p>\n<p><strong>Activit\u0103\u021bi pentru copiii din Taberele ARC 2026<\/strong><\/p>\n<p>\u00cen aceast\u0103 s\u0103pt\u0103m\u00e2n\u0103, <strong>Salvamont Vrancea<\/strong> \u0219i <strong>Muzeul Vrancei<\/strong> particip\u0103 la Programul <strong>Tabere ARC 2026<\/strong>, destinat copiilor din Republica Moldova \u0219i Ucraina afla\u021bi \u00een tab\u0103r\u0103 la Centrul de Agrement G\u0103l\u0103ciuc.<\/p>\n<p>Programul include excursii la <strong>Cheile Ti\u0219i\u021bei<\/strong> \u0219i la <strong>Mausoleul Eroilor de la M\u0103r\u0103\u0219e\u0219ti<\/strong>, obiective reprezentative pentru patrimoniul natural \u0219i istoric al jude\u021bului.<\/p>\n<p><strong>\u00censcrieri la \u0218coala Popular\u0103 de Art\u0103<\/strong><\/p>\n<p>\u00cen perioada <strong>1\u201315 august<\/strong>, Centrul Cultural Vrancea organizeaz\u0103 \u00eenscrieri pentru noul an \u0219colar al \u0218colii Populare de Art\u0103.<\/p>\n<p>Sunt disponibile cursuri de:<\/p>\n<ul>\n<li>pictur\u0103;<\/li>\n<li>vioar\u0103;<\/li>\n<li>org\u0103;<\/li>\n<li>acordeon;<\/li>\n<li>canto popular;<\/li>\n<li>trompet\u0103 \u0219i saxofon;<\/li>\n<li>arta actorului.<\/li>\n<\/ul>\n<p><strong>Bibliovacan\u021ba \u0219i \u0218coala de Var\u0103 continu\u0103<\/strong><\/p>\n<p>Biblioteca Jude\u021bean\u0103 \u201eDuiliu Zamfirescu\u201d continu\u0103 programul <strong>Bibliovacan\u021ba<\/strong>, destinat copiilor \u0219i adolescen\u021bilor, cu activit\u0103\u021bi precum:<\/p>\n<ul>\n<li>ateliere de lectur\u0103;<\/li>\n<li>scriere creativ\u0103;<\/li>\n<li>bricolaj;<\/li>\n<li>pictur\u0103 \u0219i desen;<\/li>\n<li>pove\u0219ti terapeutice;<\/li>\n<li>proiec\u021bii de filme;<\/li>\n<li>cursuri de limba englez\u0103.<\/li>\n<\/ul>\n<p>\u00cen acela\u0219i timp, <strong>Muzeul Vrancei<\/strong> organizeaz\u0103, pe <strong>29 \u0219i 30 iulie<\/strong>, la Muzeul Satului Vr\u00e2ncean din Cr\u00e2ngul Petre\u0219ti, un atelier dedicat desenului \u00een creion \u0219i pove\u0219tilor din Vrancea arhaic\u0103.<\/p>\n<p>Prin agenda prezentat\u0103 pentru perioada 27 iulie \u2013 2 august, Consiliul Jude\u021bean Vrancea eviden\u021biaz\u0103 at\u00e2t proiectele de investi\u021bii aflate \u00een derulare \u00een infrastructur\u0103 \u0219i utilit\u0103\u021bi, c\u00e2t \u0219i evenimentele educa\u021bionale, culturale \u0219i recreative programate \u00een mai multe zone ale jude\u021bului.<\/p>\n<p><strong>Radu Tomescu\u00a0<\/strong><\/p>\n<p><strong>Citi\u021bi \u00een continuare \u0219i con\u021binutul integral al inform\u0103rii de pres\u0103\u00a0f\u0103cut\u0103 public, luni 27 iulie 2026 ora 12:19, de Biroul de pres\u0103 al Consiliului Jude\u021bean Vrancea\u00a0\u00een leg\u0103tur\u0103 cu aceast articol\u00a0<\/strong><\/p>\n<div><strong>Vrancea la Zi | 27 iulie \u2013 2 august\u00a0<\/strong><\/div>\n<div>O nou\u0103 s\u0103pt\u0103m\u00e2n\u0103 cu investi\u021bii, educa\u021bie \u0219i evenimente care pun jude\u021bul \u00een mi\u0219care!\u00a0<\/div>\n<div>Vrancea devine, \u00een aceast\u0103 s\u0103pt\u0103m\u00e2n\u0103, capitala creativit\u0103\u021bii digitale din Rom\u00e2nia: peste 300 de elevi \u0219i profesori din \u00eentreaga \u021bar\u0103 particip\u0103, \u00eentre 28 \u0219i 31 iulie, la etapa na\u021bional\u0103 a Olimpiadei de Inovare \u0219i Crea\u021bie Digital\u0103 InfoEduca\u021bie, cu sprijinul Consiliului Jude\u021bean Vrancea. Sus\u021binem performan\u021ba \u0219i \u00eei primim cu bra\u021bele deschise pe tineri \u00een Vrancea\u00a0<\/div>\n<div>Pre\u0219edintele Nicu\u0219or Halici \u00eempreun\u0103 cu echipa tehnic\u0103 a CJ este \u00een teren \u0219i zilele acestea pentru a verifica la fa\u021ba locului lucr\u0103rile de modernizare a infrastructurii rutiere \u0219i stadiul investi\u021biilor de pe DJ 204E, \u00eentre localit\u0103\u021bile Mirce\u0219tii Noi \u2013 Ciu\u0219lea \u2013 Str\u0103jescu \u2013 Doaga &#8211; DN 24. Lucr\u0103rile avanseaz\u0103 \u0219i vrem s\u0103 ne asigur\u0103m c\u0103 sunt realizate la cele mai bune standarde de calitate \u0219i \u00een termenele asumate. \u0218i pe DJ 204G lucr\u0103m \u00een aceste zile, la terasamente \u00een Bo\u021b\u00e2rl\u0103u \u0219i preg\u0103tim turnarea stratului de uzur\u0103 \u00een #Suraia.\u00a0<\/div>\n<div>Lucr\u0103ri de \u00eentre\u021binere pe mai multe drumuri jude\u021bene din Vrancea, pentru siguran\u021ba participan\u021bilor la trafic. Echipele Societ\u0103\u021bii Servicii Publice execut\u0103 lucr\u0103ri de trasare a marcajelor rutiere \u0219i cosirea vegeta\u021biei pe DJ 205D Valea S\u0103rii\u2013Nereju. Se cur\u0103\u021b\u0103 \u0219i se taie vegeta\u021bia \u0219i pe alte sectoare de drum din jude\u021b (DJ 119J, DJ 252, DJ 241, DJ 241A, 241 F).<\/div>\n<div>Continu\u0103 investi\u021biile \u00een re\u021belele de ap\u0103 \u0219i canalizare din Vrancea, cu lucr\u0103ri complexe \u00een mai multe localit\u0103\u021bi:\u00a0<\/div>\n<div>&#8211; Sistem zonal de alimentare cu ap\u0103 Odobe\u0219ti \u0219i lucr\u0103ri sisteme de alimentare cu ap\u0103 \u00een Borde\u0219ti, Ureche\u0219ti, C\u00eerligele, V\u00e2rte\u0219coiu, Cote\u0219ti, Adjud, M\u0103r\u0103\u0219e\u0219ti, Homocea, Guge\u0219ti, Bolote\u0219ti, T\u00e2mboe\u0219ti, Rugine\u0219ti, Jari\u0219tea, Pope\u0219ti, Panciu, Str\u0103oane<\/div>\n<div>&#8211; \u00cenfiin\u021bare sistem de alimentare cu ap\u0103 \u0219i canalizare \u00een\u00a0 Lep\u0219a &#8211; Gre\u0219u\u00a0<\/div>\n<div>&#8211; Statie de epurare Guge\u0219ti<\/div>\n<div>&#8211; \u00cenfiin\u021bare sistem ap\u0103 \u00een Sihlea\u00a0<\/div>\n<div>Miercuri s\u0103rb\u0103torim cu m\u00e2ndrie Ziua Imnului Na\u021bional. \u201eDe\u0219teapt\u0103-te, rom\u00e2ne!\u201d va r\u0103suna \u00een cadrul ceremoniei militare organizat\u0103 cu acest prilej \u00een Pia\u021ba Unirii din Foc\u0219ani, dar \u0219i \u00een inima fiec\u0103rui rom\u00e2n.<\/div>\n<div>Salvamont Vrancea \u0219i Muzeul Vrancei se al\u0103tur\u0103 Programului de Tabere ARC 2026: copiii din Republica Moldova \u0219i Ucraina caza\u021bi la Centrul de Agrement G\u0103l\u0103ciuc descoper\u0103 frumuse\u021bile jude\u021bului, prin excursii la Cheile Ti\u0219i\u021bei \u0219i la Mausoleul Eroilor de la M\u0103r\u0103\u0219e\u0219ti.<\/div>\n<div>\u00a0\u0218coala Popular\u0103 de Art\u0103 \u00ee\u0219i deschide por\u021bile pentru un nou an \u0219colar: \u00eenscrierile pentru cursurile de la Centrul Cultural Vrancea se desf\u0103\u0219oar\u0103 \u00een perioada 1\u201315 august, pentru clase de: pictur\u0103, vioar\u0103, org\u0103, acordeon, canto popular, trompet\u0103\/saxofon \u0219i arta actorului.<\/div>\n<div>\u00a0Vacan\u021b\u0103 activ\u0103 \u0219i creativ\u0103 la Biblioteca Jude\u021bean\u0103 \u201dDuiliu Zamfirescu\u201d Vrancea, unde continu\u0103 Bibliovacan\u021ba cu multe activit\u0103\u021bi frumoase pentru copii \u0219i tineri: ateliere de lectur\u0103, scriere creativ\u0103, bricolaj, pictur\u0103 \u0219i desen, atelier de pove\u0219ti terapeutice, filme pentru copii \u0219i cursuri de limba englez\u0103. Continu\u0103 \u0218coala de Var\u0103 \u0219i la Muzeul Vrancei: \u00een zilele de 29 \u0219i 30 iulie, la Muzeul Satului Vr\u00e2ncean din Cr\u00e2ngul Petre\u0219ti are loc un atelier despre arta desenului \u00een creion \u0219i pove\u0219ti din Vrancea arhaic\u0103.\u00a0<\/div>\n<div><strong>V\u0103 dorim o s\u0103pt\u0103m\u00e2n\u0103 frumoas\u0103 \u0219i plin\u0103 de realiz\u0103ri, aici, \u00een Vrancea!<\/strong><\/div>\n<hr>\n<div class=\"bloc-widget widget-rosu\">\n<p>\u00cen lipsa unui acord scris din partea Ziarului de Vrancea, pute\u0163i prelua maxim 500 de caractere din acest articol dac\u0103 preciza\u0163i sursa \u015fi insera\u0163i vizibil link-ul articolului:\u00a0<span>#insertcurrentlinkhere<\/span><\/p>\n<\/div>\n<div class=\"extra-articol listing-anunturi\">\n<h6>Anun\u021buri <span class=\"text-primary\">ZdV<\/span> Premium<\/h6>\n<div class=\"row\">\n<div class=\"col-lg-4 col-md-6 bloc-egal\"><a class=\"card-anunt\" href=\"https:\/\/ziaruldevrancea.ro\/anunturi\/altele\/servicii\/caut-o-persoana-sau-o-familie-pentru-ingrijirea-unei-batrane\"><strong class=\"titlu\">Servicii<\/strong><span class=\"text-anunt\">Caut o persoan\u0103\u00a0sau o familie serioas\u0103&#8230;<\/span><span class=\"data-anunt\">04.08.2026  <\/span><\/a><\/div>\n<div class=\"col-lg-4 col-md-6 bloc-egal\"><a class=\"card-anunt\" href=\"https:\/\/ziaruldevrancea.ro\/anunturi\/imobiliare\/vanzari-ap-2-camere\/vand-apartament-2-camere-in-focsani-anunt-72825\"><strong class=\"titlu\">V\u00e2nz\u0103ri ap 2 camere<\/strong><span class=\"text-anunt\">V\u00e2nd apartament 2 camere, hol p\u0103trat,&#8230;<\/span><span class=\"data-anunt\">04.08.2026  <\/span><\/a><\/div>\n<div class=\"col-lg-4 col-md-6 bloc-egal\"><a class=\"card-anunt\" href=\"https:\/\/ziaruldevrancea.ro\/anunturi\/angajari\/oferte-angajari\/angajam-asistente-medicale\"><strong class=\"titlu\">Oferte<\/strong><span class=\"text-anunt\">Crucea Ro\u0219ie Vrancea angajeaz\u0103 asistente\u00a0&#8230;<\/span><span class=\"data-anunt\">04.08.2026  <\/span><\/a><\/div>\n<\/div>\n<\/div>\n<div class=\"extra-articol alte-articole\">\n<div class=\"row\">\n<div class=\"col-lg-6 bloc-egal\">\n<div class=\"card articol-listing\">\n<h6>\u00cen categoria <a href=\"https:\/\/ziaruldevrancea.ro\/promo\/brand-voice\">Brand voice<\/a><\/h6>\n<div class=\"grup-articol-listing\">\n<div class=\"cont-pils\"><a href=\"https:\/\/ziaruldevrancea.ro\/promo\/brand-voice\/video-agenda-saptamanii-3-9-august-2026-in-vrancea\"><img decoding=\"async\" src=\"https:\/\/zdvi.cname.ro\/180_135\/promo\/brand-voice\/video-agenda-saptamanii-3-9-august-2026-in-vrancea\/mediaPool\/ukNuNqV.jpg\" class=\"img-responsive img-180\" alt><\/a><\/div>\n<h2><a class=\"link-titlu\" href=\"https:\/\/ziaruldevrancea.ro\/promo\/brand-voice\/video-agenda-saptamanii-3-9-august-2026-in-vrancea\">VIDEO | Agenda s\u0103pt\u0103m\u00e2nii 3\u20139 august 2026 \u00een Vrancea<\/a><\/h2>\n<div class=\"date-post\"><a href=\"https:\/\/ziaruldevrancea.ro\/autor\/radu-tomescu\">Radu Tomescu<\/a>,  4 aug 2026  <\/div>\n<\/div>\n<div class=\"grup-articol-listing\">\n<div class=\"cont-pils\"><a href=\"https:\/\/ziaruldevrancea.ro\/promo\/brand-voice\/20-de-tineri-din-vrancea-descopera-europa-cu-trenul-prin-erasmus\"><img decoding=\"async\" src=\"https:\/\/zdvi.cname.ro\/180_135\/promo\/brand-voice\/20-de-tineri-din-vrancea-descopera-europa-cu-trenul-prin-erasmus\/mediaPool\/uVsSv09.jpg\" class=\"img-responsive img-180\" alt><\/a><\/div>\n<h2><a class=\"link-titlu\" href=\"https:\/\/ziaruldevrancea.ro\/promo\/brand-voice\/20-de-tineri-din-vrancea-descopera-europa-cu-trenul-prin-erasmus\">20 de tineri din Vrancea descoper\u0103 Europa cu trenul prin Erasmus+<\/a><\/h2>\n<div class=\"date-post\"><a href=\"https:\/\/ziaruldevrancea.ro\/autor\/maria-bratu\">Maria BRATU<\/a>,  4 aug 2026  <\/div>\n<\/div>\n<div class=\"grup-articol-listing\">\n<div class=\"cont-pils\"><a href=\"https:\/\/ziaruldevrancea.ro\/promo\/brand-voice\/investigatii-complete-pentru-sanatatea-femeii-disponibile-in-vrancea-la-acelasi-medic-specialist\"><img decoding=\"async\" src=\"https:\/\/zdvi.cname.ro\/180_135\/promo\/brand-voice\/investigatii-complete-pentru-sanatatea-femeii-disponibile-in-vrancea-la-acelasi-medic-specialist\/mediaPool\/ui2xC62.PNG\" class=\"img-responsive img-180\" alt><\/a><\/div>\n<h2><a class=\"link-titlu\" href=\"https:\/\/ziaruldevrancea.ro\/promo\/brand-voice\/investigatii-complete-pentru-sanatatea-femeii-disponibile-in-vrancea-la-acelasi-medic-specialist\">Investiga\u021bii complete pentru s\u0103n\u0103tatea femeii, disponibile \u00een Vrancea la acela\u0219i medic specialist<\/a><\/h2>\n<div class=\"date-post\"><a href=\"https:\/\/ziaruldevrancea.ro\/autor\/camelia-marin\">Camelia Marin<\/a>,  4 aug 2026  <\/div>\n<\/div>\n<\/div>\n<\/div>\n<div class=\"col-lg-6 bloc-egal\">\n<div class=\"card articol-listing\">\n<h6>De acela\u0219i <a href=\"https:\/\/ziaruldevrancea.ro\/autor\/radu-tomescu\/\">autor<\/a><\/h6>\n<div class=\"grup-articol-listing\">\n<div class=\"cont-pils\"><a href=\"https:\/\/ziaruldevrancea.ro\/actualitatea\/stiri-locale\/vrancea-pe-locul-3-in-romania-la-incidentele-din-retelele-de-comunicatii\"><img decoding=\"async\" src=\"https:\/\/zdvi.cname.ro\/180_135\/actualitatea\/stiri-locale\/vrancea-pe-locul-3-in-romania-la-incidentele-din-retelele-de-comunicatii\/mediaPool\/uJT1Lfc.jpg\" class=\"img-responsive img-180\" alt><\/a><\/div>\n<h2><a class=\"link-titlu\" href=\"https:\/\/ziaruldevrancea.ro\/actualitatea\/stiri-locale\/vrancea-pe-locul-3-in-romania-la-incidentele-din-retelele-de-comunicatii\">Vrancea, pe locul 3 \u00een Rom\u00e2nia la incidentele din re\u021belele de comunica\u021bii<\/a><\/h2>\n<div class=\"date-post\"><a href=\"https:\/\/ziaruldevrancea.ro\/autor\/radu-tomescu\">Radu Tomescu<\/a>,  4 aug 2026  <\/div>\n<\/div>\n<div class=\"grup-articol-listing\">\n<div class=\"cont-pils\"><a href=\"https:\/\/ziaruldevrancea.ro\/actualitatea\/stiri-locale\/grav-accident-rutier-in-vrancea-la-nereju-mic-trei-tineri-implicati-unul-in-stare-de-inconstienta-dupa-ce-a-ramas-incarcerat\"><img decoding=\"async\" src=\"https:\/\/zdvi.cname.ro\/180_135\/actualitatea\/stiri-locale\/grav-accident-rutier-in-vrancea-la-nereju-mic-trei-tineri-implicati-unul-in-stare-de-inconstienta-dupa-ce-a-ramas-incarcerat\/mediaPool\/uE2OyJh.jpg\" class=\"img-responsive img-180\" alt><\/a><\/div>\n<h2><a class=\"link-titlu\" href=\"https:\/\/ziaruldevrancea.ro\/actualitatea\/stiri-locale\/grav-accident-rutier-in-vrancea-la-nereju-mic-trei-tineri-implicati-unul-in-stare-de-inconstienta-dupa-ce-a-ramas-incarcerat\">Grav accident rutier \u00een Vrancea, la Nereju Mic: trei tineri implica\u021bi, unul \u00een stare de incon\u0219tien\u021b\u0103 dup\u0103 ce a r\u0103mas \u00eencarcerat<\/a><\/h2>\n<div class=\"date-post\"><a href=\"https:\/\/ziaruldevrancea.ro\/autor\/radu-tomescu\">Radu Tomescu<\/a>,  3 aug 2026  <\/div>\n<\/div>\n<div class=\"grup-articol-listing\">\n<div class=\"cont-pils\"><a href=\"https:\/\/ziaruldevrancea.ro\/actualitatea\/stiri-locale\/accident-cu-motocicleta-pe-dn-2d-in-apropiere-de-tulnici-doua-persoane-au-fost-ranite\"><img decoding=\"async\" src=\"https:\/\/zdvi.cname.ro\/180_135\/actualitatea\/stiri-locale\/accident-cu-motocicleta-pe-dn-2d-in-apropiere-de-tulnici-doua-persoane-au-fost-ranite\/mediaPool\/uQtPFWr.png\" class=\"img-responsive img-180\" alt><\/a><\/div>\n<h2><a class=\"link-titlu\" href=\"https:\/\/ziaruldevrancea.ro\/actualitatea\/stiri-locale\/accident-cu-motocicleta-pe-dn-2d-in-apropiere-de-tulnici-doua-persoane-au-fost-ranite\">Accident cu motociclet\u0103 pe DN 2D, \u00een apropiere de Tulnici: dou\u0103 persoane au fost r\u0103nite<\/a><\/h2>\n<div class=\"date-post\"><a href=\"https:\/\/ziaruldevrancea.ro\/autor\/radu-tomescu\">Radu Tomescu<\/a>,  3 aug 2026  <\/div>\n<\/div>\n<\/div>\n<\/div>\n<\/div>\n<\/div>\n<div class=\"extra-articol listing-anunturi\">\n<h6>Anun\u021buri <span class=\"text-primary\">ZdV<\/span> Premium<\/h6>\n<div class=\"row\">\n<div class=\"col-lg-4 col-md-6 bloc-egal\"><a class=\"card-anunt\" href=\"https:\/\/ziaruldevrancea.ro\/anunturi\/inchirieri\/locuinte-oferte\/Inchiriez-camera-anunt-72823\"><strong class=\"titlu\">Locuin\u021be oferte<\/strong><span class=\"text-anunt\">\u00cenchiriez camer\u0103 la apartament. Rog&#8230;<\/span><span class=\"data-anunt\">03.08.2026  <\/span><\/a><\/div>\n<div class=\"col-lg-4 col-md-6 bloc-egal\"><a class=\"card-anunt\" href=\"https:\/\/ziaruldevrancea.ro\/anunturi\/imobiliare\/vanzari-terenuri\/vand-teren-in-panciu\"><strong class=\"titlu\">V\u00e2nz\u0103ri terenuri<\/strong><span class=\"text-anunt\">Teren Panciu 1170 mp, cu num\u0103r cas\u0103, ap\u0103&#8230;<\/span><span class=\"data-anunt\">29.07.2026  <\/span><\/a><\/div>\n<div class=\"col-lg-4 col-md-6 bloc-egal\"><a class=\"card-anunt\" href=\"https:\/\/ziaruldevrancea.ro\/anunturi\/altele\/anulare-acte\/vand-scrumbii-afumate-capturi-dunare\"><strong class=\"titlu\">Vanzari diverse<\/strong><span class=\"text-anunt\">Pret : 117 lei \/ kg . \u00a0 Este&#8230;<\/span><span class=\"data-anunt\">29.07.2026 , Gala\u021bi , Gala\u021bi<\/span><\/a><\/div>\n<\/div>\n<\/div>\n<div class=\"bloc-widget widget-albastru\">\n    Ziarul de Vrancea \u00a0nu este responsabil juridic pentru con\u0163inutul textelor din comentariile de mai jos. Responsabilitatea pentru mesajele dumneavoastra v\u0103 revine \u00een exclusivitate.\n<\/div>\n<div class=\"comentarii-articol\" id=\"comentarii\">\n<h3>Comentarii: <span class=\"text-primary\">0<\/span><\/h3>\n<p><a href=\"https:\/\/ziaruldevrancea.ro\/promo\/brand-voice\/video-vrancea-intra-intr-o-saptamana-cu-investitii-educatie-si-evenimente-publice\" class=\"btn btn-success btn-adauga-com\" data-toggle=\"modal\" data-parent=\"0\" data-target=\"#commentModal\">Adaug\u0103 comentariu<\/a><\/p>\n<div class=\"loadMask comments-mask\"><img decoding=\"async\" src=\"https:\/\/zdvs.cname.ro\/images\/loader_40.gif\"><\/div>\n<div class=\"comenteaza-jos\">Trebuie s\u0103 fii <a href=\"https:\/\/ziaruldevrancea.ro\/account\">autentificat<\/a> pentru a putea <a href=\"https:\/\/ziaruldevrancea.ro\/promo\/brand-voice\/video-vrancea-intra-intr-o-saptamana-cu-investitii-educatie-si-evenimente-publice\" class data-toggle=\"modal\" data-parent=\"0\" data-target=\"#commentModal\">posta un comentariu<\/a>.<\/div>\n<\/div>\n<div class=\"modal fade\" id=\"commentModal\" role=\"dialog\" aria-labelledby=\"commentModalLabel\">\n<div class=\"modal-dialog modal-lg\" role=\"document\">\n<div class=\"modal-content\">\n<div class=\"modal-header\">\n<h3 class=\"modal-title\" id=\"commentModalLabel\">Comenteaz\u0103<\/h3>\n<\/div>\n<div class=\"modal-body\">\n<div class=\"tabel tabel-full\">\n<div class=\"celula\">\n              Trebuie s\u0103 fii <a href=\"https:\/\/ziaruldevrancea.ro\/account\">autentificat<\/a> pentru a putea posta un comentariu.\n            <\/div>\n<\/div>\n<\/div>\n<div class=\"modal-footer\">\n<div id=\"commentPending\" class=\"formPending pull-left\"><img decoding=\"async\" src=\"https:\/\/zdvs.cname.ro\/images\/loader_40.gif\"> In curs de procesare&#8230;<\/div>\n<p><a href=\"https:\/\/ziaruldevrancea.ro\/promo\/brand-voice\/video-vrancea-intra-intr-o-saptamana-cu-investitii-educatie-si-evenimente-publice\" class=\"btn btn-default\" data-dismiss=\"modal\">Anuleaz\u0103<\/a><\/div>\n<\/div>\n<\/div>\n<\/div>\n<div class=\"modal fade\" id=\"commentReportModal\" role=\"dialog\" aria-labelledby=\"commentReportModalLabel\">\n<div class=\"modal-dialog modal-lg\" role=\"document\">\n<div class=\"modal-content\">\n<div class=\"modal-header\">\n<h3 class=\"modal-title\" id=\"commentReportModalLabel\">Raporteaza comentariu<\/h3>\n<\/div>\n<div class=\"modal-body\">\n<div class=\"tabel tabel-full\">\n<div class=\"celula\">\n              Trebuie s\u0103 fii <a href=\"https:\/\/ziaruldevrancea.ro\/account\">autentificat<\/a> pentru a putea raporta un comentariu.\n            <\/div>\n<\/div>\n<\/div>\n<div class=\"modal-footer\">\n<div id=\"commentReportPending\" class=\"formPending pull-left\"><img decoding=\"async\" src=\"https:\/\/zdvs.cname.ro\/images\/loader_40.gif\"> In curs de procesare&#8230;<\/div>\n<p><a href=\"https:\/\/ziaruldevrancea.ro\/promo\/brand-voice\/video-vrancea-intra-intr-o-saptamana-cu-investitii-educatie-si-evenimente-publice\" class=\"btn btn-default\" data-dismiss=\"modal\">Anuleaz\u0103<\/a><\/div>\n<\/div>\n<\/div>\n<\/div>\n<div class=\"modal fade\" id=\"commentLikeModal\" role=\"dialog\" aria-labelledby=\"commentLikeModalLabel\">\n<div class=\"modal-dialog modal-lg\" role=\"document\">\n<div class=\"modal-content\">\n<div class=\"modal-header\">\n<h3 class=\"modal-title\" id=\"commentReportModalLabel\">Apreciaza comentariu<\/h3>\n<\/div>\n<div class=\"modal-body\">\n<div class=\"tabel tabel-full\">\n<div class=\"celula\">\n            Trebuie s\u0103 fii <a href=\"https:\/\/ziaruldevrancea.ro\/account\">autentificat<\/a> pentru a putea aprecia un comentariu.\n          <\/div>\n<\/div>\n<\/div>\n<div class=\"modal-footer\"><a href=\"https:\/\/ziaruldevrancea.ro\/promo\/brand-voice\/video-vrancea-intra-intr-o-saptamana-cu-investitii-educatie-si-evenimente-publice\" class=\"btn btn-default\" data-dismiss=\"modal\">Anuleaz\u0103<\/a><\/div>\n<\/div>\n<\/div>\n<\/div>\n<div class=\"bloc-widget widget-rosu\"><span><small>Ziarul de Vrancea doreste ca acest site sa fie un spatiu al discutiilor civilizate, al comentariilor de bun simt. Din acest motiv, cei care posteaza comentarii la articole trebuie sa respecte urmatoarele reguli:<br \/>\n1. Sa se refere doar la articolul la care posteaza comentarii.<br \/>\n2. Sa foloseasca un limbaj civilizat, fara injurii, calomnii, comentarii antisemite, xenofobe sau rasiste.<br \/>\n3. Sunt interzise atacurile la adresa autorilor, daca acestea nu au legatura cu textul.<br \/>\n4. Username-ul sa nu fie nume de personalitati ale vietii publice sau parodieri ale acestora.<br \/>\nAutorul unui articol poate fi criticat pentru eventuale greseli, incoerenta, lipsa de documentare etc.<br \/>\nNerespectarea regulilor mentionate mai sus va duce la stergerea comentariilor, fara avertisment si fara explicatii.<br \/>\nAbaterile repetate vor avea drept consecinta interdictia accesului la aceasta facilitate a site-ului.<\/small><\/span><\/div>\n<\/div>\n<p>[analyse_source url=&#8221;https:\/\/ziaruldevrancea.ro\/promo\/brand-voice\/video-vrancea-intra-intr-o-saptamana-cu-investitii-educatie-si-evenimente-publice&#8221;]<\/p>\n","protected":false},"excerpt":{"rendered":"<p>[analyse_image type=&#8221;featured&#8221; src=&#8221;https:\/\/zdvi.cname.ro\/_\/video-vrancea-intra-intr-o-saptamana-cu-investitii-educatie-si-evenimente-publice\/mediaPool\/u9CjlRr.jpg&#8221;] Brand voice VIDEO | Vrancea intr\u0103 \u00eentr-o s\u0103pt\u0103m\u00e2n\u0103 cu investi\u021bii, educa\u021bie \u0219i evenimente publice Distribuie: \u00a0 | Radu Tomescu 27 iul 2026743 vizualiz\u0103ri Ce proiecte \u0219i activit\u0103\u021bi sunt anun\u021bate \u00een jude\u021b \u00eentre 27 iulie \u0219i 2 august. Modernizarea drumurilor jude\u021bene, investi\u021biile \u00een re\u021belele de ap\u0103 \u0219i canalizare, competi\u021bia na\u021bional\u0103 InfoEduca\u021bie, programele culturale [&hellip;]<\/p>\n","protected":false},"author":1,"featured_media":0,"comment_status":"open","ping_status":"","sticky":false,"template":"","format":"standard","meta":{"footnotes":""},"categories":[89],"tags":[226,208],"class_list":["post-2076723","post","type-post","status-publish","format-standard","hentry","category-romania","tag-crawlmanager","tag-ziaruldevrancea-ro"],"_links":{"self":[{"href":"https:\/\/analyse.optim.biz\/index.php?rest_route=\/wp\/v2\/posts\/2076723","targetHints":{"allow":["GET"]}}],"collection":[{"href":"https:\/\/analyse.optim.biz\/index.php?rest_route=\/wp\/v2\/posts"}],"about":[{"href":"https:\/\/analyse.optim.biz\/index.php?rest_route=\/wp\/v2\/types\/post"}],"author":[{"embeddable":true,"href":"https:\/\/analyse.optim.biz\/index.php?rest_route=\/wp\/v2\/users\/1"}],"replies":[{"embeddable":true,"href":"https:\/\/analyse.optim.biz\/index.php?rest_route=%2Fwp%2Fv2%2Fcomments&post=2076723"}],"version-history":[{"count":0,"href":"https:\/\/analyse.optim.biz\/index.php?rest_route=\/wp\/v2\/posts\/2076723\/revisions"}],"wp:attachment":[{"href":"https:\/\/analyse.optim.biz\/index.php?rest_route=%2Fwp%2Fv2%2Fmedia&parent=2076723"}],"wp:term":[{"taxonomy":"category","embeddable":true,"href":"https:\/\/analyse.optim.biz\/index.php?rest_route=%2Fwp%2Fv2%2Fcategories&post=2076723"},{"taxonomy":"post_tag","embeddable":true,"href":"https:\/\/analyse.optim.biz\/index.php?rest_route=%2Fwp%2Fv2%2Ftags&post=2076723"}],"curies":[{"name":"wp","href":"https:\/\/api.w.org\/{rel}","templated":true}]}}