{"id":2076720,"date":"2026-07-26T00:00:00","date_gmt":"2026-07-25T21:00:00","guid":{"rendered":"https:\/\/analyse.optim.biz\/?p=2076720"},"modified":"2026-07-26T00:00:00","modified_gmt":"2026-07-25T21:00:00","slug":"cum-a-inceput-drumul-lui-raul-roman-in-horeca-fondatorul-romans-din-focsani-vorbeste-despre-inceputurile-afacerii-de-familie","status":"publish","type":"post","link":"https:\/\/analyse.optim.biz\/?p=2076720","title":{"rendered":"Cum a \u00eenceput drumul lui Raul Roman \u00een HoReCa: fondatorul Roman\u2019s din Foc\u0219ani vorbe\u0219te despre \u00eenceputurile afacerii de familie"},"content":{"rendered":"<p>[analyse_image type=&#8221;featured&#8221; src=&#8221;https:\/\/zdvi.cname.ro\/_\/cum-a-inceput-drumul-lui-raul-roman-in-horeca-fondatorul-romans-din-focsani-vorbeste-despre-inceputurile-afacerii-de-familie\/mediaPool\/u0XfjHh.jpg&#8221;]<\/p>\n<div class=\"main-content detaliu-articol\"><a class=\"titlu-cat-list\" href=\"https:\/\/ziaruldevrancea.ro\/promo\/brand-voice\">Brand voice<\/a><\/p>\n<h1>Cum a \u00eenceput drumul lui Raul Roman \u00een HoReCa: fondatorul Roman\u2019s din Foc\u0219ani vorbe\u0219te despre \u00eenceputurile afacerii de familie<\/h1>\n<div class=\"date-articol clearfix\">\n<div class=\"distribuie-articol dropdown\">\n    Distribuie: \u00a0<br \/>\n    <em>|<\/em><\/div>\n<div class=\"autor-articol\"><a href=\"https:\/\/ziaruldevrancea.ro\/autor\/eduard-popescu\/\"><img decoding=\"async\" class=\"img-circle\" src=\"https:\/\/zdvi.cname.ro\/50_50\/articleAuthor\/eduard-popescu\/articleAuthor\/uSipCNh.jpg\" alt><\/a><\/p>\n<h5><a href=\"https:\/\/ziaruldevrancea.ro\/autor\/eduard-popescu\/\">Eduard Popescu<\/a><\/h5>\n<div class=\"grup-spatiere\"><span class=\"cu-spatiere\">26 iul 2026<\/span><span class=\"cu-spatiere\">1610 vizualiz\u0103ri<\/span><\/div>\n<\/div>\n<\/div>\n<div class=\"poza-mare\"><a href class=\"openGallery\"><img decoding=\"async\" class=\"img-responsive\" src=\"https:\/\/zdvi.cname.ro\/850_530\/cum-a-inceput-drumul-lui-raul-roman-in-horeca-fondatorul-romans-din-focsani-vorbeste-despre-inceputurile-afacerii-de-familie\/article\/mediaPool\/u0XfjHh.jpg\" alt><\/a><\/div>\n<p><strong>Un nou material video publicat de Roman\u2019s \u00eel are \u00een prim-plan pe Raul Roman, care explic\u0103 de ce a ales domeniul HoReCa \u0219i cum s-a n\u0103scut proiectul ce avea s\u0103 devin\u0103 unul dintre cele mai cunoscute branduri locale din jude\u021bul Vrancea.<\/strong><\/p>\n<iframe loading=\"lazy\" frameborder height=\"750\" scrolling=\"no\" src=\"https:\/\/www.youtube.com\/embed\/QC9dy3mvD6k\" width=\"100%\"><\/iframe>\n<p>Un nou videoclip publicat pe pagina de Facebook Roman\u2019s aduce \u00een aten\u021bia publicului povestea \u00eenceputurilor lui Raul Roman \u00een domeniul HoReCa. \u00cen materialul video de tip reel, unul dintre fondatorii afacerii de familie explic\u0103 modul \u00een care a ajuns s\u0103 dezvolte componenta de restaurant \u0219i fast-food a companiei din Foc\u0219ani, pornind de la o oportunitate ap\u0103rut\u0103 \u00een cadrul afacerii \u00eencepute de p\u0103rin\u021bii s\u0103i.<\/p>\n<p>\u00cen descrierea post\u0103rii, reprezentan\u021bii Roman\u2019s lanseaz\u0103 o \u00eentrebare simpl\u0103, dar relevant\u0103 pentru parcursul antreprenorial al fondatorului:<\/p>\n<p>\u201e<strong><em>De ce HORECA? Este una dintre cele mai simple \u00eentreb\u0103ri, dar \u0219i una dintre cele mai interesante. Raul Roman ne poveste\u0219te cum a \u00eenceput totul, ce l-a motivat s\u0103 intre \u00een acest domeniu \u0219i ce \u00eenseamn\u0103, cu adev\u0103rat, s\u0103 construie\u0219ti un brand precum Roman\u2019s. Las\u0103-ne \u00een comentarii ce \u00eentrebare i-ai pune tu<\/em><\/strong>.\u201d<\/p>\n<p><strong>Cum a \u00eenceput parcursul \u00een HoReCa<\/strong><\/p>\n<p>\u00cen interviul video, Raul Roman poveste\u0219te c\u0103, la momentul \u00eenceperii afacerii, lucra \u00een Bucure\u0219ti, iar ini\u021biativa p\u0103rin\u021bilor de a dezvolta activitatea din Foc\u0219ani a reprezentat punctul de plecare pentru propria implicare \u00een antreprenoriat.<\/p>\n<p><strong><em>\u201eA fost o oportunitate, s\u0103 zic a\u0219a. Pe vremea aceea lucram \u00een Bucure\u0219ti. P\u0103rin\u021bii au vrut s\u0103 dezvolte un business aici, \u00een Foc\u0219ani. Ei erau focusa\u021bi pe partea de patiserie, brut\u0103rie. \u0218i au zis dac\u0103 vreau s\u0103 fac \u0219i eu ceva la etaj. \u0218i atunci mi-a venit ideea ce anume a\u0219 putea s\u0103 fac, av\u00e2nd \u00een vedere \u0219i loca\u021bia \u00een care ne afl\u0103m aici. \u0218i am zis: hai s\u0103 fac totu\u0219i un restaurant de tip fast-food \u0219i s\u0103 merg \u00een direc\u021bia asta. Cam a\u0219a a fost startul meu \u00een HoReCa<\/em><\/strong>\u201d, explic\u0103 <strong>antreprenorul \u00een \u00eenregistrarea video.<\/strong><\/p>\n<p>Declara\u021bia ofer\u0103 o imagine asupra modului \u00een care o oportunitate de familie s-a transformat \u00eentr-un proiect antreprenorial dezvoltat \u00een municipiul Foc\u0219ani.<\/p>\n<p><strong>Un brand local construit \u00een timp<\/strong><\/p>\n<p>Grupul Roman\u2019s a fost \u00eenfiin\u021bat \u00een anul 2009, \u00een municipiul Foc\u0219ani, \u0219i reune\u0219te dou\u0103 firme care activeaz\u0103 \u00een domenii precum brut\u0103rie, patiserie, cofet\u0103rie, fast-food, pizza \u0219i catering. De-a lungul anilor, compania \u0219i-a extins activitatea \u0219i \u0219i-a diversificat oferta adresat\u0103 consumatorilor din jude\u021bul Vrancea.<\/p>\n<p>Materialul video face parte dintr-o serie prin care reprezentan\u021bii companiei \u00ee\u0219i propun s\u0103 prezinte publicului oameni, decizii \u0219i momente care au contribuit la dezvoltarea afacerii.<\/p>\n<p><strong>Reamintim<\/strong><\/p>\n<p>La 1 aprilie 2026, <strong>Ziarul de Vrancea<\/strong> a prezentat oferta Roman\u2019s pentru s\u0103rb\u0103torile pascale, c\u00e2nd compania a anun\u021bat preg\u0103tirea unei game variate de produse tradi\u021bionale \u0219i specialit\u0103\u021bi moderne, de la cozonaci \u0219i pasc\u0103 p\u00e2n\u0103 la torturi, pr\u0103jituri \u0219i produse de patiserie. Atunci, Raul Roman sublinia caracterul de afacere de familie al companiei \u0219i importan\u021ba p\u0103str\u0103rii re\u021betelor tradi\u021bionale, adaptate preferin\u021belor actuale ale consumatorilor.<\/p>\n<p>Prin noul material video publicat \u00een aceste zile, accentul este mutat de la produse c\u0103tre povestea din spatele afacerii \u0219i c\u0103tre \u00eenceputurile implic\u0103rii lui Raul Roman \u00een industria HoReCa, pornind de la o decizie luat\u0103 \u00een urm\u0103 cu mai bine de un deceniu \u00een municipiul Foc\u0219ani.<\/p>\n<p><strong>Eduard Popescu\u00a0<\/strong><\/p>\n<p><strong>Citi\u021bi \u0219i:<a href=\"https:\/\/www.ziaruldevrancea.ro\/promo\/brand-voice\/pastele-2026-in-vrancea-bunatati-traditionale-si-specialitati-moderne-pregatite-de-romans-din-focsani\" target=\"_blank\">Pa\u0219tele 2026 \u00een Vrancea: Bun\u0103t\u0103\u021bi tradi\u021bionale \u0219i specialit\u0103\u021bi moderne preg\u0103tite de Roman\u2019s din Foc\u0219ani<\/a><\/strong><\/p>\n<hr>\n<div class=\"bloc-widget widget-rosu\">\n<p>\u00cen lipsa unui acord scris din partea Ziarului de Vrancea, pute\u0163i prelua maxim 500 de caractere din acest articol dac\u0103 preciza\u0163i sursa \u015fi insera\u0163i vizibil link-ul articolului:\u00a0<span>#insertcurrentlinkhere<\/span><\/p>\n<\/div>\n<div class=\"extra-articol listing-anunturi\">\n<h6>Anun\u021buri <span class=\"text-primary\">ZdV<\/span> Premium<\/h6>\n<div class=\"row\">\n<div class=\"col-lg-4 col-md-6 bloc-egal\"><a class=\"card-anunt\" href=\"https:\/\/ziaruldevrancea.ro\/anunturi\/altele\/servicii\/caut-o-persoana-sau-o-familie-pentru-ingrijirea-unei-batrane\"><strong class=\"titlu\">Servicii<\/strong><span class=\"text-anunt\">Caut o persoan\u0103\u00a0sau o familie serioas\u0103&#8230;<\/span><span class=\"data-anunt\">04.08.2026  <\/span><\/a><\/div>\n<div class=\"col-lg-4 col-md-6 bloc-egal\"><a class=\"card-anunt\" href=\"https:\/\/ziaruldevrancea.ro\/anunturi\/imobiliare\/vanzari-ap-2-camere\/vand-apartament-2-camere-in-focsani-anunt-72825\"><strong class=\"titlu\">V\u00e2nz\u0103ri ap 2 camere<\/strong><span class=\"text-anunt\">V\u00e2nd apartament 2 camere, hol p\u0103trat,&#8230;<\/span><span class=\"data-anunt\">04.08.2026  <\/span><\/a><\/div>\n<div class=\"col-lg-4 col-md-6 bloc-egal\"><a class=\"card-anunt\" href=\"https:\/\/ziaruldevrancea.ro\/anunturi\/angajari\/oferte-angajari\/angajam-asistente-medicale\"><strong class=\"titlu\">Oferte<\/strong><span class=\"text-anunt\">Crucea Ro\u0219ie Vrancea angajeaz\u0103 asistente\u00a0&#8230;<\/span><span class=\"data-anunt\">04.08.2026  <\/span><\/a><\/div>\n<\/div>\n<\/div>\n<div class=\"extra-articol alte-articole\">\n<div class=\"row\">\n<div class=\"col-lg-6 bloc-egal\">\n<div class=\"card articol-listing\">\n<h6>\u00cen categoria <a href=\"https:\/\/ziaruldevrancea.ro\/promo\/brand-voice\">Brand voice<\/a><\/h6>\n<div class=\"grup-articol-listing\">\n<div class=\"cont-pils\"><a href=\"https:\/\/ziaruldevrancea.ro\/promo\/brand-voice\/video-agenda-saptamanii-3-9-august-2026-in-vrancea\"><img decoding=\"async\" src=\"https:\/\/zdvi.cname.ro\/180_135\/promo\/brand-voice\/video-agenda-saptamanii-3-9-august-2026-in-vrancea\/mediaPool\/ukNuNqV.jpg\" class=\"img-responsive img-180\" alt><\/a><\/div>\n<h2><a class=\"link-titlu\" href=\"https:\/\/ziaruldevrancea.ro\/promo\/brand-voice\/video-agenda-saptamanii-3-9-august-2026-in-vrancea\">VIDEO | Agenda s\u0103pt\u0103m\u00e2nii 3\u20139 august 2026 \u00een Vrancea<\/a><\/h2>\n<div class=\"date-post\"><a href=\"https:\/\/ziaruldevrancea.ro\/autor\/radu-tomescu\">Radu Tomescu<\/a>,  4 aug 2026  <\/div>\n<\/div>\n<div class=\"grup-articol-listing\">\n<div class=\"cont-pils\"><a href=\"https:\/\/ziaruldevrancea.ro\/promo\/brand-voice\/20-de-tineri-din-vrancea-descopera-europa-cu-trenul-prin-erasmus\"><img decoding=\"async\" src=\"https:\/\/zdvi.cname.ro\/180_135\/promo\/brand-voice\/20-de-tineri-din-vrancea-descopera-europa-cu-trenul-prin-erasmus\/mediaPool\/uVsSv09.jpg\" class=\"img-responsive img-180\" alt><\/a><\/div>\n<h2><a class=\"link-titlu\" href=\"https:\/\/ziaruldevrancea.ro\/promo\/brand-voice\/20-de-tineri-din-vrancea-descopera-europa-cu-trenul-prin-erasmus\">20 de tineri din Vrancea descoper\u0103 Europa cu trenul prin Erasmus+<\/a><\/h2>\n<div class=\"date-post\"><a href=\"https:\/\/ziaruldevrancea.ro\/autor\/maria-bratu\">Maria BRATU<\/a>,  4 aug 2026  <\/div>\n<\/div>\n<div class=\"grup-articol-listing\">\n<div class=\"cont-pils\"><a href=\"https:\/\/ziaruldevrancea.ro\/promo\/brand-voice\/investigatii-complete-pentru-sanatatea-femeii-disponibile-in-vrancea-la-acelasi-medic-specialist\"><img decoding=\"async\" src=\"https:\/\/zdvi.cname.ro\/180_135\/promo\/brand-voice\/investigatii-complete-pentru-sanatatea-femeii-disponibile-in-vrancea-la-acelasi-medic-specialist\/mediaPool\/ui2xC62.PNG\" class=\"img-responsive img-180\" alt><\/a><\/div>\n<h2><a class=\"link-titlu\" href=\"https:\/\/ziaruldevrancea.ro\/promo\/brand-voice\/investigatii-complete-pentru-sanatatea-femeii-disponibile-in-vrancea-la-acelasi-medic-specialist\">Investiga\u021bii complete pentru s\u0103n\u0103tatea femeii, disponibile \u00een Vrancea la acela\u0219i medic specialist<\/a><\/h2>\n<div class=\"date-post\"><a href=\"https:\/\/ziaruldevrancea.ro\/autor\/camelia-marin\">Camelia Marin<\/a>,  4 aug 2026  <\/div>\n<\/div>\n<\/div>\n<\/div>\n<div class=\"col-lg-6 bloc-egal\">\n<div class=\"card articol-listing\">\n<h6>De acela\u0219i <a href=\"https:\/\/ziaruldevrancea.ro\/autor\/eduard-popescu\/\">autor<\/a><\/h6>\n<div class=\"grup-articol-listing\">\n<div class=\"cont-pils\"><a href=\"https:\/\/ziaruldevrancea.ro\/promo\/brand-voice\/psihologia-din-spatele-somnului-cum-transformi-teama-de-culcare-in-primul-pas-spre-independenta-copilului-tau\"><img decoding=\"async\" src=\"https:\/\/zdvi.cname.ro\/180_135\/promo\/brand-voice\/psihologia-din-spatele-somnului-cum-transformi-teama-de-culcare-in-primul-pas-spre-independenta-copilului-tau\/mediaPool\/ujFkUvt.jpg\" class=\"img-responsive img-180\" alt><\/a><\/div>\n<h2><a class=\"link-titlu\" href=\"https:\/\/ziaruldevrancea.ro\/promo\/brand-voice\/psihologia-din-spatele-somnului-cum-transformi-teama-de-culcare-in-primul-pas-spre-independenta-copilului-tau\">Psihologia din spatele somnului: Cum transformi teama de culcare \u00een primul pas spre independen\u021ba copilului t\u0103u<\/a><\/h2>\n<div class=\"date-post\"><a href=\"https:\/\/ziaruldevrancea.ro\/autor\/eduard-popescu\">Eduard Popescu<\/a>,  3 aug 2026  <\/div>\n<\/div>\n<div class=\"grup-articol-listing\">\n<div class=\"cont-pils\"><a href=\"https:\/\/ziaruldevrancea.ro\/promo\/brand-voice\/video-laboratorul-de-recuperare-al-spitalului-municipal-adjud-complet-renovat\"><img decoding=\"async\" src=\"https:\/\/zdvi.cname.ro\/180_135\/promo\/brand-voice\/video-laboratorul-de-recuperare-al-spitalului-municipal-adjud-complet-renovat\/mediaPool\/uAxvm3R.jpg\" class=\"img-responsive img-180\" alt><\/a><\/div>\n<h2><a class=\"link-titlu\" href=\"https:\/\/ziaruldevrancea.ro\/promo\/brand-voice\/video-laboratorul-de-recuperare-al-spitalului-municipal-adjud-complet-renovat\">VIDEO | Laboratorul de Recuperare al Spitalului Municipal Adjud, complet renovat<\/a><\/h2>\n<div class=\"date-post\"><a href=\"https:\/\/ziaruldevrancea.ro\/autor\/eduard-popescu\">Eduard Popescu<\/a>,  2 aug 2026  <\/div>\n<\/div>\n<div class=\"grup-articol-listing\">\n<div class=\"cont-pils\"><a href=\"https:\/\/ziaruldevrancea.ro\/promo\/brand-voice\/restaurantul-intim-din-focsani-unul-dintre-simbolurile-gastronomiei-vrancei-a-fost-scos-la-vanzare-pentru-25-milioane-de-euro\"><img decoding=\"async\" src=\"https:\/\/zdvi.cname.ro\/180_135\/promo\/brand-voice\/restaurantul-intim-din-focsani-unul-dintre-simbolurile-gastronomiei-vrancei-a-fost-scos-la-vanzare-pentru-25-milioane-de-euro\/mediaPool\/u4UBDfP.jpg\" class=\"img-responsive img-180\" alt><\/a><\/div>\n<h2><a class=\"link-titlu\" href=\"https:\/\/ziaruldevrancea.ro\/promo\/brand-voice\/restaurantul-intim-din-focsani-unul-dintre-simbolurile-gastronomiei-vrancei-a-fost-scos-la-vanzare-pentru-25-milioane-de-euro\">Restaurantul \u201eIntim\u201d din Foc\u0219ani, unul dintre simbolurile gastronomiei Vrancei, a fost scos la v\u00e2nzare pentru 2,5 milioane de euro<\/a><\/h2>\n<div class=\"date-post\"><a href=\"https:\/\/ziaruldevrancea.ro\/autor\/eduard-popescu\">Eduard Popescu<\/a>, 29 iul 2026  <\/div>\n<\/div>\n<\/div>\n<\/div>\n<\/div>\n<\/div>\n<div class=\"extra-articol listing-anunturi\">\n<h6>Anun\u021buri <span class=\"text-primary\">ZdV<\/span> Premium<\/h6>\n<div class=\"row\">\n<div class=\"col-lg-4 col-md-6 bloc-egal\"><a class=\"card-anunt\" href=\"https:\/\/ziaruldevrancea.ro\/anunturi\/inchirieri\/locuinte-oferte\/Inchiriez-camera-anunt-72823\"><strong class=\"titlu\">Locuin\u021be oferte<\/strong><span class=\"text-anunt\">\u00cenchiriez camer\u0103 la apartament. Rog&#8230;<\/span><span class=\"data-anunt\">03.08.2026  <\/span><\/a><\/div>\n<div class=\"col-lg-4 col-md-6 bloc-egal\"><a class=\"card-anunt\" href=\"https:\/\/ziaruldevrancea.ro\/anunturi\/imobiliare\/vanzari-terenuri\/vand-teren-in-panciu\"><strong class=\"titlu\">V\u00e2nz\u0103ri terenuri<\/strong><span class=\"text-anunt\">Teren Panciu 1170 mp, cu num\u0103r cas\u0103, ap\u0103&#8230;<\/span><span class=\"data-anunt\">29.07.2026  <\/span><\/a><\/div>\n<div class=\"col-lg-4 col-md-6 bloc-egal\"><a class=\"card-anunt\" href=\"https:\/\/ziaruldevrancea.ro\/anunturi\/altele\/anulare-acte\/vand-scrumbii-afumate-capturi-dunare\"><strong class=\"titlu\">Vanzari diverse<\/strong><span class=\"text-anunt\">Pret : 117 lei \/ kg . \u00a0 Este&#8230;<\/span><span class=\"data-anunt\">29.07.2026 , Gala\u021bi , Gala\u021bi<\/span><\/a><\/div>\n<\/div>\n<\/div>\n<div class=\"bloc-widget widget-albastru\">\n    Ziarul de Vrancea \u00a0nu este responsabil juridic pentru con\u0163inutul textelor din comentariile de mai jos. Responsabilitatea pentru mesajele dumneavoastra v\u0103 revine \u00een exclusivitate.\n<\/div>\n<div class=\"comentarii-articol\" id=\"comentarii\">\n<h3>Comentarii: <span class=\"text-primary\">0<\/span><\/h3>\n<p><a href=\"https:\/\/ziaruldevrancea.ro\/promo\/brand-voice\/cum-a-inceput-drumul-lui-raul-roman-in-horeca-fondatorul-romans-din-focsani-vorbeste-despre-inceputurile-afacerii-de-familie\" class=\"btn btn-success btn-adauga-com\" data-toggle=\"modal\" data-parent=\"0\" data-target=\"#commentModal\">Adaug\u0103 comentariu<\/a><\/p>\n<div class=\"loadMask comments-mask\"><img decoding=\"async\" src=\"https:\/\/zdvs.cname.ro\/images\/loader_40.gif\"><\/div>\n<div class=\"comenteaza-jos\">Trebuie s\u0103 fii <a href=\"https:\/\/ziaruldevrancea.ro\/account\">autentificat<\/a> pentru a putea <a href=\"https:\/\/ziaruldevrancea.ro\/promo\/brand-voice\/cum-a-inceput-drumul-lui-raul-roman-in-horeca-fondatorul-romans-din-focsani-vorbeste-despre-inceputurile-afacerii-de-familie\" class data-toggle=\"modal\" data-parent=\"0\" data-target=\"#commentModal\">posta un comentariu<\/a>.<\/div>\n<\/div>\n<div class=\"modal fade\" id=\"commentModal\" role=\"dialog\" aria-labelledby=\"commentModalLabel\">\n<div class=\"modal-dialog modal-lg\" role=\"document\">\n<div class=\"modal-content\">\n<div class=\"modal-header\">\n<h3 class=\"modal-title\" id=\"commentModalLabel\">Comenteaz\u0103<\/h3>\n<\/div>\n<div class=\"modal-body\">\n<div class=\"tabel tabel-full\">\n<div class=\"celula\">\n              Trebuie s\u0103 fii <a href=\"https:\/\/ziaruldevrancea.ro\/account\">autentificat<\/a> pentru a putea posta un comentariu.\n            <\/div>\n<\/div>\n<\/div>\n<div class=\"modal-footer\">\n<div id=\"commentPending\" class=\"formPending pull-left\"><img decoding=\"async\" src=\"https:\/\/zdvs.cname.ro\/images\/loader_40.gif\"> In curs de procesare&#8230;<\/div>\n<p><a href=\"https:\/\/ziaruldevrancea.ro\/promo\/brand-voice\/cum-a-inceput-drumul-lui-raul-roman-in-horeca-fondatorul-romans-din-focsani-vorbeste-despre-inceputurile-afacerii-de-familie\" class=\"btn btn-default\" data-dismiss=\"modal\">Anuleaz\u0103<\/a><\/div>\n<\/div>\n<\/div>\n<\/div>\n<div class=\"modal fade\" id=\"commentReportModal\" role=\"dialog\" aria-labelledby=\"commentReportModalLabel\">\n<div class=\"modal-dialog modal-lg\" role=\"document\">\n<div class=\"modal-content\">\n<div class=\"modal-header\">\n<h3 class=\"modal-title\" id=\"commentReportModalLabel\">Raporteaza comentariu<\/h3>\n<\/div>\n<div class=\"modal-body\">\n<div class=\"tabel tabel-full\">\n<div class=\"celula\">\n              Trebuie s\u0103 fii <a href=\"https:\/\/ziaruldevrancea.ro\/account\">autentificat<\/a> pentru a putea raporta un comentariu.\n            <\/div>\n<\/div>\n<\/div>\n<div class=\"modal-footer\">\n<div id=\"commentReportPending\" class=\"formPending pull-left\"><img decoding=\"async\" src=\"https:\/\/zdvs.cname.ro\/images\/loader_40.gif\"> In curs de procesare&#8230;<\/div>\n<p><a href=\"https:\/\/ziaruldevrancea.ro\/promo\/brand-voice\/cum-a-inceput-drumul-lui-raul-roman-in-horeca-fondatorul-romans-din-focsani-vorbeste-despre-inceputurile-afacerii-de-familie\" class=\"btn btn-default\" data-dismiss=\"modal\">Anuleaz\u0103<\/a><\/div>\n<\/div>\n<\/div>\n<\/div>\n<div class=\"modal fade\" id=\"commentLikeModal\" role=\"dialog\" aria-labelledby=\"commentLikeModalLabel\">\n<div class=\"modal-dialog modal-lg\" role=\"document\">\n<div class=\"modal-content\">\n<div class=\"modal-header\">\n<h3 class=\"modal-title\" id=\"commentReportModalLabel\">Apreciaza comentariu<\/h3>\n<\/div>\n<div class=\"modal-body\">\n<div class=\"tabel tabel-full\">\n<div class=\"celula\">\n            Trebuie s\u0103 fii <a href=\"https:\/\/ziaruldevrancea.ro\/account\">autentificat<\/a> pentru a putea aprecia un comentariu.\n          <\/div>\n<\/div>\n<\/div>\n<div class=\"modal-footer\"><a href=\"https:\/\/ziaruldevrancea.ro\/promo\/brand-voice\/cum-a-inceput-drumul-lui-raul-roman-in-horeca-fondatorul-romans-din-focsani-vorbeste-despre-inceputurile-afacerii-de-familie\" class=\"btn btn-default\" data-dismiss=\"modal\">Anuleaz\u0103<\/a><\/div>\n<\/div>\n<\/div>\n<\/div>\n<div class=\"bloc-widget widget-rosu\"><span><small>Ziarul de Vrancea doreste ca acest site sa fie un spatiu al discutiilor civilizate, al comentariilor de bun simt. Din acest motiv, cei care posteaza comentarii la articole trebuie sa respecte urmatoarele reguli:<br \/>\n1. Sa se refere doar la articolul la care posteaza comentarii.<br \/>\n2. Sa foloseasca un limbaj civilizat, fara injurii, calomnii, comentarii antisemite, xenofobe sau rasiste.<br \/>\n3. Sunt interzise atacurile la adresa autorilor, daca acestea nu au legatura cu textul.<br \/>\n4. Username-ul sa nu fie nume de personalitati ale vietii publice sau parodieri ale acestora.<br \/>\nAutorul unui articol poate fi criticat pentru eventuale greseli, incoerenta, lipsa de documentare etc.<br \/>\nNerespectarea regulilor mentionate mai sus va duce la stergerea comentariilor, fara avertisment si fara explicatii.<br \/>\nAbaterile repetate vor avea drept consecinta interdictia accesului la aceasta facilitate a site-ului.<\/small><\/span><\/div>\n<\/div>\n<p>[analyse_source url=&#8221;https:\/\/ziaruldevrancea.ro\/promo\/brand-voice\/cum-a-inceput-drumul-lui-raul-roman-in-horeca-fondatorul-romans-din-focsani-vorbeste-despre-inceputurile-afacerii-de-familie&#8221;]<\/p>\n","protected":false},"excerpt":{"rendered":"<p>[analyse_image type=&#8221;featured&#8221; src=&#8221;https:\/\/zdvi.cname.ro\/_\/cum-a-inceput-drumul-lui-raul-roman-in-horeca-fondatorul-romans-din-focsani-vorbeste-despre-inceputurile-afacerii-de-familie\/mediaPool\/u0XfjHh.jpg&#8221;] Brand voice Cum a \u00eenceput drumul lui Raul Roman \u00een HoReCa: fondatorul Roman\u2019s din Foc\u0219ani vorbe\u0219te despre \u00eenceputurile afacerii de familie Distribuie: \u00a0 | Eduard Popescu 26 iul 20261610 vizualiz\u0103ri Un nou material video publicat de Roman\u2019s \u00eel are \u00een prim-plan pe Raul Roman, care explic\u0103 de ce a ales domeniul HoReCa [&hellip;]<\/p>\n","protected":false},"author":1,"featured_media":0,"comment_status":"open","ping_status":"","sticky":false,"template":"","format":"standard","meta":{"footnotes":""},"categories":[89],"tags":[226,208],"class_list":["post-2076720","post","type-post","status-publish","format-standard","hentry","category-romania","tag-crawlmanager","tag-ziaruldevrancea-ro"],"_links":{"self":[{"href":"https:\/\/analyse.optim.biz\/index.php?rest_route=\/wp\/v2\/posts\/2076720","targetHints":{"allow":["GET"]}}],"collection":[{"href":"https:\/\/analyse.optim.biz\/index.php?rest_route=\/wp\/v2\/posts"}],"about":[{"href":"https:\/\/analyse.optim.biz\/index.php?rest_route=\/wp\/v2\/types\/post"}],"author":[{"embeddable":true,"href":"https:\/\/analyse.optim.biz\/index.php?rest_route=\/wp\/v2\/users\/1"}],"replies":[{"embeddable":true,"href":"https:\/\/analyse.optim.biz\/index.php?rest_route=%2Fwp%2Fv2%2Fcomments&post=2076720"}],"version-history":[{"count":0,"href":"https:\/\/analyse.optim.biz\/index.php?rest_route=\/wp\/v2\/posts\/2076720\/revisions"}],"wp:attachment":[{"href":"https:\/\/analyse.optim.biz\/index.php?rest_route=%2Fwp%2Fv2%2Fmedia&parent=2076720"}],"wp:term":[{"taxonomy":"category","embeddable":true,"href":"https:\/\/analyse.optim.biz\/index.php?rest_route=%2Fwp%2Fv2%2Fcategories&post=2076720"},{"taxonomy":"post_tag","embeddable":true,"href":"https:\/\/analyse.optim.biz\/index.php?rest_route=%2Fwp%2Fv2%2Ftags&post=2076720"}],"curies":[{"name":"wp","href":"https:\/\/api.w.org\/{rel}","templated":true}]}}