{"id":2076716,"date":"2026-08-04T00:00:00","date_gmt":"2026-08-03T21:00:00","guid":{"rendered":"https:\/\/analyse.optim.biz\/?p=2076716"},"modified":"2026-08-04T00:00:00","modified_gmt":"2026-08-03T21:00:00","slug":"video-agenda-saptamanii-3-9-august-2026-in-vrancea","status":"publish","type":"post","link":"https:\/\/analyse.optim.biz\/?p=2076716","title":{"rendered":"VIDEO | Agenda s\u0103pt\u0103m\u00e2nii 3\u20139 august 2026 \u00een Vrancea"},"content":{"rendered":"<p>[analyse_image type=&#8221;featured&#8221; src=&#8221;https:\/\/zdvi.cname.ro\/_\/video-agenda-saptamanii-3-9-august-2026-in-vrancea\/mediaPool\/ukNuNqV.jpg&#8221;]<\/p>\n<div class=\"main-content detaliu-articol\"><a class=\"titlu-cat-list\" href=\"https:\/\/ziaruldevrancea.ro\/promo\/brand-voice\">Brand voice<\/a><\/p>\n<h1>VIDEO | Agenda s\u0103pt\u0103m\u00e2nii 3\u20139 august 2026 \u00een Vrancea<\/h1>\n<div class=\"date-articol clearfix\">\n<div class=\"distribuie-articol dropdown\">\n    Distribuie: \u00a0<br \/>\n    <em>|<\/em><\/div>\n<div class=\"autor-articol\"><a href=\"https:\/\/ziaruldevrancea.ro\/autor\/radu-tomescu\/\"><img decoding=\"async\" class=\"img-circle\" src=\"https:\/\/zdvi.cname.ro\/50_50\/articleAuthor\/radu-tomescu\/articleAuthor\/ucx2Ggg.PNG\" alt><\/a><\/p>\n<h5><a href=\"https:\/\/ziaruldevrancea.ro\/autor\/radu-tomescu\/\">Radu Tomescu<\/a><\/h5>\n<div class=\"grup-spatiere\"><span class=\"cu-spatiere\"> 4 aug 2026<\/span><span class=\"cu-spatiere\">484 vizualiz\u0103ri<\/span><\/div>\n<\/div>\n<\/div>\n<div class=\"poza-mare\"><a href class=\"openGallery\"><img decoding=\"async\" class=\"img-responsive\" src=\"https:\/\/zdvi.cname.ro\/850_530\/video-agenda-saptamanii-3-9-august-2026-in-vrancea\/article\/mediaPool\/ukNuNqV.jpg\" alt><\/a><\/div>\n<p><strong>Ceremonii la Mausolee, investi\u021bii pe drumurile jude\u021bene, lucr\u0103ri la re\u021belele de ap\u0103 \u0219i evenimente pentru toate v\u00e2rstele.<\/strong><\/p>\n<p>\u00a0<\/p>\n<p><strong>Consiliul Jude\u021bean Vrancea prezint\u0103 principalele proiecte \u0219i evenimente programate \u00een perioada 3\u20139 august 2026, de la investi\u021bii \u00een infrastructur\u0103 \u0219i audien\u021be cu cet\u0103\u021benii p\u00e2n\u0103 la manifest\u0103ri dedicate eroilor \u0219i activit\u0103\u021bi culturale \u00een Cr\u00e2ngul Petre\u0219ti.<\/strong><\/p>\n<p><strong>VIDEO<\/strong>:<strong><a href=\"https:\/\/www.youtube.com\/@cjvnro\" target=\"_blank\">Consiliul Jude\u021bean Vrancea<\/a><\/strong><\/p>\n<iframe loading=\"lazy\" frameborder height=\"560\" scrolling=\"no\" src=\"https:\/\/www.youtube.com\/embed\/stqzD_1qxC4?si=F4ta01QfXAurBDd2\" width=\"100%\"><\/iframe>\n<p><strong>Agenda s\u0103pt\u0103m\u00e2nii \u00een Vrancea: ceremonii la Mausolee, investi\u021bii pe drumurile jude\u021bene, lucr\u0103ri la re\u021belele de ap\u0103 \u0219i evenimente pentru toate v\u00e2rstele<\/strong><\/p>\n<p>Consiliul Jude\u021bean Vrancea a prezentat agenda principalelor activit\u0103\u021bi programate \u00een jude\u021b \u00een perioada <strong>3\u20139 august 2026<\/strong>, aceasta cuprinz\u00e2nd proiecte de infrastructur\u0103, investi\u021bii \u00een utilit\u0103\u021bi, evenimente culturale \u0219i comemorative, precum \u0219i activit\u0103\u021bi dedicate copiilor \u0219i familiilor.<\/p>\n<p>Unul dintre cele mai importante momente ale s\u0103pt\u0103m\u00e2nii va avea loc <strong>joi, 6 august<\/strong>, c\u00e2nd sunt programate ceremonii militare \u0219i religioase dedicate \u00eemplinirii a <strong>109 ani de la marile b\u0103t\u0103lii din Primul R\u0103zboi Mondial<\/strong>.<\/p>\n<p>Manifest\u0103rile vor \u00eencepe la <strong>ora 10:00<\/strong>, la <strong>Mausoleul Eroilor din M\u0103r\u0103\u0219e\u0219ti<\/strong>, \u0219i vor continua de la <strong>ora 13:00<\/strong>, la <strong>Mausoleul Eroilor din Foc\u0219ani<\/strong>, fiind dedicate comemor\u0103rii militarilor care \u0219i-au pierdut via\u021ba \u00een luptele pentru ap\u0103rarea Rom\u00e2niei.<\/p>\n<p><strong>Lucr\u0103rile continu\u0103 pe DJ 204E \u0219i DJ 204G<\/strong><\/p>\n<p>\u00cen ceea ce prive\u0219te infrastructura rutier\u0103, Consiliul Jude\u021bean anun\u021b\u0103 continuarea lucr\u0103rilor de modernizare pe dou\u0103 dintre drumurile jude\u021bene aflate \u00een execu\u021bie.<\/p>\n<p>Pe <strong>DJ 204E<\/strong>, \u00eentre <strong>Mirce\u0219tii Noi \u2013 Ciu\u0219lea \u2013 Str\u0103jescu \u2013 Doaga \u2013 DN24<\/strong>, proiectul de modernizare a celor <strong>18 kilometri<\/strong> de drum a ajuns la un stadiu de execu\u021bie de aproximativ <strong>70%<\/strong>.<\/p>\n<p>\u00cen aceast\u0103 perioad\u0103 sunt realizate:<\/p>\n<ul>\n<li>amenajarea albiei la podul peste r\u00e2ul Putna;<\/li>\n<li>executarea rigolelor carosabile \u00een localit\u0103\u021bile Ciu\u0219lea, Doaga \u0219i Str\u0103jescu;<\/li>\n<li>construirea unui zid de sprijin din gabioane \u00eentre Ciu\u0219lea \u0219i Str\u0103jescu pentru consolidarea infrastructurii.<\/li>\n<\/ul>\n<p>\u00cen paralel, lucr\u0103rile continu\u0103 \u0219i pe <strong>DJ 204G<\/strong>, at\u00e2t \u00een satul <strong>Bo\u021b\u00e2rl\u0103u<\/strong>, c\u00e2t \u0219i pe celelalte sectoare aflate \u00een modernizare.<\/p>\n<p><strong>Investi\u021bii \u00een re\u021belele de ap\u0103 \u0219i canalizare<\/strong><\/p>\n<p>Compania de Utilit\u0103\u021bi Publice SA continu\u0103 implementarea proiectelor privind modernizarea \u0219i extinderea infrastructurii de ap\u0103 \u0219i canalizare \u00een mai multe localit\u0103\u021bi vr\u00e2ncene.<\/p>\n<p>Lucr\u0103rile de modernizare \u0219i extindere a re\u021belelor de ap\u0103 sunt \u00een desf\u0103\u0219urare \u00een:<\/p>\n<ul>\n<li>Adjud;<\/li>\n<li>Panciu;<\/li>\n<li>M\u0103r\u0103\u0219e\u0219ti;<\/li>\n<li>Homocea;<\/li>\n<li>Guge\u0219ti;<\/li>\n<li>Bolote\u0219ti;<\/li>\n<li>T\u00e2mboe\u0219ti;<\/li>\n<li>Rugine\u0219ti;<\/li>\n<li>Pope\u0219ti;<\/li>\n<li>Jari\u0219tea;<\/li>\n<li>Str\u0103oane;<\/li>\n<li>Borde\u0219ti;<\/li>\n<li>V\u00e2rte\u0219coiu;<\/li>\n<li>Ureche\u0219ti;<\/li>\n<li>C\u00e2rligele;<\/li>\n<li>Cote\u0219ti.<\/li>\n<\/ul>\n<p>De asemenea, continu\u0103:<\/p>\n<ul>\n<li>\u00eenfiin\u021barea re\u021belelor de ap\u0103 \u0219i canalizare \u00een <strong>Lep\u0219a<\/strong> \u0219i <strong>Gre\u0219u<\/strong>;<\/li>\n<li>realizarea unei noi re\u021bele de ap\u0103 \u00een <strong>Sihlea<\/strong>;<\/li>\n<li>construirea unei noi sta\u021bii de epurare \u00een <strong>Guge\u0219ti<\/strong>.<\/li>\n<\/ul>\n<p><strong>Audien\u021be cu pre\u0219edintele Consiliului Jude\u021bean<\/strong><\/p>\n<p>\u00cen aceast\u0103 s\u0103pt\u0103m\u00e2n\u0103 vor avea loc audien\u021bele sus\u021binute de pre\u0219edintele Consiliului Jude\u021bean Vrancea, domnul Nicu\u0219or Halici, care va discuta direct cu vr\u00e2ncenii pentru a identifica solu\u021bii la problemele semnalate.<\/p>\n<p><strong>Oportunitate pentru operatorii economici<\/strong><\/p>\n<p>Consiliul Jude\u021bean informeaz\u0103 c\u0103 p\u00e2n\u0103 la <strong>12 august 2026<\/strong> operatorii economici interesa\u021bi pot depune oferte pentru achizi\u021bionarea unei cantit\u0103\u021bi de mas\u0103 lemnoas\u0103 din <strong>Cr\u00e2ngul Petre\u0219ti<\/strong>, conform condi\u021biilor publicate de institu\u021bie.<\/p>\n<p><strong>Bazinul Didactic de \u00cenot se redeschide<\/strong><\/p>\n<p>\u00cencep\u00e2nd cu <strong>8 august<\/strong>, Bazinul Didactic de \u00cenot din Foc\u0219ani \u00ee\u0219i va relua activitatea pentru antrenamentele sportive \u0219i cursurile de \u00eenot destinate at\u00e2t copiilor, c\u00e2t \u0219i adul\u021bilor.<\/p>\n<p><strong>Activit\u0103\u021bi pentru copii \u0219i familii \u00een Cr\u00e2ngul Petre\u0219ti<\/strong><\/p>\n<p>\u0218i \u00een aceast\u0103 s\u0103pt\u0103m\u00e2n\u0103, Cr\u00e2ngul Petre\u0219ti va g\u0103zdui numeroase activit\u0103\u021bi educative \u0219i recreative.<\/p>\n<p>\u00cen cadrul <strong>Bibliotecii de Vacan\u021b\u0103<\/strong>, joi \u0219i vineri, \u00eentre orele <strong>17:00 \u0219i 20:00<\/strong>, copiii sunt invita\u021bi la:<\/p>\n<ul>\n<li>ateliere creative;<\/li>\n<li>lectur\u0103 \u00een aer liber;<\/li>\n<li>pictur\u0103;<\/li>\n<li>jocuri \u00een limba englez\u0103;<\/li>\n<li>concursuri.<\/li>\n<\/ul>\n<p>Tot \u00een zilele de <strong>5 \u0219i 6 august<\/strong>, la <strong>Muzeul Satului Vr\u00e2ncean<\/strong>, sunt programate ateliere de desen \u0219i activit\u0103\u021bi inspirate din patrimoniul \u0219i tradi\u021biile locale.<\/p>\n<p>\u00cen plus, Centrul de Informare din Cr\u00e2ngul Petre\u0219ti g\u0103zduie\u0219te cursurile gratuite de <strong>Aeromodelism<\/strong> \u0219i <strong>Rachetomodelism<\/strong>, organizate de Centrul Cultural, \u00eenscrierile fiind \u00eenc\u0103 deschise.<\/p>\n<p><strong>Cinema \u00een aer liber la Mausoleul Eroilor din Foc\u0219ani<\/strong><\/p>\n<p>Programul s\u0103pt\u0103m\u00e2nii include \u0219i o nou\u0103 sear\u0103 de cinema \u00een aer liber.<\/p>\n<p>Miercuri, <strong>5 august<\/strong>, \u00eencep\u00e2nd cu ora <strong>21:00<\/strong>, la <strong>Mausoleul Eroilor din Foc\u0219ani<\/strong>, Muzeul Vrancei organizeaz\u0103 o proiec\u021bie destinat\u0103 copiilor, ace\u0219tia urm\u00e2nd s\u0103 vizioneze anima\u021bia <strong>\u201eZootropolis 2\u201d<\/strong> \u00eentr-un spa\u021biu amenajat \u00een aer liber.<\/p>\n<p>Prin agenda prezentat\u0103 pentru perioada <strong>3\u20139 august 2026<\/strong>, Consiliul Jude\u021bean Vrancea reune\u0219te at\u00e2t proiecte de investi\u021bii aflate \u00een derulare, c\u00e2t \u0219i evenimente publice dedicate comemor\u0103rii, educa\u021biei \u0219i petrecerii timpului liber, programul acoperind mai multe localit\u0103\u021bi din jude\u021b \u0219i adres\u00e2ndu-se unor categorii diverse de participan\u021bi.<\/p>\n<p><strong>Radu Tomescu\u00a0<\/strong><\/p>\n<p>\u00a0<\/p>\n<hr>\n<div class=\"bloc-widget widget-rosu\">\n<p>\u00cen lipsa unui acord scris din partea Ziarului de Vrancea, pute\u0163i prelua maxim 500 de caractere din acest articol dac\u0103 preciza\u0163i sursa \u015fi insera\u0163i vizibil link-ul articolului:\u00a0<span>#insertcurrentlinkhere<\/span><\/p>\n<\/div>\n<div class=\"extra-articol listing-anunturi\">\n<h6>Anun\u021buri <span class=\"text-primary\">ZdV<\/span> Premium<\/h6>\n<div class=\"row\">\n<div class=\"col-lg-4 col-md-6 bloc-egal\"><a class=\"card-anunt\" href=\"https:\/\/ziaruldevrancea.ro\/anunturi\/altele\/servicii\/caut-o-persoana-sau-o-familie-pentru-ingrijirea-unei-batrane\"><strong class=\"titlu\">Servicii<\/strong><span class=\"text-anunt\">Caut o persoan\u0103\u00a0sau o familie serioas\u0103&#8230;<\/span><span class=\"data-anunt\">04.08.2026  <\/span><\/a><\/div>\n<div class=\"col-lg-4 col-md-6 bloc-egal\"><a class=\"card-anunt\" href=\"https:\/\/ziaruldevrancea.ro\/anunturi\/imobiliare\/vanzari-ap-2-camere\/vand-apartament-2-camere-in-focsani-anunt-72825\"><strong class=\"titlu\">V\u00e2nz\u0103ri ap 2 camere<\/strong><span class=\"text-anunt\">V\u00e2nd apartament 2 camere, hol p\u0103trat,&#8230;<\/span><span class=\"data-anunt\">04.08.2026  <\/span><\/a><\/div>\n<div class=\"col-lg-4 col-md-6 bloc-egal\"><a class=\"card-anunt\" href=\"https:\/\/ziaruldevrancea.ro\/anunturi\/angajari\/oferte-angajari\/angajam-asistente-medicale\"><strong class=\"titlu\">Oferte<\/strong><span class=\"text-anunt\">Crucea Ro\u0219ie Vrancea angajeaz\u0103 asistente\u00a0&#8230;<\/span><span class=\"data-anunt\">04.08.2026  <\/span><\/a><\/div>\n<\/div>\n<\/div>\n<div class=\"extra-articol alte-articole\">\n<div class=\"row\">\n<div class=\"col-lg-6 bloc-egal\">\n<div class=\"card articol-listing\">\n<h6>\u00cen categoria <a href=\"https:\/\/ziaruldevrancea.ro\/promo\/brand-voice\">Brand voice<\/a><\/h6>\n<div class=\"grup-articol-listing\">\n<div class=\"cont-pils\"><a href=\"https:\/\/ziaruldevrancea.ro\/promo\/brand-voice\/20-de-tineri-din-vrancea-descopera-europa-cu-trenul-prin-erasmus\"><img decoding=\"async\" src=\"https:\/\/zdvi.cname.ro\/180_135\/promo\/brand-voice\/20-de-tineri-din-vrancea-descopera-europa-cu-trenul-prin-erasmus\/mediaPool\/uVsSv09.jpg\" class=\"img-responsive img-180\" alt><\/a><\/div>\n<h2><a class=\"link-titlu\" href=\"https:\/\/ziaruldevrancea.ro\/promo\/brand-voice\/20-de-tineri-din-vrancea-descopera-europa-cu-trenul-prin-erasmus\">20 de tineri din Vrancea descoper\u0103 Europa cu trenul prin Erasmus+<\/a><\/h2>\n<div class=\"date-post\"><a href=\"https:\/\/ziaruldevrancea.ro\/autor\/maria-bratu\">Maria BRATU<\/a>,  4 aug 2026  <\/div>\n<\/div>\n<div class=\"grup-articol-listing\">\n<div class=\"cont-pils\"><a href=\"https:\/\/ziaruldevrancea.ro\/promo\/brand-voice\/investigatii-complete-pentru-sanatatea-femeii-disponibile-in-vrancea-la-acelasi-medic-specialist\"><img decoding=\"async\" src=\"https:\/\/zdvi.cname.ro\/180_135\/promo\/brand-voice\/investigatii-complete-pentru-sanatatea-femeii-disponibile-in-vrancea-la-acelasi-medic-specialist\/mediaPool\/ui2xC62.PNG\" class=\"img-responsive img-180\" alt><\/a><\/div>\n<h2><a class=\"link-titlu\" href=\"https:\/\/ziaruldevrancea.ro\/promo\/brand-voice\/investigatii-complete-pentru-sanatatea-femeii-disponibile-in-vrancea-la-acelasi-medic-specialist\">Investiga\u021bii complete pentru s\u0103n\u0103tatea femeii, disponibile \u00een Vrancea la acela\u0219i medic specialist<\/a><\/h2>\n<div class=\"date-post\"><a href=\"https:\/\/ziaruldevrancea.ro\/autor\/camelia-marin\">Camelia Marin<\/a>,  4 aug 2026  <\/div>\n<\/div>\n<div class=\"grup-articol-listing\">\n<div class=\"cont-pils\"><a href=\"https:\/\/ziaruldevrancea.ro\/promo\/brand-voice\/psihologia-din-spatele-somnului-cum-transformi-teama-de-culcare-in-primul-pas-spre-independenta-copilului-tau\"><img decoding=\"async\" src=\"https:\/\/zdvi.cname.ro\/180_135\/promo\/brand-voice\/psihologia-din-spatele-somnului-cum-transformi-teama-de-culcare-in-primul-pas-spre-independenta-copilului-tau\/mediaPool\/ujFkUvt.jpg\" class=\"img-responsive img-180\" alt><\/a><\/div>\n<h2><a class=\"link-titlu\" href=\"https:\/\/ziaruldevrancea.ro\/promo\/brand-voice\/psihologia-din-spatele-somnului-cum-transformi-teama-de-culcare-in-primul-pas-spre-independenta-copilului-tau\">Psihologia din spatele somnului: Cum transformi teama de culcare \u00een primul pas spre independen\u021ba copilului t\u0103u<\/a><\/h2>\n<div class=\"date-post\"><a href=\"https:\/\/ziaruldevrancea.ro\/autor\/eduard-popescu\">Eduard Popescu<\/a>,  3 aug 2026  <\/div>\n<\/div>\n<\/div>\n<\/div>\n<div class=\"col-lg-6 bloc-egal\">\n<div class=\"card articol-listing\">\n<h6>De acela\u0219i <a href=\"https:\/\/ziaruldevrancea.ro\/autor\/radu-tomescu\/\">autor<\/a><\/h6>\n<div class=\"grup-articol-listing\">\n<div class=\"cont-pils\"><a href=\"https:\/\/ziaruldevrancea.ro\/actualitatea\/stiri-locale\/vrancea-pe-locul-3-in-romania-la-incidentele-din-retelele-de-comunicatii\"><img decoding=\"async\" src=\"https:\/\/zdvi.cname.ro\/180_135\/actualitatea\/stiri-locale\/vrancea-pe-locul-3-in-romania-la-incidentele-din-retelele-de-comunicatii\/mediaPool\/uJT1Lfc.jpg\" class=\"img-responsive img-180\" alt><\/a><\/div>\n<h2><a class=\"link-titlu\" href=\"https:\/\/ziaruldevrancea.ro\/actualitatea\/stiri-locale\/vrancea-pe-locul-3-in-romania-la-incidentele-din-retelele-de-comunicatii\">Vrancea, pe locul 3 \u00een Rom\u00e2nia la incidentele din re\u021belele de comunica\u021bii<\/a><\/h2>\n<div class=\"date-post\"><a href=\"https:\/\/ziaruldevrancea.ro\/autor\/radu-tomescu\">Radu Tomescu<\/a>,  4 aug 2026  <\/div>\n<\/div>\n<div class=\"grup-articol-listing\">\n<div class=\"cont-pils\"><a href=\"https:\/\/ziaruldevrancea.ro\/actualitatea\/stiri-locale\/grav-accident-rutier-in-vrancea-la-nereju-mic-trei-tineri-implicati-unul-in-stare-de-inconstienta-dupa-ce-a-ramas-incarcerat\"><img decoding=\"async\" src=\"https:\/\/zdvi.cname.ro\/180_135\/actualitatea\/stiri-locale\/grav-accident-rutier-in-vrancea-la-nereju-mic-trei-tineri-implicati-unul-in-stare-de-inconstienta-dupa-ce-a-ramas-incarcerat\/mediaPool\/uE2OyJh.jpg\" class=\"img-responsive img-180\" alt><\/a><\/div>\n<h2><a class=\"link-titlu\" href=\"https:\/\/ziaruldevrancea.ro\/actualitatea\/stiri-locale\/grav-accident-rutier-in-vrancea-la-nereju-mic-trei-tineri-implicati-unul-in-stare-de-inconstienta-dupa-ce-a-ramas-incarcerat\">Grav accident rutier \u00een Vrancea, la Nereju Mic: trei tineri implica\u021bi, unul \u00een stare de incon\u0219tien\u021b\u0103 dup\u0103 ce a r\u0103mas \u00eencarcerat<\/a><\/h2>\n<div class=\"date-post\"><a href=\"https:\/\/ziaruldevrancea.ro\/autor\/radu-tomescu\">Radu Tomescu<\/a>,  3 aug 2026  <\/div>\n<\/div>\n<div class=\"grup-articol-listing\">\n<div class=\"cont-pils\"><a href=\"https:\/\/ziaruldevrancea.ro\/actualitatea\/stiri-locale\/accident-cu-motocicleta-pe-dn-2d-in-apropiere-de-tulnici-doua-persoane-au-fost-ranite\"><img decoding=\"async\" src=\"https:\/\/zdvi.cname.ro\/180_135\/actualitatea\/stiri-locale\/accident-cu-motocicleta-pe-dn-2d-in-apropiere-de-tulnici-doua-persoane-au-fost-ranite\/mediaPool\/uQtPFWr.png\" class=\"img-responsive img-180\" alt><\/a><\/div>\n<h2><a class=\"link-titlu\" href=\"https:\/\/ziaruldevrancea.ro\/actualitatea\/stiri-locale\/accident-cu-motocicleta-pe-dn-2d-in-apropiere-de-tulnici-doua-persoane-au-fost-ranite\">Accident cu motociclet\u0103 pe DN 2D, \u00een apropiere de Tulnici: dou\u0103 persoane au fost r\u0103nite<\/a><\/h2>\n<div class=\"date-post\"><a href=\"https:\/\/ziaruldevrancea.ro\/autor\/radu-tomescu\">Radu Tomescu<\/a>,  3 aug 2026  <\/div>\n<\/div>\n<\/div>\n<\/div>\n<\/div>\n<\/div>\n<div class=\"extra-articol listing-anunturi\">\n<h6>Anun\u021buri <span class=\"text-primary\">ZdV<\/span> Premium<\/h6>\n<div class=\"row\">\n<div class=\"col-lg-4 col-md-6 bloc-egal\"><a class=\"card-anunt\" href=\"https:\/\/ziaruldevrancea.ro\/anunturi\/inchirieri\/locuinte-oferte\/Inchiriez-camera-anunt-72823\"><strong class=\"titlu\">Locuin\u021be oferte<\/strong><span class=\"text-anunt\">\u00cenchiriez camer\u0103 la apartament. Rog&#8230;<\/span><span class=\"data-anunt\">03.08.2026  <\/span><\/a><\/div>\n<div class=\"col-lg-4 col-md-6 bloc-egal\"><a class=\"card-anunt\" href=\"https:\/\/ziaruldevrancea.ro\/anunturi\/imobiliare\/vanzari-terenuri\/vand-teren-in-panciu\"><strong class=\"titlu\">V\u00e2nz\u0103ri terenuri<\/strong><span class=\"text-anunt\">Teren Panciu 1170 mp, cu num\u0103r cas\u0103, ap\u0103&#8230;<\/span><span class=\"data-anunt\">29.07.2026  <\/span><\/a><\/div>\n<div class=\"col-lg-4 col-md-6 bloc-egal\"><a class=\"card-anunt\" href=\"https:\/\/ziaruldevrancea.ro\/anunturi\/altele\/anulare-acte\/vand-scrumbii-afumate-capturi-dunare\"><strong class=\"titlu\">Vanzari diverse<\/strong><span class=\"text-anunt\">Pret : 117 lei \/ kg . \u00a0 Este&#8230;<\/span><span class=\"data-anunt\">29.07.2026 , Gala\u021bi , Gala\u021bi<\/span><\/a><\/div>\n<\/div>\n<\/div>\n<div class=\"bloc-widget widget-albastru\">\n    Ziarul de Vrancea \u00a0nu este responsabil juridic pentru con\u0163inutul textelor din comentariile de mai jos. Responsabilitatea pentru mesajele dumneavoastra v\u0103 revine \u00een exclusivitate.\n<\/div>\n<div class=\"comentarii-articol\" id=\"comentarii\">\n<h3>Comentarii: <span class=\"text-primary\">0<\/span><\/h3>\n<p><a href=\"https:\/\/ziaruldevrancea.ro\/promo\/brand-voice\/video-agenda-saptamanii-3-9-august-2026-in-vrancea\" class=\"btn btn-success btn-adauga-com\" data-toggle=\"modal\" data-parent=\"0\" data-target=\"#commentModal\">Adaug\u0103 comentariu<\/a><\/p>\n<div class=\"loadMask comments-mask\"><img decoding=\"async\" src=\"https:\/\/zdvs.cname.ro\/images\/loader_40.gif\"><\/div>\n<div class=\"comenteaza-jos\">Trebuie s\u0103 fii <a href=\"https:\/\/ziaruldevrancea.ro\/account\">autentificat<\/a> pentru a putea <a href=\"https:\/\/ziaruldevrancea.ro\/promo\/brand-voice\/video-agenda-saptamanii-3-9-august-2026-in-vrancea\" class data-toggle=\"modal\" data-parent=\"0\" data-target=\"#commentModal\">posta un comentariu<\/a>.<\/div>\n<\/div>\n<div class=\"modal fade\" id=\"commentModal\" role=\"dialog\" aria-labelledby=\"commentModalLabel\">\n<div class=\"modal-dialog modal-lg\" role=\"document\">\n<div class=\"modal-content\">\n<div class=\"modal-header\">\n<h3 class=\"modal-title\" id=\"commentModalLabel\">Comenteaz\u0103<\/h3>\n<\/div>\n<div class=\"modal-body\">\n<div class=\"tabel tabel-full\">\n<div class=\"celula\">\n              Trebuie s\u0103 fii <a href=\"https:\/\/ziaruldevrancea.ro\/account\">autentificat<\/a> pentru a putea posta un comentariu.\n            <\/div>\n<\/div>\n<\/div>\n<div class=\"modal-footer\">\n<div id=\"commentPending\" class=\"formPending pull-left\"><img decoding=\"async\" src=\"https:\/\/zdvs.cname.ro\/images\/loader_40.gif\"> In curs de procesare&#8230;<\/div>\n<p><a href=\"https:\/\/ziaruldevrancea.ro\/promo\/brand-voice\/video-agenda-saptamanii-3-9-august-2026-in-vrancea\" class=\"btn btn-default\" data-dismiss=\"modal\">Anuleaz\u0103<\/a><\/div>\n<\/div>\n<\/div>\n<\/div>\n<div class=\"modal fade\" id=\"commentReportModal\" role=\"dialog\" aria-labelledby=\"commentReportModalLabel\">\n<div class=\"modal-dialog modal-lg\" role=\"document\">\n<div class=\"modal-content\">\n<div class=\"modal-header\">\n<h3 class=\"modal-title\" id=\"commentReportModalLabel\">Raporteaza comentariu<\/h3>\n<\/div>\n<div class=\"modal-body\">\n<div class=\"tabel tabel-full\">\n<div class=\"celula\">\n              Trebuie s\u0103 fii <a href=\"https:\/\/ziaruldevrancea.ro\/account\">autentificat<\/a> pentru a putea raporta un comentariu.\n            <\/div>\n<\/div>\n<\/div>\n<div class=\"modal-footer\">\n<div id=\"commentReportPending\" class=\"formPending pull-left\"><img decoding=\"async\" src=\"https:\/\/zdvs.cname.ro\/images\/loader_40.gif\"> In curs de procesare&#8230;<\/div>\n<p><a href=\"https:\/\/ziaruldevrancea.ro\/promo\/brand-voice\/video-agenda-saptamanii-3-9-august-2026-in-vrancea\" class=\"btn btn-default\" data-dismiss=\"modal\">Anuleaz\u0103<\/a><\/div>\n<\/div>\n<\/div>\n<\/div>\n<div class=\"modal fade\" id=\"commentLikeModal\" role=\"dialog\" aria-labelledby=\"commentLikeModalLabel\">\n<div class=\"modal-dialog modal-lg\" role=\"document\">\n<div class=\"modal-content\">\n<div class=\"modal-header\">\n<h3 class=\"modal-title\" id=\"commentReportModalLabel\">Apreciaza comentariu<\/h3>\n<\/div>\n<div class=\"modal-body\">\n<div class=\"tabel tabel-full\">\n<div class=\"celula\">\n            Trebuie s\u0103 fii <a href=\"https:\/\/ziaruldevrancea.ro\/account\">autentificat<\/a> pentru a putea aprecia un comentariu.\n          <\/div>\n<\/div>\n<\/div>\n<div class=\"modal-footer\"><a href=\"https:\/\/ziaruldevrancea.ro\/promo\/brand-voice\/video-agenda-saptamanii-3-9-august-2026-in-vrancea\" class=\"btn btn-default\" data-dismiss=\"modal\">Anuleaz\u0103<\/a><\/div>\n<\/div>\n<\/div>\n<\/div>\n<div class=\"bloc-widget widget-rosu\"><span><small>Ziarul de Vrancea doreste ca acest site sa fie un spatiu al discutiilor civilizate, al comentariilor de bun simt. Din acest motiv, cei care posteaza comentarii la articole trebuie sa respecte urmatoarele reguli:<br \/>\n1. Sa se refere doar la articolul la care posteaza comentarii.<br \/>\n2. Sa foloseasca un limbaj civilizat, fara injurii, calomnii, comentarii antisemite, xenofobe sau rasiste.<br \/>\n3. Sunt interzise atacurile la adresa autorilor, daca acestea nu au legatura cu textul.<br \/>\n4. Username-ul sa nu fie nume de personalitati ale vietii publice sau parodieri ale acestora.<br \/>\nAutorul unui articol poate fi criticat pentru eventuale greseli, incoerenta, lipsa de documentare etc.<br \/>\nNerespectarea regulilor mentionate mai sus va duce la stergerea comentariilor, fara avertisment si fara explicatii.<br \/>\nAbaterile repetate vor avea drept consecinta interdictia accesului la aceasta facilitate a site-ului.<\/small><\/span><\/div>\n<\/div>\n<p>[analyse_source url=&#8221;https:\/\/ziaruldevrancea.ro\/promo\/brand-voice\/video-agenda-saptamanii-3-9-august-2026-in-vrancea&#8221;]<\/p>\n","protected":false},"excerpt":{"rendered":"<p>[analyse_image type=&#8221;featured&#8221; src=&#8221;https:\/\/zdvi.cname.ro\/_\/video-agenda-saptamanii-3-9-august-2026-in-vrancea\/mediaPool\/ukNuNqV.jpg&#8221;] Brand voice VIDEO | Agenda s\u0103pt\u0103m\u00e2nii 3\u20139 august 2026 \u00een Vrancea Distribuie: \u00a0 | Radu Tomescu 4 aug 2026484 vizualiz\u0103ri Ceremonii la Mausolee, investi\u021bii pe drumurile jude\u021bene, lucr\u0103ri la re\u021belele de ap\u0103 \u0219i evenimente pentru toate v\u00e2rstele. \u00a0 Consiliul Jude\u021bean Vrancea prezint\u0103 principalele proiecte \u0219i evenimente programate \u00een perioada 3\u20139 august 2026, [&hellip;]<\/p>\n","protected":false},"author":1,"featured_media":0,"comment_status":"open","ping_status":"","sticky":false,"template":"","format":"standard","meta":{"footnotes":""},"categories":[89],"tags":[208],"class_list":["post-2076716","post","type-post","status-publish","format-standard","hentry","category-romania","tag-ziaruldevrancea-ro"],"_links":{"self":[{"href":"https:\/\/analyse.optim.biz\/index.php?rest_route=\/wp\/v2\/posts\/2076716","targetHints":{"allow":["GET"]}}],"collection":[{"href":"https:\/\/analyse.optim.biz\/index.php?rest_route=\/wp\/v2\/posts"}],"about":[{"href":"https:\/\/analyse.optim.biz\/index.php?rest_route=\/wp\/v2\/types\/post"}],"author":[{"embeddable":true,"href":"https:\/\/analyse.optim.biz\/index.php?rest_route=\/wp\/v2\/users\/1"}],"replies":[{"embeddable":true,"href":"https:\/\/analyse.optim.biz\/index.php?rest_route=%2Fwp%2Fv2%2Fcomments&post=2076716"}],"version-history":[{"count":0,"href":"https:\/\/analyse.optim.biz\/index.php?rest_route=\/wp\/v2\/posts\/2076716\/revisions"}],"wp:attachment":[{"href":"https:\/\/analyse.optim.biz\/index.php?rest_route=%2Fwp%2Fv2%2Fmedia&parent=2076716"}],"wp:term":[{"taxonomy":"category","embeddable":true,"href":"https:\/\/analyse.optim.biz\/index.php?rest_route=%2Fwp%2Fv2%2Fcategories&post=2076716"},{"taxonomy":"post_tag","embeddable":true,"href":"https:\/\/analyse.optim.biz\/index.php?rest_route=%2Fwp%2Fv2%2Ftags&post=2076716"}],"curies":[{"name":"wp","href":"https:\/\/api.w.org\/{rel}","templated":true}]}}