{"id":2076715,"date":"2026-07-26T00:00:00","date_gmt":"2026-07-25T21:00:00","guid":{"rendered":"https:\/\/analyse.optim.biz\/?p=2076715"},"modified":"2026-07-26T00:00:00","modified_gmt":"2026-07-25T21:00:00","slug":"video-curtea-din-tifesti-s-a-transformat-din-nou-intr-un-punct-de-atractie-zeci-de-vizitatori-la-targul-dam-din-casa","status":"publish","type":"post","link":"https:\/\/analyse.optim.biz\/?p=2076715","title":{"rendered":"VIDEO | Curtea din \u021aife\u0219ti s-a transformat din nou \u00eentr-un punct de atrac\u021bie: zeci de vizitatori la t\u00e2rgul \u201eD\u0103m din cas\u0103\u201d"},"content":{"rendered":"<p>[analyse_image type=&#8221;featured&#8221; src=&#8221;https:\/\/zdvi.cname.ro\/_\/video-curtea-din-tifesti-s-a-transformat-din-nou-intr-un-punct-de-atractie-zeci-de-vizitatori-la-targul-dam-din-casa\/mediaPool\/ugFoIg1.jpg&#8221;]<\/p>\n<div class=\"main-content detaliu-articol\"><a class=\"titlu-cat-list\" href=\"https:\/\/ziaruldevrancea.ro\/promo\/brand-voice\">Brand voice<\/a><\/p>\n<h1>VIDEO | Curtea din \u021aife\u0219ti s-a transformat din nou \u00eentr-un punct de atrac\u021bie: zeci de vizitatori la t\u00e2rgul \u201eD\u0103m din cas\u0103\u201d<\/h1>\n<div class=\"date-articol clearfix\">\n<div class=\"distribuie-articol dropdown\">\n    Distribuie: \u00a0<br \/>\n    <em>|<\/em><\/div>\n<div class=\"autor-articol\"><a href=\"https:\/\/ziaruldevrancea.ro\/autor\/paul-petrache\/\"><img decoding=\"async\" class=\"img-circle\" src=\"https:\/\/zdvi.cname.ro\/50_50\/articleAuthor\/paul-petrache\/articleAuthor\/uNItZQs.PNG\" alt><\/a><\/p>\n<h5><a href=\"https:\/\/ziaruldevrancea.ro\/autor\/paul-petrache\/\">Paul Petrache<\/a><\/h5>\n<div class=\"grup-spatiere\"><span class=\"cu-spatiere\">26 iul 2026<\/span><span class=\"cu-spatiere\">936 vizualiz\u0103ri<\/span><\/div>\n<\/div>\n<\/div>\n<div class=\"poza-mare\">\n<div class=\"poza-mare galerie-detaliu\">\n<div id=\"carousel-poza-mare\" class=\"carousel slide carusel-poza\" data-ride=\"carousel\" data-interval=\"0\">\n<div class=\"carousel-inner\" role=\"listbox\">\n<div class=\"item imagine-carusel active\"><a href class=\"openGallery\"><img decoding=\"async\" class=\"img-responsive\" src=\"https:\/\/zdvi.cname.ro\/850_530\/video-curtea-din-tifesti-s-a-transformat-din-nou-intr-un-punct-de-atractie-zeci-de-vizitatori-la-targul-dam-din-casa\/article\/mediaPool\/ugFoIg1.jpg\" alt><\/a><\/div>\n<div class=\"item imagine-carusel \"><a href class=\"openGallery\"><img decoding=\"async\" class=\"img-responsive\" src=\"https:\/\/zdvi.cname.ro\/850_530\/video-curtea-din-tifesti-s-a-transformat-din-nou-intr-un-punct-de-atractie-zeci-de-vizitatori-la-targul-dam-din-casa\/article\/mediaPool\/uilfbeV.jpg\" alt><\/a><\/div>\n<div class=\"item imagine-carusel \"><a href class=\"openGallery\"><img decoding=\"async\" class=\"img-responsive\" src=\"https:\/\/zdvi.cname.ro\/850_530\/video-curtea-din-tifesti-s-a-transformat-din-nou-intr-un-punct-de-atractie-zeci-de-vizitatori-la-targul-dam-din-casa\/article\/mediaPool\/uCiCsdz.jpg\" alt><\/a><\/div>\n<div class=\"item imagine-carusel \"><a href class=\"openGallery\"><img decoding=\"async\" class=\"img-responsive\" src=\"https:\/\/zdvi.cname.ro\/850_530\/video-curtea-din-tifesti-s-a-transformat-din-nou-intr-un-punct-de-atractie-zeci-de-vizitatori-la-targul-dam-din-casa\/article\/mediaPool\/u81gLcd.jpg\" alt><\/a><\/div>\n<div class=\"item imagine-carusel \"><a href class=\"openGallery\"><img decoding=\"async\" class=\"img-responsive\" src=\"https:\/\/zdvi.cname.ro\/850_530\/video-curtea-din-tifesti-s-a-transformat-din-nou-intr-un-punct-de-atractie-zeci-de-vizitatori-la-targul-dam-din-casa\/article\/mediaPool\/uwpN4bR.jpg\" alt><\/a><\/div>\n<div class=\"item imagine-carusel \"><a href class=\"openGallery\"><img decoding=\"async\" class=\"img-responsive\" src=\"https:\/\/zdvi.cname.ro\/850_530\/video-curtea-din-tifesti-s-a-transformat-din-nou-intr-un-punct-de-atractie-zeci-de-vizitatori-la-targul-dam-din-casa\/article\/mediaPool\/uMispbv.jpg\" alt><\/a><\/div>\n<div class=\"item imagine-carusel \"><a href class=\"openGallery\"><img decoding=\"async\" class=\"img-responsive\" src=\"https:\/\/zdvi.cname.ro\/850_530\/video-curtea-din-tifesti-s-a-transformat-din-nou-intr-un-punct-de-atractie-zeci-de-vizitatori-la-targul-dam-din-casa\/article\/mediaPool\/uKJ8Ka9.jpg\" alt><\/a><\/div>\n<\/div>\n<\/div>\n<div id=\"carousel-poze-mici\" class=\"carousel slide carusel-mici\" data-ride=\"carousel\" data-interval=\"0\">\n<div class=\"carousel-inner\" role=\"listbox\">\n<div class=\"item active\">\n<ul class=\"navigare-carusel-imagini\">\n<li data-target=\"#carousel-poza-mare\" data-slide-to=\"0\"><img decoding=\"async\" class=\"img-responsive\" src=\"https:\/\/zdvi.cname.ro\/_90\/video-curtea-din-tifesti-s-a-transformat-din-nou-intr-un-punct-de-atractie-zeci-de-vizitatori-la-targul-dam-din-casa\/article\/mediaPool\/ugFoIg1.jpg\" alt><\/li>\n<li data-target=\"#carousel-poza-mare\" data-slide-to=\"1\"><img decoding=\"async\" class=\"img-responsive\" src=\"https:\/\/zdvi.cname.ro\/_90\/video-curtea-din-tifesti-s-a-transformat-din-nou-intr-un-punct-de-atractie-zeci-de-vizitatori-la-targul-dam-din-casa\/article\/mediaPool\/uilfbeV.jpg\" alt><\/li>\n<li data-target=\"#carousel-poza-mare\" data-slide-to=\"2\"><img decoding=\"async\" class=\"img-responsive\" src=\"https:\/\/zdvi.cname.ro\/_90\/video-curtea-din-tifesti-s-a-transformat-din-nou-intr-un-punct-de-atractie-zeci-de-vizitatori-la-targul-dam-din-casa\/article\/mediaPool\/uCiCsdz.jpg\" alt><\/li>\n<li data-target=\"#carousel-poza-mare\" data-slide-to=\"3\"><img decoding=\"async\" class=\"img-responsive\" src=\"https:\/\/zdvi.cname.ro\/_90\/video-curtea-din-tifesti-s-a-transformat-din-nou-intr-un-punct-de-atractie-zeci-de-vizitatori-la-targul-dam-din-casa\/article\/mediaPool\/u81gLcd.jpg\" alt><\/li>\n<li data-target=\"#carousel-poza-mare\" data-slide-to=\"4\"><img decoding=\"async\" class=\"img-responsive\" src=\"https:\/\/zdvi.cname.ro\/_90\/video-curtea-din-tifesti-s-a-transformat-din-nou-intr-un-punct-de-atractie-zeci-de-vizitatori-la-targul-dam-din-casa\/article\/mediaPool\/uwpN4bR.jpg\" alt><\/li>\n<\/ul>\n<\/div>\n<div class=\"item \">\n<ul class=\"navigare-carusel-imagini\">\n<li data-target=\"#carousel-poza-mare\" data-slide-to=\"5\"><img decoding=\"async\" class=\"img-responsive\" src=\"https:\/\/zdvi.cname.ro\/_90\/video-curtea-din-tifesti-s-a-transformat-din-nou-intr-un-punct-de-atractie-zeci-de-vizitatori-la-targul-dam-din-casa\/article\/mediaPool\/uMispbv.jpg\" alt><\/li>\n<li data-target=\"#carousel-poza-mare\" data-slide-to=\"6\"><img decoding=\"async\" class=\"img-responsive\" src=\"https:\/\/zdvi.cname.ro\/_90\/video-curtea-din-tifesti-s-a-transformat-din-nou-intr-un-punct-de-atractie-zeci-de-vizitatori-la-targul-dam-din-casa\/article\/mediaPool\/uKJ8Ka9.jpg\" alt><\/li>\n<\/ul>\n<\/div>\n<\/div>\n<p><a class=\"control left\" href=\"https:\/\/ziaruldevrancea.ro\/promo\/brand-voice\/video-curtea-din-tifesti-s-a-transformat-din-nou-intr-un-punct-de-atractie-zeci-de-vizitatori-la-targul-dam-din-casa#carousel-poze-mici\" role=\"button\" data-slide=\"prev\"><span class=\"sr-only\">Previous<\/span><\/a><a class=\"control right\" href=\"https:\/\/ziaruldevrancea.ro\/promo\/brand-voice\/video-curtea-din-tifesti-s-a-transformat-din-nou-intr-un-punct-de-atractie-zeci-de-vizitatori-la-targul-dam-din-casa#carousel-poze-mici\" role=\"button\" data-slide=\"next\"><span class=\"sr-only\">Next<\/span><\/a><\/div>\n<\/div>\n<\/div>\n<p><strong>Vrancea | Edi\u021bia de duminic\u0103 a t\u00e2rgului organizat de Cristi Merchea a adus la \u021aife\u0219ti colec\u021bionari, pasiona\u021bi de obiecte vintage \u0219i localnici veni\u021bi s\u0103 descopere lucruri cu poveste, \u00eentr-o atmosfer\u0103 relaxat\u0103 \u0219i prietenoas\u0103.<\/strong><\/p>\n<p>Dup\u0103 interesul st\u00e2rnit anterior, t\u00e2rgul \u201eD\u0103m din cas\u0103\u201d, organizat duminic\u0103, 26 iulie 2026, la \u021aife\u0219ti, a confirmat \u00eenc\u0103 o dat\u0103 c\u0103 ini\u021biativele bazate pe reutilizare, economie circular\u0103 \u0219i socializare \u00ee\u0219i g\u0103sesc tot mai u\u0219or locul \u0219i \u00een comunit\u0103\u021bile din Vrancea.<\/p>\n<iframe loading=\"lazy\" frameborder height=\"750\" scrolling=\"no\" src=\"https:\/\/www.youtube.com\/embed\/jGs_MReidqU\" width=\"100%\"><\/iframe>\n<p>\u00centr-un reel video publicat duminic\u0103 diminea\u021b\u0103 pe pagina sa de Facebook, organizatorul Cristi Merchea a prezentat imagini de la \u00eenceputul evenimentului desf\u0103\u0219urat \u00een curtea gospod\u0103riei sale de pe strada Principal\u0103 nr. 644 din comuna \u021aife\u0219ti. \u00cen filmare poate fi observat\u0103 atmosfera din primele ore ale t\u00e2rgului: vizitatori care analizeaz\u0103 obiectele expuse, expozan\u021bi care discut\u0103 cu cei interesa\u021bi \u0219i numeroase piese dispuse \u00een curte \u0219i \u00een spa\u021biile special amenajate.<\/p>\n<p>Edi\u021bia din aceast\u0103 duminic\u0103 a reunit sute de obiecte din cele mai diverse categorii: mobilier, ceramic\u0103, obiecte decorative, unelte, articole de uz casnic, c\u0103r\u021bi, discuri, haine, obiecte vintage \u0219i alte piese provenite at\u00e2t din gospod\u0103ria organizatorului, c\u00e2t \u0219i din colec\u021biile prietenilor invita\u021bi s\u0103 participe.<\/p>\n<p>Imaginile surprind un flux constant de persoane care r\u0103sfoiesc obiectele, schimb\u0103 impresii \u0219i discut\u0103 despre provenien\u021ba acestora, confirm\u00e2nd una dintre ideile promovate \u00eenc\u0103 de la lansarea proiectului: fiecare obiect poate avea o poveste \u0219i poate primi o nou\u0103 \u00eentrebuin\u021bare.<\/p>\n<p>T\u00e2rgul \u201eD\u0103m din cas\u0103\u201d a devenit \u00eentr-un timp scurt mai mult dec\u00e2t un simplu loc unde se cump\u0103r\u0103 sau se v\u00e2nd obiecte. Pentru mul\u021bi dintre participan\u021bi, \u00eent\u00e2lnirea reprezint\u0103 o ocazie de socializare, de schimb de experien\u021b\u0103 \u00eentre colec\u021bionari \u0219i pasiona\u021bi de obiecte vechi, dar \u0219i o alternativ\u0103 la comer\u021bul tradi\u021bional.<\/p>\n<p>Ziarul de Vrancea a prezentat \u00een ultimele s\u0103pt\u0103m\u00e2ni evolu\u021bia acestui proiect, de la prima edi\u021bie organizat\u0103 la \u00eenceputul lunii iulie, p\u00e2n\u0103 la imaginile publicate \u00eenaintea evenimentului din acest weekend, c\u00e2nd Cristi Merchea oferea o avanpremier\u0103 a obiectelor preg\u0103tite pentru vizitatori.<\/p>\n<p>Interesul manifestat la edi\u021biile organizate p\u00e2n\u0103 acum arat\u0103 c\u0103 astfel de ini\u021biative dedicate reutiliz\u0103rii \u0219i valorific\u0103rii obiectelor cu istorie \u00ee\u0219i g\u0103sesc un public tot mai numeros \u0219i \u00een jude\u021bul Vrancea. \u00cen acela\u0219i timp, ele contribuie la promovarea unui consum responsabil \u0219i ofer\u0103 posibilitatea ca obiecte care nu mai sunt folosite \u00eentr-o gospod\u0103rie s\u0103 \u00ee\u0219i g\u0103seasc\u0103 un nou proprietar.<\/p>\n<p>Organizatorul, vr\u00e2nceanul Cristi Merchea, stabilit de peste trei decenii \u00een str\u0103in\u0103tate, continu\u0103 astfel un proiect comunitar care pune accent at\u00e2t pe reutilizarea obiectelor, c\u00e2t \u0219i pe \u00eent\u00e2lnirea dintre oameni, \u00eentr-un cadru neconven\u021bional, \u00een care pove\u0219tile sunt la fel de importante ca obiectele expuse.<\/p>\n<p><strong>Paul Petrache\u00a0<\/strong><\/p>\n<p><strong>Citi\u021bi \u0219i:<a href=\"https:\/\/www.ziaruldevrancea.ro\/promo\/brand-voice\/video-cateva-nimicuri-inainte-de-targul-dam-din-casa-de-astazi-de-latifesti\" target=\"_blank\">VIDEO | \u201eC\u00e2teva nimicuri\u201d \u00eenainte de t\u00e2rgul \u201eD\u0103m din cas\u0103\u201d de ast\u0103zi de la \u021aife\u0219ti<\/a>;<\/strong><\/p>\n<p><strong><a href=\"https:\/\/www.ziaruldevrancea.ro\/promo\/brand-voice\/video-o-noua-editie-a-targului-dam-din-casa-duminica-la-tifesti\" target=\"_blank\">VIDEO | O nou\u0103 edi\u021bie a t\u00e2rgului \u201eD\u0103m din cas\u0103\u201d, duminic\u0103 la \u021aife\u0219ti<\/a>;<\/strong><\/p>\n<p><strong><a href=\"https:\/\/www.ziaruldevrancea.ro\/promo\/brand-voice\/dam-din-casa-revine-la-tifesti-targ-de-obiecte-cu-poveste-si-intalnire-intre-prieteni-duminica-in-vrancea\" target=\"_blank\">\u201eD\u0103m din cas\u0103\u201d revine la \u021aife\u0219ti: t\u00e2rg de obiecte cu poveste \u0219i \u00eent\u00e2lnire \u00eentre prieteni, duminic\u0103, \u00een Vrancea<\/a><\/strong><\/p>\n<hr>\n<div class=\"bloc-widget widget-rosu\">\n<p>\u00cen lipsa unui acord scris din partea Ziarului de Vrancea, pute\u0163i prelua maxim 500 de caractere din acest articol dac\u0103 preciza\u0163i sursa \u015fi insera\u0163i vizibil link-ul articolului:\u00a0<span>#insertcurrentlinkhere<\/span><\/p>\n<\/div>\n<div class=\"extra-articol listing-anunturi\">\n<h6>Anun\u021buri <span class=\"text-primary\">ZdV<\/span> Premium<\/h6>\n<div class=\"row\">\n<div class=\"col-lg-4 col-md-6 bloc-egal\"><a class=\"card-anunt\" href=\"https:\/\/ziaruldevrancea.ro\/anunturi\/altele\/servicii\/caut-o-persoana-sau-o-familie-pentru-ingrijirea-unei-batrane\"><strong class=\"titlu\">Servicii<\/strong><span class=\"text-anunt\">Caut o persoan\u0103\u00a0sau o familie serioas\u0103&#8230;<\/span><span class=\"data-anunt\">04.08.2026  <\/span><\/a><\/div>\n<div class=\"col-lg-4 col-md-6 bloc-egal\"><a class=\"card-anunt\" href=\"https:\/\/ziaruldevrancea.ro\/anunturi\/imobiliare\/vanzari-ap-2-camere\/vand-apartament-2-camere-in-focsani-anunt-72825\"><strong class=\"titlu\">V\u00e2nz\u0103ri ap 2 camere<\/strong><span class=\"text-anunt\">V\u00e2nd apartament 2 camere, hol p\u0103trat,&#8230;<\/span><span class=\"data-anunt\">04.08.2026  <\/span><\/a><\/div>\n<div class=\"col-lg-4 col-md-6 bloc-egal\"><a class=\"card-anunt\" href=\"https:\/\/ziaruldevrancea.ro\/anunturi\/angajari\/oferte-angajari\/angajam-asistente-medicale\"><strong class=\"titlu\">Oferte<\/strong><span class=\"text-anunt\">Crucea Ro\u0219ie Vrancea angajeaz\u0103 asistente\u00a0&#8230;<\/span><span class=\"data-anunt\">04.08.2026  <\/span><\/a><\/div>\n<\/div>\n<\/div>\n<div class=\"extra-articol alte-articole\">\n<div class=\"row\">\n<div class=\"col-lg-6 bloc-egal\">\n<div class=\"card articol-listing\">\n<h6>\u00cen categoria <a href=\"https:\/\/ziaruldevrancea.ro\/promo\/brand-voice\">Brand voice<\/a><\/h6>\n<div class=\"grup-articol-listing\">\n<div class=\"cont-pils\"><a href=\"https:\/\/ziaruldevrancea.ro\/promo\/brand-voice\/video-agenda-saptamanii-3-9-august-2026-in-vrancea\"><img decoding=\"async\" src=\"https:\/\/zdvi.cname.ro\/180_135\/promo\/brand-voice\/video-agenda-saptamanii-3-9-august-2026-in-vrancea\/mediaPool\/ukNuNqV.jpg\" class=\"img-responsive img-180\" alt><\/a><\/div>\n<h2><a class=\"link-titlu\" href=\"https:\/\/ziaruldevrancea.ro\/promo\/brand-voice\/video-agenda-saptamanii-3-9-august-2026-in-vrancea\">VIDEO | Agenda s\u0103pt\u0103m\u00e2nii 3\u20139 august 2026 \u00een Vrancea<\/a><\/h2>\n<div class=\"date-post\"><a href=\"https:\/\/ziaruldevrancea.ro\/autor\/radu-tomescu\">Radu Tomescu<\/a>,  4 aug 2026  <\/div>\n<\/div>\n<div class=\"grup-articol-listing\">\n<div class=\"cont-pils\"><a href=\"https:\/\/ziaruldevrancea.ro\/promo\/brand-voice\/20-de-tineri-din-vrancea-descopera-europa-cu-trenul-prin-erasmus\"><img decoding=\"async\" src=\"https:\/\/zdvi.cname.ro\/180_135\/promo\/brand-voice\/20-de-tineri-din-vrancea-descopera-europa-cu-trenul-prin-erasmus\/mediaPool\/uVsSv09.jpg\" class=\"img-responsive img-180\" alt><\/a><\/div>\n<h2><a class=\"link-titlu\" href=\"https:\/\/ziaruldevrancea.ro\/promo\/brand-voice\/20-de-tineri-din-vrancea-descopera-europa-cu-trenul-prin-erasmus\">20 de tineri din Vrancea descoper\u0103 Europa cu trenul prin Erasmus+<\/a><\/h2>\n<div class=\"date-post\"><a href=\"https:\/\/ziaruldevrancea.ro\/autor\/maria-bratu\">Maria BRATU<\/a>,  4 aug 2026  <\/div>\n<\/div>\n<div class=\"grup-articol-listing\">\n<div class=\"cont-pils\"><a href=\"https:\/\/ziaruldevrancea.ro\/promo\/brand-voice\/investigatii-complete-pentru-sanatatea-femeii-disponibile-in-vrancea-la-acelasi-medic-specialist\"><img decoding=\"async\" src=\"https:\/\/zdvi.cname.ro\/180_135\/promo\/brand-voice\/investigatii-complete-pentru-sanatatea-femeii-disponibile-in-vrancea-la-acelasi-medic-specialist\/mediaPool\/ui2xC62.PNG\" class=\"img-responsive img-180\" alt><\/a><\/div>\n<h2><a class=\"link-titlu\" href=\"https:\/\/ziaruldevrancea.ro\/promo\/brand-voice\/investigatii-complete-pentru-sanatatea-femeii-disponibile-in-vrancea-la-acelasi-medic-specialist\">Investiga\u021bii complete pentru s\u0103n\u0103tatea femeii, disponibile \u00een Vrancea la acela\u0219i medic specialist<\/a><\/h2>\n<div class=\"date-post\"><a href=\"https:\/\/ziaruldevrancea.ro\/autor\/camelia-marin\">Camelia Marin<\/a>,  4 aug 2026  <\/div>\n<\/div>\n<\/div>\n<\/div>\n<div class=\"col-lg-6 bloc-egal\">\n<div class=\"card articol-listing\">\n<h6>De acela\u0219i <a href=\"https:\/\/ziaruldevrancea.ro\/autor\/paul-petrache\/\">autor<\/a><\/h6>\n<div class=\"grup-articol-listing\">\n<div class=\"cont-pils\"><a href=\"https:\/\/ziaruldevrancea.ro\/actualitatea\/stiri-locale\/update-vrancea-tanarul-ranit-grav-in-accidentul-de-pe-strada-bucegi-transportat-cu-elicopterul-smurd-la-bucuresti\"><img decoding=\"async\" src=\"https:\/\/zdvi.cname.ro\/180_135\/actualitatea\/stiri-locale\/update-vrancea-tanarul-ranit-grav-in-accidentul-de-pe-strada-bucegi-transportat-cu-elicopterul-smurd-la-bucuresti\/mediaPool\/u6PHwyc.jpeg\" class=\"img-responsive img-180\" alt><\/a><\/div>\n<h2><a class=\"link-titlu\" href=\"https:\/\/ziaruldevrancea.ro\/actualitatea\/stiri-locale\/update-vrancea-tanarul-ranit-grav-in-accidentul-de-pe-strada-bucegi-transportat-cu-elicopterul-smurd-la-bucuresti\">UPDATE | Vrancea: T\u00e2n\u0103rul r\u0103nit grav \u00een accidentul de pe strada Bucegi, transportat cu elicopterul SMURD la Bucure\u0219ti<\/a><\/h2>\n<div class=\"date-post\"><a href=\"https:\/\/ziaruldevrancea.ro\/autor\/paul-petrache\">Paul Petrache<\/a>,  4 aug 2026  <\/div>\n<\/div>\n<div class=\"grup-articol-listing\">\n<div class=\"cont-pils\"><a href=\"https:\/\/ziaruldevrancea.ro\/actualitatea\/stiri-locale\/accident-in-focsani-trei-pietoni-loviti-pe-trecerea-de-pietoni-de-un-conducator-de-trotineta-electrica.victimele-au-ajuns-la-upu\"><img decoding=\"async\" src=\"https:\/\/zdvi.cname.ro\/180_135\/actualitatea\/stiri-locale\/accident-in-focsani-trei-pietoni-loviti-pe-trecerea-de-pietoni-de-un-conducator-de-trotineta-electrica.victimele-au-ajuns-la-upu\/mediaPool\/uKQYDBf.jpg\" class=\"img-responsive img-180\" alt><\/a><\/div>\n<h2><a class=\"link-titlu\" href=\"https:\/\/ziaruldevrancea.ro\/actualitatea\/stiri-locale\/accident-in-focsani-trei-pietoni-loviti-pe-trecerea-de-pietoni-de-un-conducator-de-trotineta-electrica.victimele-au-ajuns-la-upu\">Accident \u00een Foc\u0219ani: trei pietoni lovi\u021bi pe trecerea de pietoni de un conduc\u0103tor de trotinet\u0103 electric\u0103.Victimele au ajuns la UPU<\/a><\/h2>\n<div class=\"date-post\"><a href=\"https:\/\/ziaruldevrancea.ro\/autor\/paul-petrache\">Paul Petrache<\/a>,  3 aug 2026  <\/div>\n<\/div>\n<div class=\"grup-articol-listing\">\n<div class=\"cont-pils\"><a href=\"https:\/\/ziaruldevrancea.ro\/special\/politica\/primarul-focsaniului-raspunde-criticilor-privind-reorganizarea-teatrului-maior-gheorghe-pastia\"><img decoding=\"async\" src=\"https:\/\/zdvi.cname.ro\/180_135\/special\/politica\/primarul-focsaniului-raspunde-criticilor-privind-reorganizarea-teatrului-maior-gheorghe-pastia\/mediaPool\/uNhtmwy.jpg\" class=\"img-responsive img-180\" alt><\/a><\/div>\n<h2><a class=\"link-titlu\" href=\"https:\/\/ziaruldevrancea.ro\/special\/politica\/primarul-focsaniului-raspunde-criticilor-privind-reorganizarea-teatrului-maior-gheorghe-pastia\">Primarul Foc\u0219aniului r\u0103spunde criticilor privind reorganizarea Teatrului \u201eMaior Gheorghe Pastia\u201d<\/a><\/h2>\n<div class=\"date-post\"><a href=\"https:\/\/ziaruldevrancea.ro\/autor\/paul-petrache\">Paul Petrache<\/a>,  2 aug 2026  <\/div>\n<\/div>\n<\/div>\n<\/div>\n<\/div>\n<\/div>\n<div class=\"extra-articol listing-anunturi\">\n<h6>Anun\u021buri <span class=\"text-primary\">ZdV<\/span> Premium<\/h6>\n<div class=\"row\">\n<div class=\"col-lg-4 col-md-6 bloc-egal\"><a class=\"card-anunt\" href=\"https:\/\/ziaruldevrancea.ro\/anunturi\/inchirieri\/locuinte-oferte\/Inchiriez-camera-anunt-72823\"><strong class=\"titlu\">Locuin\u021be oferte<\/strong><span class=\"text-anunt\">\u00cenchiriez camer\u0103 la apartament. Rog&#8230;<\/span><span class=\"data-anunt\">03.08.2026  <\/span><\/a><\/div>\n<div class=\"col-lg-4 col-md-6 bloc-egal\"><a class=\"card-anunt\" href=\"https:\/\/ziaruldevrancea.ro\/anunturi\/imobiliare\/vanzari-terenuri\/vand-teren-in-panciu\"><strong class=\"titlu\">V\u00e2nz\u0103ri terenuri<\/strong><span class=\"text-anunt\">Teren Panciu 1170 mp, cu num\u0103r cas\u0103, ap\u0103&#8230;<\/span><span class=\"data-anunt\">29.07.2026  <\/span><\/a><\/div>\n<div class=\"col-lg-4 col-md-6 bloc-egal\"><a class=\"card-anunt\" href=\"https:\/\/ziaruldevrancea.ro\/anunturi\/altele\/anulare-acte\/vand-scrumbii-afumate-capturi-dunare\"><strong class=\"titlu\">Vanzari diverse<\/strong><span class=\"text-anunt\">Pret : 117 lei \/ kg . \u00a0 Este&#8230;<\/span><span class=\"data-anunt\">29.07.2026 , Gala\u021bi , Gala\u021bi<\/span><\/a><\/div>\n<\/div>\n<\/div>\n<div class=\"bloc-widget widget-albastru\">\n    Ziarul de Vrancea \u00a0nu este responsabil juridic pentru con\u0163inutul textelor din comentariile de mai jos. Responsabilitatea pentru mesajele dumneavoastra v\u0103 revine \u00een exclusivitate.\n<\/div>\n<div class=\"comentarii-articol\" id=\"comentarii\">\n<h3>Comentarii: <span class=\"text-primary\">0<\/span><\/h3>\n<p><a href=\"https:\/\/ziaruldevrancea.ro\/promo\/brand-voice\/video-curtea-din-tifesti-s-a-transformat-din-nou-intr-un-punct-de-atractie-zeci-de-vizitatori-la-targul-dam-din-casa\" class=\"btn btn-success btn-adauga-com\" data-toggle=\"modal\" data-parent=\"0\" data-target=\"#commentModal\">Adaug\u0103 comentariu<\/a><\/p>\n<div class=\"loadMask comments-mask\"><img decoding=\"async\" src=\"https:\/\/zdvs.cname.ro\/images\/loader_40.gif\"><\/div>\n<div class=\"comenteaza-jos\">Trebuie s\u0103 fii <a href=\"https:\/\/ziaruldevrancea.ro\/account\">autentificat<\/a> pentru a putea <a href=\"https:\/\/ziaruldevrancea.ro\/promo\/brand-voice\/video-curtea-din-tifesti-s-a-transformat-din-nou-intr-un-punct-de-atractie-zeci-de-vizitatori-la-targul-dam-din-casa\" class data-toggle=\"modal\" data-parent=\"0\" data-target=\"#commentModal\">posta un comentariu<\/a>.<\/div>\n<\/div>\n<div class=\"modal fade\" id=\"commentModal\" role=\"dialog\" aria-labelledby=\"commentModalLabel\">\n<div class=\"modal-dialog modal-lg\" role=\"document\">\n<div class=\"modal-content\">\n<div class=\"modal-header\">\n<h3 class=\"modal-title\" id=\"commentModalLabel\">Comenteaz\u0103<\/h3>\n<\/div>\n<div class=\"modal-body\">\n<div class=\"tabel tabel-full\">\n<div class=\"celula\">\n              Trebuie s\u0103 fii <a href=\"https:\/\/ziaruldevrancea.ro\/account\">autentificat<\/a> pentru a putea posta un comentariu.\n            <\/div>\n<\/div>\n<\/div>\n<div class=\"modal-footer\">\n<div id=\"commentPending\" class=\"formPending pull-left\"><img decoding=\"async\" src=\"https:\/\/zdvs.cname.ro\/images\/loader_40.gif\"> In curs de procesare&#8230;<\/div>\n<p><a href=\"https:\/\/ziaruldevrancea.ro\/promo\/brand-voice\/video-curtea-din-tifesti-s-a-transformat-din-nou-intr-un-punct-de-atractie-zeci-de-vizitatori-la-targul-dam-din-casa\" class=\"btn btn-default\" data-dismiss=\"modal\">Anuleaz\u0103<\/a><\/div>\n<\/div>\n<\/div>\n<\/div>\n<div class=\"modal fade\" id=\"commentReportModal\" role=\"dialog\" aria-labelledby=\"commentReportModalLabel\">\n<div class=\"modal-dialog modal-lg\" role=\"document\">\n<div class=\"modal-content\">\n<div class=\"modal-header\">\n<h3 class=\"modal-title\" id=\"commentReportModalLabel\">Raporteaza comentariu<\/h3>\n<\/div>\n<div class=\"modal-body\">\n<div class=\"tabel tabel-full\">\n<div class=\"celula\">\n              Trebuie s\u0103 fii <a href=\"https:\/\/ziaruldevrancea.ro\/account\">autentificat<\/a> pentru a putea raporta un comentariu.\n            <\/div>\n<\/div>\n<\/div>\n<div class=\"modal-footer\">\n<div id=\"commentReportPending\" class=\"formPending pull-left\"><img decoding=\"async\" src=\"https:\/\/zdvs.cname.ro\/images\/loader_40.gif\"> In curs de procesare&#8230;<\/div>\n<p><a href=\"https:\/\/ziaruldevrancea.ro\/promo\/brand-voice\/video-curtea-din-tifesti-s-a-transformat-din-nou-intr-un-punct-de-atractie-zeci-de-vizitatori-la-targul-dam-din-casa\" class=\"btn btn-default\" data-dismiss=\"modal\">Anuleaz\u0103<\/a><\/div>\n<\/div>\n<\/div>\n<\/div>\n<div class=\"modal fade\" id=\"commentLikeModal\" role=\"dialog\" aria-labelledby=\"commentLikeModalLabel\">\n<div class=\"modal-dialog modal-lg\" role=\"document\">\n<div class=\"modal-content\">\n<div class=\"modal-header\">\n<h3 class=\"modal-title\" id=\"commentReportModalLabel\">Apreciaza comentariu<\/h3>\n<\/div>\n<div class=\"modal-body\">\n<div class=\"tabel tabel-full\">\n<div class=\"celula\">\n            Trebuie s\u0103 fii <a href=\"https:\/\/ziaruldevrancea.ro\/account\">autentificat<\/a> pentru a putea aprecia un comentariu.\n          <\/div>\n<\/div>\n<\/div>\n<div class=\"modal-footer\"><a href=\"https:\/\/ziaruldevrancea.ro\/promo\/brand-voice\/video-curtea-din-tifesti-s-a-transformat-din-nou-intr-un-punct-de-atractie-zeci-de-vizitatori-la-targul-dam-din-casa\" class=\"btn btn-default\" data-dismiss=\"modal\">Anuleaz\u0103<\/a><\/div>\n<\/div>\n<\/div>\n<\/div>\n<div class=\"bloc-widget widget-rosu\"><span><small>Ziarul de Vrancea doreste ca acest site sa fie un spatiu al discutiilor civilizate, al comentariilor de bun simt. Din acest motiv, cei care posteaza comentarii la articole trebuie sa respecte urmatoarele reguli:<br \/>\n1. Sa se refere doar la articolul la care posteaza comentarii.<br \/>\n2. Sa foloseasca un limbaj civilizat, fara injurii, calomnii, comentarii antisemite, xenofobe sau rasiste.<br \/>\n3. Sunt interzise atacurile la adresa autorilor, daca acestea nu au legatura cu textul.<br \/>\n4. Username-ul sa nu fie nume de personalitati ale vietii publice sau parodieri ale acestora.<br \/>\nAutorul unui articol poate fi criticat pentru eventuale greseli, incoerenta, lipsa de documentare etc.<br \/>\nNerespectarea regulilor mentionate mai sus va duce la stergerea comentariilor, fara avertisment si fara explicatii.<br \/>\nAbaterile repetate vor avea drept consecinta interdictia accesului la aceasta facilitate a site-ului.<\/small><\/span><\/div>\n<\/div>\n<p>[analyse_source url=&#8221;https:\/\/ziaruldevrancea.ro\/promo\/brand-voice\/video-curtea-din-tifesti-s-a-transformat-din-nou-intr-un-punct-de-atractie-zeci-de-vizitatori-la-targul-dam-din-casa&#8221;]<\/p>\n","protected":false},"excerpt":{"rendered":"<p>[analyse_image type=&#8221;featured&#8221; src=&#8221;https:\/\/zdvi.cname.ro\/_\/video-curtea-din-tifesti-s-a-transformat-din-nou-intr-un-punct-de-atractie-zeci-de-vizitatori-la-targul-dam-din-casa\/mediaPool\/ugFoIg1.jpg&#8221;] Brand voice VIDEO | Curtea din \u021aife\u0219ti s-a transformat din nou \u00eentr-un punct de atrac\u021bie: zeci de vizitatori la t\u00e2rgul \u201eD\u0103m din cas\u0103\u201d Distribuie: \u00a0 | Paul Petrache 26 iul 2026936 vizualiz\u0103ri PreviousNext Vrancea | Edi\u021bia de duminic\u0103 a t\u00e2rgului organizat de Cristi Merchea a adus la \u021aife\u0219ti colec\u021bionari, pasiona\u021bi de obiecte [&hellip;]<\/p>\n","protected":false},"author":1,"featured_media":0,"comment_status":"open","ping_status":"","sticky":false,"template":"","format":"standard","meta":{"footnotes":""},"categories":[89],"tags":[226,208],"class_list":["post-2076715","post","type-post","status-publish","format-standard","hentry","category-romania","tag-crawlmanager","tag-ziaruldevrancea-ro"],"_links":{"self":[{"href":"https:\/\/analyse.optim.biz\/index.php?rest_route=\/wp\/v2\/posts\/2076715","targetHints":{"allow":["GET"]}}],"collection":[{"href":"https:\/\/analyse.optim.biz\/index.php?rest_route=\/wp\/v2\/posts"}],"about":[{"href":"https:\/\/analyse.optim.biz\/index.php?rest_route=\/wp\/v2\/types\/post"}],"author":[{"embeddable":true,"href":"https:\/\/analyse.optim.biz\/index.php?rest_route=\/wp\/v2\/users\/1"}],"replies":[{"embeddable":true,"href":"https:\/\/analyse.optim.biz\/index.php?rest_route=%2Fwp%2Fv2%2Fcomments&post=2076715"}],"version-history":[{"count":0,"href":"https:\/\/analyse.optim.biz\/index.php?rest_route=\/wp\/v2\/posts\/2076715\/revisions"}],"wp:attachment":[{"href":"https:\/\/analyse.optim.biz\/index.php?rest_route=%2Fwp%2Fv2%2Fmedia&parent=2076715"}],"wp:term":[{"taxonomy":"category","embeddable":true,"href":"https:\/\/analyse.optim.biz\/index.php?rest_route=%2Fwp%2Fv2%2Fcategories&post=2076715"},{"taxonomy":"post_tag","embeddable":true,"href":"https:\/\/analyse.optim.biz\/index.php?rest_route=%2Fwp%2Fv2%2Ftags&post=2076715"}],"curies":[{"name":"wp","href":"https:\/\/api.w.org\/{rel}","templated":true}]}}