{"id":2076714,"date":"2026-07-26T00:00:00","date_gmt":"2026-07-25T21:00:00","guid":{"rendered":"https:\/\/analyse.optim.biz\/?p=2076714"},"modified":"2026-07-26T00:00:00","modified_gmt":"2026-07-25T21:00:00","slug":"siguranta-rutiera-in-focsani-31-de-accidente-cu-pietoni-in-ultimii-patru-ani-pe-principalele-artere-din-municipiu","status":"publish","type":"post","link":"https:\/\/analyse.optim.biz\/?p=2076714","title":{"rendered":"Siguran\u021ba rutier\u0103 \u00een Foc\u0219ani: 31 de accidente cu pietoni \u00een ultimii patru ani pe principalele artere din municipiu"},"content":{"rendered":"<p>[analyse_image type=&#8221;featured&#8221; src=&#8221;https:\/\/zdvi.cname.ro\/_\/siguranta-rutiera-in-focsani-31-de-accidente-cu-pietoni-in-ultimii-patru-ani-pe-principalele-artere-din-municipiu\/mediaPool\/uKIXs0Z.jpg&#8221;]<\/p>\n<div class=\"main-content detaliu-articol\"><a class=\"titlu-cat-list\" href=\"https:\/\/ziaruldevrancea.ro\/promo\/brand-voice\">Brand voice<\/a><\/p>\n<h1>Siguran\u021ba rutier\u0103 \u00een Foc\u0219ani: 31 de accidente cu pietoni \u00een ultimii patru ani pe principalele artere din municipiu<\/h1>\n<div class=\"date-articol clearfix\">\n<div class=\"distribuie-articol dropdown\">\n    Distribuie: \u00a0<br \/>\n    <em>|<\/em><\/div>\n<div class=\"autor-articol\"><a href=\"https:\/\/ziaruldevrancea.ro\/autor\/mircea-pavel\/\"><img decoding=\"async\" class=\"img-circle\" src=\"https:\/\/zdvi.cname.ro\/50_50\/articleAuthor\/mircea-pavel\/articleAuthor\/uqcCx6q.jpg\" alt><\/a><\/p>\n<h5><a href=\"https:\/\/ziaruldevrancea.ro\/autor\/mircea-pavel\/\">Mircea Pavel<\/a><\/h5>\n<div class=\"grup-spatiere\"><span class=\"cu-spatiere\">26 iul 2026<\/span><span class=\"cu-spatiere\">540 vizualiz\u0103ri<\/span><\/div>\n<\/div>\n<\/div>\n<div class=\"poza-mare\"><a href class=\"openGallery\"><img decoding=\"async\" class=\"img-responsive\" src=\"https:\/\/zdvi.cname.ro\/850_530\/siguranta-rutiera-in-focsani-31-de-accidente-cu-pietoni-in-ultimii-patru-ani-pe-principalele-artere-din-municipiu\/article\/mediaPool\/uKIXs0Z.jpg\" alt><\/a><\/div>\n<p><strong>Prim\u0103ria Foc\u0219ani prezint\u0103 datele transmise de Biroul Rutier \u0219i explic\u0103 investi\u021biile realizate prin PNRR pentru extinderea sistemului de semaforizare inteligent\u0103 \u0219i cre\u0219terea siguran\u021bei \u00een trafic.<\/strong><\/p>\n<p><strong>Siguran\u021ba rutier\u0103 \u00een Foc\u0219ani: 31 de accidente cu pietoni \u00een ultimii patru ani pe principalele artere din municipiu<\/strong><\/p>\n<p>Siguran\u021ba pietonilor \u0219i a conduc\u0103torilor auto r\u0103m\u00e2ne una dintre principalele provoc\u0103ri ale traficului din municipiul Foc\u0219ani. Potrivit unei inform\u0103ri publicate s\u00e2mb\u0103t\u0103, 25 iulie 2026, de Prim\u0103ria Municipiului Foc\u0219ani, datele furnizate de Biroul Rutier al Poli\u021biei Municipiului arat\u0103 c\u0103, \u00een ultimii patru ani, pe \u0219ase dintre cele mai circulate artere ale ora\u0219ului au fost \u00eenregistrate 31 de accidente rutiere cu victime \u00een care au fost implica\u021bi pietoni.<\/p>\n<p>Conform statisticii prezentate, accidentele s-au produs pe str\u0103zile Republicii, Calea Moldovei, Calea Munteniei, Bulevardul Br\u0103ilei, Bulevardul Bucure\u0219ti \u0219i Bulevardul G\u0103rii. \u00centr-unul dintre aceste cazuri, un pieton \u0219i-a pierdut via\u021ba dup\u0103 ce a fost lovit \u00een timp ce traversa strada.<\/p>\n<p>Analiza realizat\u0103 de autorit\u0103\u021bi indic\u0103 drept principale cauze ale acestor accidente at\u00e2t indisciplina pietonilor \u00een trafic, c\u00e2t \u0219i neacordarea priorit\u0103\u021bii de trecere de c\u0103tre unii conduc\u0103tori auto pietonilor afla\u021bi \u00een traversare regulamentar\u0103.<\/p>\n<p>\u00cen acest context, Prim\u0103ria Municipiului Foc\u0219ani sus\u021bine c\u0103 a continuat investi\u021biile pentru modernizarea infrastructurii rutiere, av\u00e2nd ca obiectiv reducerea riscului de accidente \u0219i \u00eembun\u0103t\u0103\u021birea fluen\u021bei circula\u021biei.<\/p>\n<p>Potrivit administra\u021biei locale, studiile care au stat la baza proiectelor au indicat c\u0103 semaforizarea trecerilor de pietoni \u0219i extinderea sistemului de semafoare inteligente reprezint\u0103 una dintre solu\u021biile eficiente pentru sporirea siguran\u021bei \u0219i adaptarea timpilor de semaforizare la valorile reale ale traficului.<\/p>\n<p><strong>Unde au fost montate noile semafoare<\/strong><\/p>\n<p>Prim\u0103ria precizeaz\u0103 c\u0103 sistemele de semaforizare au fost instalate \u00een numeroase intersec\u021bii \u0219i treceri de pietoni de pe principalele bulevarde \u0219i artere din municipiu.<\/p>\n<p>Printre acestea se num\u0103r\u0103:<\/p>\n<ul>\n<li>Bd. Bucure\u0219ti \u2013 Str. Ulmului;<\/li>\n<li>Bd. Bucure\u0219ti \u2013 Aleea Stadionului;<\/li>\n<li>Bd. Bucure\u0219ti \u2013 Str. Constructorului;<\/li>\n<li>Bd. Bucure\u0219ti \u2013 Str. Revolu\u021biei;<\/li>\n<li>trecerea de pietoni de pe Bd. Bucure\u0219ti;<\/li>\n<li>Calea Munteniei \u2013 zona Sima;<\/li>\n<li>intersec\u021bia Calea Munteniei \u2013 Bd. Br\u0103ilei \u2013 Calea Moldovei;<\/li>\n<li>Calea Moldovei \u2013 Str. M\u0103gura;<\/li>\n<li>Calea Moldovei \u2013 zona Carrefour;<\/li>\n<li>Bulevardul G\u0103rii \u2013 zona Colegiului Economic \u201eMihail Kog\u0103lniceanu\u201d;<\/li>\n<li>Bulevardul G\u0103rii \u2013 Str. Profesor Dimitrie Caian;<\/li>\n<li>Strada Republicii \u2013 Direc\u021bia Agricol\u0103;<\/li>\n<li>Strada Republicii \u2013 Str. F\u0103g\u0103ra\u0219;<\/li>\n<li>Strada Republicii \u2013 Str. Mare a Unirii;<\/li>\n<li>Strada Republicii \u2013 Str. Mihail Kog\u0103lniceanu;<\/li>\n<li>Strada Republicii \u2013 Str. Simion B\u0103rnu\u021biu;<\/li>\n<li>mai multe treceri de pietoni \u0219i intersec\u021bii de pe Bulevardul Br\u0103ilei.<\/li>\n<\/ul>\n<p><strong>Cum func\u021bioneaz\u0103 sistemul inteligent de management al traficului<\/strong><\/p>\n<p>Conform administra\u021biei locale, semafoarele inteligente sunt integrate \u00eentr-un sistem centralizat de management al traficului. Acesta utilizeaz\u0103 senzori instala\u021bi \u00een fiecare intersec\u021bie pentru a monitoriza \u00een timp real num\u0103rul vehiculelor \u0219i pentru a adapta automat durata culorilor semaforului \u00een func\u021bie de valorile de trafic.<\/p>\n<p>Scopul declarat al sistemului este reducerea timpilor de a\u0219teptare, fluidizarea circula\u021biei \u0219i diminuarea riscului producerii accidentelor.<\/p>\n<p>Reprezentan\u021bii Prim\u0103riei Foc\u0219ani arat\u0103 c\u0103 investi\u021biile fac parte din proiectul <strong>\u201eExtinderea sistemului de management integrat al traficului \u0219i prioritizarea transportului public, inclusiv m\u0103suri de monitorizare a parametrilor de mediu \u0219i reducerea polu\u0103rii \u2013 Etapa I \u0219i Etapa a II-a\u201d<\/strong>, finan\u021bat prin <strong>Planul Na\u021bional de Redresare \u0219i Rezilien\u021b\u0103 (PNRR).<\/strong><\/p>\n<p>Autorit\u0103\u021bile locale consider\u0103 c\u0103 modernizarea infrastructurii de semaforizare, al\u0103turi de respectarea regulilor de circula\u021bie de c\u0103tre pietoni \u0219i \u0219oferi, reprezint\u0103 elemente esen\u021biale pentru reducerea num\u0103rului accidentelor rutiere din municipiul Foc\u0219ani.<\/p>\n<p><strong>Mircea Pavel\u00a0<\/strong><\/p>\n<hr>\n<div class=\"bloc-widget widget-rosu\">\n<p>\u00cen lipsa unui acord scris din partea Ziarului de Vrancea, pute\u0163i prelua maxim 500 de caractere din acest articol dac\u0103 preciza\u0163i sursa \u015fi insera\u0163i vizibil link-ul articolului:\u00a0<span>#insertcurrentlinkhere<\/span><\/p>\n<\/div>\n<div class=\"extra-articol listing-anunturi\">\n<h6>Anun\u021buri <span class=\"text-primary\">ZdV<\/span> Premium<\/h6>\n<div class=\"row\">\n<div class=\"col-lg-4 col-md-6 bloc-egal\"><a class=\"card-anunt\" href=\"https:\/\/ziaruldevrancea.ro\/anunturi\/altele\/servicii\/caut-o-persoana-sau-o-familie-pentru-ingrijirea-unei-batrane\"><strong class=\"titlu\">Servicii<\/strong><span class=\"text-anunt\">Caut o persoan\u0103\u00a0sau o familie serioas\u0103&#8230;<\/span><span class=\"data-anunt\">04.08.2026  <\/span><\/a><\/div>\n<div class=\"col-lg-4 col-md-6 bloc-egal\"><a class=\"card-anunt\" href=\"https:\/\/ziaruldevrancea.ro\/anunturi\/imobiliare\/vanzari-ap-2-camere\/vand-apartament-2-camere-in-focsani-anunt-72825\"><strong class=\"titlu\">V\u00e2nz\u0103ri ap 2 camere<\/strong><span class=\"text-anunt\">V\u00e2nd apartament 2 camere, hol p\u0103trat,&#8230;<\/span><span class=\"data-anunt\">04.08.2026  <\/span><\/a><\/div>\n<div class=\"col-lg-4 col-md-6 bloc-egal\"><a class=\"card-anunt\" href=\"https:\/\/ziaruldevrancea.ro\/anunturi\/angajari\/oferte-angajari\/angajam-asistente-medicale\"><strong class=\"titlu\">Oferte<\/strong><span class=\"text-anunt\">Crucea Ro\u0219ie Vrancea angajeaz\u0103 asistente\u00a0&#8230;<\/span><span class=\"data-anunt\">04.08.2026  <\/span><\/a><\/div>\n<\/div>\n<\/div>\n<div class=\"extra-articol alte-articole\">\n<div class=\"row\">\n<div class=\"col-lg-6 bloc-egal\">\n<div class=\"card articol-listing\">\n<h6>\u00cen categoria <a href=\"https:\/\/ziaruldevrancea.ro\/promo\/brand-voice\">Brand voice<\/a><\/h6>\n<div class=\"grup-articol-listing\">\n<div class=\"cont-pils\"><a href=\"https:\/\/ziaruldevrancea.ro\/promo\/brand-voice\/video-agenda-saptamanii-3-9-august-2026-in-vrancea\"><img decoding=\"async\" src=\"https:\/\/zdvi.cname.ro\/180_135\/promo\/brand-voice\/video-agenda-saptamanii-3-9-august-2026-in-vrancea\/mediaPool\/ukNuNqV.jpg\" class=\"img-responsive img-180\" alt><\/a><\/div>\n<h2><a class=\"link-titlu\" href=\"https:\/\/ziaruldevrancea.ro\/promo\/brand-voice\/video-agenda-saptamanii-3-9-august-2026-in-vrancea\">VIDEO | Agenda s\u0103pt\u0103m\u00e2nii 3\u20139 august 2026 \u00een Vrancea<\/a><\/h2>\n<div class=\"date-post\"><a href=\"https:\/\/ziaruldevrancea.ro\/autor\/radu-tomescu\">Radu Tomescu<\/a>,  4 aug 2026  <\/div>\n<\/div>\n<div class=\"grup-articol-listing\">\n<div class=\"cont-pils\"><a href=\"https:\/\/ziaruldevrancea.ro\/promo\/brand-voice\/20-de-tineri-din-vrancea-descopera-europa-cu-trenul-prin-erasmus\"><img decoding=\"async\" src=\"https:\/\/zdvi.cname.ro\/180_135\/promo\/brand-voice\/20-de-tineri-din-vrancea-descopera-europa-cu-trenul-prin-erasmus\/mediaPool\/uVsSv09.jpg\" class=\"img-responsive img-180\" alt><\/a><\/div>\n<h2><a class=\"link-titlu\" href=\"https:\/\/ziaruldevrancea.ro\/promo\/brand-voice\/20-de-tineri-din-vrancea-descopera-europa-cu-trenul-prin-erasmus\">20 de tineri din Vrancea descoper\u0103 Europa cu trenul prin Erasmus+<\/a><\/h2>\n<div class=\"date-post\"><a href=\"https:\/\/ziaruldevrancea.ro\/autor\/maria-bratu\">Maria BRATU<\/a>,  4 aug 2026  <\/div>\n<\/div>\n<div class=\"grup-articol-listing\">\n<div class=\"cont-pils\"><a href=\"https:\/\/ziaruldevrancea.ro\/promo\/brand-voice\/investigatii-complete-pentru-sanatatea-femeii-disponibile-in-vrancea-la-acelasi-medic-specialist\"><img decoding=\"async\" src=\"https:\/\/zdvi.cname.ro\/180_135\/promo\/brand-voice\/investigatii-complete-pentru-sanatatea-femeii-disponibile-in-vrancea-la-acelasi-medic-specialist\/mediaPool\/ui2xC62.PNG\" class=\"img-responsive img-180\" alt><\/a><\/div>\n<h2><a class=\"link-titlu\" href=\"https:\/\/ziaruldevrancea.ro\/promo\/brand-voice\/investigatii-complete-pentru-sanatatea-femeii-disponibile-in-vrancea-la-acelasi-medic-specialist\">Investiga\u021bii complete pentru s\u0103n\u0103tatea femeii, disponibile \u00een Vrancea la acela\u0219i medic specialist<\/a><\/h2>\n<div class=\"date-post\"><a href=\"https:\/\/ziaruldevrancea.ro\/autor\/camelia-marin\">Camelia Marin<\/a>,  4 aug 2026  <\/div>\n<\/div>\n<\/div>\n<\/div>\n<div class=\"col-lg-6 bloc-egal\">\n<div class=\"card articol-listing\">\n<h6>De acela\u0219i <a href=\"https:\/\/ziaruldevrancea.ro\/autor\/mircea-pavel\/\">autor<\/a><\/h6>\n<div class=\"grup-articol-listing\">\n<div class=\"cont-pils\"><a href=\"https:\/\/ziaruldevrancea.ro\/actualitatea\/stiri-locale\/canicula-se-intensifica-in-romania-vrancea-sub-cod-galben-de-caldura\"><img decoding=\"async\" src=\"https:\/\/zdvi.cname.ro\/180_135\/actualitatea\/stiri-locale\/canicula-se-intensifica-in-romania-vrancea-sub-cod-galben-de-caldura\/mediaPool\/uucGrcd.jpg\" class=\"img-responsive img-180\" alt><\/a><\/div>\n<h2><a class=\"link-titlu\" href=\"https:\/\/ziaruldevrancea.ro\/actualitatea\/stiri-locale\/canicula-se-intensifica-in-romania-vrancea-sub-cod-galben-de-caldura\">Canicula se intensific\u0103 \u00een Rom\u00e2nia: Vrancea, sub Cod galben de c\u0103ldur\u0103 <\/a><\/h2>\n<div class=\"date-post\"><a href=\"https:\/\/ziaruldevrancea.ro\/autor\/mircea-pavel\">Mircea Pavel<\/a>,  2 aug 2026  <\/div>\n<\/div>\n<div class=\"grup-articol-listing\">\n<div class=\"cont-pils\"><a href=\"https:\/\/ziaruldevrancea.ro\/special\/politica\/prefectul-vrancei-liviu-macovei-despre-reorganizarea-teatrului-maior-gheorghe-pastia-institutia-prefectului-va-analiza-hotararea-exclusiv-in-limitele-legii\"><img decoding=\"async\" src=\"https:\/\/zdvi.cname.ro\/180_135\/special\/politica\/prefectul-vrancei-liviu-macovei-despre-reorganizarea-teatrului-maior-gheorghe-pastia-institutia-prefectului-va-analiza-hotararea-exclusiv-in-limitele-legii\/mediaPool\/uN8hOaH.jpg\" class=\"img-responsive img-180\" alt><\/a><\/div>\n<h2><a class=\"link-titlu\" href=\"https:\/\/ziaruldevrancea.ro\/special\/politica\/prefectul-vrancei-liviu-macovei-despre-reorganizarea-teatrului-maior-gheorghe-pastia-institutia-prefectului-va-analiza-hotararea-exclusiv-in-limitele-legii\">Prefectul Vrancei, Liviu Macovei, despre reorganizarea Teatrului \u201eMaior Gheorghe Pastia\u201d: \u201eInstitu\u021bia Prefectului va analiza hot\u0103r\u00e2rea exclusiv \u00een limitele legii\u201d<\/a><\/h2>\n<div class=\"date-post\"><a href=\"https:\/\/ziaruldevrancea.ro\/autor\/mircea-pavel\">Mircea Pavel<\/a>,  2 aug 2026  <\/div>\n<\/div>\n<div class=\"grup-articol-listing\">\n<div class=\"cont-pils\"><a href=\"https:\/\/ziaruldevrancea.ro\/actualitatea\/stiri-locale\/nunta-de-amploare-de-la-homocea-a-intrat-si-in-atentia-presei-nationale\"><img decoding=\"async\" src=\"https:\/\/zdvi.cname.ro\/180_135\/actualitatea\/stiri-locale\/nunta-de-amploare-de-la-homocea-a-intrat-si-in-atentia-presei-nationale\/mediaPool\/u470lZ0.jpg\" class=\"img-responsive img-180\" alt><\/a><\/div>\n<h2><a class=\"link-titlu\" href=\"https:\/\/ziaruldevrancea.ro\/actualitatea\/stiri-locale\/nunta-de-amploare-de-la-homocea-a-intrat-si-in-atentia-presei-nationale\">Nunta de amploare de la Homocea a intrat \u0219i \u00een aten\u021bia presei na\u021bionale<\/a><\/h2>\n<div class=\"date-post\"><a href=\"https:\/\/ziaruldevrancea.ro\/autor\/mircea-pavel\">Mircea Pavel<\/a>,  2 aug 2026  <\/div>\n<\/div>\n<\/div>\n<\/div>\n<\/div>\n<\/div>\n<div class=\"extra-articol listing-anunturi\">\n<h6>Anun\u021buri <span class=\"text-primary\">ZdV<\/span> Premium<\/h6>\n<div class=\"row\">\n<div class=\"col-lg-4 col-md-6 bloc-egal\"><a class=\"card-anunt\" href=\"https:\/\/ziaruldevrancea.ro\/anunturi\/inchirieri\/locuinte-oferte\/Inchiriez-camera-anunt-72823\"><strong class=\"titlu\">Locuin\u021be oferte<\/strong><span class=\"text-anunt\">\u00cenchiriez camer\u0103 la apartament. Rog&#8230;<\/span><span class=\"data-anunt\">03.08.2026  <\/span><\/a><\/div>\n<div class=\"col-lg-4 col-md-6 bloc-egal\"><a class=\"card-anunt\" href=\"https:\/\/ziaruldevrancea.ro\/anunturi\/imobiliare\/vanzari-terenuri\/vand-teren-in-panciu\"><strong class=\"titlu\">V\u00e2nz\u0103ri terenuri<\/strong><span class=\"text-anunt\">Teren Panciu 1170 mp, cu num\u0103r cas\u0103, ap\u0103&#8230;<\/span><span class=\"data-anunt\">29.07.2026  <\/span><\/a><\/div>\n<div class=\"col-lg-4 col-md-6 bloc-egal\"><a class=\"card-anunt\" href=\"https:\/\/ziaruldevrancea.ro\/anunturi\/altele\/anulare-acte\/vand-scrumbii-afumate-capturi-dunare\"><strong class=\"titlu\">Vanzari diverse<\/strong><span class=\"text-anunt\">Pret : 117 lei \/ kg . \u00a0 Este&#8230;<\/span><span class=\"data-anunt\">29.07.2026 , Gala\u021bi , Gala\u021bi<\/span><\/a><\/div>\n<\/div>\n<\/div>\n<div class=\"bloc-widget widget-albastru\">\n    Ziarul de Vrancea \u00a0nu este responsabil juridic pentru con\u0163inutul textelor din comentariile de mai jos. Responsabilitatea pentru mesajele dumneavoastra v\u0103 revine \u00een exclusivitate.\n<\/div>\n<div class=\"comentarii-articol\" id=\"comentarii\">\n<h3>Comentarii: <span class=\"text-primary\">0<\/span><\/h3>\n<p><a href=\"https:\/\/ziaruldevrancea.ro\/promo\/brand-voice\/siguranta-rutiera-in-focsani-31-de-accidente-cu-pietoni-in-ultimii-patru-ani-pe-principalele-artere-din-municipiu\" class=\"btn btn-success btn-adauga-com\" data-toggle=\"modal\" data-parent=\"0\" data-target=\"#commentModal\">Adaug\u0103 comentariu<\/a><\/p>\n<div class=\"loadMask comments-mask\"><img decoding=\"async\" src=\"https:\/\/zdvs.cname.ro\/images\/loader_40.gif\"><\/div>\n<div class=\"comenteaza-jos\">Trebuie s\u0103 fii <a href=\"https:\/\/ziaruldevrancea.ro\/account\">autentificat<\/a> pentru a putea <a href=\"https:\/\/ziaruldevrancea.ro\/promo\/brand-voice\/siguranta-rutiera-in-focsani-31-de-accidente-cu-pietoni-in-ultimii-patru-ani-pe-principalele-artere-din-municipiu\" class data-toggle=\"modal\" data-parent=\"0\" data-target=\"#commentModal\">posta un comentariu<\/a>.<\/div>\n<\/div>\n<div class=\"modal fade\" id=\"commentModal\" role=\"dialog\" aria-labelledby=\"commentModalLabel\">\n<div class=\"modal-dialog modal-lg\" role=\"document\">\n<div class=\"modal-content\">\n<div class=\"modal-header\">\n<h3 class=\"modal-title\" id=\"commentModalLabel\">Comenteaz\u0103<\/h3>\n<\/div>\n<div class=\"modal-body\">\n<div class=\"tabel tabel-full\">\n<div class=\"celula\">\n              Trebuie s\u0103 fii <a href=\"https:\/\/ziaruldevrancea.ro\/account\">autentificat<\/a> pentru a putea posta un comentariu.\n            <\/div>\n<\/div>\n<\/div>\n<div class=\"modal-footer\">\n<div id=\"commentPending\" class=\"formPending pull-left\"><img decoding=\"async\" src=\"https:\/\/zdvs.cname.ro\/images\/loader_40.gif\"> In curs de procesare&#8230;<\/div>\n<p><a href=\"https:\/\/ziaruldevrancea.ro\/promo\/brand-voice\/siguranta-rutiera-in-focsani-31-de-accidente-cu-pietoni-in-ultimii-patru-ani-pe-principalele-artere-din-municipiu\" class=\"btn btn-default\" data-dismiss=\"modal\">Anuleaz\u0103<\/a><\/div>\n<\/div>\n<\/div>\n<\/div>\n<div class=\"modal fade\" id=\"commentReportModal\" role=\"dialog\" aria-labelledby=\"commentReportModalLabel\">\n<div class=\"modal-dialog modal-lg\" role=\"document\">\n<div class=\"modal-content\">\n<div class=\"modal-header\">\n<h3 class=\"modal-title\" id=\"commentReportModalLabel\">Raporteaza comentariu<\/h3>\n<\/div>\n<div class=\"modal-body\">\n<div class=\"tabel tabel-full\">\n<div class=\"celula\">\n              Trebuie s\u0103 fii <a href=\"https:\/\/ziaruldevrancea.ro\/account\">autentificat<\/a> pentru a putea raporta un comentariu.\n            <\/div>\n<\/div>\n<\/div>\n<div class=\"modal-footer\">\n<div id=\"commentReportPending\" class=\"formPending pull-left\"><img decoding=\"async\" src=\"https:\/\/zdvs.cname.ro\/images\/loader_40.gif\"> In curs de procesare&#8230;<\/div>\n<p><a href=\"https:\/\/ziaruldevrancea.ro\/promo\/brand-voice\/siguranta-rutiera-in-focsani-31-de-accidente-cu-pietoni-in-ultimii-patru-ani-pe-principalele-artere-din-municipiu\" class=\"btn btn-default\" data-dismiss=\"modal\">Anuleaz\u0103<\/a><\/div>\n<\/div>\n<\/div>\n<\/div>\n<div class=\"modal fade\" id=\"commentLikeModal\" role=\"dialog\" aria-labelledby=\"commentLikeModalLabel\">\n<div class=\"modal-dialog modal-lg\" role=\"document\">\n<div class=\"modal-content\">\n<div class=\"modal-header\">\n<h3 class=\"modal-title\" id=\"commentReportModalLabel\">Apreciaza comentariu<\/h3>\n<\/div>\n<div class=\"modal-body\">\n<div class=\"tabel tabel-full\">\n<div class=\"celula\">\n            Trebuie s\u0103 fii <a href=\"https:\/\/ziaruldevrancea.ro\/account\">autentificat<\/a> pentru a putea aprecia un comentariu.\n          <\/div>\n<\/div>\n<\/div>\n<div class=\"modal-footer\"><a href=\"https:\/\/ziaruldevrancea.ro\/promo\/brand-voice\/siguranta-rutiera-in-focsani-31-de-accidente-cu-pietoni-in-ultimii-patru-ani-pe-principalele-artere-din-municipiu\" class=\"btn btn-default\" data-dismiss=\"modal\">Anuleaz\u0103<\/a><\/div>\n<\/div>\n<\/div>\n<\/div>\n<div class=\"bloc-widget widget-rosu\"><span><small>Ziarul de Vrancea doreste ca acest site sa fie un spatiu al discutiilor civilizate, al comentariilor de bun simt. Din acest motiv, cei care posteaza comentarii la articole trebuie sa respecte urmatoarele reguli:<br \/>\n1. Sa se refere doar la articolul la care posteaza comentarii.<br \/>\n2. Sa foloseasca un limbaj civilizat, fara injurii, calomnii, comentarii antisemite, xenofobe sau rasiste.<br \/>\n3. Sunt interzise atacurile la adresa autorilor, daca acestea nu au legatura cu textul.<br \/>\n4. Username-ul sa nu fie nume de personalitati ale vietii publice sau parodieri ale acestora.<br \/>\nAutorul unui articol poate fi criticat pentru eventuale greseli, incoerenta, lipsa de documentare etc.<br \/>\nNerespectarea regulilor mentionate mai sus va duce la stergerea comentariilor, fara avertisment si fara explicatii.<br \/>\nAbaterile repetate vor avea drept consecinta interdictia accesului la aceasta facilitate a site-ului.<\/small><\/span><\/div>\n<\/div>\n<p>[analyse_source url=&#8221;https:\/\/ziaruldevrancea.ro\/promo\/brand-voice\/siguranta-rutiera-in-focsani-31-de-accidente-cu-pietoni-in-ultimii-patru-ani-pe-principalele-artere-din-municipiu&#8221;]<\/p>\n","protected":false},"excerpt":{"rendered":"<p>[analyse_image type=&#8221;featured&#8221; src=&#8221;https:\/\/zdvi.cname.ro\/_\/siguranta-rutiera-in-focsani-31-de-accidente-cu-pietoni-in-ultimii-patru-ani-pe-principalele-artere-din-municipiu\/mediaPool\/uKIXs0Z.jpg&#8221;] Brand voice Siguran\u021ba rutier\u0103 \u00een Foc\u0219ani: 31 de accidente cu pietoni \u00een ultimii patru ani pe principalele artere din municipiu Distribuie: \u00a0 | Mircea Pavel 26 iul 2026540 vizualiz\u0103ri Prim\u0103ria Foc\u0219ani prezint\u0103 datele transmise de Biroul Rutier \u0219i explic\u0103 investi\u021biile realizate prin PNRR pentru extinderea sistemului de semaforizare inteligent\u0103 \u0219i cre\u0219terea siguran\u021bei [&hellip;]<\/p>\n","protected":false},"author":1,"featured_media":0,"comment_status":"open","ping_status":"","sticky":false,"template":"","format":"standard","meta":{"footnotes":""},"categories":[89],"tags":[226,208],"class_list":["post-2076714","post","type-post","status-publish","format-standard","hentry","category-romania","tag-crawlmanager","tag-ziaruldevrancea-ro"],"_links":{"self":[{"href":"https:\/\/analyse.optim.biz\/index.php?rest_route=\/wp\/v2\/posts\/2076714","targetHints":{"allow":["GET"]}}],"collection":[{"href":"https:\/\/analyse.optim.biz\/index.php?rest_route=\/wp\/v2\/posts"}],"about":[{"href":"https:\/\/analyse.optim.biz\/index.php?rest_route=\/wp\/v2\/types\/post"}],"author":[{"embeddable":true,"href":"https:\/\/analyse.optim.biz\/index.php?rest_route=\/wp\/v2\/users\/1"}],"replies":[{"embeddable":true,"href":"https:\/\/analyse.optim.biz\/index.php?rest_route=%2Fwp%2Fv2%2Fcomments&post=2076714"}],"version-history":[{"count":0,"href":"https:\/\/analyse.optim.biz\/index.php?rest_route=\/wp\/v2\/posts\/2076714\/revisions"}],"wp:attachment":[{"href":"https:\/\/analyse.optim.biz\/index.php?rest_route=%2Fwp%2Fv2%2Fmedia&parent=2076714"}],"wp:term":[{"taxonomy":"category","embeddable":true,"href":"https:\/\/analyse.optim.biz\/index.php?rest_route=%2Fwp%2Fv2%2Fcategories&post=2076714"},{"taxonomy":"post_tag","embeddable":true,"href":"https:\/\/analyse.optim.biz\/index.php?rest_route=%2Fwp%2Fv2%2Ftags&post=2076714"}],"curies":[{"name":"wp","href":"https:\/\/api.w.org\/{rel}","templated":true}]}}