{"id":2076711,"date":"2026-07-26T00:00:00","date_gmt":"2026-07-25T21:00:00","guid":{"rendered":"https:\/\/analyse.optim.biz\/?p=2076711"},"modified":"2026-07-26T00:00:00","modified_gmt":"2026-07-25T21:00:00","slug":"video-cateva-nimicuri-inainte-de-targul-dam-din-casa-de-astazi-de-latifesti","status":"publish","type":"post","link":"https:\/\/analyse.optim.biz\/?p=2076711","title":{"rendered":"VIDEO | \u201eC\u00e2teva nimicuri\u201d \u00eenainte de t\u00e2rgul \u201eD\u0103m din cas\u0103\u201d de ast\u0103zi de la\u021aife\u0219ti"},"content":{"rendered":"<p>[analyse_image type=&#8221;featured&#8221; src=&#8221;https:\/\/zdvi.cname.ro\/_\/video-cateva-nimicuri-inainte-de-targul-dam-din-casa-de-astazi-de-latifesti\/mediaPool\/uXKL1J5.jpg&#8221;]<\/p>\n<div class=\"main-content detaliu-articol\"><a class=\"titlu-cat-list\" href=\"https:\/\/ziaruldevrancea.ro\/promo\/brand-voice\">Brand voice<\/a><\/p>\n<h1>VIDEO | \u201eC\u00e2teva nimicuri\u201d \u00eenainte de t\u00e2rgul \u201eD\u0103m din cas\u0103\u201d de ast\u0103zi de la\u021aife\u0219ti<\/h1>\n<div class=\"date-articol clearfix\">\n<div class=\"distribuie-articol dropdown\">\n    Distribuie: \u00a0<br \/>\n    <em>|<\/em><\/div>\n<div class=\"autor-articol\"><a href=\"https:\/\/ziaruldevrancea.ro\/autor\/paul-petrache\/\"><img decoding=\"async\" class=\"img-circle\" src=\"https:\/\/zdvi.cname.ro\/50_50\/articleAuthor\/paul-petrache\/articleAuthor\/uNItZQs.PNG\" alt><\/a><\/p>\n<h5><a href=\"https:\/\/ziaruldevrancea.ro\/autor\/paul-petrache\/\">Paul Petrache<\/a><\/h5>\n<div class=\"grup-spatiere\"><span class=\"cu-spatiere\">26 iul 2026<\/span><span class=\"cu-spatiere\">667 vizualiz\u0103ri<\/span><\/div>\n<\/div>\n<\/div>\n<div class=\"poza-mare\">\n<div class=\"poza-mare galerie-detaliu\">\n<div id=\"carousel-poza-mare\" class=\"carousel slide carusel-poza\" data-ride=\"carousel\" data-interval=\"0\">\n<div class=\"carousel-inner\" role=\"listbox\">\n<div class=\"item imagine-carusel active\"><a href class=\"openGallery\"><img decoding=\"async\" class=\"img-responsive\" src=\"https:\/\/zdvi.cname.ro\/850_530\/video-cateva-nimicuri-inainte-de-targul-dam-din-casa-de-astazi-de-latifesti\/article\/mediaPool\/uXKL1J5.jpg\" alt><\/a><\/div>\n<div class=\"item imagine-carusel \"><a href class=\"openGallery\"><img decoding=\"async\" class=\"img-responsive\" src=\"https:\/\/zdvi.cname.ro\/850_530\/video-cateva-nimicuri-inainte-de-targul-dam-din-casa-de-astazi-de-latifesti\/article\/mediaPool\/uNNEkSj.jpg\" alt><\/a><\/div>\n<div class=\"item imagine-carusel \"><a href class=\"openGallery\"><img decoding=\"async\" class=\"img-responsive\" src=\"https:\/\/zdvi.cname.ro\/850_530\/video-cateva-nimicuri-inainte-de-targul-dam-din-casa-de-astazi-de-latifesti\/article\/mediaPool\/uuK9pb9.jpg\" alt><\/a><\/div>\n<\/div>\n<\/div>\n<div id=\"carousel-poze-mici\" class=\"carousel slide carusel-mici\" data-ride=\"carousel\" data-interval=\"0\">\n<div class=\"carousel-inner\" role=\"listbox\">\n<div class=\"item active\">\n<ul class=\"navigare-carusel-imagini\">\n<li data-target=\"#carousel-poza-mare\" data-slide-to=\"0\"><img decoding=\"async\" class=\"img-responsive\" src=\"https:\/\/zdvi.cname.ro\/_90\/video-cateva-nimicuri-inainte-de-targul-dam-din-casa-de-astazi-de-latifesti\/article\/mediaPool\/uXKL1J5.jpg\" alt><\/li>\n<li data-target=\"#carousel-poza-mare\" data-slide-to=\"1\"><img decoding=\"async\" class=\"img-responsive\" src=\"https:\/\/zdvi.cname.ro\/_90\/video-cateva-nimicuri-inainte-de-targul-dam-din-casa-de-astazi-de-latifesti\/article\/mediaPool\/uNNEkSj.jpg\" alt><\/li>\n<li data-target=\"#carousel-poza-mare\" data-slide-to=\"2\"><img decoding=\"async\" class=\"img-responsive\" src=\"https:\/\/zdvi.cname.ro\/_90\/video-cateva-nimicuri-inainte-de-targul-dam-din-casa-de-astazi-de-latifesti\/article\/mediaPool\/uuK9pb9.jpg\" alt><\/li>\n<\/ul>\n<\/div>\n<\/div>\n<\/div>\n<\/div>\n<\/div>\n<p><strong>\u00a0Cristi Merchea dezv\u0103luie o parte dintre surprizele preg\u0103tite pentru edi\u021bia de ast\u0103zi duminic\u0103 26 iulie 2026 de la \u021aife\u0219ti.<\/strong><\/p>\n<p>\u00a0<\/p>\n<p><strong>Vrancea | Cu doar c\u00e2teva ore \u00eenaintea deschiderii t\u00e2rgului \u201eD\u0103m din cas\u0103\u201d, organizatorul Cristi Merchea a publicat un reel video \u00een care prezint\u0103 o parte dintre obiectele ce vor putea fi descoperite duminic\u0103, 26 iulie 2026, la \u021aife\u0219ti.<\/strong><\/p>\n<iframe loading=\"lazy\" frameborder height=\"750\" scrolling=\"no\" src=\"https:\/\/www.youtube.com\/embed\/OeTwkIsWcG0\" width=\"100%\"><\/iframe>\n<p>Cu mai pu\u021bin de o zi \u00eenaintea unei noi edi\u021bii a t\u00e2rgului \u201eD\u0103m din cas\u0103\u201d, organizat la \u021aife\u0219ti, vr\u00e2nceanul Cristi Merchea a publicat, \u00een seara de s\u00e2mb\u0103t\u0103, 25 iulie 2026, un reel video pe pagina sa de Facebook, oferind o avanpremier\u0103 a obiectelor care \u00eei vor a\u0219tepta pe vizitatori.<\/p>\n<p>Clipul, \u00eenso\u021bit de mesajul <strong>\u201eC\u00e2teva nimicuri din ce vom da din cas\u0103\u201d<\/strong>, prezint\u0103 doar o parte din colec\u021bia preg\u0103tit\u0103 pentru evenimentul programat duminic\u0103, \u00eentre orele 10:00 \u0219i 15:00, pe strada Principal\u0103 nr. 644 din comuna \u021aife\u0219ti.<\/p>\n<p>\u00cen imaginile publicate pot fi observate numeroase obiecte vechi \u0219i de colec\u021bie, printre care mobilier, vase \u0219i recipiente tradi\u021bionale, obiecte decorative, scule, piese din lemn, suporturi metalice, dar \u0219i alte articole care, de\u0219i nu mai sunt folosite de proprietari, \u00ee\u0219i pot g\u0103si o nou\u0103 \u00eentrebuin\u021bare sau pot deveni piese apreciate de colec\u021bionari.<\/p>\n<p>Reel-ul vine \u00een completarea informa\u021biilor prezentate anterior de Ziarul de Vrancea despre cea de-a doua edi\u021bie a t\u00e2rgului \u201eD\u0103m din cas\u0103\u201d, eveniment care revine dup\u0103 interesul st\u00e2rnit de \u00eent\u00e2lnirea organizat\u0103 la \u00eenceputul lunii iulie.<\/p>\n<p>Potrivit organizatorului, edi\u021bia din aceast\u0103 duminic\u0103 va reuni mai mul\u021bi expozan\u021bi dec\u00e2t la debutul proiectului, fiecare urm\u00e2nd s\u0103 aduc\u0103 obiecte din propriile colec\u021bii sau lucruri pe care dore\u0219te s\u0103 le valorifice \u00eentr-un cadru relaxat.<\/p>\n<p>Pe l\u00e2ng\u0103 componenta dedicat\u0103 schimbului sau v\u00e2nz\u0103rii de obiecte, organizatorii \u00ee\u0219i propun s\u0103 ofere participan\u021bilor un spa\u021biu de \u00eent\u00e2lnire \u0219i socializare, \u00een care pove\u0219tile din spatele fiec\u0103rui obiect s\u0103 fie la fel de importante precum obiectele \u00een sine.<\/p>\n<p>Vizitatorii vor avea ocazia s\u0103 descopere sute de articole din categorii variate \u2013 mobilier, haine, ceramic\u0103, obiecte decorative, c\u0103r\u021bi, discuri, unelte, articole vintage \u0219i alte piese provenite din gospod\u0103rii sau colec\u021bii particulare.<\/p>\n<p>\u00cen ultimii ani, astfel de ini\u021biative dedicate reutiliz\u0103rii obiectelor au devenit tot mai populare \u0219i \u00een Rom\u00e2nia, fiind apreciate at\u00e2t de colec\u021bionari, c\u00e2t \u0219i de persoanele interesate de reducerea risipei \u0219i de economia circular\u0103. \u00cen acela\u0219i timp, ele ofer\u0103 obiectelor o nou\u0103 via\u021b\u0103 \u0219i creeaz\u0103 oportunit\u0103\u021bi de \u00eent\u00e2lnire \u00eentre oameni care \u00eemp\u0103rt\u0103\u0219esc aceea\u0219i pasiune pentru lucrurile cu istorie.<\/p>\n<p>T\u00e2rgul \u201eD\u0103m din cas\u0103\u201d va avea loc duminic\u0103, 26 iulie 2026, \u00eentre orele 10:00 \u0219i 15:00, \u00een curtea situat\u0103 pe strada Principal\u0103 nr. 644 din \u021aife\u0219ti, la aproximativ 500 de metri de Prim\u0103rie. Organizatorii \u00eei invit\u0103 at\u00e2t pe cei afla\u021bi \u00een c\u0103utarea unui obiect aparte, c\u00e2t \u0219i pe cei care doresc pur \u0219i simplu s\u0103 petreac\u0103 c\u00e2teva ore \u00eentr-o atmosfer\u0103 relaxat\u0103 \u0219i s\u0103 descopere pove\u0219tile ascunse \u00een spatele unor lucruri care \u00ee\u0219i caut\u0103 un nou proprietar.<\/p>\n<p><strong>Paul Petrache<\/strong>\u00a0<\/p>\n<hr>\n<div class=\"bloc-widget widget-rosu\">\n<p>\u00cen lipsa unui acord scris din partea Ziarului de Vrancea, pute\u0163i prelua maxim 500 de caractere din acest articol dac\u0103 preciza\u0163i sursa \u015fi insera\u0163i vizibil link-ul articolului:\u00a0<span>#insertcurrentlinkhere<\/span><\/p>\n<\/div>\n<div class=\"extra-articol listing-anunturi\">\n<h6>Anun\u021buri <span class=\"text-primary\">ZdV<\/span> Premium<\/h6>\n<div class=\"row\">\n<div class=\"col-lg-4 col-md-6 bloc-egal\"><a class=\"card-anunt\" href=\"https:\/\/ziaruldevrancea.ro\/anunturi\/altele\/servicii\/caut-o-persoana-sau-o-familie-pentru-ingrijirea-unei-batrane\"><strong class=\"titlu\">Servicii<\/strong><span class=\"text-anunt\">Caut o persoan\u0103\u00a0sau o familie serioas\u0103&#8230;<\/span><span class=\"data-anunt\">04.08.2026  <\/span><\/a><\/div>\n<div class=\"col-lg-4 col-md-6 bloc-egal\"><a class=\"card-anunt\" href=\"https:\/\/ziaruldevrancea.ro\/anunturi\/imobiliare\/vanzari-ap-2-camere\/vand-apartament-2-camere-in-focsani-anunt-72825\"><strong class=\"titlu\">V\u00e2nz\u0103ri ap 2 camere<\/strong><span class=\"text-anunt\">V\u00e2nd apartament 2 camere, hol p\u0103trat,&#8230;<\/span><span class=\"data-anunt\">04.08.2026  <\/span><\/a><\/div>\n<div class=\"col-lg-4 col-md-6 bloc-egal\"><a class=\"card-anunt\" href=\"https:\/\/ziaruldevrancea.ro\/anunturi\/angajari\/oferte-angajari\/angajam-asistente-medicale\"><strong class=\"titlu\">Oferte<\/strong><span class=\"text-anunt\">Crucea Ro\u0219ie Vrancea angajeaz\u0103 asistente\u00a0&#8230;<\/span><span class=\"data-anunt\">04.08.2026  <\/span><\/a><\/div>\n<\/div>\n<\/div>\n<div class=\"extra-articol alte-articole\">\n<div class=\"row\">\n<div class=\"col-lg-6 bloc-egal\">\n<div class=\"card articol-listing\">\n<h6>\u00cen categoria <a href=\"https:\/\/ziaruldevrancea.ro\/promo\/brand-voice\">Brand voice<\/a><\/h6>\n<div class=\"grup-articol-listing\">\n<div class=\"cont-pils\"><a href=\"https:\/\/ziaruldevrancea.ro\/promo\/brand-voice\/video-agenda-saptamanii-3-9-august-2026-in-vrancea\"><img decoding=\"async\" src=\"https:\/\/zdvi.cname.ro\/180_135\/promo\/brand-voice\/video-agenda-saptamanii-3-9-august-2026-in-vrancea\/mediaPool\/ukNuNqV.jpg\" class=\"img-responsive img-180\" alt><\/a><\/div>\n<h2><a class=\"link-titlu\" href=\"https:\/\/ziaruldevrancea.ro\/promo\/brand-voice\/video-agenda-saptamanii-3-9-august-2026-in-vrancea\">VIDEO | Agenda s\u0103pt\u0103m\u00e2nii 3\u20139 august 2026 \u00een Vrancea<\/a><\/h2>\n<div class=\"date-post\"><a href=\"https:\/\/ziaruldevrancea.ro\/autor\/radu-tomescu\">Radu Tomescu<\/a>,  4 aug 2026  <\/div>\n<\/div>\n<div class=\"grup-articol-listing\">\n<div class=\"cont-pils\"><a href=\"https:\/\/ziaruldevrancea.ro\/promo\/brand-voice\/20-de-tineri-din-vrancea-descopera-europa-cu-trenul-prin-erasmus\"><img decoding=\"async\" src=\"https:\/\/zdvi.cname.ro\/180_135\/promo\/brand-voice\/20-de-tineri-din-vrancea-descopera-europa-cu-trenul-prin-erasmus\/mediaPool\/uVsSv09.jpg\" class=\"img-responsive img-180\" alt><\/a><\/div>\n<h2><a class=\"link-titlu\" href=\"https:\/\/ziaruldevrancea.ro\/promo\/brand-voice\/20-de-tineri-din-vrancea-descopera-europa-cu-trenul-prin-erasmus\">20 de tineri din Vrancea descoper\u0103 Europa cu trenul prin Erasmus+<\/a><\/h2>\n<div class=\"date-post\"><a href=\"https:\/\/ziaruldevrancea.ro\/autor\/maria-bratu\">Maria BRATU<\/a>,  4 aug 2026  <\/div>\n<\/div>\n<div class=\"grup-articol-listing\">\n<div class=\"cont-pils\"><a href=\"https:\/\/ziaruldevrancea.ro\/promo\/brand-voice\/investigatii-complete-pentru-sanatatea-femeii-disponibile-in-vrancea-la-acelasi-medic-specialist\"><img decoding=\"async\" src=\"https:\/\/zdvi.cname.ro\/180_135\/promo\/brand-voice\/investigatii-complete-pentru-sanatatea-femeii-disponibile-in-vrancea-la-acelasi-medic-specialist\/mediaPool\/ui2xC62.PNG\" class=\"img-responsive img-180\" alt><\/a><\/div>\n<h2><a class=\"link-titlu\" href=\"https:\/\/ziaruldevrancea.ro\/promo\/brand-voice\/investigatii-complete-pentru-sanatatea-femeii-disponibile-in-vrancea-la-acelasi-medic-specialist\">Investiga\u021bii complete pentru s\u0103n\u0103tatea femeii, disponibile \u00een Vrancea la acela\u0219i medic specialist<\/a><\/h2>\n<div class=\"date-post\"><a href=\"https:\/\/ziaruldevrancea.ro\/autor\/camelia-marin\">Camelia Marin<\/a>,  4 aug 2026  <\/div>\n<\/div>\n<\/div>\n<\/div>\n<div class=\"col-lg-6 bloc-egal\">\n<div class=\"card articol-listing\">\n<h6>De acela\u0219i <a href=\"https:\/\/ziaruldevrancea.ro\/autor\/paul-petrache\/\">autor<\/a><\/h6>\n<div class=\"grup-articol-listing\">\n<div class=\"cont-pils\"><a href=\"https:\/\/ziaruldevrancea.ro\/actualitatea\/stiri-locale\/update-vrancea-tanarul-ranit-grav-in-accidentul-de-pe-strada-bucegi-transportat-cu-elicopterul-smurd-la-bucuresti\"><img decoding=\"async\" src=\"https:\/\/zdvi.cname.ro\/180_135\/actualitatea\/stiri-locale\/update-vrancea-tanarul-ranit-grav-in-accidentul-de-pe-strada-bucegi-transportat-cu-elicopterul-smurd-la-bucuresti\/mediaPool\/u6PHwyc.jpeg\" class=\"img-responsive img-180\" alt><\/a><\/div>\n<h2><a class=\"link-titlu\" href=\"https:\/\/ziaruldevrancea.ro\/actualitatea\/stiri-locale\/update-vrancea-tanarul-ranit-grav-in-accidentul-de-pe-strada-bucegi-transportat-cu-elicopterul-smurd-la-bucuresti\">UPDATE | Vrancea: T\u00e2n\u0103rul r\u0103nit grav \u00een accidentul de pe strada Bucegi, transportat cu elicopterul SMURD la Bucure\u0219ti<\/a><\/h2>\n<div class=\"date-post\"><a href=\"https:\/\/ziaruldevrancea.ro\/autor\/paul-petrache\">Paul Petrache<\/a>,  4 aug 2026  <\/div>\n<\/div>\n<div class=\"grup-articol-listing\">\n<div class=\"cont-pils\"><a href=\"https:\/\/ziaruldevrancea.ro\/actualitatea\/stiri-locale\/accident-in-focsani-trei-pietoni-loviti-pe-trecerea-de-pietoni-de-un-conducator-de-trotineta-electrica.victimele-au-ajuns-la-upu\"><img decoding=\"async\" src=\"https:\/\/zdvi.cname.ro\/180_135\/actualitatea\/stiri-locale\/accident-in-focsani-trei-pietoni-loviti-pe-trecerea-de-pietoni-de-un-conducator-de-trotineta-electrica.victimele-au-ajuns-la-upu\/mediaPool\/uKQYDBf.jpg\" class=\"img-responsive img-180\" alt><\/a><\/div>\n<h2><a class=\"link-titlu\" href=\"https:\/\/ziaruldevrancea.ro\/actualitatea\/stiri-locale\/accident-in-focsani-trei-pietoni-loviti-pe-trecerea-de-pietoni-de-un-conducator-de-trotineta-electrica.victimele-au-ajuns-la-upu\">Accident \u00een Foc\u0219ani: trei pietoni lovi\u021bi pe trecerea de pietoni de un conduc\u0103tor de trotinet\u0103 electric\u0103.Victimele au ajuns la UPU<\/a><\/h2>\n<div class=\"date-post\"><a href=\"https:\/\/ziaruldevrancea.ro\/autor\/paul-petrache\">Paul Petrache<\/a>,  3 aug 2026  <\/div>\n<\/div>\n<div class=\"grup-articol-listing\">\n<div class=\"cont-pils\"><a href=\"https:\/\/ziaruldevrancea.ro\/special\/politica\/primarul-focsaniului-raspunde-criticilor-privind-reorganizarea-teatrului-maior-gheorghe-pastia\"><img decoding=\"async\" src=\"https:\/\/zdvi.cname.ro\/180_135\/special\/politica\/primarul-focsaniului-raspunde-criticilor-privind-reorganizarea-teatrului-maior-gheorghe-pastia\/mediaPool\/uNhtmwy.jpg\" class=\"img-responsive img-180\" alt><\/a><\/div>\n<h2><a class=\"link-titlu\" href=\"https:\/\/ziaruldevrancea.ro\/special\/politica\/primarul-focsaniului-raspunde-criticilor-privind-reorganizarea-teatrului-maior-gheorghe-pastia\">Primarul Foc\u0219aniului r\u0103spunde criticilor privind reorganizarea Teatrului \u201eMaior Gheorghe Pastia\u201d<\/a><\/h2>\n<div class=\"date-post\"><a href=\"https:\/\/ziaruldevrancea.ro\/autor\/paul-petrache\">Paul Petrache<\/a>,  2 aug 2026  <\/div>\n<\/div>\n<\/div>\n<\/div>\n<\/div>\n<\/div>\n<div class=\"extra-articol listing-anunturi\">\n<h6>Anun\u021buri <span class=\"text-primary\">ZdV<\/span> Premium<\/h6>\n<div class=\"row\">\n<div class=\"col-lg-4 col-md-6 bloc-egal\"><a class=\"card-anunt\" href=\"https:\/\/ziaruldevrancea.ro\/anunturi\/inchirieri\/locuinte-oferte\/Inchiriez-camera-anunt-72823\"><strong class=\"titlu\">Locuin\u021be oferte<\/strong><span class=\"text-anunt\">\u00cenchiriez camer\u0103 la apartament. Rog&#8230;<\/span><span class=\"data-anunt\">03.08.2026  <\/span><\/a><\/div>\n<div class=\"col-lg-4 col-md-6 bloc-egal\"><a class=\"card-anunt\" href=\"https:\/\/ziaruldevrancea.ro\/anunturi\/imobiliare\/vanzari-terenuri\/vand-teren-in-panciu\"><strong class=\"titlu\">V\u00e2nz\u0103ri terenuri<\/strong><span class=\"text-anunt\">Teren Panciu 1170 mp, cu num\u0103r cas\u0103, ap\u0103&#8230;<\/span><span class=\"data-anunt\">29.07.2026  <\/span><\/a><\/div>\n<div class=\"col-lg-4 col-md-6 bloc-egal\"><a class=\"card-anunt\" href=\"https:\/\/ziaruldevrancea.ro\/anunturi\/altele\/anulare-acte\/vand-scrumbii-afumate-capturi-dunare\"><strong class=\"titlu\">Vanzari diverse<\/strong><span class=\"text-anunt\">Pret : 117 lei \/ kg . \u00a0 Este&#8230;<\/span><span class=\"data-anunt\">29.07.2026 , Gala\u021bi , Gala\u021bi<\/span><\/a><\/div>\n<\/div>\n<\/div>\n<div class=\"bloc-widget widget-albastru\">\n    Ziarul de Vrancea \u00a0nu este responsabil juridic pentru con\u0163inutul textelor din comentariile de mai jos. Responsabilitatea pentru mesajele dumneavoastra v\u0103 revine \u00een exclusivitate.\n<\/div>\n<div class=\"comentarii-articol\" id=\"comentarii\">\n<h3>Comentarii: <span class=\"text-primary\">0<\/span><\/h3>\n<p><a href=\"https:\/\/ziaruldevrancea.ro\/promo\/brand-voice\/video-cateva-nimicuri-inainte-de-targul-dam-din-casa-de-astazi-de-latifesti\" class=\"btn btn-success btn-adauga-com\" data-toggle=\"modal\" data-parent=\"0\" data-target=\"#commentModal\">Adaug\u0103 comentariu<\/a><\/p>\n<div class=\"loadMask comments-mask\"><img decoding=\"async\" src=\"https:\/\/zdvs.cname.ro\/images\/loader_40.gif\"><\/div>\n<div class=\"comenteaza-jos\">Trebuie s\u0103 fii <a href=\"https:\/\/ziaruldevrancea.ro\/account\">autentificat<\/a> pentru a putea <a href=\"https:\/\/ziaruldevrancea.ro\/promo\/brand-voice\/video-cateva-nimicuri-inainte-de-targul-dam-din-casa-de-astazi-de-latifesti\" class data-toggle=\"modal\" data-parent=\"0\" data-target=\"#commentModal\">posta un comentariu<\/a>.<\/div>\n<\/div>\n<div class=\"modal fade\" id=\"commentModal\" role=\"dialog\" aria-labelledby=\"commentModalLabel\">\n<div class=\"modal-dialog modal-lg\" role=\"document\">\n<div class=\"modal-content\">\n<div class=\"modal-header\">\n<h3 class=\"modal-title\" id=\"commentModalLabel\">Comenteaz\u0103<\/h3>\n<\/div>\n<div class=\"modal-body\">\n<div class=\"tabel tabel-full\">\n<div class=\"celula\">\n              Trebuie s\u0103 fii <a href=\"https:\/\/ziaruldevrancea.ro\/account\">autentificat<\/a> pentru a putea posta un comentariu.\n            <\/div>\n<\/div>\n<\/div>\n<div class=\"modal-footer\">\n<div id=\"commentPending\" class=\"formPending pull-left\"><img decoding=\"async\" src=\"https:\/\/zdvs.cname.ro\/images\/loader_40.gif\"> In curs de procesare&#8230;<\/div>\n<p><a href=\"https:\/\/ziaruldevrancea.ro\/promo\/brand-voice\/video-cateva-nimicuri-inainte-de-targul-dam-din-casa-de-astazi-de-latifesti\" class=\"btn btn-default\" data-dismiss=\"modal\">Anuleaz\u0103<\/a><\/div>\n<\/div>\n<\/div>\n<\/div>\n<div class=\"modal fade\" id=\"commentReportModal\" role=\"dialog\" aria-labelledby=\"commentReportModalLabel\">\n<div class=\"modal-dialog modal-lg\" role=\"document\">\n<div class=\"modal-content\">\n<div class=\"modal-header\">\n<h3 class=\"modal-title\" id=\"commentReportModalLabel\">Raporteaza comentariu<\/h3>\n<\/div>\n<div class=\"modal-body\">\n<div class=\"tabel tabel-full\">\n<div class=\"celula\">\n              Trebuie s\u0103 fii <a href=\"https:\/\/ziaruldevrancea.ro\/account\">autentificat<\/a> pentru a putea raporta un comentariu.\n            <\/div>\n<\/div>\n<\/div>\n<div class=\"modal-footer\">\n<div id=\"commentReportPending\" class=\"formPending pull-left\"><img decoding=\"async\" src=\"https:\/\/zdvs.cname.ro\/images\/loader_40.gif\"> In curs de procesare&#8230;<\/div>\n<p><a href=\"https:\/\/ziaruldevrancea.ro\/promo\/brand-voice\/video-cateva-nimicuri-inainte-de-targul-dam-din-casa-de-astazi-de-latifesti\" class=\"btn btn-default\" data-dismiss=\"modal\">Anuleaz\u0103<\/a><\/div>\n<\/div>\n<\/div>\n<\/div>\n<div class=\"modal fade\" id=\"commentLikeModal\" role=\"dialog\" aria-labelledby=\"commentLikeModalLabel\">\n<div class=\"modal-dialog modal-lg\" role=\"document\">\n<div class=\"modal-content\">\n<div class=\"modal-header\">\n<h3 class=\"modal-title\" id=\"commentReportModalLabel\">Apreciaza comentariu<\/h3>\n<\/div>\n<div class=\"modal-body\">\n<div class=\"tabel tabel-full\">\n<div class=\"celula\">\n            Trebuie s\u0103 fii <a href=\"https:\/\/ziaruldevrancea.ro\/account\">autentificat<\/a> pentru a putea aprecia un comentariu.\n          <\/div>\n<\/div>\n<\/div>\n<div class=\"modal-footer\"><a href=\"https:\/\/ziaruldevrancea.ro\/promo\/brand-voice\/video-cateva-nimicuri-inainte-de-targul-dam-din-casa-de-astazi-de-latifesti\" class=\"btn btn-default\" data-dismiss=\"modal\">Anuleaz\u0103<\/a><\/div>\n<\/div>\n<\/div>\n<\/div>\n<div class=\"bloc-widget widget-rosu\"><span><small>Ziarul de Vrancea doreste ca acest site sa fie un spatiu al discutiilor civilizate, al comentariilor de bun simt. Din acest motiv, cei care posteaza comentarii la articole trebuie sa respecte urmatoarele reguli:<br \/>\n1. Sa se refere doar la articolul la care posteaza comentarii.<br \/>\n2. Sa foloseasca un limbaj civilizat, fara injurii, calomnii, comentarii antisemite, xenofobe sau rasiste.<br \/>\n3. Sunt interzise atacurile la adresa autorilor, daca acestea nu au legatura cu textul.<br \/>\n4. Username-ul sa nu fie nume de personalitati ale vietii publice sau parodieri ale acestora.<br \/>\nAutorul unui articol poate fi criticat pentru eventuale greseli, incoerenta, lipsa de documentare etc.<br \/>\nNerespectarea regulilor mentionate mai sus va duce la stergerea comentariilor, fara avertisment si fara explicatii.<br \/>\nAbaterile repetate vor avea drept consecinta interdictia accesului la aceasta facilitate a site-ului.<\/small><\/span><\/div>\n<\/div>\n<p>[analyse_source url=&#8221;https:\/\/ziaruldevrancea.ro\/promo\/brand-voice\/video-cateva-nimicuri-inainte-de-targul-dam-din-casa-de-astazi-de-latifesti&#8221;]<\/p>\n","protected":false},"excerpt":{"rendered":"<p>[analyse_image type=&#8221;featured&#8221; src=&#8221;https:\/\/zdvi.cname.ro\/_\/video-cateva-nimicuri-inainte-de-targul-dam-din-casa-de-astazi-de-latifesti\/mediaPool\/uXKL1J5.jpg&#8221;] Brand voice VIDEO | \u201eC\u00e2teva nimicuri\u201d \u00eenainte de t\u00e2rgul \u201eD\u0103m din cas\u0103\u201d de ast\u0103zi de la\u021aife\u0219ti Distribuie: \u00a0 | Paul Petrache 26 iul 2026667 vizualiz\u0103ri \u00a0Cristi Merchea dezv\u0103luie o parte dintre surprizele preg\u0103tite pentru edi\u021bia de ast\u0103zi duminic\u0103 26 iulie 2026 de la \u021aife\u0219ti. \u00a0 Vrancea | Cu doar c\u00e2teva ore \u00eenaintea [&hellip;]<\/p>\n","protected":false},"author":1,"featured_media":0,"comment_status":"open","ping_status":"","sticky":false,"template":"","format":"standard","meta":{"footnotes":""},"categories":[89],"tags":[226,208],"class_list":["post-2076711","post","type-post","status-publish","format-standard","hentry","category-romania","tag-crawlmanager","tag-ziaruldevrancea-ro"],"_links":{"self":[{"href":"https:\/\/analyse.optim.biz\/index.php?rest_route=\/wp\/v2\/posts\/2076711","targetHints":{"allow":["GET"]}}],"collection":[{"href":"https:\/\/analyse.optim.biz\/index.php?rest_route=\/wp\/v2\/posts"}],"about":[{"href":"https:\/\/analyse.optim.biz\/index.php?rest_route=\/wp\/v2\/types\/post"}],"author":[{"embeddable":true,"href":"https:\/\/analyse.optim.biz\/index.php?rest_route=\/wp\/v2\/users\/1"}],"replies":[{"embeddable":true,"href":"https:\/\/analyse.optim.biz\/index.php?rest_route=%2Fwp%2Fv2%2Fcomments&post=2076711"}],"version-history":[{"count":0,"href":"https:\/\/analyse.optim.biz\/index.php?rest_route=\/wp\/v2\/posts\/2076711\/revisions"}],"wp:attachment":[{"href":"https:\/\/analyse.optim.biz\/index.php?rest_route=%2Fwp%2Fv2%2Fmedia&parent=2076711"}],"wp:term":[{"taxonomy":"category","embeddable":true,"href":"https:\/\/analyse.optim.biz\/index.php?rest_route=%2Fwp%2Fv2%2Fcategories&post=2076711"},{"taxonomy":"post_tag","embeddable":true,"href":"https:\/\/analyse.optim.biz\/index.php?rest_route=%2Fwp%2Fv2%2Ftags&post=2076711"}],"curies":[{"name":"wp","href":"https:\/\/api.w.org\/{rel}","templated":true}]}}