{"id":2076708,"date":"2026-07-25T00:00:00","date_gmt":"2026-07-24T21:00:00","guid":{"rendered":"https:\/\/analyse.optim.biz\/?p=2076708"},"modified":"2026-07-25T00:00:00","modified_gmt":"2026-07-24T21:00:00","slug":"video-foto-eleva-bianca-serban-din-focsani-campioana-mondiala-la-wcopa-2026-aur-pentru-vrancea-pe-scena-din-las-vegas","status":"publish","type":"post","link":"https:\/\/analyse.optim.biz\/?p=2076708","title":{"rendered":"VIDEO + Foto | Eleva Bianca \u0218erban din Foc\u0219ani, campioan\u0103 mondial\u0103 la WCOPA 2026. Aur pentru Vrancea pe scena din Las Vegas"},"content":{"rendered":"<p>[analyse_image type=&#8221;featured&#8221; src=&#8221;https:\/\/zdvi.cname.ro\/_\/video&#8211;foto-eleva-bianca-serban-din-focsani-campioana-mondiala-la-wcopa-2026.-aur-pentru-vrancea-pe-scena-din-las-vegas\/mediaPool\/uqLAbe1.jpeg&#8221;]<\/p>\n<div class=\"main-content detaliu-articol\"><a class=\"titlu-cat-list\" href=\"https:\/\/ziaruldevrancea.ro\/promo\/brand-voice\">Brand voice<\/a><\/p>\n<h1>VIDEO + Foto | Eleva Bianca \u0218erban din Foc\u0219ani, campioan\u0103 mondial\u0103 la WCOPA 2026. Aur pentru Vrancea pe scena din Las Vegas<\/h1>\n<div class=\"date-articol clearfix\">\n<div class=\"distribuie-articol dropdown\">\n    Distribuie: \u00a0<br \/>\n    <em>|<\/em><\/div>\n<div class=\"autor-articol\"><a href=\"https:\/\/ziaruldevrancea.ro\/autor\/anca-vasiliu\/\"><img decoding=\"async\" class=\"img-circle\" src=\"https:\/\/zdvi.cname.ro\/50_50\/articleAuthor\/anca-vasiliu\/articleAuthor\/u3OxgX4.PNG\" alt><\/a><\/p>\n<h5><a href=\"https:\/\/ziaruldevrancea.ro\/autor\/anca-vasiliu\/\">Anca Vasiliu<\/a><\/h5>\n<div class=\"grup-spatiere\"><span class=\"cu-spatiere\">25 iul 2026<\/span><span class=\"cu-spatiere\">2473 vizualiz\u0103ri<\/span><\/div>\n<\/div>\n<\/div>\n<div class=\"poza-mare\">\n<div class=\"poza-mare galerie-detaliu\">\n<div id=\"carousel-poza-mare\" class=\"carousel slide carusel-poza\" data-ride=\"carousel\" data-interval=\"0\">\n<div class=\"carousel-inner\" role=\"listbox\">\n<div class=\"item imagine-carusel active\"><a href class=\"openGallery\"><img decoding=\"async\" class=\"img-responsive\" src=\"https:\/\/zdvi.cname.ro\/850_530\/video--foto-eleva-bianca-serban-din-focsani-campioana-mondiala-la-wcopa-2026.-aur-pentru-vrancea-pe-scena-din-las-vegas\/article\/mediaPool\/uqLAbe1.jpeg\" alt><\/a><\/div>\n<div class=\"item imagine-carusel \"><a href class=\"openGallery\"><img decoding=\"async\" class=\"img-responsive\" src=\"https:\/\/zdvi.cname.ro\/850_530\/video--foto-eleva-bianca-serban-din-focsani-campioana-mondiala-la-wcopa-2026.-aur-pentru-vrancea-pe-scena-din-las-vegas\/article\/mediaPool\/uwTulgM.jpeg\" alt><\/a><\/div>\n<div class=\"item imagine-carusel \"><a href class=\"openGallery\"><img decoding=\"async\" class=\"img-responsive\" src=\"https:\/\/zdvi.cname.ro\/850_530\/video--foto-eleva-bianca-serban-din-focsani-campioana-mondiala-la-wcopa-2026.-aur-pentru-vrancea-pe-scena-din-las-vegas\/article\/mediaPool\/uKELzCS.jpeg\" alt><\/a><\/div>\n<div class=\"item imagine-carusel \"><a href class=\"openGallery\"><img decoding=\"async\" class=\"img-responsive\" src=\"https:\/\/zdvi.cname.ro\/850_530\/video--foto-eleva-bianca-serban-din-focsani-campioana-mondiala-la-wcopa-2026.-aur-pentru-vrancea-pe-scena-din-las-vegas\/article\/mediaPool\/u2WrQYY.jpeg\" alt><\/a><\/div>\n<div class=\"item imagine-carusel \"><a href class=\"openGallery\"><img decoding=\"async\" class=\"img-responsive\" src=\"https:\/\/zdvi.cname.ro\/850_530\/video--foto-eleva-bianca-serban-din-focsani-campioana-mondiala-la-wcopa-2026.-aur-pentru-vrancea-pe-scena-din-las-vegas\/article\/mediaPool\/ugoJ8k5.jpeg\" alt><\/a><\/div>\n<div class=\"item imagine-carusel \"><a href class=\"openGallery\"><img decoding=\"async\" class=\"img-responsive\" src=\"https:\/\/zdvi.cname.ro\/850_530\/video--foto-eleva-bianca-serban-din-focsani-campioana-mondiala-la-wcopa-2026.-aur-pentru-vrancea-pe-scena-din-las-vegas\/article\/mediaPool\/ukIttHb.jpeg\" alt><\/a><\/div>\n<div class=\"item imagine-carusel \"><a href class=\"openGallery\"><img decoding=\"async\" class=\"img-responsive\" src=\"https:\/\/zdvi.cname.ro\/850_530\/video--foto-eleva-bianca-serban-din-focsani-campioana-mondiala-la-wcopa-2026.-aur-pentru-vrancea-pe-scena-din-las-vegas\/article\/mediaPool\/u4rZP3h.jpeg\" alt><\/a><\/div>\n<div class=\"item imagine-carusel \"><a href class=\"openGallery\"><img decoding=\"async\" class=\"img-responsive\" src=\"https:\/\/zdvi.cname.ro\/850_530\/video--foto-eleva-bianca-serban-din-focsani-campioana-mondiala-la-wcopa-2026.-aur-pentru-vrancea-pe-scena-din-las-vegas\/article\/mediaPool\/uSeX0xz.jpeg\" alt><\/a><\/div>\n<div class=\"item imagine-carusel \"><a href class=\"openGallery\"><img decoding=\"async\" class=\"img-responsive\" src=\"https:\/\/zdvi.cname.ro\/850_530\/video--foto-eleva-bianca-serban-din-focsani-campioana-mondiala-la-wcopa-2026.-aur-pentru-vrancea-pe-scena-din-las-vegas\/article\/mediaPool\/um709TF.jpeg\" alt><\/a><\/div>\n<\/div>\n<\/div>\n<div id=\"carousel-poze-mici\" class=\"carousel slide carusel-mici\" data-ride=\"carousel\" data-interval=\"0\">\n<div class=\"carousel-inner\" role=\"listbox\">\n<div class=\"item active\">\n<ul class=\"navigare-carusel-imagini\">\n<li data-target=\"#carousel-poza-mare\" data-slide-to=\"0\"><img decoding=\"async\" class=\"img-responsive\" src=\"https:\/\/zdvi.cname.ro\/_90\/video--foto-eleva-bianca-serban-din-focsani-campioana-mondiala-la-wcopa-2026.-aur-pentru-vrancea-pe-scena-din-las-vegas\/article\/mediaPool\/uqLAbe1.jpeg\" alt><\/li>\n<li data-target=\"#carousel-poza-mare\" data-slide-to=\"1\"><img decoding=\"async\" class=\"img-responsive\" src=\"https:\/\/zdvi.cname.ro\/_90\/video--foto-eleva-bianca-serban-din-focsani-campioana-mondiala-la-wcopa-2026.-aur-pentru-vrancea-pe-scena-din-las-vegas\/article\/mediaPool\/uwTulgM.jpeg\" alt><\/li>\n<li data-target=\"#carousel-poza-mare\" data-slide-to=\"2\"><img decoding=\"async\" class=\"img-responsive\" src=\"https:\/\/zdvi.cname.ro\/_90\/video--foto-eleva-bianca-serban-din-focsani-campioana-mondiala-la-wcopa-2026.-aur-pentru-vrancea-pe-scena-din-las-vegas\/article\/mediaPool\/uKELzCS.jpeg\" alt><\/li>\n<li data-target=\"#carousel-poza-mare\" data-slide-to=\"3\"><img decoding=\"async\" class=\"img-responsive\" src=\"https:\/\/zdvi.cname.ro\/_90\/video--foto-eleva-bianca-serban-din-focsani-campioana-mondiala-la-wcopa-2026.-aur-pentru-vrancea-pe-scena-din-las-vegas\/article\/mediaPool\/u2WrQYY.jpeg\" alt><\/li>\n<li data-target=\"#carousel-poza-mare\" data-slide-to=\"4\"><img decoding=\"async\" class=\"img-responsive\" src=\"https:\/\/zdvi.cname.ro\/_90\/video--foto-eleva-bianca-serban-din-focsani-campioana-mondiala-la-wcopa-2026.-aur-pentru-vrancea-pe-scena-din-las-vegas\/article\/mediaPool\/ugoJ8k5.jpeg\" alt><\/li>\n<\/ul>\n<\/div>\n<div class=\"item \">\n<ul class=\"navigare-carusel-imagini\">\n<li data-target=\"#carousel-poza-mare\" data-slide-to=\"5\"><img decoding=\"async\" class=\"img-responsive\" src=\"https:\/\/zdvi.cname.ro\/_90\/video--foto-eleva-bianca-serban-din-focsani-campioana-mondiala-la-wcopa-2026.-aur-pentru-vrancea-pe-scena-din-las-vegas\/article\/mediaPool\/ukIttHb.jpeg\" alt><\/li>\n<li data-target=\"#carousel-poza-mare\" data-slide-to=\"6\"><img decoding=\"async\" class=\"img-responsive\" src=\"https:\/\/zdvi.cname.ro\/_90\/video--foto-eleva-bianca-serban-din-focsani-campioana-mondiala-la-wcopa-2026.-aur-pentru-vrancea-pe-scena-din-las-vegas\/article\/mediaPool\/u4rZP3h.jpeg\" alt><\/li>\n<li data-target=\"#carousel-poza-mare\" data-slide-to=\"7\"><img decoding=\"async\" class=\"img-responsive\" src=\"https:\/\/zdvi.cname.ro\/_90\/video--foto-eleva-bianca-serban-din-focsani-campioana-mondiala-la-wcopa-2026.-aur-pentru-vrancea-pe-scena-din-las-vegas\/article\/mediaPool\/uSeX0xz.jpeg\" alt><\/li>\n<li data-target=\"#carousel-poza-mare\" data-slide-to=\"8\"><img decoding=\"async\" class=\"img-responsive\" src=\"https:\/\/zdvi.cname.ro\/_90\/video--foto-eleva-bianca-serban-din-focsani-campioana-mondiala-la-wcopa-2026.-aur-pentru-vrancea-pe-scena-din-las-vegas\/article\/mediaPool\/um709TF.jpeg\" alt><\/li>\n<\/ul>\n<\/div>\n<\/div>\n<p><a class=\"control left\" href=\"https:\/\/ziaruldevrancea.ro\/promo\/brand-voice\/video--foto-eleva-bianca-serban-din-focsani-campioana-mondiala-la-wcopa-2026.-aur-pentru-vrancea-pe-scena-din-las-vegas#carousel-poze-mici\" role=\"button\" data-slide=\"prev\"><span class=\"sr-only\">Previous<\/span><\/a><a class=\"control right\" href=\"https:\/\/ziaruldevrancea.ro\/promo\/brand-voice\/video--foto-eleva-bianca-serban-din-focsani-campioana-mondiala-la-wcopa-2026.-aur-pentru-vrancea-pe-scena-din-las-vegas#carousel-poze-mici\" role=\"button\" data-slide=\"next\"><span class=\"sr-only\">Next<\/span><\/a><\/div>\n<\/div>\n<\/div>\n<p><strong>Bianca \u0218erban, elev\u0103 a Colegiului Na\u021bional Pedagogic \u201eSpiru Haret\u201d din Foc\u0219ani, a ob\u021binut dou\u0103 medalii de aur, trei de argint \u0219i titlul de campioan\u0103 mondial\u0103 la World Championship of Performing Arts (WCOPA), competi\u021bie desf\u0103\u0219urat\u0103 \u00een Las Vegas, SUA, unde au participat tineri arti\u0219ti din peste 70 de \u021b\u0103ri.<\/strong><\/p>\n<p><strong>Eleva Bianca \u0218erban din Foc\u0219ani, campioan\u0103 mondial\u0103 la WCOPA 2026. Aur pentru Vrancea pe scena din Las Vegas<\/strong><\/p>\n<p>O nou\u0103 performan\u021b\u0103 interna\u021bional\u0103 aduce numele Foc\u0219aniului \u0219i al jude\u021bului Vrancea \u00een aten\u021bia lumii artelor spectacolului. Bianca \u0218erban, elev\u0103 a Colegiului Na\u021bional Pedagogic \u201eSpiru Haret\u201d din Foc\u0219ani, a ob\u021binut rezultate remarcabile la <strong>WCOPA \u2013 World Championship of Performing Arts 2026<\/strong>, competi\u021bie considerat\u0103 una dintre cele mai importante la nivel mondial \u00een domeniul artelor spectacolului.<\/p>\n<iframe loading=\"lazy\" frameborder height=\"560\" scrolling=\"no\" src=\"https:\/\/www.youtube.com\/embed\/gLxvMQfW2tg?si=L2O1fRTJnusJ-Uae\" width=\"100%\"><\/iframe>\n<p>Potrivit informa\u021biilor \u0219i materialelor foto-video transmise redac\u021biei <strong>Ziarului de Vrancea<\/strong>, t\u00e2n\u0103ra foc\u0219\u0103neanc\u0103 s-a \u00eentors din Statele Unite ale Americii cu un palmares impresionant: <strong>dou\u0103 medalii de aur, trei medalii de argint, o medalie pentru calificarea \u00een semifinal\u0103, o medalie pentru calificarea \u00een Finala Campionilor \u0219i placheta de Campioan\u0103 Mondial\u0103 la modeling<\/strong>.<\/p>\n<p><strong>O competi\u021bie cu participan\u021bi din peste 70 de \u021b\u0103ri<\/strong><\/p>\n<p>Campionatul Mondial al Artelor Spectacolului reune\u0219te anual mii de concuren\u021bi din peste 70 de state, care evolueaz\u0103 \u00een fa\u021ba unui juriu format din profesioni\u0219ti ai industriei mondiale de divertisment.<\/p>\n<p>Bianca \u0218erban a concurat la categoria <strong>Seniori 16-17 ani<\/strong>, at\u00e2t \u00een faza preliminar\u0103, c\u00e2t \u0219i \u00een semifinale. Prin rezultatele ob\u021binute, ea \u0219i-a c\u00e2\u0219tigat locul \u00een <strong>Showcase of Champions \u2013 Marea Final\u0103 a Campionilor<\/strong>, etap\u0103 rezervat\u0103 celor mai bine clasa\u021bi concuren\u021bi ai competi\u021biei.<\/p>\n<p>Performan\u021ba este cu at\u00e2t mai important\u0103 cu c\u00e2t finala \u0219i ceremonia de premiere s-au desf\u0103\u0219urat pe scena celebrului <strong>International Theater din Las Vegas<\/strong>, o sal\u0103 cu o \u00eenc\u0103rc\u0103tur\u0103 simbolic\u0103 aparte, cunoscut\u0103 pentru faptul c\u0103 aici legendarul Elvis Presley a sus\u021binut sute de spectacole consecutive.<\/p>\n<p><strong>Rezultatele ob\u021binute de Bianca \u0218erban<\/strong><\/p>\n<p>Palmaresul sportivei \u0219i artistei din Foc\u0219ani include:<\/p>\n<ul>\n<li>\u00a0Medalie de aur \u2013 <strong>Balet<\/strong>;<\/li>\n<li>\u00a0Medalie de aur \u2013 <strong>Modeling Casual<\/strong>;<\/li>\n<li>\u00a0Medalie de argint \u2013 <strong>Modeling Pageant<\/strong>;<\/li>\n<li>\u00a0Medalie de argint \u2013 <strong>Modeling Formal<\/strong>;<\/li>\n<li>\u00a0Medalie de argint \u2013 <strong>Modeling Swimsuit<\/strong>;<\/li>\n<li>\u00a0Medalie de calificare \u00een semifinal\u0103;<\/li>\n<li>\u00a0Medalie de calificare \u00een <strong>Showcase of Champions<\/strong>;<\/li>\n<li><strong>Placheta de Campioan\u0103 Mondial\u0103 la Modeling<\/strong>.<\/li>\n<\/ul>\n<p><strong>\u00cen fa\u021ba unui juriu format din profesioni\u0219ti ai industriei mondiale de divertisment<\/strong><\/p>\n<p>Competi\u021bia a fost arbitrat\u0103 de un juriu interna\u021bional alc\u0103tuit din produc\u0103tori, manageri de talente, directori de casting, coregrafi, reprezentan\u021bi ai unor importante agen\u021bii de modeling, compozitori \u0219i executivi din industria filmului, televiziunii \u0219i muzicii.<\/p>\n<p>Potrivit organizatorilor, printre experien\u021bele profesionale ale membrilor juriului se num\u0103r\u0103 colabor\u0103ri cu arti\u0219ti precum <strong>Michael Jackson, Christina Aguilera, C\u00e9line Dion, Whitney Houston, Beyonc\u00e9, Justin Timberlake<\/strong> \u0219i <strong>Lady Gaga<\/strong>, dar \u0219i cu studiouri de film \u0219i agen\u021bii de modeling de renume din Hollywood.<\/p>\n<p><strong>O confirmare a unui parcurs interna\u021bional \u00eenceput \u00een anii anteriori<\/strong><\/p>\n<p>Succesul din Las Vegas vine dup\u0103 alte rezultate importante ob\u021binute de Bianca \u0218erban \u00een competi\u021bii interna\u021bionale.<\/p>\n<p>\u00cen septembrie 2025, <strong>Ziarul de Vrancea<\/strong> relata c\u0103 Bianca \u0219i fratele s\u0103u, Rare\u0219 \u0218erban, au urcat pe podium la concursul <strong>\u201eThe Best Model of the Universe\u201d<\/strong>, desf\u0103\u0219urat \u00een apropiere de Barcelona. Atunci, Bianca a ob\u021binut titlul de <strong>\u201eBest Photomodel of Universe\u201d<\/strong> la categoria sa de v\u00e2rst\u0103, iar Rare\u0219 \u0218erban a fost desemnat <strong>\u201ePopularity Winner\u201d<\/strong>, clas\u00e2ndu-se \u0219i pe locul al doilea \u00een competi\u021bia destinat\u0103 juniorilor.<\/p>\n<p>Tot \u00een paginile cotidianului nostru, \u00een februarie 2025, era anun\u021bat\u0103 selec\u021bia Bianc\u0103i pentru reprezentarea Rom\u00e2niei la Campionatul Mondial al Artelor Spectacolului, \u00een urma rezultatelor ob\u021binute \u00een concursuri na\u021bionale \u0219i interna\u021bionale de modeling \u0219i frumuse\u021be.<\/p>\n<p>La acel moment, Bianca declara c\u0103 \u00ee\u0219i dore\u0219te s\u0103 demonstreze c\u0103 performan\u021ba poate fi atins\u0103 at\u00e2t \u00een activit\u0103\u021bile \u0219colare, c\u00e2t \u0219i \u00een cele extra\u0219colare, prin munc\u0103, disciplin\u0103 \u0219i perseveren\u021b\u0103.<\/p>\n<p><strong>Un nou rezultat important pentru Foc\u0219ani \u0219i Vrancea<\/strong><\/p>\n<p>Rezultatele ob\u021binute la WCOPA 2026 reprezint\u0103 o nou\u0103 confirmare a parcursului interna\u021bional al tinerei din Foc\u0219ani \u0219i adaug\u0103 \u00eenc\u0103 o performan\u021b\u0103 \u00een palmaresul unei sportive \u0219i artiste care, de-a lungul anilor, a combinat activitatea \u0219colar\u0103 cu baletul, modelingul \u0219i participarea la competi\u021bii interna\u021bionale.<\/p>\n<p>Prin aceast\u0103 participare, numele municipiului Foc\u0219ani \u0219i al jude\u021bului Vrancea a fost prezent pe scena uneia dintre cele mai cunoscute competi\u021bii dedicate artelor spectacolului, desf\u0103\u0219urat\u0103 anul acesta la Las Vegas, \u00een statul Nevada (SUA).<\/p>\n<p><strong>Anca Vasiliu<\/strong><\/p>\n<p><strong>Citi\u021bi \u0219i:<\/strong><strong><a href=\"https:\/\/www.ziaruldevrancea.ro\/promo\/brand-voice\/bianca-andreea-serban-eleva-in-clasa-a-viii-a-la-colegiul-national-pedagogic-focsani-va-reprezenta-romania-la-campionatul-mondial-al-artelor-spectacolului-in-sua\" target=\"_blank\">O elev\u0103 \u00een clasa a VIII-a la CN Pedagogic Foc\u0219ani reprezint\u0103 Rom\u00e2nia, la \u201eCampionatul Mondial al Artelor Spectacolului\u201d \u00een SUA<\/a>;<\/strong><\/p>\n<p><strong><a href=\"https:\/\/www.ziaruldevrancea.ro\/promo\/evenimente-speciale\/video--foto-focsani-fratii-bianca-si-rares-serban-au-cucerit-podiumul-la-the-best-model-of-the-universe-din-barcelona\" target=\"_blank\">VIDEO + Foto | Fra\u021bii Bianca \u0219i Rare\u0219 \u0218erban din Foc\u0219ani au cucerit podiumul la \u201eThe Best Model of the Universe\u201d din Barcelona<\/a>;<\/strong><\/p>\n<p><strong><a href=\"https:\/\/www.ziaruldevrancea.ro\/promo\/brand-voice\/focsaneanca-de-doar-10-ani-natalia-barladeanu-campioana-mondiala-la-wcopa-2026-dupa-o-serie-impresionanta-de-premii-la-las-vegas\" target=\"_blank\">Foc\u0219\u0103neanca de doar 10 ani, Natalia B\u00e2rl\u0103deanu, campioan\u0103 mondial\u0103 la WCOPA 2026, dup\u0103 o serie impresionant\u0103 de premii la Las Vegas<\/a><\/strong><\/p>\n<hr>\n<div class=\"bloc-widget widget-rosu\">\n<p>\u00cen lipsa unui acord scris din partea Ziarului de Vrancea, pute\u0163i prelua maxim 500 de caractere din acest articol dac\u0103 preciza\u0163i sursa \u015fi insera\u0163i vizibil link-ul articolului:\u00a0<span>#insertcurrentlinkhere<\/span><\/p>\n<\/div>\n<div class=\"extra-articol listing-anunturi\">\n<h6>Anun\u021buri <span class=\"text-primary\">ZdV<\/span> Premium<\/h6>\n<div class=\"row\">\n<div class=\"col-lg-4 col-md-6 bloc-egal\"><a class=\"card-anunt\" href=\"https:\/\/ziaruldevrancea.ro\/anunturi\/altele\/servicii\/caut-o-persoana-sau-o-familie-pentru-ingrijirea-unei-batrane\"><strong class=\"titlu\">Servicii<\/strong><span class=\"text-anunt\">Caut o persoan\u0103\u00a0sau o familie serioas\u0103&#8230;<\/span><span class=\"data-anunt\">04.08.2026  <\/span><\/a><\/div>\n<div class=\"col-lg-4 col-md-6 bloc-egal\"><a class=\"card-anunt\" href=\"https:\/\/ziaruldevrancea.ro\/anunturi\/imobiliare\/vanzari-ap-2-camere\/vand-apartament-2-camere-in-focsani-anunt-72825\"><strong class=\"titlu\">V\u00e2nz\u0103ri ap 2 camere<\/strong><span class=\"text-anunt\">V\u00e2nd apartament 2 camere, hol p\u0103trat,&#8230;<\/span><span class=\"data-anunt\">04.08.2026  <\/span><\/a><\/div>\n<div class=\"col-lg-4 col-md-6 bloc-egal\"><a class=\"card-anunt\" href=\"https:\/\/ziaruldevrancea.ro\/anunturi\/angajari\/oferte-angajari\/angajam-asistente-medicale\"><strong class=\"titlu\">Oferte<\/strong><span class=\"text-anunt\">Crucea Ro\u0219ie Vrancea angajeaz\u0103 asistente\u00a0&#8230;<\/span><span class=\"data-anunt\">04.08.2026  <\/span><\/a><\/div>\n<\/div>\n<\/div>\n<div class=\"extra-articol alte-articole\">\n<div class=\"row\">\n<div class=\"col-lg-6 bloc-egal\">\n<div class=\"card articol-listing\">\n<h6>\u00cen categoria <a href=\"https:\/\/ziaruldevrancea.ro\/promo\/brand-voice\">Brand voice<\/a><\/h6>\n<div class=\"grup-articol-listing\">\n<div class=\"cont-pils\"><a href=\"https:\/\/ziaruldevrancea.ro\/promo\/brand-voice\/video-agenda-saptamanii-3-9-august-2026-in-vrancea\"><img decoding=\"async\" src=\"https:\/\/zdvi.cname.ro\/180_135\/promo\/brand-voice\/video-agenda-saptamanii-3-9-august-2026-in-vrancea\/mediaPool\/ukNuNqV.jpg\" class=\"img-responsive img-180\" alt><\/a><\/div>\n<h2><a class=\"link-titlu\" href=\"https:\/\/ziaruldevrancea.ro\/promo\/brand-voice\/video-agenda-saptamanii-3-9-august-2026-in-vrancea\">VIDEO | Agenda s\u0103pt\u0103m\u00e2nii 3\u20139 august 2026 \u00een Vrancea<\/a><\/h2>\n<div class=\"date-post\"><a href=\"https:\/\/ziaruldevrancea.ro\/autor\/radu-tomescu\">Radu Tomescu<\/a>,  4 aug 2026  <\/div>\n<\/div>\n<div class=\"grup-articol-listing\">\n<div class=\"cont-pils\"><a href=\"https:\/\/ziaruldevrancea.ro\/promo\/brand-voice\/20-de-tineri-din-vrancea-descopera-europa-cu-trenul-prin-erasmus\"><img decoding=\"async\" src=\"https:\/\/zdvi.cname.ro\/180_135\/promo\/brand-voice\/20-de-tineri-din-vrancea-descopera-europa-cu-trenul-prin-erasmus\/mediaPool\/uVsSv09.jpg\" class=\"img-responsive img-180\" alt><\/a><\/div>\n<h2><a class=\"link-titlu\" href=\"https:\/\/ziaruldevrancea.ro\/promo\/brand-voice\/20-de-tineri-din-vrancea-descopera-europa-cu-trenul-prin-erasmus\">20 de tineri din Vrancea descoper\u0103 Europa cu trenul prin Erasmus+<\/a><\/h2>\n<div class=\"date-post\"><a href=\"https:\/\/ziaruldevrancea.ro\/autor\/maria-bratu\">Maria BRATU<\/a>,  4 aug 2026  <\/div>\n<\/div>\n<div class=\"grup-articol-listing\">\n<div class=\"cont-pils\"><a href=\"https:\/\/ziaruldevrancea.ro\/promo\/brand-voice\/investigatii-complete-pentru-sanatatea-femeii-disponibile-in-vrancea-la-acelasi-medic-specialist\"><img decoding=\"async\" src=\"https:\/\/zdvi.cname.ro\/180_135\/promo\/brand-voice\/investigatii-complete-pentru-sanatatea-femeii-disponibile-in-vrancea-la-acelasi-medic-specialist\/mediaPool\/ui2xC62.PNG\" class=\"img-responsive img-180\" alt><\/a><\/div>\n<h2><a class=\"link-titlu\" href=\"https:\/\/ziaruldevrancea.ro\/promo\/brand-voice\/investigatii-complete-pentru-sanatatea-femeii-disponibile-in-vrancea-la-acelasi-medic-specialist\">Investiga\u021bii complete pentru s\u0103n\u0103tatea femeii, disponibile \u00een Vrancea la acela\u0219i medic specialist<\/a><\/h2>\n<div class=\"date-post\"><a href=\"https:\/\/ziaruldevrancea.ro\/autor\/camelia-marin\">Camelia Marin<\/a>,  4 aug 2026  <\/div>\n<\/div>\n<\/div>\n<\/div>\n<div class=\"col-lg-6 bloc-egal\">\n<div class=\"card articol-listing\">\n<h6>De acela\u0219i <a href=\"https:\/\/ziaruldevrancea.ro\/autor\/anca-vasiliu\/\">autor<\/a><\/h6>\n<div class=\"grup-articol-listing\">\n<div class=\"cont-pils\"><a href=\"https:\/\/ziaruldevrancea.ro\/promo\/evenimente-speciale\/vrancea-marcheaza-109-ani-de-la-batalia-de-la-marasesti.-programul-complet-al-ceremoniilor-de-la-mausoleele-eroilor-din-marasesti-si-focsani\"><img decoding=\"async\" src=\"https:\/\/zdvi.cname.ro\/180_135\/promo\/evenimente-speciale\/vrancea-marcheaza-109-ani-de-la-batalia-de-la-marasesti.-programul-complet-al-ceremoniilor-de-la-mausoleele-eroilor-din-marasesti-si-focsani\/mediaPool\/uxIPXt5.jpeg\" class=\"img-responsive img-180\" alt><\/a><\/div>\n<h2><a class=\"link-titlu\" href=\"https:\/\/ziaruldevrancea.ro\/promo\/evenimente-speciale\/vrancea-marcheaza-109-ani-de-la-batalia-de-la-marasesti.-programul-complet-al-ceremoniilor-de-la-mausoleele-eroilor-din-marasesti-si-focsani\">Vrancea marcheaz\u0103 109 ani de la B\u0103t\u0103lia de la M\u0103r\u0103\u0219e\u0219ti. Programul complet al ceremoniilor de la Mausoleele Eroilor din M\u0103r\u0103\u0219e\u0219ti \u0219i Foc\u0219ani<\/a><\/h2>\n<div class=\"date-post\"><a href=\"https:\/\/ziaruldevrancea.ro\/autor\/anca-vasiliu\">Anca Vasiliu<\/a>,  4 aug 2026  <\/div>\n<\/div>\n<div class=\"grup-articol-listing\">\n<div class=\"cont-pils\"><a href=\"https:\/\/ziaruldevrancea.ro\/timp-liber\/seara-de-film-si-cantec-in-parcul-nicolae-balcescu-din-focsani\"><img decoding=\"async\" src=\"https:\/\/zdvi.cname.ro\/180_135\/timp-liber\/seara-de-film-si-cantec-in-parcul-nicolae-balcescu-din-focsani\/mediaPool\/uLIUWFA.jpg\" class=\"img-responsive img-180\" alt><\/a><\/div>\n<h2><a class=\"link-titlu\" href=\"https:\/\/ziaruldevrancea.ro\/timp-liber\/seara-de-film-si-cantec-in-parcul-nicolae-balcescu-din-focsani\">\u201eSear\u0103 de film \u0219i c\u00e2ntec\u201d \u00een Parcul \u201eNicolae B\u0103lcescu\u201d din Foc\u0219ani<\/a><\/h2>\n<div class=\"date-post\"><a href=\"https:\/\/ziaruldevrancea.ro\/autor\/anca-vasiliu\">Anca Vasiliu<\/a>,  2 aug 2026  <\/div>\n<\/div>\n<div class=\"grup-articol-listing\">\n<div class=\"cont-pils\"><a href=\"https:\/\/ziaruldevrancea.ro\/special\/social\/rmn-ul-spitalului-judetean-focsani-revine-in-functiune-din-1-august\"><img decoding=\"async\" src=\"https:\/\/zdvi.cname.ro\/180_135\/special\/social\/rmn-ul-spitalului-judetean-focsani-revine-in-functiune-din-1-august\/mediaPool\/uDvgVIV.jpg\" class=\"img-responsive img-180\" alt><\/a><\/div>\n<h2><a class=\"link-titlu\" href=\"https:\/\/ziaruldevrancea.ro\/special\/social\/rmn-ul-spitalului-judetean-focsani-revine-in-functiune-din-1-august\">RMN-ul Spitalului Jude\u021bean Foc\u0219ani revine \u00een func\u021biune din 1 august<\/a><\/h2>\n<div class=\"date-post\"><a href=\"https:\/\/ziaruldevrancea.ro\/autor\/anca-vasiliu\">Anca Vasiliu<\/a>, 31 iul 2026  <\/div>\n<\/div>\n<\/div>\n<\/div>\n<\/div>\n<\/div>\n<div class=\"extra-articol listing-anunturi\">\n<h6>Anun\u021buri <span class=\"text-primary\">ZdV<\/span> Premium<\/h6>\n<div class=\"row\">\n<div class=\"col-lg-4 col-md-6 bloc-egal\"><a class=\"card-anunt\" href=\"https:\/\/ziaruldevrancea.ro\/anunturi\/inchirieri\/locuinte-oferte\/Inchiriez-camera-anunt-72823\"><strong class=\"titlu\">Locuin\u021be oferte<\/strong><span class=\"text-anunt\">\u00cenchiriez camer\u0103 la apartament. Rog&#8230;<\/span><span class=\"data-anunt\">03.08.2026  <\/span><\/a><\/div>\n<div class=\"col-lg-4 col-md-6 bloc-egal\"><a class=\"card-anunt\" href=\"https:\/\/ziaruldevrancea.ro\/anunturi\/imobiliare\/vanzari-terenuri\/vand-teren-in-panciu\"><strong class=\"titlu\">V\u00e2nz\u0103ri terenuri<\/strong><span class=\"text-anunt\">Teren Panciu 1170 mp, cu num\u0103r cas\u0103, ap\u0103&#8230;<\/span><span class=\"data-anunt\">29.07.2026  <\/span><\/a><\/div>\n<div class=\"col-lg-4 col-md-6 bloc-egal\"><a class=\"card-anunt\" href=\"https:\/\/ziaruldevrancea.ro\/anunturi\/altele\/anulare-acte\/vand-scrumbii-afumate-capturi-dunare\"><strong class=\"titlu\">Vanzari diverse<\/strong><span class=\"text-anunt\">Pret : 117 lei \/ kg . \u00a0 Este&#8230;<\/span><span class=\"data-anunt\">29.07.2026 , Gala\u021bi , Gala\u021bi<\/span><\/a><\/div>\n<\/div>\n<\/div>\n<div class=\"bloc-widget widget-albastru\">\n    Ziarul de Vrancea \u00a0nu este responsabil juridic pentru con\u0163inutul textelor din comentariile de mai jos. Responsabilitatea pentru mesajele dumneavoastra v\u0103 revine \u00een exclusivitate.\n<\/div>\n<div class=\"comentarii-articol\" id=\"comentarii\">\n<h3>Comentarii: <span class=\"text-primary\">0<\/span><\/h3>\n<p><a href=\"https:\/\/ziaruldevrancea.ro\/promo\/brand-voice\/video--foto-eleva-bianca-serban-din-focsani-campioana-mondiala-la-wcopa-2026.-aur-pentru-vrancea-pe-scena-din-las-vegas\" class=\"btn btn-success btn-adauga-com\" data-toggle=\"modal\" data-parent=\"0\" data-target=\"#commentModal\">Adaug\u0103 comentariu<\/a><\/p>\n<div class=\"loadMask comments-mask\"><img decoding=\"async\" src=\"https:\/\/zdvs.cname.ro\/images\/loader_40.gif\"><\/div>\n<div class=\"comenteaza-jos\">Trebuie s\u0103 fii <a href=\"https:\/\/ziaruldevrancea.ro\/account\">autentificat<\/a> pentru a putea <a href=\"https:\/\/ziaruldevrancea.ro\/promo\/brand-voice\/video--foto-eleva-bianca-serban-din-focsani-campioana-mondiala-la-wcopa-2026.-aur-pentru-vrancea-pe-scena-din-las-vegas\" class data-toggle=\"modal\" data-parent=\"0\" data-target=\"#commentModal\">posta un comentariu<\/a>.<\/div>\n<\/div>\n<div class=\"modal fade\" id=\"commentModal\" role=\"dialog\" aria-labelledby=\"commentModalLabel\">\n<div class=\"modal-dialog modal-lg\" role=\"document\">\n<div class=\"modal-content\">\n<div class=\"modal-header\">\n<h3 class=\"modal-title\" id=\"commentModalLabel\">Comenteaz\u0103<\/h3>\n<\/div>\n<div class=\"modal-body\">\n<div class=\"tabel tabel-full\">\n<div class=\"celula\">\n              Trebuie s\u0103 fii <a href=\"https:\/\/ziaruldevrancea.ro\/account\">autentificat<\/a> pentru a putea posta un comentariu.\n            <\/div>\n<\/div>\n<\/div>\n<div class=\"modal-footer\">\n<div id=\"commentPending\" class=\"formPending pull-left\"><img decoding=\"async\" src=\"https:\/\/zdvs.cname.ro\/images\/loader_40.gif\"> In curs de procesare&#8230;<\/div>\n<p><a href=\"https:\/\/ziaruldevrancea.ro\/promo\/brand-voice\/video--foto-eleva-bianca-serban-din-focsani-campioana-mondiala-la-wcopa-2026.-aur-pentru-vrancea-pe-scena-din-las-vegas\" class=\"btn btn-default\" data-dismiss=\"modal\">Anuleaz\u0103<\/a><\/div>\n<\/div>\n<\/div>\n<\/div>\n<div class=\"modal fade\" id=\"commentReportModal\" role=\"dialog\" aria-labelledby=\"commentReportModalLabel\">\n<div class=\"modal-dialog modal-lg\" role=\"document\">\n<div class=\"modal-content\">\n<div class=\"modal-header\">\n<h3 class=\"modal-title\" id=\"commentReportModalLabel\">Raporteaza comentariu<\/h3>\n<\/div>\n<div class=\"modal-body\">\n<div class=\"tabel tabel-full\">\n<div class=\"celula\">\n              Trebuie s\u0103 fii <a href=\"https:\/\/ziaruldevrancea.ro\/account\">autentificat<\/a> pentru a putea raporta un comentariu.\n            <\/div>\n<\/div>\n<\/div>\n<div class=\"modal-footer\">\n<div id=\"commentReportPending\" class=\"formPending pull-left\"><img decoding=\"async\" src=\"https:\/\/zdvs.cname.ro\/images\/loader_40.gif\"> In curs de procesare&#8230;<\/div>\n<p><a href=\"https:\/\/ziaruldevrancea.ro\/promo\/brand-voice\/video--foto-eleva-bianca-serban-din-focsani-campioana-mondiala-la-wcopa-2026.-aur-pentru-vrancea-pe-scena-din-las-vegas\" class=\"btn btn-default\" data-dismiss=\"modal\">Anuleaz\u0103<\/a><\/div>\n<\/div>\n<\/div>\n<\/div>\n<div class=\"modal fade\" id=\"commentLikeModal\" role=\"dialog\" aria-labelledby=\"commentLikeModalLabel\">\n<div class=\"modal-dialog modal-lg\" role=\"document\">\n<div class=\"modal-content\">\n<div class=\"modal-header\">\n<h3 class=\"modal-title\" id=\"commentReportModalLabel\">Apreciaza comentariu<\/h3>\n<\/div>\n<div class=\"modal-body\">\n<div class=\"tabel tabel-full\">\n<div class=\"celula\">\n            Trebuie s\u0103 fii <a href=\"https:\/\/ziaruldevrancea.ro\/account\">autentificat<\/a> pentru a putea aprecia un comentariu.\n          <\/div>\n<\/div>\n<\/div>\n<div class=\"modal-footer\"><a href=\"https:\/\/ziaruldevrancea.ro\/promo\/brand-voice\/video--foto-eleva-bianca-serban-din-focsani-campioana-mondiala-la-wcopa-2026.-aur-pentru-vrancea-pe-scena-din-las-vegas\" class=\"btn btn-default\" data-dismiss=\"modal\">Anuleaz\u0103<\/a><\/div>\n<\/div>\n<\/div>\n<\/div>\n<div class=\"bloc-widget widget-rosu\"><span><small>Ziarul de Vrancea doreste ca acest site sa fie un spatiu al discutiilor civilizate, al comentariilor de bun simt. Din acest motiv, cei care posteaza comentarii la articole trebuie sa respecte urmatoarele reguli:<br \/>\n1. Sa se refere doar la articolul la care posteaza comentarii.<br \/>\n2. Sa foloseasca un limbaj civilizat, fara injurii, calomnii, comentarii antisemite, xenofobe sau rasiste.<br \/>\n3. Sunt interzise atacurile la adresa autorilor, daca acestea nu au legatura cu textul.<br \/>\n4. Username-ul sa nu fie nume de personalitati ale vietii publice sau parodieri ale acestora.<br \/>\nAutorul unui articol poate fi criticat pentru eventuale greseli, incoerenta, lipsa de documentare etc.<br \/>\nNerespectarea regulilor mentionate mai sus va duce la stergerea comentariilor, fara avertisment si fara explicatii.<br \/>\nAbaterile repetate vor avea drept consecinta interdictia accesului la aceasta facilitate a site-ului.<\/small><\/span><\/div>\n<\/div>\n<p>[analyse_source url=&#8221;https:\/\/ziaruldevrancea.ro\/promo\/brand-voice\/video&#8211;foto-eleva-bianca-serban-din-focsani-campioana-mondiala-la-wcopa-2026.-aur-pentru-vrancea-pe-scena-din-las-vegas&#8221;]<\/p>\n","protected":false},"excerpt":{"rendered":"<p>[analyse_image type=&#8221;featured&#8221; src=&#8221;https:\/\/zdvi.cname.ro\/_\/video&#8211;foto-eleva-bianca-serban-din-focsani-campioana-mondiala-la-wcopa-2026.-aur-pentru-vrancea-pe-scena-din-las-vegas\/mediaPool\/uqLAbe1.jpeg&#8221;] Brand voice VIDEO + Foto | Eleva Bianca \u0218erban din Foc\u0219ani, campioan\u0103 mondial\u0103 la WCOPA 2026. Aur pentru Vrancea pe scena din Las Vegas Distribuie: \u00a0 | Anca Vasiliu 25 iul 20262473 vizualiz\u0103ri PreviousNext Bianca \u0218erban, elev\u0103 a Colegiului Na\u021bional Pedagogic \u201eSpiru Haret\u201d din Foc\u0219ani, a ob\u021binut dou\u0103 medalii de aur, trei [&hellip;]<\/p>\n","protected":false},"author":1,"featured_media":0,"comment_status":"open","ping_status":"","sticky":false,"template":"","format":"standard","meta":{"footnotes":""},"categories":[89],"tags":[226,208],"class_list":["post-2076708","post","type-post","status-publish","format-standard","hentry","category-romania","tag-crawlmanager","tag-ziaruldevrancea-ro"],"_links":{"self":[{"href":"https:\/\/analyse.optim.biz\/index.php?rest_route=\/wp\/v2\/posts\/2076708","targetHints":{"allow":["GET"]}}],"collection":[{"href":"https:\/\/analyse.optim.biz\/index.php?rest_route=\/wp\/v2\/posts"}],"about":[{"href":"https:\/\/analyse.optim.biz\/index.php?rest_route=\/wp\/v2\/types\/post"}],"author":[{"embeddable":true,"href":"https:\/\/analyse.optim.biz\/index.php?rest_route=\/wp\/v2\/users\/1"}],"replies":[{"embeddable":true,"href":"https:\/\/analyse.optim.biz\/index.php?rest_route=%2Fwp%2Fv2%2Fcomments&post=2076708"}],"version-history":[{"count":0,"href":"https:\/\/analyse.optim.biz\/index.php?rest_route=\/wp\/v2\/posts\/2076708\/revisions"}],"wp:attachment":[{"href":"https:\/\/analyse.optim.biz\/index.php?rest_route=%2Fwp%2Fv2%2Fmedia&parent=2076708"}],"wp:term":[{"taxonomy":"category","embeddable":true,"href":"https:\/\/analyse.optim.biz\/index.php?rest_route=%2Fwp%2Fv2%2Fcategories&post=2076708"},{"taxonomy":"post_tag","embeddable":true,"href":"https:\/\/analyse.optim.biz\/index.php?rest_route=%2Fwp%2Fv2%2Ftags&post=2076708"}],"curies":[{"name":"wp","href":"https:\/\/api.w.org\/{rel}","templated":true}]}}