{"id":2076707,"date":"2026-07-25T00:00:00","date_gmt":"2026-07-24T21:00:00","guid":{"rendered":"https:\/\/analyse.optim.biz\/?p=2076707"},"modified":"2026-07-25T00:00:00","modified_gmt":"2026-07-24T21:00:00","slug":"video-o-noua-editie-a-targului-dam-din-casa-duminica-la-tifesti","status":"publish","type":"post","link":"https:\/\/analyse.optim.biz\/?p=2076707","title":{"rendered":"VIDEO | O nou\u0103 edi\u021bie a t\u00e2rgului \u201eD\u0103m din cas\u0103\u201d, duminic\u0103 la \u021aife\u0219ti"},"content":{"rendered":"<p>[analyse_image type=&#8221;featured&#8221; src=&#8221;https:\/\/zdvi.cname.ro\/_\/video-o-noua-editie-a-targului-dam-din-casa-duminica-la-tifesti\/mediaPool\/uyoHrOv.jpg&#8221;]<\/p>\n<div class=\"main-content detaliu-articol\"><a class=\"titlu-cat-list\" href=\"https:\/\/ziaruldevrancea.ro\/promo\/brand-voice\">Brand voice<\/a><\/p>\n<h1>VIDEO | O nou\u0103 edi\u021bie a t\u00e2rgului \u201eD\u0103m din cas\u0103\u201d, duminic\u0103 la \u021aife\u0219ti<\/h1>\n<div class=\"date-articol clearfix\">\n<div class=\"distribuie-articol dropdown\">\n    Distribuie: \u00a0<br \/>\n    <em>|<\/em><\/div>\n<div class=\"autor-articol\"><a href=\"https:\/\/ziaruldevrancea.ro\/autor\/paul-petrache\/\"><img decoding=\"async\" class=\"img-circle\" src=\"https:\/\/zdvi.cname.ro\/50_50\/articleAuthor\/paul-petrache\/articleAuthor\/uNItZQs.PNG\" alt><\/a><\/p>\n<h5><a href=\"https:\/\/ziaruldevrancea.ro\/autor\/paul-petrache\/\">Paul Petrache<\/a><\/h5>\n<div class=\"grup-spatiere\"><span class=\"cu-spatiere\">25 iul 2026<\/span><span class=\"cu-spatiere\">1139 vizualiz\u0103ri<\/span><\/div>\n<\/div>\n<\/div>\n<div class=\"poza-mare\"><a href class=\"openGallery\"><img decoding=\"async\" class=\"img-responsive\" src=\"https:\/\/zdvi.cname.ro\/850_530\/video-o-noua-editie-a-targului-dam-din-casa-duminica-la-tifesti\/article\/mediaPool\/uyoHrOv.jpg\" alt><\/a><\/div>\n<p><strong>Sute de obiecte, pove\u0219ti \u0219i \u00eent\u00e2lniri \u00eentre pasiona\u021bii de vechituri din Vrancea.<\/strong><\/p>\n<p><strong>Dup\u0103 interesul st\u00e2rnit de prima edi\u021bie, evenimentul organizat de vr\u00e2nceanul Cristi Merchea revine pe 26 iulie, la \u021aife\u0219ti, cu un sortiment mai bogat de obiecte \u0219i cu participarea mai multor expozan\u021bi.<\/strong><\/p>\n<hr>\n<p><strong>\u201eD\u0103m din cas\u0103\u201d revine duminic\u0103 26 iulie 2026 la \u021aife\u0219ti: sute de obiecte, pove\u0219ti \u0219i \u00eent\u00e2lniri \u00eentre pasiona\u021bii de vechituri din Vrancea<\/strong><\/p>\n<p>Succesul primei edi\u021bii organizate la \u00eenceputul lunii iulie a determinat organizatorii s\u0103 programeze o nou\u0103 \u00eent\u00e2lnire dedicat\u0103 iubitorilor de obiecte cu istorie. Duminic\u0103, <strong>26 iulie 2026<\/strong>, \u00eentre <strong>orele 10:00 \u0219i 15:00<\/strong>, curtea de pe <strong>strada Principal\u0103 nr. 644 din \u021aife\u0219ti<\/strong>, situat\u0103 la aproximativ 500 de metri de Prim\u0103rie, va g\u0103zdui o nou\u0103 edi\u021bie a t\u00e2rgului <strong>\u201eD\u0103m din cas\u0103\u201d<\/strong>.<\/p>\n<p>Potrivit informa\u021biilor publicate pe pagina de Facebook a lui <strong>Cristi Merchea<\/strong>, ini\u021biatorul evenimentului, edi\u021bia din aceast\u0103 s\u0103pt\u0103m\u00e2n\u0103 va fi mai bogat\u0103 dec\u00e2t cea precedent\u0103, at\u00e2t prin num\u0103rul obiectelor expuse, c\u00e2t \u0219i prin participarea unor invita\u021bi care vor aduce propriile colec\u021bii \u0219i obiecte de care doresc s\u0103 se despart\u0103.<\/p>\n<p>\u00cen mesajul adresat celor interesa\u021bi, organizatorul spune:<\/p>\n<blockquote>\n<p>\u201eV-a pl\u0103cut la noi acum dou\u0103 duminici? Dac\u0103 da, mai sunt multe lucruri de care vrem s\u0103 sc\u0103p\u0103m. \u0218i nu doar noi. De data aceasta vor mai veni vreo c\u00e2\u021biva prieteni cu lucruri interesante de care vor s\u0103 scape, \u0219i nu oricum, ci condimentate cu pove\u0219ti \u0219i amintiri.\u201d<\/p>\n<iframe loading=\"lazy\" frameborder height=\"750\" scrolling=\"no\" src=\"https:\/\/www.youtube.com\/embed\/31PeRt82vk0\" width=\"100%\"><\/iframe>\n<p>Conform prezent\u0103rii video publicate \u00eenaintea evenimentului, vizitatorii vor putea descoperi <strong>sute de obiecte<\/strong> din categorii diverse: mobilier, haine, obiecte decorative, ceramic\u0103, discuri, casete audio, instrumente muzicale, scule, c\u0103r\u021bi, articole de artizanat \u0219i alte piese vechi sau mai noi, utile ori de colec\u021bie.<\/p>\n<\/blockquote>\n<p>Organizatorii subliniaz\u0103 c\u0103 scopul \u00eent\u00e2lnirii nu este doar valorificarea unor obiecte care pot primi o nou\u0103 \u00eentrebuin\u021bare, ci \u0219i crearea unui spa\u021biu \u00een care oamenii s\u0103 socializeze, s\u0103 schimbe impresii \u0219i s\u0103 \u00eemp\u0103rt\u0103\u0219easc\u0103 pove\u0219ti legate de lucrurile expuse.<\/p>\n<blockquote>\n<p><strong>\u201eSute de obiecte pentru toate gusturile sau pl\u0103cerea de a le vedea, \u00eentr-un loc unde ve\u021bi \u00eent\u00e2lni prieteni, cunoscu\u021bi, unde ve\u021bi schimba impresii \u0219i amintiri, ve\u021bi auzi pove\u0219ti\u201d, <\/strong>transmite <strong>Cristi Merchea.<\/strong><\/p>\n<\/blockquote>\n<p>Evenimentul continu\u0103 ideea promovat\u0103 la prima edi\u021bie, desf\u0103\u0219urat\u0103 la \u00eenceputul lunii iulie, c\u00e2nd numero\u0219i vizitatori au trecut pragul gospod\u0103riei din \u021aife\u0219ti pentru a descoperi obiecte vintage, mobilier, c\u0103r\u021bi, tablouri, discuri LP, unelte, ceramic\u0103 \u0219i alte articole provenite din mai multe \u021b\u0103ri europene.<\/p>\n<p>\u00cen ultimii ani, astfel de t\u00e2rguri dedicate reutiliz\u0103rii \u0219i economiei circulare au devenit tot mai populare \u0219i \u00een Rom\u00e2nia. Pe l\u00e2ng\u0103 componenta comercial\u0103, acestea contribuie la reducerea risipei, \u00eencurajeaz\u0103 reutilizarea obiectelor \u0219i ofer\u0103 colec\u021bionarilor sau pasiona\u021bilor posibilitatea de a g\u0103si piese mai greu de \u00eent\u00e2lnit \u00een comer\u021bul obi\u0219nuit.<\/p>\n<p>Ini\u021biatorul proiectului, <strong>Cristi Merchea<\/strong>, este originar din Vrancea \u0219i tr\u0103ie\u0219te de peste trei decenii \u00een str\u0103in\u0103tate. De-a lungul timpului, acesta a r\u0103mas apropiat de comunitatea vr\u00e2ncean\u0103 \u0219i de cititorii <strong>Ziarului de Vrancea<\/strong>, colabor\u00e2nd constant cu publica\u021bia \u0219i implic\u00e2ndu-se \u00een promovarea unor ini\u021biative care pun \u00een valoare spiritul comunitar \u0219i reutilizarea responsabil\u0103 a obiectelor.<\/p>\n<p>Pentru cei interesa\u021bi de obiecte vintage, colec\u021bii, mobilier, decora\u021biuni sau pur \u0219i simplu de o ie\u0219ire \u00eentr-o atmosfer\u0103 relaxat\u0103, <strong>\u201eD\u0103m din cas\u0103\u201d<\/strong> propune \u0219i \u00een aceast\u0103 duminic\u0103 o alternativ\u0103 la t\u00e2rgurile clasice, \u00eentr-un cadru neconven\u021bional, unde obiectele sunt \u00eenso\u021bite, de cele mai multe ori, \u0219i de pove\u0219tile celor care le-au p\u0103strat de-a lungul timpului.<\/p>\n<p><strong>Paul Petrache\u00a0<\/strong><\/p>\n<hr>\n<div class=\"bloc-widget widget-rosu\">\n<p>\u00cen lipsa unui acord scris din partea Ziarului de Vrancea, pute\u0163i prelua maxim 500 de caractere din acest articol dac\u0103 preciza\u0163i sursa \u015fi insera\u0163i vizibil link-ul articolului:\u00a0<span>#insertcurrentlinkhere<\/span><\/p>\n<\/div>\n<div class=\"extra-articol listing-anunturi\">\n<h6>Anun\u021buri <span class=\"text-primary\">ZdV<\/span> Premium<\/h6>\n<div class=\"row\">\n<div class=\"col-lg-4 col-md-6 bloc-egal\"><a class=\"card-anunt\" href=\"https:\/\/ziaruldevrancea.ro\/anunturi\/altele\/servicii\/caut-o-persoana-sau-o-familie-pentru-ingrijirea-unei-batrane\"><strong class=\"titlu\">Servicii<\/strong><span class=\"text-anunt\">Caut o persoan\u0103\u00a0sau o familie serioas\u0103&#8230;<\/span><span class=\"data-anunt\">04.08.2026  <\/span><\/a><\/div>\n<div class=\"col-lg-4 col-md-6 bloc-egal\"><a class=\"card-anunt\" href=\"https:\/\/ziaruldevrancea.ro\/anunturi\/imobiliare\/vanzari-ap-2-camere\/vand-apartament-2-camere-in-focsani-anunt-72825\"><strong class=\"titlu\">V\u00e2nz\u0103ri ap 2 camere<\/strong><span class=\"text-anunt\">V\u00e2nd apartament 2 camere, hol p\u0103trat,&#8230;<\/span><span class=\"data-anunt\">04.08.2026  <\/span><\/a><\/div>\n<div class=\"col-lg-4 col-md-6 bloc-egal\"><a class=\"card-anunt\" href=\"https:\/\/ziaruldevrancea.ro\/anunturi\/angajari\/oferte-angajari\/angajam-asistente-medicale\"><strong class=\"titlu\">Oferte<\/strong><span class=\"text-anunt\">Crucea Ro\u0219ie Vrancea angajeaz\u0103 asistente\u00a0&#8230;<\/span><span class=\"data-anunt\">04.08.2026  <\/span><\/a><\/div>\n<\/div>\n<\/div>\n<div class=\"extra-articol alte-articole\">\n<div class=\"row\">\n<div class=\"col-lg-6 bloc-egal\">\n<div class=\"card articol-listing\">\n<h6>\u00cen categoria <a href=\"https:\/\/ziaruldevrancea.ro\/promo\/brand-voice\">Brand voice<\/a><\/h6>\n<div class=\"grup-articol-listing\">\n<div class=\"cont-pils\"><a href=\"https:\/\/ziaruldevrancea.ro\/promo\/brand-voice\/video-agenda-saptamanii-3-9-august-2026-in-vrancea\"><img decoding=\"async\" src=\"https:\/\/zdvi.cname.ro\/180_135\/promo\/brand-voice\/video-agenda-saptamanii-3-9-august-2026-in-vrancea\/mediaPool\/ukNuNqV.jpg\" class=\"img-responsive img-180\" alt><\/a><\/div>\n<h2><a class=\"link-titlu\" href=\"https:\/\/ziaruldevrancea.ro\/promo\/brand-voice\/video-agenda-saptamanii-3-9-august-2026-in-vrancea\">VIDEO | Agenda s\u0103pt\u0103m\u00e2nii 3\u20139 august 2026 \u00een Vrancea<\/a><\/h2>\n<div class=\"date-post\"><a href=\"https:\/\/ziaruldevrancea.ro\/autor\/radu-tomescu\">Radu Tomescu<\/a>,  4 aug 2026  <\/div>\n<\/div>\n<div class=\"grup-articol-listing\">\n<div class=\"cont-pils\"><a href=\"https:\/\/ziaruldevrancea.ro\/promo\/brand-voice\/20-de-tineri-din-vrancea-descopera-europa-cu-trenul-prin-erasmus\"><img decoding=\"async\" src=\"https:\/\/zdvi.cname.ro\/180_135\/promo\/brand-voice\/20-de-tineri-din-vrancea-descopera-europa-cu-trenul-prin-erasmus\/mediaPool\/uVsSv09.jpg\" class=\"img-responsive img-180\" alt><\/a><\/div>\n<h2><a class=\"link-titlu\" href=\"https:\/\/ziaruldevrancea.ro\/promo\/brand-voice\/20-de-tineri-din-vrancea-descopera-europa-cu-trenul-prin-erasmus\">20 de tineri din Vrancea descoper\u0103 Europa cu trenul prin Erasmus+<\/a><\/h2>\n<div class=\"date-post\"><a href=\"https:\/\/ziaruldevrancea.ro\/autor\/maria-bratu\">Maria BRATU<\/a>,  4 aug 2026  <\/div>\n<\/div>\n<div class=\"grup-articol-listing\">\n<div class=\"cont-pils\"><a href=\"https:\/\/ziaruldevrancea.ro\/promo\/brand-voice\/investigatii-complete-pentru-sanatatea-femeii-disponibile-in-vrancea-la-acelasi-medic-specialist\"><img decoding=\"async\" src=\"https:\/\/zdvi.cname.ro\/180_135\/promo\/brand-voice\/investigatii-complete-pentru-sanatatea-femeii-disponibile-in-vrancea-la-acelasi-medic-specialist\/mediaPool\/ui2xC62.PNG\" class=\"img-responsive img-180\" alt><\/a><\/div>\n<h2><a class=\"link-titlu\" href=\"https:\/\/ziaruldevrancea.ro\/promo\/brand-voice\/investigatii-complete-pentru-sanatatea-femeii-disponibile-in-vrancea-la-acelasi-medic-specialist\">Investiga\u021bii complete pentru s\u0103n\u0103tatea femeii, disponibile \u00een Vrancea la acela\u0219i medic specialist<\/a><\/h2>\n<div class=\"date-post\"><a href=\"https:\/\/ziaruldevrancea.ro\/autor\/camelia-marin\">Camelia Marin<\/a>,  4 aug 2026  <\/div>\n<\/div>\n<\/div>\n<\/div>\n<div class=\"col-lg-6 bloc-egal\">\n<div class=\"card articol-listing\">\n<h6>De acela\u0219i <a href=\"https:\/\/ziaruldevrancea.ro\/autor\/paul-petrache\/\">autor<\/a><\/h6>\n<div class=\"grup-articol-listing\">\n<div class=\"cont-pils\"><a href=\"https:\/\/ziaruldevrancea.ro\/actualitatea\/stiri-locale\/update-vrancea-tanarul-ranit-grav-in-accidentul-de-pe-strada-bucegi-transportat-cu-elicopterul-smurd-la-bucuresti\"><img decoding=\"async\" src=\"https:\/\/zdvi.cname.ro\/180_135\/actualitatea\/stiri-locale\/update-vrancea-tanarul-ranit-grav-in-accidentul-de-pe-strada-bucegi-transportat-cu-elicopterul-smurd-la-bucuresti\/mediaPool\/u6PHwyc.jpeg\" class=\"img-responsive img-180\" alt><\/a><\/div>\n<h2><a class=\"link-titlu\" href=\"https:\/\/ziaruldevrancea.ro\/actualitatea\/stiri-locale\/update-vrancea-tanarul-ranit-grav-in-accidentul-de-pe-strada-bucegi-transportat-cu-elicopterul-smurd-la-bucuresti\">UPDATE | Vrancea: T\u00e2n\u0103rul r\u0103nit grav \u00een accidentul de pe strada Bucegi, transportat cu elicopterul SMURD la Bucure\u0219ti<\/a><\/h2>\n<div class=\"date-post\"><a href=\"https:\/\/ziaruldevrancea.ro\/autor\/paul-petrache\">Paul Petrache<\/a>,  4 aug 2026  <\/div>\n<\/div>\n<div class=\"grup-articol-listing\">\n<div class=\"cont-pils\"><a href=\"https:\/\/ziaruldevrancea.ro\/actualitatea\/stiri-locale\/accident-in-focsani-trei-pietoni-loviti-pe-trecerea-de-pietoni-de-un-conducator-de-trotineta-electrica.victimele-au-ajuns-la-upu\"><img decoding=\"async\" src=\"https:\/\/zdvi.cname.ro\/180_135\/actualitatea\/stiri-locale\/accident-in-focsani-trei-pietoni-loviti-pe-trecerea-de-pietoni-de-un-conducator-de-trotineta-electrica.victimele-au-ajuns-la-upu\/mediaPool\/uKQYDBf.jpg\" class=\"img-responsive img-180\" alt><\/a><\/div>\n<h2><a class=\"link-titlu\" href=\"https:\/\/ziaruldevrancea.ro\/actualitatea\/stiri-locale\/accident-in-focsani-trei-pietoni-loviti-pe-trecerea-de-pietoni-de-un-conducator-de-trotineta-electrica.victimele-au-ajuns-la-upu\">Accident \u00een Foc\u0219ani: trei pietoni lovi\u021bi pe trecerea de pietoni de un conduc\u0103tor de trotinet\u0103 electric\u0103.Victimele au ajuns la UPU<\/a><\/h2>\n<div class=\"date-post\"><a href=\"https:\/\/ziaruldevrancea.ro\/autor\/paul-petrache\">Paul Petrache<\/a>,  3 aug 2026  <\/div>\n<\/div>\n<div class=\"grup-articol-listing\">\n<div class=\"cont-pils\"><a href=\"https:\/\/ziaruldevrancea.ro\/special\/politica\/primarul-focsaniului-raspunde-criticilor-privind-reorganizarea-teatrului-maior-gheorghe-pastia\"><img decoding=\"async\" src=\"https:\/\/zdvi.cname.ro\/180_135\/special\/politica\/primarul-focsaniului-raspunde-criticilor-privind-reorganizarea-teatrului-maior-gheorghe-pastia\/mediaPool\/uNhtmwy.jpg\" class=\"img-responsive img-180\" alt><\/a><\/div>\n<h2><a class=\"link-titlu\" href=\"https:\/\/ziaruldevrancea.ro\/special\/politica\/primarul-focsaniului-raspunde-criticilor-privind-reorganizarea-teatrului-maior-gheorghe-pastia\">Primarul Foc\u0219aniului r\u0103spunde criticilor privind reorganizarea Teatrului \u201eMaior Gheorghe Pastia\u201d<\/a><\/h2>\n<div class=\"date-post\"><a href=\"https:\/\/ziaruldevrancea.ro\/autor\/paul-petrache\">Paul Petrache<\/a>,  2 aug 2026  <\/div>\n<\/div>\n<\/div>\n<\/div>\n<\/div>\n<\/div>\n<div class=\"extra-articol listing-anunturi\">\n<h6>Anun\u021buri <span class=\"text-primary\">ZdV<\/span> Premium<\/h6>\n<div class=\"row\">\n<div class=\"col-lg-4 col-md-6 bloc-egal\"><a class=\"card-anunt\" href=\"https:\/\/ziaruldevrancea.ro\/anunturi\/inchirieri\/locuinte-oferte\/Inchiriez-camera-anunt-72823\"><strong class=\"titlu\">Locuin\u021be oferte<\/strong><span class=\"text-anunt\">\u00cenchiriez camer\u0103 la apartament. Rog&#8230;<\/span><span class=\"data-anunt\">03.08.2026  <\/span><\/a><\/div>\n<div class=\"col-lg-4 col-md-6 bloc-egal\"><a class=\"card-anunt\" href=\"https:\/\/ziaruldevrancea.ro\/anunturi\/imobiliare\/vanzari-terenuri\/vand-teren-in-panciu\"><strong class=\"titlu\">V\u00e2nz\u0103ri terenuri<\/strong><span class=\"text-anunt\">Teren Panciu 1170 mp, cu num\u0103r cas\u0103, ap\u0103&#8230;<\/span><span class=\"data-anunt\">29.07.2026  <\/span><\/a><\/div>\n<div class=\"col-lg-4 col-md-6 bloc-egal\"><a class=\"card-anunt\" href=\"https:\/\/ziaruldevrancea.ro\/anunturi\/altele\/anulare-acte\/vand-scrumbii-afumate-capturi-dunare\"><strong class=\"titlu\">Vanzari diverse<\/strong><span class=\"text-anunt\">Pret : 117 lei \/ kg . \u00a0 Este&#8230;<\/span><span class=\"data-anunt\">29.07.2026 , Gala\u021bi , Gala\u021bi<\/span><\/a><\/div>\n<\/div>\n<\/div>\n<div class=\"bloc-widget widget-albastru\">\n    Ziarul de Vrancea \u00a0nu este responsabil juridic pentru con\u0163inutul textelor din comentariile de mai jos. Responsabilitatea pentru mesajele dumneavoastra v\u0103 revine \u00een exclusivitate.\n<\/div>\n<div class=\"comentarii-articol\" id=\"comentarii\">\n<h3>Comentarii: <span class=\"text-primary\">0<\/span><\/h3>\n<p><a href=\"https:\/\/ziaruldevrancea.ro\/promo\/brand-voice\/video-o-noua-editie-a-targului-dam-din-casa-duminica-la-tifesti\" class=\"btn btn-success btn-adauga-com\" data-toggle=\"modal\" data-parent=\"0\" data-target=\"#commentModal\">Adaug\u0103 comentariu<\/a><\/p>\n<div class=\"loadMask comments-mask\"><img decoding=\"async\" src=\"https:\/\/zdvs.cname.ro\/images\/loader_40.gif\"><\/div>\n<div class=\"comenteaza-jos\">Trebuie s\u0103 fii <a href=\"https:\/\/ziaruldevrancea.ro\/account\">autentificat<\/a> pentru a putea <a href=\"https:\/\/ziaruldevrancea.ro\/promo\/brand-voice\/video-o-noua-editie-a-targului-dam-din-casa-duminica-la-tifesti\" class data-toggle=\"modal\" data-parent=\"0\" data-target=\"#commentModal\">posta un comentariu<\/a>.<\/div>\n<\/div>\n<div class=\"modal fade\" id=\"commentModal\" role=\"dialog\" aria-labelledby=\"commentModalLabel\">\n<div class=\"modal-dialog modal-lg\" role=\"document\">\n<div class=\"modal-content\">\n<div class=\"modal-header\">\n<h3 class=\"modal-title\" id=\"commentModalLabel\">Comenteaz\u0103<\/h3>\n<\/div>\n<div class=\"modal-body\">\n<div class=\"tabel tabel-full\">\n<div class=\"celula\">\n              Trebuie s\u0103 fii <a href=\"https:\/\/ziaruldevrancea.ro\/account\">autentificat<\/a> pentru a putea posta un comentariu.\n            <\/div>\n<\/div>\n<\/div>\n<div class=\"modal-footer\">\n<div id=\"commentPending\" class=\"formPending pull-left\"><img decoding=\"async\" src=\"https:\/\/zdvs.cname.ro\/images\/loader_40.gif\"> In curs de procesare&#8230;<\/div>\n<p><a href=\"https:\/\/ziaruldevrancea.ro\/promo\/brand-voice\/video-o-noua-editie-a-targului-dam-din-casa-duminica-la-tifesti\" class=\"btn btn-default\" data-dismiss=\"modal\">Anuleaz\u0103<\/a><\/div>\n<\/div>\n<\/div>\n<\/div>\n<div class=\"modal fade\" id=\"commentReportModal\" role=\"dialog\" aria-labelledby=\"commentReportModalLabel\">\n<div class=\"modal-dialog modal-lg\" role=\"document\">\n<div class=\"modal-content\">\n<div class=\"modal-header\">\n<h3 class=\"modal-title\" id=\"commentReportModalLabel\">Raporteaza comentariu<\/h3>\n<\/div>\n<div class=\"modal-body\">\n<div class=\"tabel tabel-full\">\n<div class=\"celula\">\n              Trebuie s\u0103 fii <a href=\"https:\/\/ziaruldevrancea.ro\/account\">autentificat<\/a> pentru a putea raporta un comentariu.\n            <\/div>\n<\/div>\n<\/div>\n<div class=\"modal-footer\">\n<div id=\"commentReportPending\" class=\"formPending pull-left\"><img decoding=\"async\" src=\"https:\/\/zdvs.cname.ro\/images\/loader_40.gif\"> In curs de procesare&#8230;<\/div>\n<p><a href=\"https:\/\/ziaruldevrancea.ro\/promo\/brand-voice\/video-o-noua-editie-a-targului-dam-din-casa-duminica-la-tifesti\" class=\"btn btn-default\" data-dismiss=\"modal\">Anuleaz\u0103<\/a><\/div>\n<\/div>\n<\/div>\n<\/div>\n<div class=\"modal fade\" id=\"commentLikeModal\" role=\"dialog\" aria-labelledby=\"commentLikeModalLabel\">\n<div class=\"modal-dialog modal-lg\" role=\"document\">\n<div class=\"modal-content\">\n<div class=\"modal-header\">\n<h3 class=\"modal-title\" id=\"commentReportModalLabel\">Apreciaza comentariu<\/h3>\n<\/div>\n<div class=\"modal-body\">\n<div class=\"tabel tabel-full\">\n<div class=\"celula\">\n            Trebuie s\u0103 fii <a href=\"https:\/\/ziaruldevrancea.ro\/account\">autentificat<\/a> pentru a putea aprecia un comentariu.\n          <\/div>\n<\/div>\n<\/div>\n<div class=\"modal-footer\"><a href=\"https:\/\/ziaruldevrancea.ro\/promo\/brand-voice\/video-o-noua-editie-a-targului-dam-din-casa-duminica-la-tifesti\" class=\"btn btn-default\" data-dismiss=\"modal\">Anuleaz\u0103<\/a><\/div>\n<\/div>\n<\/div>\n<\/div>\n<div class=\"bloc-widget widget-rosu\"><span><small>Ziarul de Vrancea doreste ca acest site sa fie un spatiu al discutiilor civilizate, al comentariilor de bun simt. Din acest motiv, cei care posteaza comentarii la articole trebuie sa respecte urmatoarele reguli:<br \/>\n1. Sa se refere doar la articolul la care posteaza comentarii.<br \/>\n2. Sa foloseasca un limbaj civilizat, fara injurii, calomnii, comentarii antisemite, xenofobe sau rasiste.<br \/>\n3. Sunt interzise atacurile la adresa autorilor, daca acestea nu au legatura cu textul.<br \/>\n4. Username-ul sa nu fie nume de personalitati ale vietii publice sau parodieri ale acestora.<br \/>\nAutorul unui articol poate fi criticat pentru eventuale greseli, incoerenta, lipsa de documentare etc.<br \/>\nNerespectarea regulilor mentionate mai sus va duce la stergerea comentariilor, fara avertisment si fara explicatii.<br \/>\nAbaterile repetate vor avea drept consecinta interdictia accesului la aceasta facilitate a site-ului.<\/small><\/span><\/div>\n<\/div>\n<p>[analyse_source url=&#8221;https:\/\/ziaruldevrancea.ro\/promo\/brand-voice\/video-o-noua-editie-a-targului-dam-din-casa-duminica-la-tifesti&#8221;]<\/p>\n","protected":false},"excerpt":{"rendered":"<p>[analyse_image type=&#8221;featured&#8221; src=&#8221;https:\/\/zdvi.cname.ro\/_\/video-o-noua-editie-a-targului-dam-din-casa-duminica-la-tifesti\/mediaPool\/uyoHrOv.jpg&#8221;] Brand voice VIDEO | O nou\u0103 edi\u021bie a t\u00e2rgului \u201eD\u0103m din cas\u0103\u201d, duminic\u0103 la \u021aife\u0219ti Distribuie: \u00a0 | Paul Petrache 25 iul 20261139 vizualiz\u0103ri Sute de obiecte, pove\u0219ti \u0219i \u00eent\u00e2lniri \u00eentre pasiona\u021bii de vechituri din Vrancea. Dup\u0103 interesul st\u00e2rnit de prima edi\u021bie, evenimentul organizat de vr\u00e2nceanul Cristi Merchea revine pe 26 iulie, [&hellip;]<\/p>\n","protected":false},"author":1,"featured_media":0,"comment_status":"open","ping_status":"","sticky":false,"template":"","format":"standard","meta":{"footnotes":""},"categories":[89],"tags":[226,208],"class_list":["post-2076707","post","type-post","status-publish","format-standard","hentry","category-romania","tag-crawlmanager","tag-ziaruldevrancea-ro"],"_links":{"self":[{"href":"https:\/\/analyse.optim.biz\/index.php?rest_route=\/wp\/v2\/posts\/2076707","targetHints":{"allow":["GET"]}}],"collection":[{"href":"https:\/\/analyse.optim.biz\/index.php?rest_route=\/wp\/v2\/posts"}],"about":[{"href":"https:\/\/analyse.optim.biz\/index.php?rest_route=\/wp\/v2\/types\/post"}],"author":[{"embeddable":true,"href":"https:\/\/analyse.optim.biz\/index.php?rest_route=\/wp\/v2\/users\/1"}],"replies":[{"embeddable":true,"href":"https:\/\/analyse.optim.biz\/index.php?rest_route=%2Fwp%2Fv2%2Fcomments&post=2076707"}],"version-history":[{"count":0,"href":"https:\/\/analyse.optim.biz\/index.php?rest_route=\/wp\/v2\/posts\/2076707\/revisions"}],"wp:attachment":[{"href":"https:\/\/analyse.optim.biz\/index.php?rest_route=%2Fwp%2Fv2%2Fmedia&parent=2076707"}],"wp:term":[{"taxonomy":"category","embeddable":true,"href":"https:\/\/analyse.optim.biz\/index.php?rest_route=%2Fwp%2Fv2%2Fcategories&post=2076707"},{"taxonomy":"post_tag","embeddable":true,"href":"https:\/\/analyse.optim.biz\/index.php?rest_route=%2Fwp%2Fv2%2Ftags&post=2076707"}],"curies":[{"name":"wp","href":"https:\/\/api.w.org\/{rel}","templated":true}]}}