{"id":2076704,"date":"2026-07-24T00:00:00","date_gmt":"2026-07-23T21:00:00","guid":{"rendered":"https:\/\/analyse.optim.biz\/?p=2076704"},"modified":"2026-07-24T00:00:00","modified_gmt":"2026-07-23T21:00:00","slug":"informatii-de-ultima-ora-despre-cum-devine-realitate-campusul-umb-de-la-adjud-investitii-verificate-in-teren-de-conducerea-cj-vrancea","status":"publish","type":"post","link":"https:\/\/analyse.optim.biz\/?p=2076704","title":{"rendered":"Informa\u021bii de ultim\u0103 or\u0103 despre cum devine realitate Campusul UMB de la Adjud.Investi\u021bii verificate \u00een teren, de conducerea CJ Vrancea"},"content":{"rendered":"<p>[analyse_image type=&#8221;featured&#8221; src=&#8221;https:\/\/zdvi.cname.ro\/_\/informatii-de-ultima-ora-despre-cum-devine-realitate-campusul-umb-de-la-adjud.investitii-verificate-in-teren-de-conducerea-cj-vrancea\/mediaPool\/uq2kDJx.jpeg&#8221;]<\/p>\n<div class=\"main-content detaliu-articol\"><a class=\"titlu-cat-list\" href=\"https:\/\/ziaruldevrancea.ro\/promo\/brand-voice\">Brand voice<\/a><\/p>\n<h1>Informa\u021bii de ultim\u0103 or\u0103 despre cum devine realitate Campusul UMB de la Adjud.Investi\u021bii verificate \u00een teren, de conducerea CJ Vrancea<\/h1>\n<div class=\"date-articol clearfix\">\n<div class=\"distribuie-articol dropdown\">\n    Distribuie: \u00a0<br \/>\n    <em>|<\/em><\/div>\n<div class=\"autor-articol\"><a href=\"https:\/\/ziaruldevrancea.ro\/autor\/paul-petrache\/\"><img decoding=\"async\" class=\"img-circle\" src=\"https:\/\/zdvi.cname.ro\/50_50\/articleAuthor\/paul-petrache\/articleAuthor\/uNItZQs.PNG\" alt><\/a><\/p>\n<h5><a href=\"https:\/\/ziaruldevrancea.ro\/autor\/paul-petrache\/\">Paul Petrache<\/a><\/h5>\n<div class=\"grup-spatiere\"><span class=\"cu-spatiere\">24 iul 2026<\/span><span class=\"cu-spatiere\">2049 vizualiz\u0103ri<\/span><\/div>\n<\/div>\n<\/div>\n<div class=\"poza-mare\">\n<div class=\"poza-mare galerie-detaliu\">\n<div id=\"carousel-poza-mare\" class=\"carousel slide carusel-poza\" data-ride=\"carousel\" data-interval=\"0\">\n<div class=\"carousel-inner\" role=\"listbox\">\n<div class=\"item imagine-carusel active\"><a href class=\"openGallery\"><img decoding=\"async\" class=\"img-responsive\" src=\"https:\/\/zdvi.cname.ro\/850_530\/informatii-de-ultima-ora-despre-cum-devine-realitate-campusul-umb-de-la-adjud.investitii-verificate-in-teren-de-conducerea-cj-vrancea\/article\/mediaPool\/uq2kDJx.jpeg\" alt><\/a><\/div>\n<div class=\"item imagine-carusel \"><a href class=\"openGallery\"><img decoding=\"async\" class=\"img-responsive\" src=\"https:\/\/zdvi.cname.ro\/850_530\/informatii-de-ultima-ora-despre-cum-devine-realitate-campusul-umb-de-la-adjud.investitii-verificate-in-teren-de-conducerea-cj-vrancea\/article\/mediaPool\/uWVdt8c.jpeg\" alt><\/a><\/div>\n<div class=\"item imagine-carusel \"><a href class=\"openGallery\"><img decoding=\"async\" class=\"img-responsive\" src=\"https:\/\/zdvi.cname.ro\/850_530\/informatii-de-ultima-ora-despre-cum-devine-realitate-campusul-umb-de-la-adjud.investitii-verificate-in-teren-de-conducerea-cj-vrancea\/article\/mediaPool\/uALNXHK.jpeg\" alt><\/a><\/div>\n<div class=\"item imagine-carusel \"><a href class=\"openGallery\"><img decoding=\"async\" class=\"img-responsive\" src=\"https:\/\/zdvi.cname.ro\/850_530\/informatii-de-ultima-ora-despre-cum-devine-realitate-campusul-umb-de-la-adjud.investitii-verificate-in-teren-de-conducerea-cj-vrancea\/article\/mediaPool\/u6sDuhi.jpeg\" alt><\/a><\/div>\n<div class=\"item imagine-carusel \"><a href class=\"openGallery\"><img decoding=\"async\" class=\"img-responsive\" src=\"https:\/\/zdvi.cname.ro\/850_530\/informatii-de-ultima-ora-despre-cum-devine-realitate-campusul-umb-de-la-adjud.investitii-verificate-in-teren-de-conducerea-cj-vrancea\/article\/mediaPool\/umAZ3QP.jpeg\" alt><\/a><\/div>\n<div class=\"item imagine-carusel \"><a href class=\"openGallery\"><img decoding=\"async\" class=\"img-responsive\" src=\"https:\/\/zdvi.cname.ro\/850_530\/informatii-de-ultima-ora-despre-cum-devine-realitate-campusul-umb-de-la-adjud.investitii-verificate-in-teren-de-conducerea-cj-vrancea\/article\/mediaPool\/uOybGqn.jpeg\" alt><\/a><\/div>\n<div class=\"item imagine-carusel \"><a href class=\"openGallery\"><img decoding=\"async\" class=\"img-responsive\" src=\"https:\/\/zdvi.cname.ro\/850_530\/informatii-de-ultima-ora-despre-cum-devine-realitate-campusul-umb-de-la-adjud.investitii-verificate-in-teren-de-conducerea-cj-vrancea\/article\/mediaPool\/uOJMk0U.jpeg\" alt><\/a><\/div>\n<div class=\"item imagine-carusel \"><a href class=\"openGallery\"><img decoding=\"async\" class=\"img-responsive\" src=\"https:\/\/zdvi.cname.ro\/850_530\/informatii-de-ultima-ora-despre-cum-devine-realitate-campusul-umb-de-la-adjud.investitii-verificate-in-teren-de-conducerea-cj-vrancea\/article\/mediaPool\/us7z1zs.jpeg\" alt><\/a><\/div>\n<div class=\"item imagine-carusel \"><a href class=\"openGallery\"><img decoding=\"async\" class=\"img-responsive\" src=\"https:\/\/zdvi.cname.ro\/850_530\/informatii-de-ultima-ora-despre-cum-devine-realitate-campusul-umb-de-la-adjud.investitii-verificate-in-teren-de-conducerea-cj-vrancea\/article\/mediaPool\/uaqkM9Z.jpeg\" alt><\/a><\/div>\n<div class=\"item imagine-carusel \"><a href class=\"openGallery\"><img decoding=\"async\" class=\"img-responsive\" src=\"https:\/\/zdvi.cname.ro\/850_530\/informatii-de-ultima-ora-despre-cum-devine-realitate-campusul-umb-de-la-adjud.investitii-verificate-in-teren-de-conducerea-cj-vrancea\/article\/mediaPool\/uODVyj5.jpeg\" alt><\/a><\/div>\n<div class=\"item imagine-carusel \"><a href class=\"openGallery\"><img decoding=\"async\" class=\"img-responsive\" src=\"https:\/\/zdvi.cname.ro\/850_530\/informatii-de-ultima-ora-despre-cum-devine-realitate-campusul-umb-de-la-adjud.investitii-verificate-in-teren-de-conducerea-cj-vrancea\/article\/mediaPool\/u4HXVCu.jpeg\" alt><\/a><\/div>\n<div class=\"item imagine-carusel \"><a href class=\"openGallery\"><img decoding=\"async\" class=\"img-responsive\" src=\"https:\/\/zdvi.cname.ro\/850_530\/informatii-de-ultima-ora-despre-cum-devine-realitate-campusul-umb-de-la-adjud.investitii-verificate-in-teren-de-conducerea-cj-vrancea\/article\/mediaPool\/uSS6EO3.jpeg\" alt><\/a><\/div>\n<div class=\"item imagine-carusel \"><a href class=\"openGallery\"><img decoding=\"async\" class=\"img-responsive\" src=\"https:\/\/zdvi.cname.ro\/850_530\/informatii-de-ultima-ora-despre-cum-devine-realitate-campusul-umb-de-la-adjud.investitii-verificate-in-teren-de-conducerea-cj-vrancea\/article\/mediaPool\/uiW0r0C.jpeg\" alt><\/a><\/div>\n<div class=\"item imagine-carusel \"><a href class=\"openGallery\"><img decoding=\"async\" class=\"img-responsive\" src=\"https:\/\/zdvi.cname.ro\/850_530\/informatii-de-ultima-ora-despre-cum-devine-realitate-campusul-umb-de-la-adjud.investitii-verificate-in-teren-de-conducerea-cj-vrancea\/article\/mediaPool\/uK5ohcc.jpeg\" alt><\/a><\/div>\n<div class=\"item imagine-carusel \"><a href class=\"openGallery\"><img decoding=\"async\" class=\"img-responsive\" src=\"https:\/\/zdvi.cname.ro\/850_530\/informatii-de-ultima-ora-despre-cum-devine-realitate-campusul-umb-de-la-adjud.investitii-verificate-in-teren-de-conducerea-cj-vrancea\/article\/mediaPool\/uQw68nL.jpeg\" alt><\/a><\/div>\n<div class=\"item imagine-carusel \"><a href class=\"openGallery\"><img decoding=\"async\" class=\"img-responsive\" src=\"https:\/\/zdvi.cname.ro\/850_530\/informatii-de-ultima-ora-despre-cum-devine-realitate-campusul-umb-de-la-adjud.investitii-verificate-in-teren-de-conducerea-cj-vrancea\/article\/mediaPool\/uO7p4zk.jpeg\" alt><\/a><\/div>\n<div class=\"item imagine-carusel \"><a href class=\"openGallery\"><img decoding=\"async\" class=\"img-responsive\" src=\"https:\/\/zdvi.cname.ro\/850_530\/informatii-de-ultima-ora-despre-cum-devine-realitate-campusul-umb-de-la-adjud.investitii-verificate-in-teren-de-conducerea-cj-vrancea\/article\/mediaPool\/ugIE2LT.jpeg\" alt><\/a><\/div>\n<div class=\"item imagine-carusel \"><a href class=\"openGallery\"><img decoding=\"async\" class=\"img-responsive\" src=\"https:\/\/zdvi.cname.ro\/850_530\/informatii-de-ultima-ora-despre-cum-devine-realitate-campusul-umb-de-la-adjud.investitii-verificate-in-teren-de-conducerea-cj-vrancea\/article\/mediaPool\/uoEv4Xs.jpeg\" alt><\/a><\/div>\n<div class=\"item imagine-carusel \"><a href class=\"openGallery\"><img decoding=\"async\" class=\"img-responsive\" src=\"https:\/\/zdvi.cname.ro\/850_530\/informatii-de-ultima-ora-despre-cum-devine-realitate-campusul-umb-de-la-adjud.investitii-verificate-in-teren-de-conducerea-cj-vrancea\/article\/mediaPool\/ua0L991.jpeg\" alt><\/a><\/div>\n<\/div>\n<\/div>\n<div id=\"carousel-poze-mici\" class=\"carousel slide carusel-mici\" data-ride=\"carousel\" data-interval=\"0\">\n<div class=\"carousel-inner\" role=\"listbox\">\n<div class=\"item active\">\n<ul class=\"navigare-carusel-imagini\">\n<li data-target=\"#carousel-poza-mare\" data-slide-to=\"0\"><img decoding=\"async\" class=\"img-responsive\" src=\"https:\/\/zdvi.cname.ro\/_90\/informatii-de-ultima-ora-despre-cum-devine-realitate-campusul-umb-de-la-adjud.investitii-verificate-in-teren-de-conducerea-cj-vrancea\/article\/mediaPool\/uq2kDJx.jpeg\" alt><\/li>\n<li data-target=\"#carousel-poza-mare\" data-slide-to=\"1\"><img decoding=\"async\" class=\"img-responsive\" src=\"https:\/\/zdvi.cname.ro\/_90\/informatii-de-ultima-ora-despre-cum-devine-realitate-campusul-umb-de-la-adjud.investitii-verificate-in-teren-de-conducerea-cj-vrancea\/article\/mediaPool\/uWVdt8c.jpeg\" alt><\/li>\n<li data-target=\"#carousel-poza-mare\" data-slide-to=\"2\"><img decoding=\"async\" class=\"img-responsive\" src=\"https:\/\/zdvi.cname.ro\/_90\/informatii-de-ultima-ora-despre-cum-devine-realitate-campusul-umb-de-la-adjud.investitii-verificate-in-teren-de-conducerea-cj-vrancea\/article\/mediaPool\/uALNXHK.jpeg\" alt><\/li>\n<li data-target=\"#carousel-poza-mare\" data-slide-to=\"3\"><img decoding=\"async\" class=\"img-responsive\" src=\"https:\/\/zdvi.cname.ro\/_90\/informatii-de-ultima-ora-despre-cum-devine-realitate-campusul-umb-de-la-adjud.investitii-verificate-in-teren-de-conducerea-cj-vrancea\/article\/mediaPool\/u6sDuhi.jpeg\" alt><\/li>\n<li data-target=\"#carousel-poza-mare\" data-slide-to=\"4\"><img decoding=\"async\" class=\"img-responsive\" src=\"https:\/\/zdvi.cname.ro\/_90\/informatii-de-ultima-ora-despre-cum-devine-realitate-campusul-umb-de-la-adjud.investitii-verificate-in-teren-de-conducerea-cj-vrancea\/article\/mediaPool\/umAZ3QP.jpeg\" alt><\/li>\n<\/ul>\n<\/div>\n<div class=\"item \">\n<ul class=\"navigare-carusel-imagini\">\n<li data-target=\"#carousel-poza-mare\" data-slide-to=\"5\"><img decoding=\"async\" class=\"img-responsive\" src=\"https:\/\/zdvi.cname.ro\/_90\/informatii-de-ultima-ora-despre-cum-devine-realitate-campusul-umb-de-la-adjud.investitii-verificate-in-teren-de-conducerea-cj-vrancea\/article\/mediaPool\/uOybGqn.jpeg\" alt><\/li>\n<li data-target=\"#carousel-poza-mare\" data-slide-to=\"6\"><img decoding=\"async\" class=\"img-responsive\" src=\"https:\/\/zdvi.cname.ro\/_90\/informatii-de-ultima-ora-despre-cum-devine-realitate-campusul-umb-de-la-adjud.investitii-verificate-in-teren-de-conducerea-cj-vrancea\/article\/mediaPool\/uOJMk0U.jpeg\" alt><\/li>\n<li data-target=\"#carousel-poza-mare\" data-slide-to=\"7\"><img decoding=\"async\" class=\"img-responsive\" src=\"https:\/\/zdvi.cname.ro\/_90\/informatii-de-ultima-ora-despre-cum-devine-realitate-campusul-umb-de-la-adjud.investitii-verificate-in-teren-de-conducerea-cj-vrancea\/article\/mediaPool\/us7z1zs.jpeg\" alt><\/li>\n<li data-target=\"#carousel-poza-mare\" data-slide-to=\"8\"><img decoding=\"async\" class=\"img-responsive\" src=\"https:\/\/zdvi.cname.ro\/_90\/informatii-de-ultima-ora-despre-cum-devine-realitate-campusul-umb-de-la-adjud.investitii-verificate-in-teren-de-conducerea-cj-vrancea\/article\/mediaPool\/uaqkM9Z.jpeg\" alt><\/li>\n<li data-target=\"#carousel-poza-mare\" data-slide-to=\"9\"><img decoding=\"async\" class=\"img-responsive\" src=\"https:\/\/zdvi.cname.ro\/_90\/informatii-de-ultima-ora-despre-cum-devine-realitate-campusul-umb-de-la-adjud.investitii-verificate-in-teren-de-conducerea-cj-vrancea\/article\/mediaPool\/uODVyj5.jpeg\" alt><\/li>\n<\/ul>\n<\/div>\n<div class=\"item \">\n<ul class=\"navigare-carusel-imagini\">\n<li data-target=\"#carousel-poza-mare\" data-slide-to=\"10\"><img decoding=\"async\" class=\"img-responsive\" src=\"https:\/\/zdvi.cname.ro\/_90\/informatii-de-ultima-ora-despre-cum-devine-realitate-campusul-umb-de-la-adjud.investitii-verificate-in-teren-de-conducerea-cj-vrancea\/article\/mediaPool\/u4HXVCu.jpeg\" alt><\/li>\n<li data-target=\"#carousel-poza-mare\" data-slide-to=\"11\"><img decoding=\"async\" class=\"img-responsive\" src=\"https:\/\/zdvi.cname.ro\/_90\/informatii-de-ultima-ora-despre-cum-devine-realitate-campusul-umb-de-la-adjud.investitii-verificate-in-teren-de-conducerea-cj-vrancea\/article\/mediaPool\/uSS6EO3.jpeg\" alt><\/li>\n<li data-target=\"#carousel-poza-mare\" data-slide-to=\"12\"><img decoding=\"async\" class=\"img-responsive\" src=\"https:\/\/zdvi.cname.ro\/_90\/informatii-de-ultima-ora-despre-cum-devine-realitate-campusul-umb-de-la-adjud.investitii-verificate-in-teren-de-conducerea-cj-vrancea\/article\/mediaPool\/uiW0r0C.jpeg\" alt><\/li>\n<li data-target=\"#carousel-poza-mare\" data-slide-to=\"13\"><img decoding=\"async\" class=\"img-responsive\" src=\"https:\/\/zdvi.cname.ro\/_90\/informatii-de-ultima-ora-despre-cum-devine-realitate-campusul-umb-de-la-adjud.investitii-verificate-in-teren-de-conducerea-cj-vrancea\/article\/mediaPool\/uK5ohcc.jpeg\" alt><\/li>\n<li data-target=\"#carousel-poza-mare\" data-slide-to=\"14\"><img decoding=\"async\" class=\"img-responsive\" src=\"https:\/\/zdvi.cname.ro\/_90\/informatii-de-ultima-ora-despre-cum-devine-realitate-campusul-umb-de-la-adjud.investitii-verificate-in-teren-de-conducerea-cj-vrancea\/article\/mediaPool\/uQw68nL.jpeg\" alt><\/li>\n<\/ul>\n<\/div>\n<div class=\"item \">\n<ul class=\"navigare-carusel-imagini\">\n<li data-target=\"#carousel-poza-mare\" data-slide-to=\"15\"><img decoding=\"async\" class=\"img-responsive\" src=\"https:\/\/zdvi.cname.ro\/_90\/informatii-de-ultima-ora-despre-cum-devine-realitate-campusul-umb-de-la-adjud.investitii-verificate-in-teren-de-conducerea-cj-vrancea\/article\/mediaPool\/uO7p4zk.jpeg\" alt><\/li>\n<li data-target=\"#carousel-poza-mare\" data-slide-to=\"16\"><img decoding=\"async\" class=\"img-responsive\" src=\"https:\/\/zdvi.cname.ro\/_90\/informatii-de-ultima-ora-despre-cum-devine-realitate-campusul-umb-de-la-adjud.investitii-verificate-in-teren-de-conducerea-cj-vrancea\/article\/mediaPool\/ugIE2LT.jpeg\" alt><\/li>\n<li data-target=\"#carousel-poza-mare\" data-slide-to=\"17\"><img decoding=\"async\" class=\"img-responsive\" src=\"https:\/\/zdvi.cname.ro\/_90\/informatii-de-ultima-ora-despre-cum-devine-realitate-campusul-umb-de-la-adjud.investitii-verificate-in-teren-de-conducerea-cj-vrancea\/article\/mediaPool\/uoEv4Xs.jpeg\" alt><\/li>\n<li data-target=\"#carousel-poza-mare\" data-slide-to=\"18\"><img decoding=\"async\" class=\"img-responsive\" src=\"https:\/\/zdvi.cname.ro\/_90\/informatii-de-ultima-ora-despre-cum-devine-realitate-campusul-umb-de-la-adjud.investitii-verificate-in-teren-de-conducerea-cj-vrancea\/article\/mediaPool\/ua0L991.jpeg\" alt><\/li>\n<\/ul>\n<\/div>\n<\/div>\n<p><a class=\"control left\" href=\"https:\/\/ziaruldevrancea.ro\/promo\/brand-voice\/informatii-de-ultima-ora-despre-cum-devine-realitate-campusul-umb-de-la-adjud.investitii-verificate-in-teren-de-conducerea-cj-vrancea#carousel-poze-mici\" role=\"button\" data-slide=\"prev\"><span class=\"sr-only\">Previous<\/span><\/a><a class=\"control right\" href=\"https:\/\/ziaruldevrancea.ro\/promo\/brand-voice\/informatii-de-ultima-ora-despre-cum-devine-realitate-campusul-umb-de-la-adjud.investitii-verificate-in-teren-de-conducerea-cj-vrancea#carousel-poze-mici\" role=\"button\" data-slide=\"next\"><span class=\"sr-only\">Next<\/span><\/a><\/div>\n<\/div>\n<\/div>\n<p><strong>Adjudul \u00ee\u0219i accelereaz\u0103 dezvoltarea: investi\u021bii de 46 de milioane de euro \u00een ap\u0103, drumuri, s\u0103n\u0103tate \u0219i educa\u021bie, verificate joi 23 iulie 2026, \u00een teren, de conducerea CJ Vrancea.<\/strong><\/p>\n<p><strong>Vrancea: Sta\u021bia de deferizare a apei din Adjud ar putea deveni opera\u021bional\u0103 \u00een decembrie, iar peste 20 de proiecte publice \u0219i private printre ele \u0219i campusul\u00a0industrial \u0219i reziden\u021bial realizat de compania UMB \u00een municipiul de pe Trotu\u0219,\u00a0una dintre cele mai importante investi\u021bii private din jude\u021b\u00a0sunt \u00een diferite stadii de implementare<\/strong><\/p>\n<p>Municipiul Adjud traverseaz\u0103 una dintre cele mai intense perioade de investi\u021bii din ultimii ani, cu peste 20 de proiecte aflate \u00een implementare, \u00een valoare total\u0103 de aproximativ 46 de milioane de euro. Stadiul acestora a fost analizat joi, 23 iulie 2026, \u00een cadrul unei vizite de lucru efectuate de pre\u0219edintele Consiliului Jude\u021bean Vrancea, Nicu\u0219or Halici, \u00eempreun\u0103 cu reprezentan\u021bii administra\u021biei locale \u0219i ai institu\u021biilor implicate \u00een derularea investi\u021biilor.<\/p>\n<p>Potrivit unui comunicat transmis de Biroul de Pres\u0103 al Consiliului Jude\u021bean Vrancea, prima oprire a delega\u021biei a avut loc la sta\u021bia de deferizare a apei din municipiul Adjud, obiectiv considerat esen\u021bial pentru \u00eembun\u0103t\u0103\u021birea calit\u0103\u021bii apei potabile furnizate popula\u021biei.<\/p>\n<p>Al\u0103turi de primarul municipiului Adjud, George Nica, \u0219i conducerea Companiei de Utilit\u0103\u021bi Publice Foc\u0219ani, au fost analizate evolu\u021bia lucr\u0103rilor \u0219i termenele de finalizare. Conform estim\u0103rilor prezentate, investi\u021bia ar urma s\u0103 fie \u00eencheiat\u0103 p\u00e2n\u0103 la sf\u00e2r\u0219itul lunii noiembrie, iar sta\u021bia s\u0103 devin\u0103 opera\u021bional\u0103 \u00een luna decembrie.<\/p>\n<p>Dac\u0103 acest calendar va fi respectat, locuitorii municipiului Adjud vor beneficia de ap\u0103 tratat\u0103 prin noul sistem de deferizare, un proiect a\u0219teptat de comunitate de mai mul\u021bi ani.<\/p>\n<p>\u00cen cadrul vizitei, pre\u0219edintele Consiliului Jude\u021bean Vrancea a declarat c\u0103 administra\u021bia jude\u021bean\u0103 urm\u0103re\u0219te \u00eendeaproape implementarea investi\u021biilor \u0219i sprijin\u0103 autorit\u0103\u021bile locale pentru identificarea solu\u021biilor necesare finaliz\u0103rii acestora \u00een termen.<\/p>\n<blockquote>\n<p><strong>\u201eRolul nostru este s\u0103 urm\u0103rim \u00eendeaproape fiecare investi\u021bie, s\u0103 intervenim acolo unde este nevoie \u0219i s\u0103 sprijinim comunit\u0103\u021bile pentru a identifica solu\u021bii astfel \u00eenc\u00e2t proiectele s\u0103 fie finalizate la timp. Dezvoltarea nu se m\u0103soar\u0103 \u00een promisiuni, ci \u00een rezultate concrete, iar acestea \u00eenseamn\u0103 servicii publice mai bune, infrastructur\u0103 modern\u0103 \u0219i condi\u021bii de via\u021b\u0103 mai bune pentru oameni\u201d, <\/strong>a declarat <strong>Nicu\u0219or Halici, potrivit comunicatului CJ Vrancea.<\/strong><\/p>\n<\/blockquote>\n<p><strong>Peste 20 de proiecte \u00een derulare<\/strong><\/p>\n<p>\u00cen cadrul \u00eent\u00e2lnirii desf\u0103\u0219urate la Prim\u0103ria Adjud au fost analizate investi\u021biile aflate \u00een diferite faze de implementare, multe dintre acestea fiind finan\u021bate din fonduri europene.<\/p>\n<p>Printre proiectele prezentate se num\u0103r\u0103:<\/p>\n<ul>\n<li>modernizarea \u0219i dotarea unit\u0103\u021bilor de \u00eenv\u0103\u021b\u0103m\u00e2nt \u0219i construirea unei noi cre\u0219e;<\/li>\n<li>realizarea a 16 locuin\u021be pentru tineri \u00een zona Garofi\u021bei;<\/li>\n<li>continuarea programelor de eficientizare energetic\u0103 a blocurilor;<\/li>\n<li>extinderea re\u021belei de gaze naturale \u00een localit\u0103\u021bile \u0218i\u0219cani \u0219i Burcioaia;<\/li>\n<li>modernizarea infrastructurii rutiere;<\/li>\n<li>introducerea transportului public electric prin autobuze nepoluante \u0219i sta\u021bii de \u00eenc\u0103rcare;<\/li>\n<li>reabilitarea \u0219i modernizarea Spitalului Municipal Adjud;<\/li>\n<li>amenajarea de noi parcuri \u0219i locuri de joac\u0103.<\/li>\n<\/ul>\n<p><strong>Solu\u021bie tehnic\u0103 pentru modernizarea DJ 119J<\/strong><\/p>\n<p>Pe agenda vizitei s-a aflat \u0219i situa\u021bia drumului jude\u021bean DJ 119J, care face leg\u0103tura \u00eentre Adjud, Adjudu Vechi \u0219i \u0218i\u0219cani.<\/p>\n<p>Potrivit Consiliului Jude\u021bean Vrancea, \u00een urma evalu\u0103rilor tehnice a fost stabilit\u0103 solu\u021bia pentru turnarea unui covor asfaltic nou pe \u00eentregul tronson, cu o lungime de aproximativ \u0219apte kilometri. Investi\u021bia are ca obiectiv \u00eembun\u0103t\u0103\u021birea condi\u021biilor de circula\u021bie \u0219i cre\u0219terea siguran\u021bei rutiere \u00een zon\u0103.<\/p>\n<p><strong>Campusul UMB, una dintre cele mai importante investi\u021bii private din jude\u021b<\/strong><\/p>\n<p>Comunicatul CJ Vrancea face referire \u0219i la dezvoltarea campusului industrial \u0219i reziden\u021bial realizat de compania UMB \u00een municipiul Adjud.<\/p>\n<p>Proiectul, desf\u0103\u0219urat pe o suprafa\u021b\u0103 de aproximativ 200 de hectare, este prezentat drept una dintre cele mai importante investi\u021bii private din jude\u021bul Vrancea, cu poten\u021bial de a genera noi locuri de munc\u0103, de a atrage investi\u021bii suplimentare \u0219i de a consolida rolul municipiului Adjud ca pol regional de dezvoltare economic\u0103.<\/p>\n<p>Vizita de lucru s-a \u00eencheiat cu reafirmarea sprijinului Consiliului Jude\u021bean pentru proiectele de investi\u021bii aflate \u00een implementare \u00een municipiul Adjud, administra\u021bia jude\u021bean\u0103 subliniind importan\u021ba dezvolt\u0103rii infrastructurii, serviciilor publice, sistemului de s\u0103n\u0103tate, educa\u021biei \u0219i economiei locale pentru cre\u0219terea calit\u0103\u021bii vie\u021bii locuitorilor din jude\u021bul Vrancea.<\/p>\n<p><strong>Paul Petrache<\/strong><\/p>\n<p><strong>Citi\u021bi \u0219i con\u021binutul integral al comunicatului de pres\u0103 f\u0103cut public joi 23 iulie 2026 ora 14:17 de Biroul de pres\u0103 al Consiliului Jude\u021bean Vrancea \u00een leg\u0103tur\u0103 cu acest articol<\/strong><\/p>\n<p><img decoding=\"async\" alt src=\"https:\/\/zdvi.cname.ro\/_\/mediaPool-file\/mediaPool\/uBT3keY.jpg\"><\/p>\n<p><img decoding=\"async\" alt src=\"https:\/\/zdvi.cname.ro\/_\/mediaPool-file\/mediaPool\/uDUloxE.jpg\"><\/p>\n<p>\u00a0<\/p>\n<hr>\n<div class=\"bloc-widget widget-rosu\">\n<p>\u00cen lipsa unui acord scris din partea Ziarului de Vrancea, pute\u0163i prelua maxim 500 de caractere din acest articol dac\u0103 preciza\u0163i sursa \u015fi insera\u0163i vizibil link-ul articolului:\u00a0<span>#insertcurrentlinkhere<\/span><\/p>\n<\/div>\n<div class=\"extra-articol listing-anunturi\">\n<h6>Anun\u021buri <span class=\"text-primary\">ZdV<\/span> Premium<\/h6>\n<div class=\"row\">\n<div class=\"col-lg-4 col-md-6 bloc-egal\"><a class=\"card-anunt\" href=\"https:\/\/ziaruldevrancea.ro\/anunturi\/altele\/servicii\/caut-o-persoana-sau-o-familie-pentru-ingrijirea-unei-batrane\"><strong class=\"titlu\">Servicii<\/strong><span class=\"text-anunt\">Caut o persoan\u0103\u00a0sau o familie serioas\u0103&#8230;<\/span><span class=\"data-anunt\">04.08.2026  <\/span><\/a><\/div>\n<div class=\"col-lg-4 col-md-6 bloc-egal\"><a class=\"card-anunt\" href=\"https:\/\/ziaruldevrancea.ro\/anunturi\/imobiliare\/vanzari-ap-2-camere\/vand-apartament-2-camere-in-focsani-anunt-72825\"><strong class=\"titlu\">V\u00e2nz\u0103ri ap 2 camere<\/strong><span class=\"text-anunt\">V\u00e2nd apartament 2 camere, hol p\u0103trat,&#8230;<\/span><span class=\"data-anunt\">04.08.2026  <\/span><\/a><\/div>\n<div class=\"col-lg-4 col-md-6 bloc-egal\"><a class=\"card-anunt\" href=\"https:\/\/ziaruldevrancea.ro\/anunturi\/angajari\/oferte-angajari\/angajam-asistente-medicale\"><strong class=\"titlu\">Oferte<\/strong><span class=\"text-anunt\">Crucea Ro\u0219ie Vrancea angajeaz\u0103 asistente\u00a0&#8230;<\/span><span class=\"data-anunt\">04.08.2026  <\/span><\/a><\/div>\n<\/div>\n<\/div>\n<div class=\"extra-articol alte-articole\">\n<div class=\"row\">\n<div class=\"col-lg-6 bloc-egal\">\n<div class=\"card articol-listing\">\n<h6>\u00cen categoria <a href=\"https:\/\/ziaruldevrancea.ro\/promo\/brand-voice\">Brand voice<\/a><\/h6>\n<div class=\"grup-articol-listing\">\n<div class=\"cont-pils\"><a href=\"https:\/\/ziaruldevrancea.ro\/promo\/brand-voice\/video-agenda-saptamanii-3-9-august-2026-in-vrancea\"><img decoding=\"async\" src=\"https:\/\/zdvi.cname.ro\/180_135\/promo\/brand-voice\/video-agenda-saptamanii-3-9-august-2026-in-vrancea\/mediaPool\/ukNuNqV.jpg\" class=\"img-responsive img-180\" alt><\/a><\/div>\n<h2><a class=\"link-titlu\" href=\"https:\/\/ziaruldevrancea.ro\/promo\/brand-voice\/video-agenda-saptamanii-3-9-august-2026-in-vrancea\">VIDEO | Agenda s\u0103pt\u0103m\u00e2nii 3\u20139 august 2026 \u00een Vrancea<\/a><\/h2>\n<div class=\"date-post\"><a href=\"https:\/\/ziaruldevrancea.ro\/autor\/radu-tomescu\">Radu Tomescu<\/a>,  4 aug 2026  <\/div>\n<\/div>\n<div class=\"grup-articol-listing\">\n<div class=\"cont-pils\"><a href=\"https:\/\/ziaruldevrancea.ro\/promo\/brand-voice\/20-de-tineri-din-vrancea-descopera-europa-cu-trenul-prin-erasmus\"><img decoding=\"async\" src=\"https:\/\/zdvi.cname.ro\/180_135\/promo\/brand-voice\/20-de-tineri-din-vrancea-descopera-europa-cu-trenul-prin-erasmus\/mediaPool\/uVsSv09.jpg\" class=\"img-responsive img-180\" alt><\/a><\/div>\n<h2><a class=\"link-titlu\" href=\"https:\/\/ziaruldevrancea.ro\/promo\/brand-voice\/20-de-tineri-din-vrancea-descopera-europa-cu-trenul-prin-erasmus\">20 de tineri din Vrancea descoper\u0103 Europa cu trenul prin Erasmus+<\/a><\/h2>\n<div class=\"date-post\"><a href=\"https:\/\/ziaruldevrancea.ro\/autor\/maria-bratu\">Maria BRATU<\/a>,  4 aug 2026  <\/div>\n<\/div>\n<div class=\"grup-articol-listing\">\n<div class=\"cont-pils\"><a href=\"https:\/\/ziaruldevrancea.ro\/promo\/brand-voice\/investigatii-complete-pentru-sanatatea-femeii-disponibile-in-vrancea-la-acelasi-medic-specialist\"><img decoding=\"async\" src=\"https:\/\/zdvi.cname.ro\/180_135\/promo\/brand-voice\/investigatii-complete-pentru-sanatatea-femeii-disponibile-in-vrancea-la-acelasi-medic-specialist\/mediaPool\/ui2xC62.PNG\" class=\"img-responsive img-180\" alt><\/a><\/div>\n<h2><a class=\"link-titlu\" href=\"https:\/\/ziaruldevrancea.ro\/promo\/brand-voice\/investigatii-complete-pentru-sanatatea-femeii-disponibile-in-vrancea-la-acelasi-medic-specialist\">Investiga\u021bii complete pentru s\u0103n\u0103tatea femeii, disponibile \u00een Vrancea la acela\u0219i medic specialist<\/a><\/h2>\n<div class=\"date-post\"><a href=\"https:\/\/ziaruldevrancea.ro\/autor\/camelia-marin\">Camelia Marin<\/a>,  4 aug 2026  <\/div>\n<\/div>\n<\/div>\n<\/div>\n<div class=\"col-lg-6 bloc-egal\">\n<div class=\"card articol-listing\">\n<h6>De acela\u0219i <a href=\"https:\/\/ziaruldevrancea.ro\/autor\/paul-petrache\/\">autor<\/a><\/h6>\n<div class=\"grup-articol-listing\">\n<div class=\"cont-pils\"><a href=\"https:\/\/ziaruldevrancea.ro\/actualitatea\/stiri-locale\/update-vrancea-tanarul-ranit-grav-in-accidentul-de-pe-strada-bucegi-transportat-cu-elicopterul-smurd-la-bucuresti\"><img decoding=\"async\" src=\"https:\/\/zdvi.cname.ro\/180_135\/actualitatea\/stiri-locale\/update-vrancea-tanarul-ranit-grav-in-accidentul-de-pe-strada-bucegi-transportat-cu-elicopterul-smurd-la-bucuresti\/mediaPool\/u6PHwyc.jpeg\" class=\"img-responsive img-180\" alt><\/a><\/div>\n<h2><a class=\"link-titlu\" href=\"https:\/\/ziaruldevrancea.ro\/actualitatea\/stiri-locale\/update-vrancea-tanarul-ranit-grav-in-accidentul-de-pe-strada-bucegi-transportat-cu-elicopterul-smurd-la-bucuresti\">UPDATE | Vrancea: T\u00e2n\u0103rul r\u0103nit grav \u00een accidentul de pe strada Bucegi, transportat cu elicopterul SMURD la Bucure\u0219ti<\/a><\/h2>\n<div class=\"date-post\"><a href=\"https:\/\/ziaruldevrancea.ro\/autor\/paul-petrache\">Paul Petrache<\/a>,  4 aug 2026  <\/div>\n<\/div>\n<div class=\"grup-articol-listing\">\n<div class=\"cont-pils\"><a href=\"https:\/\/ziaruldevrancea.ro\/actualitatea\/stiri-locale\/accident-in-focsani-trei-pietoni-loviti-pe-trecerea-de-pietoni-de-un-conducator-de-trotineta-electrica.victimele-au-ajuns-la-upu\"><img decoding=\"async\" src=\"https:\/\/zdvi.cname.ro\/180_135\/actualitatea\/stiri-locale\/accident-in-focsani-trei-pietoni-loviti-pe-trecerea-de-pietoni-de-un-conducator-de-trotineta-electrica.victimele-au-ajuns-la-upu\/mediaPool\/uKQYDBf.jpg\" class=\"img-responsive img-180\" alt><\/a><\/div>\n<h2><a class=\"link-titlu\" href=\"https:\/\/ziaruldevrancea.ro\/actualitatea\/stiri-locale\/accident-in-focsani-trei-pietoni-loviti-pe-trecerea-de-pietoni-de-un-conducator-de-trotineta-electrica.victimele-au-ajuns-la-upu\">Accident \u00een Foc\u0219ani: trei pietoni lovi\u021bi pe trecerea de pietoni de un conduc\u0103tor de trotinet\u0103 electric\u0103.Victimele au ajuns la UPU<\/a><\/h2>\n<div class=\"date-post\"><a href=\"https:\/\/ziaruldevrancea.ro\/autor\/paul-petrache\">Paul Petrache<\/a>,  3 aug 2026  <\/div>\n<\/div>\n<div class=\"grup-articol-listing\">\n<div class=\"cont-pils\"><a href=\"https:\/\/ziaruldevrancea.ro\/special\/politica\/primarul-focsaniului-raspunde-criticilor-privind-reorganizarea-teatrului-maior-gheorghe-pastia\"><img decoding=\"async\" src=\"https:\/\/zdvi.cname.ro\/180_135\/special\/politica\/primarul-focsaniului-raspunde-criticilor-privind-reorganizarea-teatrului-maior-gheorghe-pastia\/mediaPool\/uNhtmwy.jpg\" class=\"img-responsive img-180\" alt><\/a><\/div>\n<h2><a class=\"link-titlu\" href=\"https:\/\/ziaruldevrancea.ro\/special\/politica\/primarul-focsaniului-raspunde-criticilor-privind-reorganizarea-teatrului-maior-gheorghe-pastia\">Primarul Foc\u0219aniului r\u0103spunde criticilor privind reorganizarea Teatrului \u201eMaior Gheorghe Pastia\u201d<\/a><\/h2>\n<div class=\"date-post\"><a href=\"https:\/\/ziaruldevrancea.ro\/autor\/paul-petrache\">Paul Petrache<\/a>,  2 aug 2026  <\/div>\n<\/div>\n<\/div>\n<\/div>\n<\/div>\n<\/div>\n<div class=\"extra-articol listing-anunturi\">\n<h6>Anun\u021buri <span class=\"text-primary\">ZdV<\/span> Premium<\/h6>\n<div class=\"row\">\n<div class=\"col-lg-4 col-md-6 bloc-egal\"><a class=\"card-anunt\" href=\"https:\/\/ziaruldevrancea.ro\/anunturi\/inchirieri\/locuinte-oferte\/Inchiriez-camera-anunt-72823\"><strong class=\"titlu\">Locuin\u021be oferte<\/strong><span class=\"text-anunt\">\u00cenchiriez camer\u0103 la apartament. Rog&#8230;<\/span><span class=\"data-anunt\">03.08.2026  <\/span><\/a><\/div>\n<div class=\"col-lg-4 col-md-6 bloc-egal\"><a class=\"card-anunt\" href=\"https:\/\/ziaruldevrancea.ro\/anunturi\/imobiliare\/vanzari-terenuri\/vand-teren-in-panciu\"><strong class=\"titlu\">V\u00e2nz\u0103ri terenuri<\/strong><span class=\"text-anunt\">Teren Panciu 1170 mp, cu num\u0103r cas\u0103, ap\u0103&#8230;<\/span><span class=\"data-anunt\">29.07.2026  <\/span><\/a><\/div>\n<div class=\"col-lg-4 col-md-6 bloc-egal\"><a class=\"card-anunt\" href=\"https:\/\/ziaruldevrancea.ro\/anunturi\/altele\/anulare-acte\/vand-scrumbii-afumate-capturi-dunare\"><strong class=\"titlu\">Vanzari diverse<\/strong><span class=\"text-anunt\">Pret : 117 lei \/ kg . \u00a0 Este&#8230;<\/span><span class=\"data-anunt\">29.07.2026 , Gala\u021bi , Gala\u021bi<\/span><\/a><\/div>\n<\/div>\n<\/div>\n<div class=\"bloc-widget widget-albastru\">\n    Ziarul de Vrancea \u00a0nu este responsabil juridic pentru con\u0163inutul textelor din comentariile de mai jos. Responsabilitatea pentru mesajele dumneavoastra v\u0103 revine \u00een exclusivitate.\n<\/div>\n<div class=\"comentarii-articol\" id=\"comentarii\">\n<h3>Comentarii: <span class=\"text-primary\">0<\/span><\/h3>\n<p><a href=\"https:\/\/ziaruldevrancea.ro\/promo\/brand-voice\/informatii-de-ultima-ora-despre-cum-devine-realitate-campusul-umb-de-la-adjud.investitii-verificate-in-teren-de-conducerea-cj-vrancea\" class=\"btn btn-success btn-adauga-com\" data-toggle=\"modal\" data-parent=\"0\" data-target=\"#commentModal\">Adaug\u0103 comentariu<\/a><\/p>\n<div class=\"loadMask comments-mask\"><img decoding=\"async\" src=\"https:\/\/zdvs.cname.ro\/images\/loader_40.gif\"><\/div>\n<div class=\"comenteaza-jos\">Trebuie s\u0103 fii <a href=\"https:\/\/ziaruldevrancea.ro\/account\">autentificat<\/a> pentru a putea <a href=\"https:\/\/ziaruldevrancea.ro\/promo\/brand-voice\/informatii-de-ultima-ora-despre-cum-devine-realitate-campusul-umb-de-la-adjud.investitii-verificate-in-teren-de-conducerea-cj-vrancea\" class data-toggle=\"modal\" data-parent=\"0\" data-target=\"#commentModal\">posta un comentariu<\/a>.<\/div>\n<\/div>\n<div class=\"modal fade\" id=\"commentModal\" role=\"dialog\" aria-labelledby=\"commentModalLabel\">\n<div class=\"modal-dialog modal-lg\" role=\"document\">\n<div class=\"modal-content\">\n<div class=\"modal-header\">\n<h3 class=\"modal-title\" id=\"commentModalLabel\">Comenteaz\u0103<\/h3>\n<\/div>\n<div class=\"modal-body\">\n<div class=\"tabel tabel-full\">\n<div class=\"celula\">\n              Trebuie s\u0103 fii <a href=\"https:\/\/ziaruldevrancea.ro\/account\">autentificat<\/a> pentru a putea posta un comentariu.\n            <\/div>\n<\/div>\n<\/div>\n<div class=\"modal-footer\">\n<div id=\"commentPending\" class=\"formPending pull-left\"><img decoding=\"async\" src=\"https:\/\/zdvs.cname.ro\/images\/loader_40.gif\"> In curs de procesare&#8230;<\/div>\n<p><a href=\"https:\/\/ziaruldevrancea.ro\/promo\/brand-voice\/informatii-de-ultima-ora-despre-cum-devine-realitate-campusul-umb-de-la-adjud.investitii-verificate-in-teren-de-conducerea-cj-vrancea\" class=\"btn btn-default\" data-dismiss=\"modal\">Anuleaz\u0103<\/a><\/div>\n<\/div>\n<\/div>\n<\/div>\n<div class=\"modal fade\" id=\"commentReportModal\" role=\"dialog\" aria-labelledby=\"commentReportModalLabel\">\n<div class=\"modal-dialog modal-lg\" role=\"document\">\n<div class=\"modal-content\">\n<div class=\"modal-header\">\n<h3 class=\"modal-title\" id=\"commentReportModalLabel\">Raporteaza comentariu<\/h3>\n<\/div>\n<div class=\"modal-body\">\n<div class=\"tabel tabel-full\">\n<div class=\"celula\">\n              Trebuie s\u0103 fii <a href=\"https:\/\/ziaruldevrancea.ro\/account\">autentificat<\/a> pentru a putea raporta un comentariu.\n            <\/div>\n<\/div>\n<\/div>\n<div class=\"modal-footer\">\n<div id=\"commentReportPending\" class=\"formPending pull-left\"><img decoding=\"async\" src=\"https:\/\/zdvs.cname.ro\/images\/loader_40.gif\"> In curs de procesare&#8230;<\/div>\n<p><a href=\"https:\/\/ziaruldevrancea.ro\/promo\/brand-voice\/informatii-de-ultima-ora-despre-cum-devine-realitate-campusul-umb-de-la-adjud.investitii-verificate-in-teren-de-conducerea-cj-vrancea\" class=\"btn btn-default\" data-dismiss=\"modal\">Anuleaz\u0103<\/a><\/div>\n<\/div>\n<\/div>\n<\/div>\n<div class=\"modal fade\" id=\"commentLikeModal\" role=\"dialog\" aria-labelledby=\"commentLikeModalLabel\">\n<div class=\"modal-dialog modal-lg\" role=\"document\">\n<div class=\"modal-content\">\n<div class=\"modal-header\">\n<h3 class=\"modal-title\" id=\"commentReportModalLabel\">Apreciaza comentariu<\/h3>\n<\/div>\n<div class=\"modal-body\">\n<div class=\"tabel tabel-full\">\n<div class=\"celula\">\n            Trebuie s\u0103 fii <a href=\"https:\/\/ziaruldevrancea.ro\/account\">autentificat<\/a> pentru a putea aprecia un comentariu.\n          <\/div>\n<\/div>\n<\/div>\n<div class=\"modal-footer\"><a href=\"https:\/\/ziaruldevrancea.ro\/promo\/brand-voice\/informatii-de-ultima-ora-despre-cum-devine-realitate-campusul-umb-de-la-adjud.investitii-verificate-in-teren-de-conducerea-cj-vrancea\" class=\"btn btn-default\" data-dismiss=\"modal\">Anuleaz\u0103<\/a><\/div>\n<\/div>\n<\/div>\n<\/div>\n<div class=\"bloc-widget widget-rosu\"><span><small>Ziarul de Vrancea doreste ca acest site sa fie un spatiu al discutiilor civilizate, al comentariilor de bun simt. Din acest motiv, cei care posteaza comentarii la articole trebuie sa respecte urmatoarele reguli:<br \/>\n1. Sa se refere doar la articolul la care posteaza comentarii.<br \/>\n2. Sa foloseasca un limbaj civilizat, fara injurii, calomnii, comentarii antisemite, xenofobe sau rasiste.<br \/>\n3. Sunt interzise atacurile la adresa autorilor, daca acestea nu au legatura cu textul.<br \/>\n4. Username-ul sa nu fie nume de personalitati ale vietii publice sau parodieri ale acestora.<br \/>\nAutorul unui articol poate fi criticat pentru eventuale greseli, incoerenta, lipsa de documentare etc.<br \/>\nNerespectarea regulilor mentionate mai sus va duce la stergerea comentariilor, fara avertisment si fara explicatii.<br \/>\nAbaterile repetate vor avea drept consecinta interdictia accesului la aceasta facilitate a site-ului.<\/small><\/span><\/div>\n<\/div>\n<p>[analyse_source url=&#8221;https:\/\/ziaruldevrancea.ro\/promo\/brand-voice\/informatii-de-ultima-ora-despre-cum-devine-realitate-campusul-umb-de-la-adjud.investitii-verificate-in-teren-de-conducerea-cj-vrancea&#8221;]<\/p>\n","protected":false},"excerpt":{"rendered":"<p>[analyse_image type=&#8221;featured&#8221; src=&#8221;https:\/\/zdvi.cname.ro\/_\/informatii-de-ultima-ora-despre-cum-devine-realitate-campusul-umb-de-la-adjud.investitii-verificate-in-teren-de-conducerea-cj-vrancea\/mediaPool\/uq2kDJx.jpeg&#8221;] Brand voice Informa\u021bii de ultim\u0103 or\u0103 despre cum devine realitate Campusul UMB de la Adjud.Investi\u021bii verificate \u00een teren, de conducerea CJ Vrancea Distribuie: \u00a0 | Paul Petrache 24 iul 20262049 vizualiz\u0103ri PreviousNext Adjudul \u00ee\u0219i accelereaz\u0103 dezvoltarea: investi\u021bii de 46 de milioane de euro \u00een ap\u0103, drumuri, s\u0103n\u0103tate \u0219i educa\u021bie, verificate joi 23 [&hellip;]<\/p>\n","protected":false},"author":1,"featured_media":0,"comment_status":"open","ping_status":"","sticky":false,"template":"","format":"standard","meta":{"footnotes":""},"categories":[89],"tags":[226,208],"class_list":["post-2076704","post","type-post","status-publish","format-standard","hentry","category-romania","tag-crawlmanager","tag-ziaruldevrancea-ro"],"_links":{"self":[{"href":"https:\/\/analyse.optim.biz\/index.php?rest_route=\/wp\/v2\/posts\/2076704","targetHints":{"allow":["GET"]}}],"collection":[{"href":"https:\/\/analyse.optim.biz\/index.php?rest_route=\/wp\/v2\/posts"}],"about":[{"href":"https:\/\/analyse.optim.biz\/index.php?rest_route=\/wp\/v2\/types\/post"}],"author":[{"embeddable":true,"href":"https:\/\/analyse.optim.biz\/index.php?rest_route=\/wp\/v2\/users\/1"}],"replies":[{"embeddable":true,"href":"https:\/\/analyse.optim.biz\/index.php?rest_route=%2Fwp%2Fv2%2Fcomments&post=2076704"}],"version-history":[{"count":0,"href":"https:\/\/analyse.optim.biz\/index.php?rest_route=\/wp\/v2\/posts\/2076704\/revisions"}],"wp:attachment":[{"href":"https:\/\/analyse.optim.biz\/index.php?rest_route=%2Fwp%2Fv2%2Fmedia&parent=2076704"}],"wp:term":[{"taxonomy":"category","embeddable":true,"href":"https:\/\/analyse.optim.biz\/index.php?rest_route=%2Fwp%2Fv2%2Fcategories&post=2076704"},{"taxonomy":"post_tag","embeddable":true,"href":"https:\/\/analyse.optim.biz\/index.php?rest_route=%2Fwp%2Fv2%2Ftags&post=2076704"}],"curies":[{"name":"wp","href":"https:\/\/api.w.org\/{rel}","templated":true}]}}