{"id":2076664,"date":"2026-08-04T08:48:09","date_gmt":"2026-08-04T05:48:09","guid":{"rendered":"https:\/\/analyse.optim.biz\/?p=2076664"},"modified":"2026-08-04T08:48:09","modified_gmt":"2026-08-04T05:48:09","slug":"un-barbat-a-copt-vinete-si-a-dat-foc-la-bucataria-de-vara-la-forasti","status":"publish","type":"post","link":"https:\/\/analyse.optim.biz\/?p=2076664","title":{"rendered":"Un b\u0103rbat a copt vinete \u0219i a dat foc la buc\u0103t\u0103ria de var\u0103 la For\u0103\u0219ti"},"content":{"rendered":"<p>[analyse_image type=&#8221;featured&#8221; src=&#8221;https:\/\/www.newsbucovina.ro\/wp-content\/uploads\/2026\/08\/vinete-la-copt.jpghttps:\/\/cdn.newsbucovina.ro\/wp-content\/uploads\/2026\/08\/vinete-la-copt.jpg&#8221;]<\/p>\n<div class=\"td-post-content tagdiv-type\">\n<div class=\"td-a-rec td-a-rec-id-content_top  tdi_3 td_block_template_1\"><strong>Intr\u0103 acum \u0219i \u00een grupul de <\/p>\n<div class=\"wp-block-button\"><a class=\"wp-block-button__link wp-element-button\" href=\"https:\/\/t.me\/+TH8wcfnp8fw5NWI0\">Telegram News Bucovina<\/a><\/div>\n<p><\/strong><\/div>\n<p class=\"wp-block-paragraph\">Luni, 3 august 2026, \u00een jurul orei 07:16, lucr\u0103torii Sec\u021biei de Poli\u021bie Rural\u0103 1 Vadu Moldovei au fost sesiza\u021bi prin SNUAU 112 despre un incendiu izbucnit la o anex\u0103 folosit\u0103 ca buc\u0103t\u0103rie de var\u0103, apar\u021bin\u00e2nd familiei Dasc\u0103lu din satul For\u0103\u0219ti.<\/p>\n<div class=\"wp-block-image\">\n<figure class=\"aligncenter size-full\"><a href=\"https:\/\/cdn.newsbucovina.ro\/wp-content\/uploads\/2026\/08\/vinete-la-copt.jpg\"><img loading=\"lazy\" decoding=\"async\" width=\"663\" height=\"332\" src=\"https:\/\/cdn.newsbucovina.ro\/wp-content\/uploads\/2026\/08\/vinete-la-copt.jpg\" alt class=\"wp-image-445604\"><\/a><\/figure>\n<\/div>\n<p class=\"wp-block-paragraph\">Echipa operativ\u0103 s-a deplasat imediat la fa\u021ba locului unde a constatat c\u0103 ardea o anex\u0103 din lemn a locuin\u021bei. Pentru stingerea focului au intervenit dou\u0103 autospeciale ale ISU Bucovina \u2013 Deta\u0219amentul F\u0103lticeni \u0219i o autospecial\u0103 a Prim\u0103riei comunei For\u0103\u0219ti, care au reu\u0219it lichidarea incendiului.<\/p>\n<p class=\"wp-block-paragraph\">Potrivit declara\u021biilor proprietarilor, \u00een diminea\u021ba respectiv\u0103, b\u0103rbatul a copt vinete la o sob\u0103 aflat\u0103 \u00een vecin\u0103tatea anexei. Dup\u0103 ce a terminat \u0219i a intrat \u00een cas\u0103 cu vinetele, \u00een aproximativ 10 minute a observat c\u0103 anexa a luat foc. Burlanul metalic al sobei c\u0103zuse pe construc\u021bia din lemn, provoc\u00e2nd aprinderea.<\/p>\n<p class=\"wp-block-paragraph\">\u00cen incendiu au ars circa 10 metri p\u0103tra\u021bi din acoperi\u0219ul anexei gospod\u0103re\u0219ti. Speciali\u0219tii ISU Bucovina au stabilit c\u0103 sursa de aprindere a fost efectul termic al burlanului metalic c\u0103zut pe structura din lemn. Nu a existat pericol de propagare la locuin\u021ba principal\u0103 sau la casele \u00eenvecinate.<\/p>\n<p class=\"wp-block-paragraph\">Nu au fost \u00eenregistrate victime. Proprietarii au estimat prejudiciul la aproximativ 10.000 de lei, iar familia nu de\u021bine asigurare pentru incendiu.<\/p>\n<div class=\"td-a-rec td-a-rec-id-content_bottom  tdi_4 td_block_template_1\"><strong>Intr\u0103 acum \u0219i \u00een grupul de <\/p>\n<div class=\"wp-block-button\"><a class=\"wp-block-button__link wp-element-button\" href=\"https:\/\/t.me\/+TH8wcfnp8fw5NWI0\">Telegram News Bucovina<\/a><\/div>\n<p><\/strong><\/div>\n<\/div>\n<div class=\"td-post-content tagdiv-type\">\n<div class=\"td-a-rec td-a-rec-id-content_top  tdi_3 td_block_template_1\"><strong>Intr\u0103 acum \u0219i \u00een grupul de <\/p>\n<div class=\"wp-block-button\"><a class=\"wp-block-button__link wp-element-button\" href=\"https:\/\/t.me\/+TH8wcfnp8fw5NWI0\">Telegram News Bucovina<\/a><\/div>\n<p><\/strong><\/div>\n<p class=\"wp-block-paragraph\">Luni, 3 august 2026, \u00een jurul orei 07:16, lucr\u0103torii Sec\u021biei de Poli\u021bie Rural\u0103 1 Vadu Moldovei au fost sesiza\u021bi prin SNUAU 112 despre un incendiu izbucnit la o anex\u0103 folosit\u0103 ca buc\u0103t\u0103rie de var\u0103, apar\u021bin\u00e2nd familiei Dasc\u0103lu din satul For\u0103\u0219ti.<\/p>\n<div class=\"wp-block-image\">\n<figure class=\"aligncenter size-full\"><a href=\"https:\/\/cdn.newsbucovina.ro\/wp-content\/uploads\/2026\/08\/vinete-la-copt.jpg\"><img loading=\"lazy\" decoding=\"async\" width=\"663\" height=\"332\" src=\"https:\/\/cdn.newsbucovina.ro\/wp-content\/uploads\/2026\/08\/vinete-la-copt.jpg\" alt class=\"wp-image-445604\"><\/a><\/figure>\n<\/div>\n<p class=\"wp-block-paragraph\">Echipa operativ\u0103 s-a deplasat imediat la fa\u021ba locului unde a constatat c\u0103 ardea o anex\u0103 din lemn a locuin\u021bei. Pentru stingerea focului au intervenit dou\u0103 autospeciale ale ISU Bucovina \u2013 Deta\u0219amentul F\u0103lticeni \u0219i o autospecial\u0103 a Prim\u0103riei comunei For\u0103\u0219ti, care au reu\u0219it lichidarea incendiului.<\/p>\n<p class=\"wp-block-paragraph\">Potrivit declara\u021biilor proprietarilor, \u00een diminea\u021ba respectiv\u0103, b\u0103rbatul a copt vinete la o sob\u0103 aflat\u0103 \u00een vecin\u0103tatea anexei. Dup\u0103 ce a terminat \u0219i a intrat \u00een cas\u0103 cu vinetele, \u00een aproximativ 10 minute a observat c\u0103 anexa a luat foc. Burlanul metalic al sobei c\u0103zuse pe construc\u021bia din lemn, provoc\u00e2nd aprinderea.<\/p>\n<p class=\"wp-block-paragraph\">\u00cen incendiu au ars circa 10 metri p\u0103tra\u021bi din acoperi\u0219ul anexei gospod\u0103re\u0219ti. Speciali\u0219tii ISU Bucovina au stabilit c\u0103 sursa de aprindere a fost efectul termic al burlanului metalic c\u0103zut pe structura din lemn. Nu a existat pericol de propagare la locuin\u021ba principal\u0103 sau la casele \u00eenvecinate.<\/p>\n<p class=\"wp-block-paragraph\">Nu au fost \u00eenregistrate victime. Proprietarii au estimat prejudiciul la aproximativ 10.000 de lei, iar familia nu de\u021bine asigurare pentru incendiu.<\/p>\n<div class=\"td-a-rec td-a-rec-id-content_bottom  tdi_4 td_block_template_1\"><strong>Intr\u0103 acum \u0219i \u00een grupul de <\/p>\n<div class=\"wp-block-button\"><a class=\"wp-block-button__link wp-element-button\" href=\"https:\/\/t.me\/+TH8wcfnp8fw5NWI0\">Telegram News Bucovina<\/a><\/div>\n<p><\/strong><\/div>\n<\/div>\n<p>[analyse_source url=&#8221;https:\/\/www.newsbucovina.ro\/social\/445603\/un-barbat-a-copt-vinete-si-a-dat-foc-la-bucataria-de-vara-la-forasti&#8221;]<\/p>\n","protected":false},"excerpt":{"rendered":"<p>[analyse_image type=&#8221;featured&#8221; src=&#8221;https:\/\/www.newsbucovina.ro\/wp-content\/uploads\/2026\/08\/vinete-la-copt.jpghttps:\/\/cdn.newsbucovina.ro\/wp-content\/uploads\/2026\/08\/vinete-la-copt.jpg&#8221;] Intr\u0103 acum \u0219i \u00een grupul de Telegram News Bucovina Luni, 3 august 2026, \u00een jurul orei 07:16, lucr\u0103torii Sec\u021biei de Poli\u021bie Rural\u0103 1 Vadu Moldovei au fost sesiza\u021bi prin SNUAU 112 despre un incendiu izbucnit la o anex\u0103 folosit\u0103 ca buc\u0103t\u0103rie de var\u0103, apar\u021bin\u00e2nd familiei Dasc\u0103lu din satul For\u0103\u0219ti. Echipa operativ\u0103 s-a [&hellip;]<\/p>\n","protected":false},"author":1,"featured_media":0,"comment_status":"open","ping_status":"","sticky":false,"template":"","format":"standard","meta":{"footnotes":""},"categories":[89],"tags":[226,165],"class_list":["post-2076664","post","type-post","status-publish","format-standard","hentry","category-romania","tag-crawlmanager","tag-newsbucovina-ro"],"_links":{"self":[{"href":"https:\/\/analyse.optim.biz\/index.php?rest_route=\/wp\/v2\/posts\/2076664","targetHints":{"allow":["GET"]}}],"collection":[{"href":"https:\/\/analyse.optim.biz\/index.php?rest_route=\/wp\/v2\/posts"}],"about":[{"href":"https:\/\/analyse.optim.biz\/index.php?rest_route=\/wp\/v2\/types\/post"}],"author":[{"embeddable":true,"href":"https:\/\/analyse.optim.biz\/index.php?rest_route=\/wp\/v2\/users\/1"}],"replies":[{"embeddable":true,"href":"https:\/\/analyse.optim.biz\/index.php?rest_route=%2Fwp%2Fv2%2Fcomments&post=2076664"}],"version-history":[{"count":0,"href":"https:\/\/analyse.optim.biz\/index.php?rest_route=\/wp\/v2\/posts\/2076664\/revisions"}],"wp:attachment":[{"href":"https:\/\/analyse.optim.biz\/index.php?rest_route=%2Fwp%2Fv2%2Fmedia&parent=2076664"}],"wp:term":[{"taxonomy":"category","embeddable":true,"href":"https:\/\/analyse.optim.biz\/index.php?rest_route=%2Fwp%2Fv2%2Fcategories&post=2076664"},{"taxonomy":"post_tag","embeddable":true,"href":"https:\/\/analyse.optim.biz\/index.php?rest_route=%2Fwp%2Fv2%2Ftags&post=2076664"}],"curies":[{"name":"wp","href":"https:\/\/api.w.org\/{rel}","templated":true}]}}