{"id":2076663,"date":"2026-08-04T08:02:50","date_gmt":"2026-08-04T05:02:50","guid":{"rendered":"https:\/\/analyse.optim.biz\/?p=2076663"},"modified":"2026-08-04T08:02:50","modified_gmt":"2026-08-04T05:02:50","slug":"pelerinaj-de-recunostinta-pentru-artistii-folclorului-romanesc-organizat-de-arhiepiscopia-sucevei-si-radautilor","status":"publish","type":"post","link":"https:\/\/analyse.optim.biz\/?p=2076663","title":{"rendered":"Pelerinaj de recuno\u0219tin\u021b\u0103 pentru arti\u0219tii folclorului rom\u00e2nesc, organizat de Arhiepiscopia Sucevei \u0219i R\u0103d\u0103u\u021bilor"},"content":{"rendered":"<p>[analyse_image type=&#8221;featured&#8221; src=&#8221;https:\/\/www.newsbucovina.ro\/wp-content\/uploads\/2026\/08\/image00001.jpghttps:\/\/cdn.newsbucovina.ro\/wp-content\/uploads\/2026\/08\/image00001.jpg&#8221;]<\/p>\n<div class=\"td-post-content tagdiv-type\">\n<div class=\"td-a-rec td-a-rec-id-content_top  tdi_3 td_block_template_1\"><strong>Intr\u0103 acum \u0219i \u00een grupul de <\/p>\n<div class=\"wp-block-button\"><a class=\"wp-block-button__link wp-element-button\" href=\"https:\/\/t.me\/+TH8wcfnp8fw5NWI0\">Telegram News Bucovina<\/a><\/div>\n<p><\/strong><\/div>\n<p class=\"wp-block-paragraph\">Cu binecuv\u00e2ntarea \u00cenaltpreasfin\u021bitului P\u0103rinte Calinic, Arhiepiscop al Sucevei \u0219i R\u0103d\u0103u\u021bilor, \u00een perioada 26\u201330 iulie 2026 a fost organizat un pelerinaj la importante m\u0103n\u0103stiri \u0219i vetre monahale din \u021bar\u0103, oferit unor \u00eendr\u0103gi\u021bi interpre\u021bi ai c\u00e2ntecului popular rom\u00e2nesc. Ini\u021biativa a venit \u00een semn de recuno\u0219tin\u021b\u0103 pentru sprijinul constant pe care ace\u0219tia l-au acordat, de-a lungul anilor, lucr\u0103rii social-filantropice a eparhiei.<\/p>\n<figure class=\"wp-block-image size-large\"><a href=\"https:\/\/cdn.newsbucovina.ro\/wp-content\/uploads\/2026\/08\/image00001.jpg\"><img loading=\"lazy\" decoding=\"async\" width=\"1024\" height=\"768\" src=\"https:\/\/cdn.newsbucovina.ro\/wp-content\/uploads\/2026\/08\/image00001-1024x768.jpg\" alt class=\"wp-image-445595\"><\/a><\/figure>\n<p class=\"wp-block-paragraph\">Au r\u0103spuns invita\u021biei arti\u0219tii Mioara Velicu, Elisabeta Turcu Juverdeanu, Steliana Sima, Constantin Bahrin \u0219i Vasile Ostafi, nume de referin\u021b\u0103 ale folclorului rom\u00e2nesc. De-a lungul timpului, ace\u0219tia s-au al\u0103turat numeroaselor evenimente caritabile organizate de Arhiepiscopie, oferind generos din talentul \u0219i timpul lor pentru a aduce speran\u021b\u0103 \u0219i bucurie celor afla\u021bi \u00een suferin\u021b\u0103. Pelerinajul a fost coordonat de p\u0103rintele Andrei Mocanu, consilier \u00een cadrul Sectorului Social-Filantropic al Centrului Eparhial Suceava.<\/p>\n<p class=\"wp-block-paragraph\">Prima zi a debutat la Cimitirul Bellu din Bucure\u0219ti, unde pelerinii s-au rugat \u0219i au aprins candele la mormintele unor personalit\u0103\u021bi de seam\u0103 ale folclorului \u0219i culturii rom\u00e2ne\u0219ti. Vizita a continuat la M\u0103n\u0103stirea Pas\u0103rea, unde s-au \u00eenchinat la moa\u0219tele Sfintei Cuvioase Elisabeta de la Pas\u0103rea, iar seara grupul a ajuns la M\u0103n\u0103stirea Had\u00e2mbu, jude\u021bul Ia\u0219i.<\/p>\n<p class=\"wp-block-paragraph\">\u00cen a doua zi, itinerarul a inclus M\u0103n\u0103stirea Cet\u0103\u021buia \u0219i M\u0103n\u0103stirea Vl\u0103diceni, unde participan\u021bii s-au \u00eent\u00e2lnit cu p\u0103rintele Calistrat Chifan, precum \u0219i Catedrala Mitropolitan\u0103 din Ia\u0219i, cu moa\u0219tele Sfintei Cuvioase Parascheva, ale Sf\u00e2ntului Ierarh Iosif cel Milostiv \u0219i ale Sfintei M\u0103rturisitoare Blandina. Au urmat M\u0103n\u0103stirea V\u0103ratec, M\u0103n\u0103stirea Agapia \u0219i M\u0103n\u0103stirea Sihla, unde pelerinii au urcat la Pe\u0219tera Sfintei Teodora.<\/p>\n<p class=\"wp-block-paragraph\">A treia zi a fost dedicat\u0103 vetrelor monahale nem\u021bene \u0219i bucovinene: M\u0103n\u0103stirea Sih\u0103stria Neam\u021bului (moa\u0219tele Sfin\u021bilor Cuvio\u0219i Paisie Olaru \u0219i Cleopa Ilie), M\u0103n\u0103stirea Secu (moa\u0219tele Sf\u00e2ntului Ierarh Varlaam al Moldovei), M\u0103n\u0103stirea Sih\u0103stria R\u00e2\u0219c\u0103i, M\u0103n\u0103stirea Putna (morm\u00e2ntul Sf\u00e2ntului Voievod \u0218tefan cel Mare) \u0219i M\u0103n\u0103stirea Sih\u0103stria Putnei. Ziua s-a \u00eencheiat la M\u0103n\u0103stirea Marginea.<\/p>\n<p class=\"wp-block-paragraph\">\u00cen a patra zi, grupul a vizitat M\u0103n\u0103stirea Sucevi\u021ba, M\u0103n\u0103stirea Moldovi\u021ba, M\u0103n\u0103stirea Mestec\u0103ni\u0219, M\u0103n\u0103stirea Vorone\u021b \u0219i M\u0103n\u0103stirea Teodoreni, \u00eencheind la Schitul M\u0103n\u0103stioara. \u00cen diminea\u021ba ultimei zile, pelerinii s-au \u00eenchinat la moa\u0219tele Sf\u00e2ntului Mare Mucenic Ioan cel Nou de la Suceava, ocrotitorul Bucovinei, dup\u0103 care au fost primi\u021bi de \u00cenaltpreasfin\u021bitul P\u0103rinte Calinic. Arhiepiscopul le-a mul\u021bumit pentru generozitatea cu care au sprijinit constant proiectele filantropice ale eparhiei.<\/p>\n<p class=\"wp-block-paragraph\">Ultimul popas a fost la Paraclisul \u201eSf\u00e2ntul Mina\u201d al Parohiei \u201eSfin\u021bii P\u0103rin\u021bi Ioachim \u0219i Ana\u201d din Suceava, cunoscut drept Biserica Arti\u0219tilor, unde a fost s\u0103v\u00e2r\u0219it un parastas pentru arti\u0219tii muta\u021bi la Domnul. Cele cinci zile de pelerinaj au reconfirmat leg\u0103tura fireasc\u0103 dintre Biseric\u0103 \u0219i oamenii de cultur\u0103, \u00eentemeiat\u0103 pe credin\u021b\u0103, respect \u0219i slujirea aproapelui.<\/p>\n<p class=\"wp-block-paragraph\">Prin astfel de ini\u021biative, Arhiepiscopia Sucevei \u0219i R\u0103d\u0103u\u021bilor \u00ee\u0219i exprim\u0103 recuno\u0219tin\u021ba fa\u021b\u0103 de to\u021bi cei care sus\u021bin misiunea social-filantropic\u0103 a Bisericii, \u00eent\u0103rind comuniunea dintre credin\u021b\u0103, cultur\u0103 \u0219i ajutorarea semenilor.<\/p>\n<div class=\"td-a-rec td-a-rec-id-content_bottom  tdi_4 td_block_template_1\"><strong>Intr\u0103 acum \u0219i \u00een grupul de <\/p>\n<div class=\"wp-block-button\"><a class=\"wp-block-button__link wp-element-button\" href=\"https:\/\/t.me\/+TH8wcfnp8fw5NWI0\">Telegram News Bucovina<\/a><\/div>\n<p><\/strong><\/div>\n<\/div>\n<div class=\"td-post-content tagdiv-type\">\n<div class=\"td-a-rec td-a-rec-id-content_top  tdi_3 td_block_template_1\"><strong>Intr\u0103 acum \u0219i \u00een grupul de <\/p>\n<div class=\"wp-block-button\"><a class=\"wp-block-button__link wp-element-button\" href=\"https:\/\/t.me\/+TH8wcfnp8fw5NWI0\">Telegram News Bucovina<\/a><\/div>\n<p><\/strong><\/div>\n<p class=\"wp-block-paragraph\">Cu binecuv\u00e2ntarea \u00cenaltpreasfin\u021bitului P\u0103rinte Calinic, Arhiepiscop al Sucevei \u0219i R\u0103d\u0103u\u021bilor, \u00een perioada 26\u201330 iulie 2026 a fost organizat un pelerinaj la importante m\u0103n\u0103stiri \u0219i vetre monahale din \u021bar\u0103, oferit unor \u00eendr\u0103gi\u021bi interpre\u021bi ai c\u00e2ntecului popular rom\u00e2nesc. Ini\u021biativa a venit \u00een semn de recuno\u0219tin\u021b\u0103 pentru sprijinul constant pe care ace\u0219tia l-au acordat, de-a lungul anilor, lucr\u0103rii social-filantropice a eparhiei.<\/p>\n<figure class=\"wp-block-image size-large\"><a href=\"https:\/\/cdn.newsbucovina.ro\/wp-content\/uploads\/2026\/08\/image00001.jpg\"><img loading=\"lazy\" decoding=\"async\" width=\"1024\" height=\"768\" src=\"https:\/\/cdn.newsbucovina.ro\/wp-content\/uploads\/2026\/08\/image00001-1024x768.jpg\" alt class=\"wp-image-445595\"><\/a><\/figure>\n<p class=\"wp-block-paragraph\">Au r\u0103spuns invita\u021biei arti\u0219tii Mioara Velicu, Elisabeta Turcu Juverdeanu, Steliana Sima, Constantin Bahrin \u0219i Vasile Ostafi, nume de referin\u021b\u0103 ale folclorului rom\u00e2nesc. De-a lungul timpului, ace\u0219tia s-au al\u0103turat numeroaselor evenimente caritabile organizate de Arhiepiscopie, oferind generos din talentul \u0219i timpul lor pentru a aduce speran\u021b\u0103 \u0219i bucurie celor afla\u021bi \u00een suferin\u021b\u0103. Pelerinajul a fost coordonat de p\u0103rintele Andrei Mocanu, consilier \u00een cadrul Sectorului Social-Filantropic al Centrului Eparhial Suceava.<\/p>\n<p class=\"wp-block-paragraph\">Prima zi a debutat la Cimitirul Bellu din Bucure\u0219ti, unde pelerinii s-au rugat \u0219i au aprins candele la mormintele unor personalit\u0103\u021bi de seam\u0103 ale folclorului \u0219i culturii rom\u00e2ne\u0219ti. Vizita a continuat la M\u0103n\u0103stirea Pas\u0103rea, unde s-au \u00eenchinat la moa\u0219tele Sfintei Cuvioase Elisabeta de la Pas\u0103rea, iar seara grupul a ajuns la M\u0103n\u0103stirea Had\u00e2mbu, jude\u021bul Ia\u0219i.<\/p>\n<p class=\"wp-block-paragraph\">\u00cen a doua zi, itinerarul a inclus M\u0103n\u0103stirea Cet\u0103\u021buia \u0219i M\u0103n\u0103stirea Vl\u0103diceni, unde participan\u021bii s-au \u00eent\u00e2lnit cu p\u0103rintele Calistrat Chifan, precum \u0219i Catedrala Mitropolitan\u0103 din Ia\u0219i, cu moa\u0219tele Sfintei Cuvioase Parascheva, ale Sf\u00e2ntului Ierarh Iosif cel Milostiv \u0219i ale Sfintei M\u0103rturisitoare Blandina. Au urmat M\u0103n\u0103stirea V\u0103ratec, M\u0103n\u0103stirea Agapia \u0219i M\u0103n\u0103stirea Sihla, unde pelerinii au urcat la Pe\u0219tera Sfintei Teodora.<\/p>\n<p class=\"wp-block-paragraph\">A treia zi a fost dedicat\u0103 vetrelor monahale nem\u021bene \u0219i bucovinene: M\u0103n\u0103stirea Sih\u0103stria Neam\u021bului (moa\u0219tele Sfin\u021bilor Cuvio\u0219i Paisie Olaru \u0219i Cleopa Ilie), M\u0103n\u0103stirea Secu (moa\u0219tele Sf\u00e2ntului Ierarh Varlaam al Moldovei), M\u0103n\u0103stirea Sih\u0103stria R\u00e2\u0219c\u0103i, M\u0103n\u0103stirea Putna (morm\u00e2ntul Sf\u00e2ntului Voievod \u0218tefan cel Mare) \u0219i M\u0103n\u0103stirea Sih\u0103stria Putnei. Ziua s-a \u00eencheiat la M\u0103n\u0103stirea Marginea.<\/p>\n<p class=\"wp-block-paragraph\">\u00cen a patra zi, grupul a vizitat M\u0103n\u0103stirea Sucevi\u021ba, M\u0103n\u0103stirea Moldovi\u021ba, M\u0103n\u0103stirea Mestec\u0103ni\u0219, M\u0103n\u0103stirea Vorone\u021b \u0219i M\u0103n\u0103stirea Teodoreni, \u00eencheind la Schitul M\u0103n\u0103stioara. \u00cen diminea\u021ba ultimei zile, pelerinii s-au \u00eenchinat la moa\u0219tele Sf\u00e2ntului Mare Mucenic Ioan cel Nou de la Suceava, ocrotitorul Bucovinei, dup\u0103 care au fost primi\u021bi de \u00cenaltpreasfin\u021bitul P\u0103rinte Calinic. Arhiepiscopul le-a mul\u021bumit pentru generozitatea cu care au sprijinit constant proiectele filantropice ale eparhiei.<\/p>\n<p class=\"wp-block-paragraph\">Ultimul popas a fost la Paraclisul \u201eSf\u00e2ntul Mina\u201d al Parohiei \u201eSfin\u021bii P\u0103rin\u021bi Ioachim \u0219i Ana\u201d din Suceava, cunoscut drept Biserica Arti\u0219tilor, unde a fost s\u0103v\u00e2r\u0219it un parastas pentru arti\u0219tii muta\u021bi la Domnul. Cele cinci zile de pelerinaj au reconfirmat leg\u0103tura fireasc\u0103 dintre Biseric\u0103 \u0219i oamenii de cultur\u0103, \u00eentemeiat\u0103 pe credin\u021b\u0103, respect \u0219i slujirea aproapelui.<\/p>\n<p class=\"wp-block-paragraph\">Prin astfel de ini\u021biative, Arhiepiscopia Sucevei \u0219i R\u0103d\u0103u\u021bilor \u00ee\u0219i exprim\u0103 recuno\u0219tin\u021ba fa\u021b\u0103 de to\u021bi cei care sus\u021bin misiunea social-filantropic\u0103 a Bisericii, \u00eent\u0103rind comuniunea dintre credin\u021b\u0103, cultur\u0103 \u0219i ajutorarea semenilor.<\/p>\n<div class=\"td-a-rec td-a-rec-id-content_bottom  tdi_4 td_block_template_1\"><strong>Intr\u0103 acum \u0219i \u00een grupul de <\/p>\n<div class=\"wp-block-button\"><a class=\"wp-block-button__link wp-element-button\" href=\"https:\/\/t.me\/+TH8wcfnp8fw5NWI0\">Telegram News Bucovina<\/a><\/div>\n<p><\/strong><\/div>\n<\/div>\n<p>[analyse_source url=&#8221;https:\/\/www.newsbucovina.ro\/social\/445594\/pelerinaj-de-recunostinta-pentru-artistii-folclorului-romanesc-organizat-de-arhiepiscopia-sucevei-si-radautilor&#8221;]<\/p>\n","protected":false},"excerpt":{"rendered":"<p>[analyse_image type=&#8221;featured&#8221; src=&#8221;https:\/\/www.newsbucovina.ro\/wp-content\/uploads\/2026\/08\/image00001.jpghttps:\/\/cdn.newsbucovina.ro\/wp-content\/uploads\/2026\/08\/image00001.jpg&#8221;] Intr\u0103 acum \u0219i \u00een grupul de Telegram News Bucovina Cu binecuv\u00e2ntarea \u00cenaltpreasfin\u021bitului P\u0103rinte Calinic, Arhiepiscop al Sucevei \u0219i R\u0103d\u0103u\u021bilor, \u00een perioada 26\u201330 iulie 2026 a fost organizat un pelerinaj la importante m\u0103n\u0103stiri \u0219i vetre monahale din \u021bar\u0103, oferit unor \u00eendr\u0103gi\u021bi interpre\u021bi ai c\u00e2ntecului popular rom\u00e2nesc. Ini\u021biativa a venit \u00een semn de recuno\u0219tin\u021b\u0103 [&hellip;]<\/p>\n","protected":false},"author":1,"featured_media":0,"comment_status":"open","ping_status":"","sticky":false,"template":"","format":"standard","meta":{"footnotes":""},"categories":[89],"tags":[226,165],"class_list":["post-2076663","post","type-post","status-publish","format-standard","hentry","category-romania","tag-crawlmanager","tag-newsbucovina-ro"],"_links":{"self":[{"href":"https:\/\/analyse.optim.biz\/index.php?rest_route=\/wp\/v2\/posts\/2076663","targetHints":{"allow":["GET"]}}],"collection":[{"href":"https:\/\/analyse.optim.biz\/index.php?rest_route=\/wp\/v2\/posts"}],"about":[{"href":"https:\/\/analyse.optim.biz\/index.php?rest_route=\/wp\/v2\/types\/post"}],"author":[{"embeddable":true,"href":"https:\/\/analyse.optim.biz\/index.php?rest_route=\/wp\/v2\/users\/1"}],"replies":[{"embeddable":true,"href":"https:\/\/analyse.optim.biz\/index.php?rest_route=%2Fwp%2Fv2%2Fcomments&post=2076663"}],"version-history":[{"count":0,"href":"https:\/\/analyse.optim.biz\/index.php?rest_route=\/wp\/v2\/posts\/2076663\/revisions"}],"wp:attachment":[{"href":"https:\/\/analyse.optim.biz\/index.php?rest_route=%2Fwp%2Fv2%2Fmedia&parent=2076663"}],"wp:term":[{"taxonomy":"category","embeddable":true,"href":"https:\/\/analyse.optim.biz\/index.php?rest_route=%2Fwp%2Fv2%2Fcategories&post=2076663"},{"taxonomy":"post_tag","embeddable":true,"href":"https:\/\/analyse.optim.biz\/index.php?rest_route=%2Fwp%2Fv2%2Ftags&post=2076663"}],"curies":[{"name":"wp","href":"https:\/\/api.w.org\/{rel}","templated":true}]}}