{"id":2076661,"date":"2026-08-04T07:50:43","date_gmt":"2026-08-04T04:50:43","guid":{"rendered":"https:\/\/analyse.optim.biz\/?p=2076661"},"modified":"2026-08-04T07:50:43","modified_gmt":"2026-08-04T04:50:43","slug":"un-barbat-din-stulpicani-a-fost-ranit-grav-de-un-taf-scapat-de-sub-control","status":"publish","type":"post","link":"https:\/\/analyse.optim.biz\/?p=2076661","title":{"rendered":"Un b\u0103rbat din Stulpicani a fost r\u0103nit grav de un TAF sc\u0103pat de sub control"},"content":{"rendered":"<p>[analyse_image type=&#8221;featured&#8221; src=&#8221;https:\/\/www.newsbucovina.ro\/wp-content\/uploads\/2026\/08\/taf-padure1.jpghttps:\/\/cdn.newsbucovina.ro\/wp-content\/uploads\/2026\/08\/taf-padure1.jpg&#8221;]<\/p>\n<div class=\"td-post-content tagdiv-type\">\n<div class=\"td-a-rec td-a-rec-id-content_top  tdi_3 td_block_template_1\"><strong>Intr\u0103 acum \u0219i \u00een grupul de <\/p>\n<div class=\"wp-block-button\"><a class=\"wp-block-button__link wp-element-button\" href=\"https:\/\/t.me\/+TH8wcfnp8fw5NWI0\">Telegram News Bucovina<\/a><\/div>\n<p><\/strong><\/div>\n<p class=\"wp-block-paragraph\">Un b\u0103rbat din comuna Stulpicani a fost r\u0103nit mar\u021bi, 3 august 2026, dup\u0103 ce a fost atins de roata unui utilaj forestier tip TAF, \u00een zona denumit\u0103 Ghirleu, de pe raza satului Stulpicani.<\/p>\n<figure class=\"wp-block-image size-large\"><a href=\"https:\/\/cdn.newsbucovina.ro\/wp-content\/uploads\/2026\/08\/taf-padure1.jpg\"><img loading=\"lazy\" decoding=\"async\" width=\"1024\" height=\"512\" src=\"https:\/\/cdn.newsbucovina.ro\/wp-content\/uploads\/2026\/08\/taf-padure1-1024x512.jpg\" alt class=\"wp-image-445590\"><\/a><\/figure>\n<p class=\"wp-block-paragraph\">Potrivit poli\u021bi\u0219tilor, \u00een jurul orei 15:30, un b\u0103rbat din Frasin (sat Plutoni\u021ba), proprietar al utilajului \u0219i angajat al Ocolului Silvic Stulpicani, se deplasa \u00eempreun\u0103 cu colegul s\u0103u de munc\u0103, un b\u0103rbat din Stulpicani (sat Vadu Negrilesei), spre o p\u0103dure proprietate privat\u0103.<\/p>\n<p class=\"wp-block-paragraph\">Cei doi inten\u021bionau s\u0103 ia lemne de foc, cu acordul proprietarului.<\/p>\n<p class=\"wp-block-paragraph\">\u00cen timpul deplas\u0103rii pe fondul forestier, conduc\u0103torul TAF-ului a oprit la un izvor pentru a lua ap\u0103. Utilajul a \u00eenceput \u00eens\u0103 s\u0103 se deplaseze singur \u00eenapoi. Cel\u0103lalt, care se afla pe TAF, \u00een spatele scaunului \u0219oferului, a s\u0103rit din utilaj \u0219i a fost atins de roat\u0103, suferind leziuni la nivelul abdomenului.<\/p>\n<p class=\"wp-block-paragraph\">Incidentul a fost sesizat la 112, iar b\u0103rbatul r\u0103nit a fost preluat con\u0219tient de un echipaj de pompieri \u0219i transportat cu dificultate la ambulan\u021b\u0103 \u0219i apoi la Spitalul de Urgen\u021b\u0103 \u201eSf. Ioan cel Nou\u201d din Suceava.<\/p>\n<p class=\"wp-block-paragraph\">Acolo se afl\u0103 internat cu multiple traumatisme la nivelul toracelui.<\/p>\n<p class=\"wp-block-paragraph\">Poli\u021bi\u0219tii din Frasin continu\u0103 cercet\u0103rile sub aspectul s\u0103v\u00e2r\u0219irii infrac\u021biunii de v\u0103t\u0103mare corporal\u0103 din culp\u0103.<\/p>\n<div class=\"td-a-rec td-a-rec-id-content_bottom  tdi_4 td_block_template_1\"><strong>Intr\u0103 acum \u0219i \u00een grupul de <\/p>\n<div class=\"wp-block-button\"><a class=\"wp-block-button__link wp-element-button\" href=\"https:\/\/t.me\/+TH8wcfnp8fw5NWI0\">Telegram News Bucovina<\/a><\/div>\n<p><\/strong><\/div>\n<\/div>\n<div class=\"td-post-content tagdiv-type\">\n<div class=\"td-a-rec td-a-rec-id-content_top  tdi_3 td_block_template_1\"><strong>Intr\u0103 acum \u0219i \u00een grupul de <\/p>\n<div class=\"wp-block-button\"><a class=\"wp-block-button__link wp-element-button\" href=\"https:\/\/t.me\/+TH8wcfnp8fw5NWI0\">Telegram News Bucovina<\/a><\/div>\n<p><\/strong><\/div>\n<p class=\"wp-block-paragraph\">Un b\u0103rbat din comuna Stulpicani a fost r\u0103nit mar\u021bi, 3 august 2026, dup\u0103 ce a fost atins de roata unui utilaj forestier tip TAF, \u00een zona denumit\u0103 Ghirleu, de pe raza satului Stulpicani.<\/p>\n<figure class=\"wp-block-image size-large\"><a href=\"https:\/\/cdn.newsbucovina.ro\/wp-content\/uploads\/2026\/08\/taf-padure1.jpg\"><img loading=\"lazy\" decoding=\"async\" width=\"1024\" height=\"512\" src=\"https:\/\/cdn.newsbucovina.ro\/wp-content\/uploads\/2026\/08\/taf-padure1-1024x512.jpg\" alt class=\"wp-image-445590\"><\/a><\/figure>\n<p class=\"wp-block-paragraph\">Potrivit poli\u021bi\u0219tilor, \u00een jurul orei 15:30, un b\u0103rbat din Frasin (sat Plutoni\u021ba), proprietar al utilajului \u0219i angajat al Ocolului Silvic Stulpicani, se deplasa \u00eempreun\u0103 cu colegul s\u0103u de munc\u0103, un b\u0103rbat din Stulpicani (sat Vadu Negrilesei), spre o p\u0103dure proprietate privat\u0103.<\/p>\n<p class=\"wp-block-paragraph\">Cei doi inten\u021bionau s\u0103 ia lemne de foc, cu acordul proprietarului.<\/p>\n<p class=\"wp-block-paragraph\">\u00cen timpul deplas\u0103rii pe fondul forestier, conduc\u0103torul TAF-ului a oprit la un izvor pentru a lua ap\u0103. Utilajul a \u00eenceput \u00eens\u0103 s\u0103 se deplaseze singur \u00eenapoi. Cel\u0103lalt, care se afla pe TAF, \u00een spatele scaunului \u0219oferului, a s\u0103rit din utilaj \u0219i a fost atins de roat\u0103, suferind leziuni la nivelul abdomenului.<\/p>\n<p class=\"wp-block-paragraph\">Incidentul a fost sesizat la 112, iar b\u0103rbatul r\u0103nit a fost preluat con\u0219tient de un echipaj de pompieri \u0219i transportat cu dificultate la ambulan\u021b\u0103 \u0219i apoi la Spitalul de Urgen\u021b\u0103 \u201eSf. Ioan cel Nou\u201d din Suceava.<\/p>\n<p class=\"wp-block-paragraph\">Acolo se afl\u0103 internat cu multiple traumatisme la nivelul toracelui.<\/p>\n<p class=\"wp-block-paragraph\">Poli\u021bi\u0219tii din Frasin continu\u0103 cercet\u0103rile sub aspectul s\u0103v\u00e2r\u0219irii infrac\u021biunii de v\u0103t\u0103mare corporal\u0103 din culp\u0103.<\/p>\n<div class=\"td-a-rec td-a-rec-id-content_bottom  tdi_4 td_block_template_1\"><strong>Intr\u0103 acum \u0219i \u00een grupul de <\/p>\n<div class=\"wp-block-button\"><a class=\"wp-block-button__link wp-element-button\" href=\"https:\/\/t.me\/+TH8wcfnp8fw5NWI0\">Telegram News Bucovina<\/a><\/div>\n<p><\/strong><\/div>\n<\/div>\n<p>[analyse_source url=&#8221;https:\/\/www.newsbucovina.ro\/social\/445589\/un-barbat-din-stulpicani-a-fost-ranit-grav-de-un-taf-scapat-de-sub-control&#8221;]<\/p>\n","protected":false},"excerpt":{"rendered":"<p>[analyse_image type=&#8221;featured&#8221; src=&#8221;https:\/\/www.newsbucovina.ro\/wp-content\/uploads\/2026\/08\/taf-padure1.jpghttps:\/\/cdn.newsbucovina.ro\/wp-content\/uploads\/2026\/08\/taf-padure1.jpg&#8221;] Intr\u0103 acum \u0219i \u00een grupul de Telegram News Bucovina Un b\u0103rbat din comuna Stulpicani a fost r\u0103nit mar\u021bi, 3 august 2026, dup\u0103 ce a fost atins de roata unui utilaj forestier tip TAF, \u00een zona denumit\u0103 Ghirleu, de pe raza satului Stulpicani. Potrivit poli\u021bi\u0219tilor, \u00een jurul orei 15:30, un b\u0103rbat din Frasin [&hellip;]<\/p>\n","protected":false},"author":1,"featured_media":0,"comment_status":"open","ping_status":"","sticky":false,"template":"","format":"standard","meta":{"footnotes":""},"categories":[89],"tags":[226,165],"class_list":["post-2076661","post","type-post","status-publish","format-standard","hentry","category-romania","tag-crawlmanager","tag-newsbucovina-ro"],"_links":{"self":[{"href":"https:\/\/analyse.optim.biz\/index.php?rest_route=\/wp\/v2\/posts\/2076661","targetHints":{"allow":["GET"]}}],"collection":[{"href":"https:\/\/analyse.optim.biz\/index.php?rest_route=\/wp\/v2\/posts"}],"about":[{"href":"https:\/\/analyse.optim.biz\/index.php?rest_route=\/wp\/v2\/types\/post"}],"author":[{"embeddable":true,"href":"https:\/\/analyse.optim.biz\/index.php?rest_route=\/wp\/v2\/users\/1"}],"replies":[{"embeddable":true,"href":"https:\/\/analyse.optim.biz\/index.php?rest_route=%2Fwp%2Fv2%2Fcomments&post=2076661"}],"version-history":[{"count":0,"href":"https:\/\/analyse.optim.biz\/index.php?rest_route=\/wp\/v2\/posts\/2076661\/revisions"}],"wp:attachment":[{"href":"https:\/\/analyse.optim.biz\/index.php?rest_route=%2Fwp%2Fv2%2Fmedia&parent=2076661"}],"wp:term":[{"taxonomy":"category","embeddable":true,"href":"https:\/\/analyse.optim.biz\/index.php?rest_route=%2Fwp%2Fv2%2Fcategories&post=2076661"},{"taxonomy":"post_tag","embeddable":true,"href":"https:\/\/analyse.optim.biz\/index.php?rest_route=%2Fwp%2Fv2%2Ftags&post=2076661"}],"curies":[{"name":"wp","href":"https:\/\/api.w.org\/{rel}","templated":true}]}}