{"id":2076659,"date":"2026-08-04T07:33:50","date_gmt":"2026-08-04T04:33:50","guid":{"rendered":"https:\/\/analyse.optim.biz\/?p=2076659"},"modified":"2026-08-04T07:33:50","modified_gmt":"2026-08-04T04:33:50","slug":"deseuri-de-constructii-abandonate-langa-piata-din-vicovu-de-sus-politistii-au-confiscat-autoutilitara-folosita","status":"publish","type":"post","link":"https:\/\/analyse.optim.biz\/?p=2076659","title":{"rendered":"De\u0219euri de construc\u021bii abandonate l\u00e2ng\u0103 pia\u021ba din Vicovu de Sus. Poli\u021bi\u0219tii au confiscat autoutilitara folosit\u0103"},"content":{"rendered":"<p>[analyse_image type=&#8221;featured&#8221; src=&#8221;https:\/\/www.newsbucovina.ro\/wp-content\/uploads\/2026\/08\/WhatsApp-Image-2026-08-04-at-09.51.17.jpeghttps:\/\/cdn.newsbucovina.ro\/wp-content\/uploads\/2026\/08\/WhatsApp-Image-2026-08-04-at-09.51.17.jpeg&#8221;]<\/p>\n<div class=\"td-post-content tagdiv-type\">\n<div class=\"td-a-rec td-a-rec-id-content_top  tdi_3 td_block_template_1\"><strong>Intr\u0103 acum \u0219i \u00een grupul de <\/p>\n<div class=\"wp-block-button\"><a class=\"wp-block-button__link wp-element-button\" href=\"https:\/\/t.me\/+TH8wcfnp8fw5NWI0\">Telegram News Bucovina<\/a><\/div>\n<p><\/strong><\/div>\n<p class=\"wp-block-paragraph\">Poli\u021bi\u0219tii din Vicovu de Sus au stabilit identitatea persoanei care a abandonat de\u0219euri provenite din materiale de construc\u021bii \u00een apropierea pie\u021bei agroalimentare din localitate.<\/p>\n<figure class=\"wp-block-image size-large\"><a href=\"https:\/\/cdn.newsbucovina.ro\/wp-content\/uploads\/2026\/08\/WhatsApp-Image-2026-08-04-at-09.51.17.jpeg\"><img loading=\"lazy\" decoding=\"async\" width=\"1024\" height=\"891\" src=\"https:\/\/cdn.newsbucovina.ro\/wp-content\/uploads\/2026\/08\/WhatsApp-Image-2026-08-04-at-09.51.17-1024x891.jpeg\" alt class=\"wp-image-445587\"><\/a><\/figure>\n<p class=\"wp-block-paragraph\">Potrivit cercet\u0103rilor, pe 28 iulie 2026, \u00een jurul orei 16.00, un b\u0103rbat de 36 de ani din ora\u0219ul Vicovu de Sus a transportat cu o autoutilitar\u0103 marca Scania buc\u0103\u021bi de beton \u0219i le-a depozitat ilegal \u00een zona pie\u021bei agroalimentare.<\/p>\n<p class=\"wp-block-paragraph\">Poli\u021bi\u0219tii au aplicat sanc\u021biunea contraven\u021bional\u0103 prev\u0103zut\u0103 de OUG 92\/2021 privind regimul de\u0219eurilor. \u00cen plus, s-a dispus confiscarea autoutilitarei Scania, evaluat\u0103 la aproximativ 20.000 de euro, precum \u0219i m\u0103sura complementar\u0103 de ridicare a de\u0219eurilor depozitate ilegal \u0219i de cur\u0103\u021bare a terenului, conform legisla\u021biei \u00een vigoare.<\/p>\n<p class=\"wp-block-paragraph\">Autoutilitara a fost indisponibilizat\u0103 \u0219i transportat\u0103 la centrul special amenajat al Inspectoratului de Poli\u021bie Jude\u021bean Suceava din comuna Stroie\u0219ti.<\/p>\n<div class=\"td-a-rec td-a-rec-id-content_bottom  tdi_4 td_block_template_1\"><strong>Intr\u0103 acum \u0219i \u00een grupul de <\/p>\n<div class=\"wp-block-button\"><a class=\"wp-block-button__link wp-element-button\" href=\"https:\/\/t.me\/+TH8wcfnp8fw5NWI0\">Telegram News Bucovina<\/a><\/div>\n<p><\/strong><\/div>\n<\/div>\n<div class=\"td-post-content tagdiv-type\">\n<div class=\"td-a-rec td-a-rec-id-content_top  tdi_3 td_block_template_1\"><strong>Intr\u0103 acum \u0219i \u00een grupul de <\/p>\n<div class=\"wp-block-button\"><a class=\"wp-block-button__link wp-element-button\" href=\"https:\/\/t.me\/+TH8wcfnp8fw5NWI0\">Telegram News Bucovina<\/a><\/div>\n<p><\/strong><\/div>\n<p class=\"wp-block-paragraph\">Poli\u021bi\u0219tii din Vicovu de Sus au stabilit identitatea persoanei care a abandonat de\u0219euri provenite din materiale de construc\u021bii \u00een apropierea pie\u021bei agroalimentare din localitate.<\/p>\n<figure class=\"wp-block-image size-large\"><a href=\"https:\/\/cdn.newsbucovina.ro\/wp-content\/uploads\/2026\/08\/WhatsApp-Image-2026-08-04-at-09.51.17.jpeg\"><img loading=\"lazy\" decoding=\"async\" width=\"1024\" height=\"891\" src=\"https:\/\/cdn.newsbucovina.ro\/wp-content\/uploads\/2026\/08\/WhatsApp-Image-2026-08-04-at-09.51.17-1024x891.jpeg\" alt class=\"wp-image-445587\"><\/a><\/figure>\n<p class=\"wp-block-paragraph\">Potrivit cercet\u0103rilor, pe 28 iulie 2026, \u00een jurul orei 16.00, un b\u0103rbat de 36 de ani din ora\u0219ul Vicovu de Sus a transportat cu o autoutilitar\u0103 marca Scania buc\u0103\u021bi de beton \u0219i le-a depozitat ilegal \u00een zona pie\u021bei agroalimentare.<\/p>\n<p class=\"wp-block-paragraph\">Poli\u021bi\u0219tii au aplicat sanc\u021biunea contraven\u021bional\u0103 prev\u0103zut\u0103 de OUG 92\/2021 privind regimul de\u0219eurilor. \u00cen plus, s-a dispus confiscarea autoutilitarei Scania, evaluat\u0103 la aproximativ 20.000 de euro, precum \u0219i m\u0103sura complementar\u0103 de ridicare a de\u0219eurilor depozitate ilegal \u0219i de cur\u0103\u021bare a terenului, conform legisla\u021biei \u00een vigoare.<\/p>\n<p class=\"wp-block-paragraph\">Autoutilitara a fost indisponibilizat\u0103 \u0219i transportat\u0103 la centrul special amenajat al Inspectoratului de Poli\u021bie Jude\u021bean Suceava din comuna Stroie\u0219ti.<\/p>\n<div class=\"td-a-rec td-a-rec-id-content_bottom  tdi_4 td_block_template_1\"><strong>Intr\u0103 acum \u0219i \u00een grupul de <\/p>\n<div class=\"wp-block-button\"><a class=\"wp-block-button__link wp-element-button\" href=\"https:\/\/t.me\/+TH8wcfnp8fw5NWI0\">Telegram News Bucovina<\/a><\/div>\n<p><\/strong><\/div>\n<\/div>\n<p>[analyse_source url=&#8221;https:\/\/www.newsbucovina.ro\/social\/445586\/deseuri-de-constructii-abandonate-langa-piata-din-vicovu-de-sus-politistii-au-confiscat-autoutilitara-folosita&#8221;]<\/p>\n","protected":false},"excerpt":{"rendered":"<p>[analyse_image type=&#8221;featured&#8221; src=&#8221;https:\/\/www.newsbucovina.ro\/wp-content\/uploads\/2026\/08\/WhatsApp-Image-2026-08-04-at-09.51.17.jpeghttps:\/\/cdn.newsbucovina.ro\/wp-content\/uploads\/2026\/08\/WhatsApp-Image-2026-08-04-at-09.51.17.jpeg&#8221;] Intr\u0103 acum \u0219i \u00een grupul de Telegram News Bucovina Poli\u021bi\u0219tii din Vicovu de Sus au stabilit identitatea persoanei care a abandonat de\u0219euri provenite din materiale de construc\u021bii \u00een apropierea pie\u021bei agroalimentare din localitate. Potrivit cercet\u0103rilor, pe 28 iulie 2026, \u00een jurul orei 16.00, un b\u0103rbat de 36 de ani din ora\u0219ul Vicovu [&hellip;]<\/p>\n","protected":false},"author":1,"featured_media":0,"comment_status":"open","ping_status":"","sticky":false,"template":"","format":"standard","meta":{"footnotes":""},"categories":[89],"tags":[226,165],"class_list":["post-2076659","post","type-post","status-publish","format-standard","hentry","category-romania","tag-crawlmanager","tag-newsbucovina-ro"],"_links":{"self":[{"href":"https:\/\/analyse.optim.biz\/index.php?rest_route=\/wp\/v2\/posts\/2076659","targetHints":{"allow":["GET"]}}],"collection":[{"href":"https:\/\/analyse.optim.biz\/index.php?rest_route=\/wp\/v2\/posts"}],"about":[{"href":"https:\/\/analyse.optim.biz\/index.php?rest_route=\/wp\/v2\/types\/post"}],"author":[{"embeddable":true,"href":"https:\/\/analyse.optim.biz\/index.php?rest_route=\/wp\/v2\/users\/1"}],"replies":[{"embeddable":true,"href":"https:\/\/analyse.optim.biz\/index.php?rest_route=%2Fwp%2Fv2%2Fcomments&post=2076659"}],"version-history":[{"count":0,"href":"https:\/\/analyse.optim.biz\/index.php?rest_route=\/wp\/v2\/posts\/2076659\/revisions"}],"wp:attachment":[{"href":"https:\/\/analyse.optim.biz\/index.php?rest_route=%2Fwp%2Fv2%2Fmedia&parent=2076659"}],"wp:term":[{"taxonomy":"category","embeddable":true,"href":"https:\/\/analyse.optim.biz\/index.php?rest_route=%2Fwp%2Fv2%2Fcategories&post=2076659"},{"taxonomy":"post_tag","embeddable":true,"href":"https:\/\/analyse.optim.biz\/index.php?rest_route=%2Fwp%2Fv2%2Ftags&post=2076659"}],"curies":[{"name":"wp","href":"https:\/\/api.w.org\/{rel}","templated":true}]}}