{"id":2076657,"date":"2026-08-04T07:23:37","date_gmt":"2026-08-04T04:23:37","guid":{"rendered":"https:\/\/analyse.optim.biz\/?p=2076657"},"modified":"2026-08-04T07:23:37","modified_gmt":"2026-08-04T04:23:37","slug":"accident-pe-dn-2-intre-patrauti-si-darmanesti-o-soferita-beata-a-generat-o-coliziune-in-lant","status":"publish","type":"post","link":"https:\/\/analyse.optim.biz\/?p=2076657","title":{"rendered":"Accident pe DN 2, \u00eentre P\u0103tr\u0103u\u021bi \u0219i D\u0103rm\u0103ne\u0219ti: o \u0219oferi\u021b\u0103 beat\u0103 a generat o coliziune \u00een lan\u021b"},"content":{"rendered":"<p>[analyse_image type=&#8221;featured&#8221; src=&#8221;https:\/\/www.newsbucovina.ro\/wp-content\/uploads\/2026\/08\/762903582_1038742598891796_3113138174566032078_n.jpghttps:\/\/cdn.newsbucovina.ro\/wp-content\/uploads\/2026\/08\/762903582_1038742598891796_3113138174566032078_n.jpg&#8221;]<\/p>\n<div class=\"td-post-content tagdiv-type\">\n<div class=\"td-a-rec td-a-rec-id-content_top  tdi_3 td_block_template_1\"><strong>Intr\u0103 acum \u0219i \u00een grupul de <\/p>\n<div class=\"wp-block-button\"><a class=\"wp-block-button__link wp-element-button\" href=\"https:\/\/t.me\/+TH8wcfnp8fw5NWI0\">Telegram News Bucovina<\/a><\/div>\n<p><\/strong><\/div>\n<p class=\"wp-block-paragraph\">Luni, 3 august, \u00een jurul orei 12.40, pe DN 2, \u00eentre localit\u0103\u021bile P\u0103tr\u0103u\u021bi \u0219i D\u0103rm\u0103ne\u0219ti, a avut loc un accident rutier \u00een care au fost implicate trei autoturisme. Traficul a fost blocat temporar.<\/p>\n<figure class=\"wp-block-image size-large\"><a href=\"https:\/\/cdn.newsbucovina.ro\/wp-content\/uploads\/2026\/08\/762903582_1038742598891796_3113138174566032078_n.jpg\"><img loading=\"lazy\" decoding=\"async\" width=\"1024\" height=\"512\" src=\"https:\/\/cdn.newsbucovina.ro\/wp-content\/uploads\/2026\/08\/762903582_1038742598891796_3113138174566032078_n-1024x512.jpg\" alt class=\"wp-image-445580\"><\/a><\/figure>\n<p class=\"wp-block-paragraph\">O femeie de 37 de ani din comuna D\u0103rm\u0103ne\u0219ti conducea un autoturism marca Audi pe direc\u021bia D\u0103rm\u0103ne\u0219ti \u2013 Suceava. Pe fondul nerespect\u0103rii distan\u021bei corespunz\u0103toare fa\u021b\u0103 de vehiculul din fa\u021b\u0103, un Hyundai, a intrat \u00een coliziune fa\u021b\u0103-spate cu acesta. \u00cen urma impactului, autoturismul Hyundai a fost proiectat \u00een ma\u0219ina care circula pe sensul opus.<\/p>\n<p class=\"wp-block-paragraph\">Din eveniment nu au rezultat victime omene\u0219ti.<\/p>\n<p class=\"wp-block-paragraph\">Conduc\u0103torii celor trei vehicule au fost testa\u021bi cu etilometrul. Rezultatul pentru \u0219oferi\u021ba de 37 de ani a fost pozitiv: 1,853 mg\/l alcool pur \u00een aerul expirat. Aceasta a fost condus\u0103 la Unitatea de Primiri Urgen\u021be Suceava pentru recoltarea mostrelor biologice de s\u00e2nge \u00een vederea stabilirii alcoolemiei.<\/p>\n<p class=\"wp-block-paragraph\">Cercet\u0103rile sunt continuate de lucr\u0103torii Biroului Rutier Suceava sub aspectul s\u0103v\u00e2r\u0219irii infrac\u021biunii de conducere a unui vehicul sub influen\u021ba b\u0103uturilor alcoolice.<\/p>\n<div class=\"td-a-rec td-a-rec-id-content_bottom  tdi_4 td_block_template_1\"><strong>Intr\u0103 acum \u0219i \u00een grupul de <\/p>\n<div class=\"wp-block-button\"><a class=\"wp-block-button__link wp-element-button\" href=\"https:\/\/t.me\/+TH8wcfnp8fw5NWI0\">Telegram News Bucovina<\/a><\/div>\n<p><\/strong><\/div>\n<\/div>\n<div class=\"td-post-content tagdiv-type\">\n<div class=\"td-a-rec td-a-rec-id-content_top  tdi_3 td_block_template_1\"><strong>Intr\u0103 acum \u0219i \u00een grupul de <\/p>\n<div class=\"wp-block-button\"><a class=\"wp-block-button__link wp-element-button\" href=\"https:\/\/t.me\/+TH8wcfnp8fw5NWI0\">Telegram News Bucovina<\/a><\/div>\n<p><\/strong><\/div>\n<p class=\"wp-block-paragraph\">Luni, 3 august, \u00een jurul orei 12.40, pe DN 2, \u00eentre localit\u0103\u021bile P\u0103tr\u0103u\u021bi \u0219i D\u0103rm\u0103ne\u0219ti, a avut loc un accident rutier \u00een care au fost implicate trei autoturisme. Traficul a fost blocat temporar.<\/p>\n<figure class=\"wp-block-image size-large\"><a href=\"https:\/\/cdn.newsbucovina.ro\/wp-content\/uploads\/2026\/08\/762903582_1038742598891796_3113138174566032078_n.jpg\"><img loading=\"lazy\" decoding=\"async\" width=\"1024\" height=\"512\" src=\"https:\/\/cdn.newsbucovina.ro\/wp-content\/uploads\/2026\/08\/762903582_1038742598891796_3113138174566032078_n-1024x512.jpg\" alt class=\"wp-image-445580\"><\/a><\/figure>\n<p class=\"wp-block-paragraph\">O femeie de 37 de ani din comuna D\u0103rm\u0103ne\u0219ti conducea un autoturism marca Audi pe direc\u021bia D\u0103rm\u0103ne\u0219ti \u2013 Suceava. Pe fondul nerespect\u0103rii distan\u021bei corespunz\u0103toare fa\u021b\u0103 de vehiculul din fa\u021b\u0103, un Hyundai, a intrat \u00een coliziune fa\u021b\u0103-spate cu acesta. \u00cen urma impactului, autoturismul Hyundai a fost proiectat \u00een ma\u0219ina care circula pe sensul opus.<\/p>\n<p class=\"wp-block-paragraph\">Din eveniment nu au rezultat victime omene\u0219ti.<\/p>\n<p class=\"wp-block-paragraph\">Conduc\u0103torii celor trei vehicule au fost testa\u021bi cu etilometrul. Rezultatul pentru \u0219oferi\u021ba de 37 de ani a fost pozitiv: 1,853 mg\/l alcool pur \u00een aerul expirat. Aceasta a fost condus\u0103 la Unitatea de Primiri Urgen\u021be Suceava pentru recoltarea mostrelor biologice de s\u00e2nge \u00een vederea stabilirii alcoolemiei.<\/p>\n<p class=\"wp-block-paragraph\">Cercet\u0103rile sunt continuate de lucr\u0103torii Biroului Rutier Suceava sub aspectul s\u0103v\u00e2r\u0219irii infrac\u021biunii de conducere a unui vehicul sub influen\u021ba b\u0103uturilor alcoolice.<\/p>\n<div class=\"td-a-rec td-a-rec-id-content_bottom  tdi_4 td_block_template_1\"><strong>Intr\u0103 acum \u0219i \u00een grupul de <\/p>\n<div class=\"wp-block-button\"><a class=\"wp-block-button__link wp-element-button\" href=\"https:\/\/t.me\/+TH8wcfnp8fw5NWI0\">Telegram News Bucovina<\/a><\/div>\n<p><\/strong><\/div>\n<\/div>\n<p>[analyse_source url=&#8221;https:\/\/www.newsbucovina.ro\/social\/445579\/accident-pe-dn-2-intre-patrauti-si-darmanesti-o-soferita-beata-a-generat-o-coliziune-in-lant&#8221;]<\/p>\n","protected":false},"excerpt":{"rendered":"<p>[analyse_image type=&#8221;featured&#8221; src=&#8221;https:\/\/www.newsbucovina.ro\/wp-content\/uploads\/2026\/08\/762903582_1038742598891796_3113138174566032078_n.jpghttps:\/\/cdn.newsbucovina.ro\/wp-content\/uploads\/2026\/08\/762903582_1038742598891796_3113138174566032078_n.jpg&#8221;] Intr\u0103 acum \u0219i \u00een grupul de Telegram News Bucovina Luni, 3 august, \u00een jurul orei 12.40, pe DN 2, \u00eentre localit\u0103\u021bile P\u0103tr\u0103u\u021bi \u0219i D\u0103rm\u0103ne\u0219ti, a avut loc un accident rutier \u00een care au fost implicate trei autoturisme. Traficul a fost blocat temporar. O femeie de 37 de ani din comuna D\u0103rm\u0103ne\u0219ti conducea [&hellip;]<\/p>\n","protected":false},"author":1,"featured_media":0,"comment_status":"open","ping_status":"","sticky":false,"template":"","format":"standard","meta":{"footnotes":""},"categories":[89],"tags":[226,165],"class_list":["post-2076657","post","type-post","status-publish","format-standard","hentry","category-romania","tag-crawlmanager","tag-newsbucovina-ro"],"_links":{"self":[{"href":"https:\/\/analyse.optim.biz\/index.php?rest_route=\/wp\/v2\/posts\/2076657","targetHints":{"allow":["GET"]}}],"collection":[{"href":"https:\/\/analyse.optim.biz\/index.php?rest_route=\/wp\/v2\/posts"}],"about":[{"href":"https:\/\/analyse.optim.biz\/index.php?rest_route=\/wp\/v2\/types\/post"}],"author":[{"embeddable":true,"href":"https:\/\/analyse.optim.biz\/index.php?rest_route=\/wp\/v2\/users\/1"}],"replies":[{"embeddable":true,"href":"https:\/\/analyse.optim.biz\/index.php?rest_route=%2Fwp%2Fv2%2Fcomments&post=2076657"}],"version-history":[{"count":0,"href":"https:\/\/analyse.optim.biz\/index.php?rest_route=\/wp\/v2\/posts\/2076657\/revisions"}],"wp:attachment":[{"href":"https:\/\/analyse.optim.biz\/index.php?rest_route=%2Fwp%2Fv2%2Fmedia&parent=2076657"}],"wp:term":[{"taxonomy":"category","embeddable":true,"href":"https:\/\/analyse.optim.biz\/index.php?rest_route=%2Fwp%2Fv2%2Fcategories&post=2076657"},{"taxonomy":"post_tag","embeddable":true,"href":"https:\/\/analyse.optim.biz\/index.php?rest_route=%2Fwp%2Fv2%2Ftags&post=2076657"}],"curies":[{"name":"wp","href":"https:\/\/api.w.org\/{rel}","templated":true}]}}