{"id":2076655,"date":"2026-08-04T07:14:23","date_gmt":"2026-08-04T04:14:23","guid":{"rendered":"https:\/\/analyse.optim.biz\/?p=2076655"},"modified":"2026-08-04T07:14:23","modified_gmt":"2026-08-04T04:14:23","slug":"barbatul-din-ostra-care-s-a-autoincendiat-din-cauza-durerilor-a-murit-in-spital","status":"publish","type":"post","link":"https:\/\/analyse.optim.biz\/?p=2076655","title":{"rendered":"B\u0103rbatul din Ostra care s-a autoincendiat din cauza durerilor a murit \u00een spital"},"content":{"rendered":"<p>[analyse_image type=&#8221;featured&#8221; src=&#8221;https:\/\/www.newsbucovina.ro\/wp-content\/uploads\/2023\/02\/pat-spital-pacient-targa.jpghttps:\/\/cdn.newsbucovina.ro\/wp-content\/uploads\/2023\/02\/pat-spital-pacient-targa.jpg&#8221;]<\/p>\n<div class=\"td-post-content tagdiv-type\">\n<div class=\"td-a-rec td-a-rec-id-content_top  tdi_3 td_block_template_1\"><strong>Intr\u0103 acum \u0219i \u00een grupul de <\/p>\n<div class=\"wp-block-button\"><a class=\"wp-block-button__link wp-element-button\" href=\"https:\/\/t.me\/+TH8wcfnp8fw5NWI0\">Telegram News Bucovina<\/a><\/div>\n<p><\/strong><\/div>\n<p class=\"wp-block-paragraph\">Un b\u0103rbat din comuna Ostra a murit duminic\u0103, 2 august 2026, la Spitalul Jude\u021bean de Urgen\u021b\u0103 \u201eSf\u00e2ntul Ioan cel Nou\u201d Suceava, dup\u0103 ce se autoincendiasse cu c\u00e2teva zile \u00eenainte. Evenimentul a avut loc pe 30 iulie, pe raza localit\u0103\u021bii Ostra.<\/p>\n<figure class=\"wp-block-image size-large\"><a href=\"https:\/\/cdn.newsbucovina.ro\/wp-content\/uploads\/2023\/02\/pat-spital-pacient-targa.jpg\"><img loading=\"lazy\" decoding=\"async\" width=\"1024\" height=\"681\" src=\"https:\/\/cdn.newsbucovina.ro\/wp-content\/uploads\/2023\/02\/pat-spital-pacient-targa-1024x681.jpg.webp\" alt class=\"wp-image-359828\"><\/a><\/figure>\n<p class=\"wp-block-paragraph\">Potrivit poli\u021bi\u0219tilor, b\u0103rbatul locuia \u00eempreun\u0103 cu o alt\u0103 persoan\u0103 \u00een localitate. De aproximativ dou\u0103 s\u0103pt\u0103m\u00e2ni acuza dureri \u00een tot corpul \u0219i urma un tratament medicamentos. \u00cen noaptea de 29 spre 30 iulie, \u00een jurul orei 03:00, s-a sim\u021bit r\u0103u \u0219i s-a retras \u00een camera sa.<\/p>\n<p class=\"wp-block-paragraph\">\u00cen diminea\u021ba zilei de 30 iulie, \u00een jurul orei 08:30, a fost g\u0103sit \u00een fa\u021ba imobilului, dezbr\u0103cat complet \u0219i cu arsuri pe corp. A declarat c\u0103 s-a autoincendiat deoarece nu mai suporta durerile. Ambulan\u021ba l-a preluat con\u0219tient, cu arsuri pe aproximativ 90% din suprafa\u021ba corpului.<\/p>\n<p class=\"wp-block-paragraph\">Cercet\u0103rile efectuate de poli\u021bi\u0219tii din Frasin, inclusiv cercetarea la fa\u021ba locului, audierea martorilor \u0219i examinarea medico-legal\u0103, nu au relevat indicii privind implicarea altei persoane. Expertiza a confirmat arsuri de gradul I-II pe 90% din corp, produse prin flac\u0103r\u0103, leziuni care puneau \u00een pericol via\u021ba victimei.<\/p>\n<p class=\"wp-block-paragraph\">B\u0103rbatul a fost internat \u00een sec\u021bia ATI a spitalului din Suceava, unde a decedat pe 2 august. Cauza a fost reclasificat\u0103 juridic din v\u0103t\u0103mare corporal\u0103 din culp\u0103 \u00een ucidere din culp\u0103 \u0219i este solu\u021bionat\u0103 de Poli\u021bia ora\u0219ului Frasin.<\/p>\n<div class=\"td-a-rec td-a-rec-id-content_bottom  tdi_4 td_block_template_1\"><strong>Intr\u0103 acum \u0219i \u00een grupul de <\/p>\n<div class=\"wp-block-button\"><a class=\"wp-block-button__link wp-element-button\" href=\"https:\/\/t.me\/+TH8wcfnp8fw5NWI0\">Telegram News Bucovina<\/a><\/div>\n<p><\/strong><\/div>\n<\/div>\n<div class=\"td-post-content tagdiv-type\">\n<div class=\"td-a-rec td-a-rec-id-content_top  tdi_3 td_block_template_1\"><strong>Intr\u0103 acum \u0219i \u00een grupul de <\/p>\n<div class=\"wp-block-button\"><a class=\"wp-block-button__link wp-element-button\" href=\"https:\/\/t.me\/+TH8wcfnp8fw5NWI0\">Telegram News Bucovina<\/a><\/div>\n<p><\/strong><\/div>\n<p class=\"wp-block-paragraph\">Un b\u0103rbat din comuna Ostra a murit duminic\u0103, 2 august 2026, la Spitalul Jude\u021bean de Urgen\u021b\u0103 \u201eSf\u00e2ntul Ioan cel Nou\u201d Suceava, dup\u0103 ce se autoincendiasse cu c\u00e2teva zile \u00eenainte. Evenimentul a avut loc pe 30 iulie, pe raza localit\u0103\u021bii Ostra.<\/p>\n<figure class=\"wp-block-image size-large\"><a href=\"https:\/\/cdn.newsbucovina.ro\/wp-content\/uploads\/2023\/02\/pat-spital-pacient-targa.jpg\"><img loading=\"lazy\" decoding=\"async\" width=\"1024\" height=\"681\" src=\"https:\/\/cdn.newsbucovina.ro\/wp-content\/uploads\/2023\/02\/pat-spital-pacient-targa-1024x681.jpg.webp\" alt class=\"wp-image-359828\"><\/a><\/figure>\n<p class=\"wp-block-paragraph\">Potrivit poli\u021bi\u0219tilor, b\u0103rbatul locuia \u00eempreun\u0103 cu o alt\u0103 persoan\u0103 \u00een localitate. De aproximativ dou\u0103 s\u0103pt\u0103m\u00e2ni acuza dureri \u00een tot corpul \u0219i urma un tratament medicamentos. \u00cen noaptea de 29 spre 30 iulie, \u00een jurul orei 03:00, s-a sim\u021bit r\u0103u \u0219i s-a retras \u00een camera sa.<\/p>\n<p class=\"wp-block-paragraph\">\u00cen diminea\u021ba zilei de 30 iulie, \u00een jurul orei 08:30, a fost g\u0103sit \u00een fa\u021ba imobilului, dezbr\u0103cat complet \u0219i cu arsuri pe corp. A declarat c\u0103 s-a autoincendiat deoarece nu mai suporta durerile. Ambulan\u021ba l-a preluat con\u0219tient, cu arsuri pe aproximativ 90% din suprafa\u021ba corpului.<\/p>\n<p class=\"wp-block-paragraph\">Cercet\u0103rile efectuate de poli\u021bi\u0219tii din Frasin, inclusiv cercetarea la fa\u021ba locului, audierea martorilor \u0219i examinarea medico-legal\u0103, nu au relevat indicii privind implicarea altei persoane. Expertiza a confirmat arsuri de gradul I-II pe 90% din corp, produse prin flac\u0103r\u0103, leziuni care puneau \u00een pericol via\u021ba victimei.<\/p>\n<p class=\"wp-block-paragraph\">B\u0103rbatul a fost internat \u00een sec\u021bia ATI a spitalului din Suceava, unde a decedat pe 2 august. Cauza a fost reclasificat\u0103 juridic din v\u0103t\u0103mare corporal\u0103 din culp\u0103 \u00een ucidere din culp\u0103 \u0219i este solu\u021bionat\u0103 de Poli\u021bia ora\u0219ului Frasin.<\/p>\n<div class=\"td-a-rec td-a-rec-id-content_bottom  tdi_4 td_block_template_1\"><strong>Intr\u0103 acum \u0219i \u00een grupul de <\/p>\n<div class=\"wp-block-button\"><a class=\"wp-block-button__link wp-element-button\" href=\"https:\/\/t.me\/+TH8wcfnp8fw5NWI0\">Telegram News Bucovina<\/a><\/div>\n<p><\/strong><\/div>\n<\/div>\n<p>[analyse_source url=&#8221;https:\/\/www.newsbucovina.ro\/social\/445575\/barbatul-din-ostra-care-s-a-autoincendiat-din-cauza-durerilor-a-murit-in-spital&#8221;]<\/p>\n","protected":false},"excerpt":{"rendered":"<p>[analyse_image type=&#8221;featured&#8221; src=&#8221;https:\/\/www.newsbucovina.ro\/wp-content\/uploads\/2023\/02\/pat-spital-pacient-targa.jpghttps:\/\/cdn.newsbucovina.ro\/wp-content\/uploads\/2023\/02\/pat-spital-pacient-targa.jpg&#8221;] Intr\u0103 acum \u0219i \u00een grupul de Telegram News Bucovina Un b\u0103rbat din comuna Ostra a murit duminic\u0103, 2 august 2026, la Spitalul Jude\u021bean de Urgen\u021b\u0103 \u201eSf\u00e2ntul Ioan cel Nou\u201d Suceava, dup\u0103 ce se autoincendiasse cu c\u00e2teva zile \u00eenainte. Evenimentul a avut loc pe 30 iulie, pe raza localit\u0103\u021bii Ostra. Potrivit poli\u021bi\u0219tilor, b\u0103rbatul [&hellip;]<\/p>\n","protected":false},"author":1,"featured_media":0,"comment_status":"open","ping_status":"","sticky":false,"template":"","format":"standard","meta":{"footnotes":""},"categories":[89],"tags":[226,165],"class_list":["post-2076655","post","type-post","status-publish","format-standard","hentry","category-romania","tag-crawlmanager","tag-newsbucovina-ro"],"_links":{"self":[{"href":"https:\/\/analyse.optim.biz\/index.php?rest_route=\/wp\/v2\/posts\/2076655","targetHints":{"allow":["GET"]}}],"collection":[{"href":"https:\/\/analyse.optim.biz\/index.php?rest_route=\/wp\/v2\/posts"}],"about":[{"href":"https:\/\/analyse.optim.biz\/index.php?rest_route=\/wp\/v2\/types\/post"}],"author":[{"embeddable":true,"href":"https:\/\/analyse.optim.biz\/index.php?rest_route=\/wp\/v2\/users\/1"}],"replies":[{"embeddable":true,"href":"https:\/\/analyse.optim.biz\/index.php?rest_route=%2Fwp%2Fv2%2Fcomments&post=2076655"}],"version-history":[{"count":0,"href":"https:\/\/analyse.optim.biz\/index.php?rest_route=\/wp\/v2\/posts\/2076655\/revisions"}],"wp:attachment":[{"href":"https:\/\/analyse.optim.biz\/index.php?rest_route=%2Fwp%2Fv2%2Fmedia&parent=2076655"}],"wp:term":[{"taxonomy":"category","embeddable":true,"href":"https:\/\/analyse.optim.biz\/index.php?rest_route=%2Fwp%2Fv2%2Fcategories&post=2076655"},{"taxonomy":"post_tag","embeddable":true,"href":"https:\/\/analyse.optim.biz\/index.php?rest_route=%2Fwp%2Fv2%2Ftags&post=2076655"}],"curies":[{"name":"wp","href":"https:\/\/api.w.org\/{rel}","templated":true}]}}