{"id":2076654,"date":"2026-08-04T07:07:20","date_gmt":"2026-08-04T04:07:20","guid":{"rendered":"https:\/\/analyse.optim.biz\/?p=2076654"},"modified":"2026-08-04T07:07:20","modified_gmt":"2026-08-04T04:07:20","slug":"accidentul-grav-de-la-veresti-un-barbat-de-80-de-ani-pe-moped-s-a-dezechilibrat-cand-era-depasit-de-un-camion-si-a-lovit-o-roata-a-remorcii","status":"publish","type":"post","link":"https:\/\/analyse.optim.biz\/?p=2076654","title":{"rendered":"Accidentul grav de la Vere\u0219ti: Un b\u0103rbat de 80 de ani pe moped s-a dezechilibrat c\u00e2nd era dep\u0103\u0219it de un camion \u0219i a lovit o roat\u0103 a remorcii"},"content":{"rendered":"<p>[analyse_image type=&#8221;featured&#8221; src=&#8221;https:\/\/www.newsbucovina.ro\/wp-content\/uploads\/2017\/08\/accident-moped.jpghttps:\/\/cdn.newsbucovina.ro\/wp-content\/uploads\/2017\/08\/accident-moped.jpg&#8221;]<\/p>\n<div class=\"td-post-content tagdiv-type\">\n<div class=\"td-a-rec td-a-rec-id-content_top  tdi_3 td_block_template_1\"><strong>Intr\u0103 acum \u0219i \u00een grupul de <\/p>\n<div class=\"wp-block-button\"><a class=\"wp-block-button__link wp-element-button\" href=\"https:\/\/t.me\/+TH8wcfnp8fw5NWI0\">Telegram News Bucovina<\/a><\/div>\n<p><\/strong><\/div>\n<p class=\"wp-block-paragraph\">Luni, 3 august, \u00een jurul orei 10.50, pe DJ 290, \u00een afara localit\u0103\u021bii Vere\u0219ti, a avut loc un accident rutier \u00een care au fost implica\u021bi un moped \u0219i un ansamblu de vehicule.<\/p>\n<figure class=\"wp-block-image size-full\"><a href=\"https:\/\/cdn.newsbucovina.ro\/wp-content\/uploads\/2016\/07\/accident-moped.jpg\"><img loading=\"lazy\" decoding=\"async\" width=\"1024\" height=\"768\" src=\"https:\/\/cdn.newsbucovina.ro\/wp-content\/uploads\/2016\/07\/accident-moped.jpg.webp\" alt class=\"wp-image-164506\"><\/a><\/figure>\n<p class=\"wp-block-paragraph\">Potrivit datelor din ancheta poli\u021bi\u0219tilor, un b\u0103rbat de 80 de ani din satul Prelipca, ora\u0219ul Salcea, conducea un moped de culoare neagr\u0103 (f\u0103r\u0103 date de identificare) pe direc\u021bia Salcea \u2013 Vere\u0219ti. Din motive \u00eenc\u0103 necunoscute, s-a dezechilibrat \u0219i a p\u0103truns \u00een roata dreapta spate a ultimei osii a semiremorcii unui ansamblu format din cap tractor marca Mercedes Benz \u0219i semiremorc\u0103. Ansamblul era condus \u00een aceea\u0219i direc\u021bie de un b\u0103rbat de 36 de ani din comuna V\u00e2n\u0103tori Neam\u021b, jude\u021bul Neam\u021b, care se afla \u00een dep\u0103\u0219irea mopedului.<\/p>\n<p class=\"wp-block-paragraph\">Conduc\u0103torul ansamblului de vehicule a fost testat alcoscopic, rezultatul fiind negativ.<\/p>\n<p class=\"wp-block-paragraph\">\u00cen urma impactului, b\u0103rbatul de 80 de ani a suferit leziuni grave \u0219i a fost transportat la Spitalul Jude\u021bean de Urgen\u021b\u0103 Suceava.<\/p>\n<p class=\"wp-block-paragraph\">Cercet\u0103rile sunt continuate de lucr\u0103torii Biroului Rutier Suceava sub aspectul s\u0103v\u00e2r\u0219irii infrac\u021biunii de v\u0103t\u0103mare corporal\u0103 din culp\u0103.<\/p>\n<div class=\"td-a-rec td-a-rec-id-content_bottom  tdi_4 td_block_template_1\"><strong>Intr\u0103 acum \u0219i \u00een grupul de <\/p>\n<div class=\"wp-block-button\"><a class=\"wp-block-button__link wp-element-button\" href=\"https:\/\/t.me\/+TH8wcfnp8fw5NWI0\">Telegram News Bucovina<\/a><\/div>\n<p><\/strong><\/div>\n<\/div>\n<div class=\"td-post-content tagdiv-type\">\n<div class=\"td-a-rec td-a-rec-id-content_top  tdi_3 td_block_template_1\"><strong>Intr\u0103 acum \u0219i \u00een grupul de <\/p>\n<div class=\"wp-block-button\"><a class=\"wp-block-button__link wp-element-button\" href=\"https:\/\/t.me\/+TH8wcfnp8fw5NWI0\">Telegram News Bucovina<\/a><\/div>\n<p><\/strong><\/div>\n<p class=\"wp-block-paragraph\">Luni, 3 august, \u00een jurul orei 10.50, pe DJ 290, \u00een afara localit\u0103\u021bii Vere\u0219ti, a avut loc un accident rutier \u00een care au fost implica\u021bi un moped \u0219i un ansamblu de vehicule.<\/p>\n<figure class=\"wp-block-image size-full\"><a href=\"https:\/\/cdn.newsbucovina.ro\/wp-content\/uploads\/2016\/07\/accident-moped.jpg\"><img loading=\"lazy\" decoding=\"async\" width=\"1024\" height=\"768\" src=\"https:\/\/cdn.newsbucovina.ro\/wp-content\/uploads\/2016\/07\/accident-moped.jpg.webp\" alt class=\"wp-image-164506\"><\/a><\/figure>\n<p class=\"wp-block-paragraph\">Potrivit datelor din ancheta poli\u021bi\u0219tilor, un b\u0103rbat de 80 de ani din satul Prelipca, ora\u0219ul Salcea, conducea un moped de culoare neagr\u0103 (f\u0103r\u0103 date de identificare) pe direc\u021bia Salcea \u2013 Vere\u0219ti. Din motive \u00eenc\u0103 necunoscute, s-a dezechilibrat \u0219i a p\u0103truns \u00een roata dreapta spate a ultimei osii a semiremorcii unui ansamblu format din cap tractor marca Mercedes Benz \u0219i semiremorc\u0103. Ansamblul era condus \u00een aceea\u0219i direc\u021bie de un b\u0103rbat de 36 de ani din comuna V\u00e2n\u0103tori Neam\u021b, jude\u021bul Neam\u021b, care se afla \u00een dep\u0103\u0219irea mopedului.<\/p>\n<p class=\"wp-block-paragraph\">Conduc\u0103torul ansamblului de vehicule a fost testat alcoscopic, rezultatul fiind negativ.<\/p>\n<p class=\"wp-block-paragraph\">\u00cen urma impactului, b\u0103rbatul de 80 de ani a suferit leziuni grave \u0219i a fost transportat la Spitalul Jude\u021bean de Urgen\u021b\u0103 Suceava.<\/p>\n<p class=\"wp-block-paragraph\">Cercet\u0103rile sunt continuate de lucr\u0103torii Biroului Rutier Suceava sub aspectul s\u0103v\u00e2r\u0219irii infrac\u021biunii de v\u0103t\u0103mare corporal\u0103 din culp\u0103.<\/p>\n<div class=\"td-a-rec td-a-rec-id-content_bottom  tdi_4 td_block_template_1\"><strong>Intr\u0103 acum \u0219i \u00een grupul de <\/p>\n<div class=\"wp-block-button\"><a class=\"wp-block-button__link wp-element-button\" href=\"https:\/\/t.me\/+TH8wcfnp8fw5NWI0\">Telegram News Bucovina<\/a><\/div>\n<p><\/strong><\/div>\n<\/div>\n<p>[analyse_source url=&#8221;https:\/\/www.newsbucovina.ro\/social\/445573\/accidentul-grav-de-la-veresti-un-barbat-de-80-de-ani-pe-moped-s-a-dezechilibrat-cand-era-depasit-de-un-camion-si-a-lovit-o-roata-a-remorcii&#8221;]<\/p>\n","protected":false},"excerpt":{"rendered":"<p>[analyse_image type=&#8221;featured&#8221; src=&#8221;https:\/\/www.newsbucovina.ro\/wp-content\/uploads\/2017\/08\/accident-moped.jpghttps:\/\/cdn.newsbucovina.ro\/wp-content\/uploads\/2017\/08\/accident-moped.jpg&#8221;] Intr\u0103 acum \u0219i \u00een grupul de Telegram News Bucovina Luni, 3 august, \u00een jurul orei 10.50, pe DJ 290, \u00een afara localit\u0103\u021bii Vere\u0219ti, a avut loc un accident rutier \u00een care au fost implica\u021bi un moped \u0219i un ansamblu de vehicule. Potrivit datelor din ancheta poli\u021bi\u0219tilor, un b\u0103rbat de 80 de ani [&hellip;]<\/p>\n","protected":false},"author":1,"featured_media":0,"comment_status":"open","ping_status":"","sticky":false,"template":"","format":"standard","meta":{"footnotes":""},"categories":[89],"tags":[226,165],"class_list":["post-2076654","post","type-post","status-publish","format-standard","hentry","category-romania","tag-crawlmanager","tag-newsbucovina-ro"],"_links":{"self":[{"href":"https:\/\/analyse.optim.biz\/index.php?rest_route=\/wp\/v2\/posts\/2076654","targetHints":{"allow":["GET"]}}],"collection":[{"href":"https:\/\/analyse.optim.biz\/index.php?rest_route=\/wp\/v2\/posts"}],"about":[{"href":"https:\/\/analyse.optim.biz\/index.php?rest_route=\/wp\/v2\/types\/post"}],"author":[{"embeddable":true,"href":"https:\/\/analyse.optim.biz\/index.php?rest_route=\/wp\/v2\/users\/1"}],"replies":[{"embeddable":true,"href":"https:\/\/analyse.optim.biz\/index.php?rest_route=%2Fwp%2Fv2%2Fcomments&post=2076654"}],"version-history":[{"count":0,"href":"https:\/\/analyse.optim.biz\/index.php?rest_route=\/wp\/v2\/posts\/2076654\/revisions"}],"wp:attachment":[{"href":"https:\/\/analyse.optim.biz\/index.php?rest_route=%2Fwp%2Fv2%2Fmedia&parent=2076654"}],"wp:term":[{"taxonomy":"category","embeddable":true,"href":"https:\/\/analyse.optim.biz\/index.php?rest_route=%2Fwp%2Fv2%2Fcategories&post=2076654"},{"taxonomy":"post_tag","embeddable":true,"href":"https:\/\/analyse.optim.biz\/index.php?rest_route=%2Fwp%2Fv2%2Ftags&post=2076654"}],"curies":[{"name":"wp","href":"https:\/\/api.w.org\/{rel}","templated":true}]}}