{"id":2076653,"date":"2026-08-03T11:09:39","date_gmt":"2026-08-03T08:09:39","guid":{"rendered":"https:\/\/analyse.optim.biz\/?p=2076653"},"modified":"2026-08-03T11:09:39","modified_gmt":"2026-08-03T08:09:39","slug":"accident-de-motocicleta-la-salcea-doi-tineri-raniti-grav-dupa-ce-vehiculul-s-a-rasturnat-in-sant","status":"publish","type":"post","link":"https:\/\/analyse.optim.biz\/?p=2076653","title":{"rendered":"Accident de motociclet\u0103 la Salcea: doi tineri r\u0103ni\u021bi grav dup\u0103 ce vehiculul s-a r\u0103sturnat \u00een \u0219an\u021b"},"content":{"rendered":"<p>[analyse_image type=&#8221;featured&#8221; src=&#8221;https:\/\/www.newsbucovina.ro\/wp-content\/uploads\/2025\/05\/accident-motocicleta-1-1.jpghttps:\/\/cdn.newsbucovina.ro\/wp-content\/uploads\/2025\/05\/accident-motocicleta-1-1.jpg&#8221;]<\/p>\n<div class=\"td-post-content tagdiv-type\">\n<div class=\"td-a-rec td-a-rec-id-content_top  tdi_3 td_block_template_1\"><strong>Intr\u0103 acum \u0219i \u00een grupul de <\/p>\n<div class=\"wp-block-button\"><a class=\"wp-block-button__link wp-element-button\" href=\"https:\/\/t.me\/+TH8wcfnp8fw5NWI0\">Telegram News Bucovina<\/a><\/div>\n<p><\/strong><\/div>\n<p class=\"wp-block-paragraph\">Duminic\u0103, 2 august, \u00een jurul orei 18.50, un t\u00e2n\u0103r de 28 de ani din comuna H\u0103n\u021be\u0219ti a pierdut controlul asupra motocicletei pe care o conducea pe strada Rezervorului (D.C. 62) din localitatea Salcea. Vehiculul marca Honda a p\u0103r\u0103sit partea carosabil\u0103 \u0219i s-a r\u0103sturnat \u00een \u0219an\u021bul consolidat din beton al drumului comunal.<\/p>\n<div class=\"wp-block-image\">\n<figure class=\"aligncenter size-full\"><a href=\"https:\/\/cdn.newsbucovina.ro\/wp-content\/uploads\/2025\/05\/accident-motocicleta-1-1.jpg\"><img loading=\"lazy\" decoding=\"async\" width=\"714\" height=\"401\" src=\"https:\/\/cdn.newsbucovina.ro\/wp-content\/uploads\/2025\/05\/accident-motocicleta-1-1.jpg\" alt class=\"wp-image-410982\"><\/a><\/figure>\n<\/div>\n<p class=\"wp-block-paragraph\">\u00cen urma impactului, at\u00e2t conduc\u0103torul, c\u00e2t \u0219i pasagerul acestuia, un t\u00e2n\u0103r de 24 de ani din ora\u0219ul Salcea, au suferit v\u0103t\u0103m\u0103ri corporale grave. Ambii au fost transporta\u021bi cu ambulan\u021bele sosite la fa\u021ba locului la Spitalul Jude\u021bean de Urgen\u021b\u0103 Suceava.<\/p>\n<p class=\"wp-block-paragraph\">Diagnosticul preliminar stabilit pentru conduc\u0103torul motocicletei a fost politraumatism prin accident rutier, cu contuzii la ambele coate. Pasagerul a fost diagnosticat cu politraumatism prin accident rutier, traumatism toraco-abdominal, contuzie la cotul drept \u0219i la ambii genunchi.<\/p>\n<p class=\"wp-block-paragraph\">Conduc\u0103torului i-au fost prelevate mostre biologice de s\u00e2nge pentru stabilirea alcoolemiei. Poli\u021bi\u0219tii au deschis dosar de cercetare penal\u0103 pentru infrac\u021biunea de v\u0103t\u0103mare corporal\u0103 din culp\u0103.<\/p>\n<figure class=\"wp-block-embed is-type-video is-provider-youtube wp-block-embed-youtube wp-embed-aspect-16-9 wp-has-aspect-ratio\">\n<div class=\"wp-block-embed__wrapper\">\n<div class=\"youtube-embed\" data-video_id=\"H5LcMzGH100\"><iframe loading=\"lazy\" title=\"Cum transformi Bucuria-n...SC\u00c2RB\u0102? Te plimbi cu ma\u0219ina Prim\u0103riei ...f\u0103r\u0103 acte! POLI\u021aIA o cam scald\u0103!\" width=\"696\" height=\"392\" src=\"https:\/\/www.youtube.com\/embed\/H5LcMzGH100?feature=oembed&amp;enablejsapi=1\" frameborder allow=\"accelerometer; autoplay; clipboard-write; encrypted-media; gyroscope; picture-in-picture; web-share\" referrerpolicy=\"strict-origin-when-cross-origin\" allowfullscreen><\/iframe><\/div>\n<\/div>\n<\/figure>\n<div class=\"td-a-rec td-a-rec-id-content_bottom  tdi_4 td_block_template_1\"><strong>Intr\u0103 acum \u0219i \u00een grupul de <\/p>\n<div class=\"wp-block-button\"><a class=\"wp-block-button__link wp-element-button\" href=\"https:\/\/t.me\/+TH8wcfnp8fw5NWI0\">Telegram News Bucovina<\/a><\/div>\n<p><\/strong><\/div>\n<\/div>\n<div class=\"td-post-content tagdiv-type\">\n<div class=\"td-a-rec td-a-rec-id-content_top  tdi_3 td_block_template_1\"><strong>Intr\u0103 acum \u0219i \u00een grupul de <\/p>\n<div class=\"wp-block-button\"><a class=\"wp-block-button__link wp-element-button\" href=\"https:\/\/t.me\/+TH8wcfnp8fw5NWI0\">Telegram News Bucovina<\/a><\/div>\n<p><\/strong><\/div>\n<p class=\"wp-block-paragraph\">Duminic\u0103, 2 august, \u00een jurul orei 18.50, un t\u00e2n\u0103r de 28 de ani din comuna H\u0103n\u021be\u0219ti a pierdut controlul asupra motocicletei pe care o conducea pe strada Rezervorului (D.C. 62) din localitatea Salcea. Vehiculul marca Honda a p\u0103r\u0103sit partea carosabil\u0103 \u0219i s-a r\u0103sturnat \u00een \u0219an\u021bul consolidat din beton al drumului comunal.<\/p>\n<div class=\"wp-block-image\">\n<figure class=\"aligncenter size-full\"><a href=\"https:\/\/cdn.newsbucovina.ro\/wp-content\/uploads\/2025\/05\/accident-motocicleta-1-1.jpg\"><img loading=\"lazy\" decoding=\"async\" width=\"714\" height=\"401\" src=\"https:\/\/cdn.newsbucovina.ro\/wp-content\/uploads\/2025\/05\/accident-motocicleta-1-1.jpg\" alt class=\"wp-image-410982\"><\/a><\/figure>\n<\/div>\n<p class=\"wp-block-paragraph\">\u00cen urma impactului, at\u00e2t conduc\u0103torul, c\u00e2t \u0219i pasagerul acestuia, un t\u00e2n\u0103r de 24 de ani din ora\u0219ul Salcea, au suferit v\u0103t\u0103m\u0103ri corporale grave. Ambii au fost transporta\u021bi cu ambulan\u021bele sosite la fa\u021ba locului la Spitalul Jude\u021bean de Urgen\u021b\u0103 Suceava.<\/p>\n<p class=\"wp-block-paragraph\">Diagnosticul preliminar stabilit pentru conduc\u0103torul motocicletei a fost politraumatism prin accident rutier, cu contuzii la ambele coate. Pasagerul a fost diagnosticat cu politraumatism prin accident rutier, traumatism toraco-abdominal, contuzie la cotul drept \u0219i la ambii genunchi.<\/p>\n<p class=\"wp-block-paragraph\">Conduc\u0103torului i-au fost prelevate mostre biologice de s\u00e2nge pentru stabilirea alcoolemiei. Poli\u021bi\u0219tii au deschis dosar de cercetare penal\u0103 pentru infrac\u021biunea de v\u0103t\u0103mare corporal\u0103 din culp\u0103.<\/p>\n<figure class=\"wp-block-embed is-type-video is-provider-youtube wp-block-embed-youtube wp-embed-aspect-16-9 wp-has-aspect-ratio\">\n<div class=\"wp-block-embed__wrapper\">\n<div class=\"youtube-embed\" data-video_id=\"H5LcMzGH100\"><iframe loading=\"lazy\" title=\"Cum transformi Bucuria-n...SC\u00c2RB\u0102? Te plimbi cu ma\u0219ina Prim\u0103riei ...f\u0103r\u0103 acte! POLI\u021aIA o cam scald\u0103!\" width=\"696\" height=\"392\" src=\"https:\/\/www.youtube.com\/embed\/H5LcMzGH100?feature=oembed&amp;enablejsapi=1\" frameborder allow=\"accelerometer; autoplay; clipboard-write; encrypted-media; gyroscope; picture-in-picture; web-share\" referrerpolicy=\"strict-origin-when-cross-origin\" allowfullscreen><\/iframe><\/div>\n<\/div>\n<\/figure>\n<div class=\"td-a-rec td-a-rec-id-content_bottom  tdi_4 td_block_template_1\"><strong>Intr\u0103 acum \u0219i \u00een grupul de <\/p>\n<div class=\"wp-block-button\"><a class=\"wp-block-button__link wp-element-button\" href=\"https:\/\/t.me\/+TH8wcfnp8fw5NWI0\">Telegram News Bucovina<\/a><\/div>\n<p><\/strong><\/div>\n<\/div>\n<p>[analyse_source url=&#8221;https:\/\/www.newsbucovina.ro\/social\/445500\/accident-de-motocicleta-la-salcea-doi-tineri-raniti-grav-dupa-ce-vehiculul-s-a-rasturnat-in-sant&#8221;]<\/p>\n","protected":false},"excerpt":{"rendered":"<p>[analyse_image type=&#8221;featured&#8221; src=&#8221;https:\/\/www.newsbucovina.ro\/wp-content\/uploads\/2025\/05\/accident-motocicleta-1-1.jpghttps:\/\/cdn.newsbucovina.ro\/wp-content\/uploads\/2025\/05\/accident-motocicleta-1-1.jpg&#8221;] Intr\u0103 acum \u0219i \u00een grupul de Telegram News Bucovina Duminic\u0103, 2 august, \u00een jurul orei 18.50, un t\u00e2n\u0103r de 28 de ani din comuna H\u0103n\u021be\u0219ti a pierdut controlul asupra motocicletei pe care o conducea pe strada Rezervorului (D.C. 62) din localitatea Salcea. Vehiculul marca Honda a p\u0103r\u0103sit partea carosabil\u0103 \u0219i s-a r\u0103sturnat [&hellip;]<\/p>\n","protected":false},"author":1,"featured_media":0,"comment_status":"open","ping_status":"","sticky":false,"template":"","format":"standard","meta":{"footnotes":""},"categories":[89],"tags":[226,165],"class_list":["post-2076653","post","type-post","status-publish","format-standard","hentry","category-romania","tag-crawlmanager","tag-newsbucovina-ro"],"_links":{"self":[{"href":"https:\/\/analyse.optim.biz\/index.php?rest_route=\/wp\/v2\/posts\/2076653","targetHints":{"allow":["GET"]}}],"collection":[{"href":"https:\/\/analyse.optim.biz\/index.php?rest_route=\/wp\/v2\/posts"}],"about":[{"href":"https:\/\/analyse.optim.biz\/index.php?rest_route=\/wp\/v2\/types\/post"}],"author":[{"embeddable":true,"href":"https:\/\/analyse.optim.biz\/index.php?rest_route=\/wp\/v2\/users\/1"}],"replies":[{"embeddable":true,"href":"https:\/\/analyse.optim.biz\/index.php?rest_route=%2Fwp%2Fv2%2Fcomments&post=2076653"}],"version-history":[{"count":0,"href":"https:\/\/analyse.optim.biz\/index.php?rest_route=\/wp\/v2\/posts\/2076653\/revisions"}],"wp:attachment":[{"href":"https:\/\/analyse.optim.biz\/index.php?rest_route=%2Fwp%2Fv2%2Fmedia&parent=2076653"}],"wp:term":[{"taxonomy":"category","embeddable":true,"href":"https:\/\/analyse.optim.biz\/index.php?rest_route=%2Fwp%2Fv2%2Fcategories&post=2076653"},{"taxonomy":"post_tag","embeddable":true,"href":"https:\/\/analyse.optim.biz\/index.php?rest_route=%2Fwp%2Fv2%2Ftags&post=2076653"}],"curies":[{"name":"wp","href":"https:\/\/api.w.org\/{rel}","templated":true}]}}