{"id":2076652,"date":"2026-08-03T11:03:02","date_gmt":"2026-08-03T08:03:02","guid":{"rendered":"https:\/\/analyse.optim.biz\/?p=2076652"},"modified":"2026-08-03T11:03:02","modified_gmt":"2026-08-03T08:03:02","slug":"incendiu-in-noapte-la-fratautii-vechi-pompierii-au-salvat-locuinta-in-constructie-si-casele-vecine","status":"publish","type":"post","link":"https:\/\/analyse.optim.biz\/?p=2076652","title":{"rendered":"Incendiu \u00een noapte la Fr\u0103t\u0103u\u021bii Vechi. Pompierii au salvat locuin\u021ba \u00een construc\u021bie \u0219i casele vecine"},"content":{"rendered":"<p>[analyse_image type=&#8221;featured&#8221; src=&#8221;https:\/\/www.newsbucovina.ro\/wp-content\/uploads\/2026\/08\/WhatsApp-Image-2026-08-03-at-13.56.40.jpeghttps:\/\/cdn.newsbucovina.ro\/wp-content\/uploads\/2026\/08\/WhatsApp-Image-2026-08-03-at-13.56.40.jpeg&#8221;]<\/p>\n<div class=\"td-post-content tagdiv-type\">\n<div class=\"td-a-rec td-a-rec-id-content_top  tdi_3 td_block_template_1\"><strong>Intr\u0103 acum \u0219i \u00een grupul de <\/p>\n<div class=\"wp-block-button\"><a class=\"wp-block-button__link wp-element-button\" href=\"https:\/\/t.me\/+TH8wcfnp8fw5NWI0\">Telegram News Bucovina<\/a><\/div>\n<p><\/strong><\/div>\n<p class=\"wp-block-paragraph\">Luni, 3 august, \u00een jurul orei 00.18, pompierii au fost anun\u021ba\u021bi prin apel la 112 despre un incendiu izbucnit \u00eentr-o gospod\u0103rie din localitatea Fr\u0103t\u0103u\u021bii Vechi. La interven\u021bie au participat militarii Deta\u0219amentului de pompieri R\u0103d\u0103u\u021bi, \u00eempreun\u0103 cu lucr\u0103torii Serviciilor voluntare pentru situa\u021bii de urgen\u021b\u0103 din Fr\u0103t\u0103u\u021bii Vechi, Fr\u0103t\u0103u\u021bii Noi, Bilca \u0219i G\u0103l\u0103ne\u0219ti. Au fost mobilizate opt autospeciale de stingere \u0219i o ambulan\u021b\u0103 SMURD.<\/p>\n<figure class=\"wp-block-gallery has-nested-images columns-default is-cropped wp-block-gallery-1 is-layout-flex wp-block-gallery-is-layout-flex\">\n<figure class=\"wp-block-image size-large\"><a href=\"https:\/\/cdn.newsbucovina.ro\/wp-content\/uploads\/2026\/08\/WhatsApp-Image-2026-08-03-at-13.56.40-1.jpeg\"><img loading=\"lazy\" decoding=\"async\" width=\"1024\" height=\"768\" data-id=\"445495\" src=\"https:\/\/cdn.newsbucovina.ro\/wp-content\/uploads\/2026\/08\/WhatsApp-Image-2026-08-03-at-13.56.40-1-1024x768.jpeg\" alt class=\"wp-image-445495\"><\/a><\/figure>\n<figure class=\"wp-block-image size-large\"><a href=\"https:\/\/cdn.newsbucovina.ro\/wp-content\/uploads\/2026\/08\/WhatsApp-Image-2026-08-03-at-13.56.40-2.jpeg\"><img loading=\"lazy\" decoding=\"async\" width=\"1024\" height=\"768\" data-id=\"445494\" src=\"https:\/\/cdn.newsbucovina.ro\/wp-content\/uploads\/2026\/08\/WhatsApp-Image-2026-08-03-at-13.56.40-2-1024x768.jpeg\" alt class=\"wp-image-445494\"><\/a><\/figure>\n<figure class=\"wp-block-image size-large\"><a href=\"https:\/\/cdn.newsbucovina.ro\/wp-content\/uploads\/2026\/08\/WhatsApp-Image-2026-08-03-at-13.56.40.jpeg\"><img decoding=\"async\" loading=\"lazy\" width=\"1024\" height=\"768\" data-id=\"445496\" src=\"https:\/\/cdn.newsbucovina.ro\/wp-content\/uploads\/2026\/08\/WhatsApp-Image-2026-08-03-at-13.56.40-1024x768.jpeg\" alt class=\"wp-image-445496\"><\/a><\/figure>\n<figure class=\"wp-block-image size-large\"><a href=\"https:\/\/cdn.newsbucovina.ro\/wp-content\/uploads\/2026\/08\/WhatsApp-Image-2026-08-03-at-13.56.41-1.jpeg\"><img decoding=\"async\" loading=\"lazy\" width=\"1024\" height=\"768\" data-id=\"445497\" src=\"https:\/\/cdn.newsbucovina.ro\/wp-content\/uploads\/2026\/08\/WhatsApp-Image-2026-08-03-at-13.56.41-1-1024x768.jpeg\" alt class=\"wp-image-445497\"><\/a><\/figure>\n<figure class=\"wp-block-image size-large\"><a href=\"https:\/\/cdn.newsbucovina.ro\/wp-content\/uploads\/2026\/08\/WhatsApp-Image-2026-08-03-at-13.56.41.jpeg\"><img decoding=\"async\" loading=\"lazy\" width=\"1024\" height=\"768\" data-id=\"445498\" src=\"https:\/\/cdn.newsbucovina.ro\/wp-content\/uploads\/2026\/08\/WhatsApp-Image-2026-08-03-at-13.56.41-1024x768.jpeg\" alt class=\"wp-image-445498\"><\/a><\/figure>\n<\/figure>\n<p class=\"wp-block-paragraph\">Potrivit purt\u0103torului de cuv\u00e2nt al ISU Suceava, locotenent colonel Alin G\u0103leat\u0103, la sosirea echipajelor, fl\u0103c\u0103rile cuprinseser\u0103 o construc\u021bie anex\u0103 \u0219i acoperi\u0219ul casei de locuit, cl\u0103diri aflate \u00een corp comun. Exist\u0103 pericol de propagare at\u00e2t la o alt\u0103 locuin\u021b\u0103 aflat\u0103 \u00een construc\u021bie pe aceea\u0219i proprietate, c\u00e2t \u0219i la casele \u00eenvecinate.<\/p>\n<p class=\"wp-block-paragraph\">Interven\u021bia a fost finalizat\u0103 la ora 02.10, c\u00e2nd incendiul a fost lichidat. Au ars \u00een totalitate anexa \u0219i acoperi\u0219ul casei, pe o suprafa\u021b\u0103 de aproximativ 180 de metri p\u0103tra\u021bi. Fl\u0103c\u0103rile au distrus \u00eenc\u0103perile locuin\u021bei \u0219i dou\u0103 ferestre termopan de la a doua cas\u0103 de pe proprietate.<\/p>\n<p class=\"wp-block-paragraph\">Cauza probabil\u0103 a izbucnirii a fost un scurtcircuit produs la un cablu electric deteriorat sau neizolat corespunz\u0103tor. Din fericire, nu s-au \u00eenregistrat victime. Pompierii au reu\u0219it s\u0103 salveze locuin\u021ba \u00een construc\u021bie \u0219i casele vecine, \u00eempreun\u0103 cu bunurile aflate \u00een acestea.<\/p>\n<p class=\"wp-block-paragraph\">Pentru prevenirea unor situa\u021bii similare, pompierii militari suceveni reamintesc cet\u0103\u021benilor s\u0103 verifice periodic instala\u021biile electrice cu personal autorizat, s\u0103 controleze \u0219i s\u0103 \u00eenlocuiasc\u0103 cordoanele uzate ale echipamentelor electrice, s\u0103 nu suprasolicite prizele \u0219i s\u0103 nu foloseasc\u0103 instala\u021bii electrice improvizate.<\/p>\n<figure class=\"wp-block-embed is-type-video is-provider-youtube wp-block-embed-youtube wp-embed-aspect-16-9 wp-has-aspect-ratio\">\n<div class=\"wp-block-embed__wrapper\">\n<div class=\"youtube-embed\" data-video_id=\"H5LcMzGH100\"><iframe loading=\"lazy\" title=\"Cum transformi Bucuria-n...SC\u00c2RB\u0102? Te plimbi cu ma\u0219ina Prim\u0103riei ...f\u0103r\u0103 acte! POLI\u021aIA o cam scald\u0103!\" width=\"696\" height=\"392\" src=\"https:\/\/www.youtube.com\/embed\/H5LcMzGH100?feature=oembed&amp;enablejsapi=1\" frameborder allow=\"accelerometer; autoplay; clipboard-write; encrypted-media; gyroscope; picture-in-picture; web-share\" referrerpolicy=\"strict-origin-when-cross-origin\" allowfullscreen><\/iframe><\/div>\n<\/div>\n<\/figure>\n<div class=\"td-a-rec td-a-rec-id-content_bottom  tdi_4 td_block_template_1\"><strong>Intr\u0103 acum \u0219i \u00een grupul de <\/p>\n<div class=\"wp-block-button\"><a class=\"wp-block-button__link wp-element-button\" href=\"https:\/\/t.me\/+TH8wcfnp8fw5NWI0\">Telegram News Bucovina<\/a><\/div>\n<p><\/strong><\/div>\n<\/div>\n<div class=\"td-post-content tagdiv-type\">\n<div class=\"td-a-rec td-a-rec-id-content_top  tdi_3 td_block_template_1\"><strong>Intr\u0103 acum \u0219i \u00een grupul de <\/p>\n<div class=\"wp-block-button\"><a class=\"wp-block-button__link wp-element-button\" href=\"https:\/\/t.me\/+TH8wcfnp8fw5NWI0\">Telegram News Bucovina<\/a><\/div>\n<p><\/strong><\/div>\n<p class=\"wp-block-paragraph\">Luni, 3 august, \u00een jurul orei 00.18, pompierii au fost anun\u021ba\u021bi prin apel la 112 despre un incendiu izbucnit \u00eentr-o gospod\u0103rie din localitatea Fr\u0103t\u0103u\u021bii Vechi. La interven\u021bie au participat militarii Deta\u0219amentului de pompieri R\u0103d\u0103u\u021bi, \u00eempreun\u0103 cu lucr\u0103torii Serviciilor voluntare pentru situa\u021bii de urgen\u021b\u0103 din Fr\u0103t\u0103u\u021bii Vechi, Fr\u0103t\u0103u\u021bii Noi, Bilca \u0219i G\u0103l\u0103ne\u0219ti. Au fost mobilizate opt autospeciale de stingere \u0219i o ambulan\u021b\u0103 SMURD.<\/p>\n<figure class=\"wp-block-gallery has-nested-images columns-default is-cropped wp-block-gallery-1 is-layout-flex wp-block-gallery-is-layout-flex\">\n<figure class=\"wp-block-image size-large\"><a href=\"https:\/\/cdn.newsbucovina.ro\/wp-content\/uploads\/2026\/08\/WhatsApp-Image-2026-08-03-at-13.56.40-1.jpeg\"><img loading=\"lazy\" decoding=\"async\" width=\"1024\" height=\"768\" data-id=\"445495\" src=\"https:\/\/cdn.newsbucovina.ro\/wp-content\/uploads\/2026\/08\/WhatsApp-Image-2026-08-03-at-13.56.40-1-1024x768.jpeg\" alt class=\"wp-image-445495\"><\/a><\/figure>\n<figure class=\"wp-block-image size-large\"><a href=\"https:\/\/cdn.newsbucovina.ro\/wp-content\/uploads\/2026\/08\/WhatsApp-Image-2026-08-03-at-13.56.40-2.jpeg\"><img loading=\"lazy\" decoding=\"async\" width=\"1024\" height=\"768\" data-id=\"445494\" src=\"https:\/\/cdn.newsbucovina.ro\/wp-content\/uploads\/2026\/08\/WhatsApp-Image-2026-08-03-at-13.56.40-2-1024x768.jpeg\" alt class=\"wp-image-445494\"><\/a><\/figure>\n<figure class=\"wp-block-image size-large\"><a href=\"https:\/\/cdn.newsbucovina.ro\/wp-content\/uploads\/2026\/08\/WhatsApp-Image-2026-08-03-at-13.56.40.jpeg\"><img decoding=\"async\" loading=\"lazy\" width=\"1024\" height=\"768\" data-id=\"445496\" src=\"https:\/\/cdn.newsbucovina.ro\/wp-content\/uploads\/2026\/08\/WhatsApp-Image-2026-08-03-at-13.56.40-1024x768.jpeg\" alt class=\"wp-image-445496\"><\/a><\/figure>\n<figure class=\"wp-block-image size-large\"><a href=\"https:\/\/cdn.newsbucovina.ro\/wp-content\/uploads\/2026\/08\/WhatsApp-Image-2026-08-03-at-13.56.41-1.jpeg\"><img decoding=\"async\" loading=\"lazy\" width=\"1024\" height=\"768\" data-id=\"445497\" src=\"https:\/\/cdn.newsbucovina.ro\/wp-content\/uploads\/2026\/08\/WhatsApp-Image-2026-08-03-at-13.56.41-1-1024x768.jpeg\" alt class=\"wp-image-445497\"><\/a><\/figure>\n<figure class=\"wp-block-image size-large\"><a href=\"https:\/\/cdn.newsbucovina.ro\/wp-content\/uploads\/2026\/08\/WhatsApp-Image-2026-08-03-at-13.56.41.jpeg\"><img decoding=\"async\" loading=\"lazy\" width=\"1024\" height=\"768\" data-id=\"445498\" src=\"https:\/\/cdn.newsbucovina.ro\/wp-content\/uploads\/2026\/08\/WhatsApp-Image-2026-08-03-at-13.56.41-1024x768.jpeg\" alt class=\"wp-image-445498\"><\/a><\/figure>\n<\/figure>\n<p class=\"wp-block-paragraph\">Potrivit purt\u0103torului de cuv\u00e2nt al ISU Suceava, locotenent colonel Alin G\u0103leat\u0103, la sosirea echipajelor, fl\u0103c\u0103rile cuprinseser\u0103 o construc\u021bie anex\u0103 \u0219i acoperi\u0219ul casei de locuit, cl\u0103diri aflate \u00een corp comun. Exist\u0103 pericol de propagare at\u00e2t la o alt\u0103 locuin\u021b\u0103 aflat\u0103 \u00een construc\u021bie pe aceea\u0219i proprietate, c\u00e2t \u0219i la casele \u00eenvecinate.<\/p>\n<p class=\"wp-block-paragraph\">Interven\u021bia a fost finalizat\u0103 la ora 02.10, c\u00e2nd incendiul a fost lichidat. Au ars \u00een totalitate anexa \u0219i acoperi\u0219ul casei, pe o suprafa\u021b\u0103 de aproximativ 180 de metri p\u0103tra\u021bi. Fl\u0103c\u0103rile au distrus \u00eenc\u0103perile locuin\u021bei \u0219i dou\u0103 ferestre termopan de la a doua cas\u0103 de pe proprietate.<\/p>\n<p class=\"wp-block-paragraph\">Cauza probabil\u0103 a izbucnirii a fost un scurtcircuit produs la un cablu electric deteriorat sau neizolat corespunz\u0103tor. Din fericire, nu s-au \u00eenregistrat victime. Pompierii au reu\u0219it s\u0103 salveze locuin\u021ba \u00een construc\u021bie \u0219i casele vecine, \u00eempreun\u0103 cu bunurile aflate \u00een acestea.<\/p>\n<p class=\"wp-block-paragraph\">Pentru prevenirea unor situa\u021bii similare, pompierii militari suceveni reamintesc cet\u0103\u021benilor s\u0103 verifice periodic instala\u021biile electrice cu personal autorizat, s\u0103 controleze \u0219i s\u0103 \u00eenlocuiasc\u0103 cordoanele uzate ale echipamentelor electrice, s\u0103 nu suprasolicite prizele \u0219i s\u0103 nu foloseasc\u0103 instala\u021bii electrice improvizate.<\/p>\n<figure class=\"wp-block-embed is-type-video is-provider-youtube wp-block-embed-youtube wp-embed-aspect-16-9 wp-has-aspect-ratio\">\n<div class=\"wp-block-embed__wrapper\">\n<div class=\"youtube-embed\" data-video_id=\"H5LcMzGH100\"><iframe loading=\"lazy\" title=\"Cum transformi Bucuria-n...SC\u00c2RB\u0102? Te plimbi cu ma\u0219ina Prim\u0103riei ...f\u0103r\u0103 acte! POLI\u021aIA o cam scald\u0103!\" width=\"696\" height=\"392\" src=\"https:\/\/www.youtube.com\/embed\/H5LcMzGH100?feature=oembed&amp;enablejsapi=1\" frameborder allow=\"accelerometer; autoplay; clipboard-write; encrypted-media; gyroscope; picture-in-picture; web-share\" referrerpolicy=\"strict-origin-when-cross-origin\" allowfullscreen><\/iframe><\/div>\n<\/div>\n<\/figure>\n<div class=\"td-a-rec td-a-rec-id-content_bottom  tdi_4 td_block_template_1\"><strong>Intr\u0103 acum \u0219i \u00een grupul de <\/p>\n<div class=\"wp-block-button\"><a class=\"wp-block-button__link wp-element-button\" href=\"https:\/\/t.me\/+TH8wcfnp8fw5NWI0\">Telegram News Bucovina<\/a><\/div>\n<p><\/strong><\/div>\n<\/div>\n<p>[analyse_source url=&#8221;https:\/\/www.newsbucovina.ro\/social\/445493\/incendiu-in-noapte-la-fratautii-vechi-pompierii-au-salvat-locuinta-in-constructie-si-casele-vecine&#8221;]<\/p>\n","protected":false},"excerpt":{"rendered":"<p>[analyse_image type=&#8221;featured&#8221; src=&#8221;https:\/\/www.newsbucovina.ro\/wp-content\/uploads\/2026\/08\/WhatsApp-Image-2026-08-03-at-13.56.40.jpeghttps:\/\/cdn.newsbucovina.ro\/wp-content\/uploads\/2026\/08\/WhatsApp-Image-2026-08-03-at-13.56.40.jpeg&#8221;] Intr\u0103 acum \u0219i \u00een grupul de Telegram News Bucovina Luni, 3 august, \u00een jurul orei 00.18, pompierii au fost anun\u021ba\u021bi prin apel la 112 despre un incendiu izbucnit \u00eentr-o gospod\u0103rie din localitatea Fr\u0103t\u0103u\u021bii Vechi. La interven\u021bie au participat militarii Deta\u0219amentului de pompieri R\u0103d\u0103u\u021bi, \u00eempreun\u0103 cu lucr\u0103torii Serviciilor voluntare pentru situa\u021bii de urgen\u021b\u0103 [&hellip;]<\/p>\n","protected":false},"author":1,"featured_media":0,"comment_status":"open","ping_status":"","sticky":false,"template":"","format":"standard","meta":{"footnotes":""},"categories":[89],"tags":[226,165],"class_list":["post-2076652","post","type-post","status-publish","format-standard","hentry","category-romania","tag-crawlmanager","tag-newsbucovina-ro"],"_links":{"self":[{"href":"https:\/\/analyse.optim.biz\/index.php?rest_route=\/wp\/v2\/posts\/2076652","targetHints":{"allow":["GET"]}}],"collection":[{"href":"https:\/\/analyse.optim.biz\/index.php?rest_route=\/wp\/v2\/posts"}],"about":[{"href":"https:\/\/analyse.optim.biz\/index.php?rest_route=\/wp\/v2\/types\/post"}],"author":[{"embeddable":true,"href":"https:\/\/analyse.optim.biz\/index.php?rest_route=\/wp\/v2\/users\/1"}],"replies":[{"embeddable":true,"href":"https:\/\/analyse.optim.biz\/index.php?rest_route=%2Fwp%2Fv2%2Fcomments&post=2076652"}],"version-history":[{"count":0,"href":"https:\/\/analyse.optim.biz\/index.php?rest_route=\/wp\/v2\/posts\/2076652\/revisions"}],"wp:attachment":[{"href":"https:\/\/analyse.optim.biz\/index.php?rest_route=%2Fwp%2Fv2%2Fmedia&parent=2076652"}],"wp:term":[{"taxonomy":"category","embeddable":true,"href":"https:\/\/analyse.optim.biz\/index.php?rest_route=%2Fwp%2Fv2%2Fcategories&post=2076652"},{"taxonomy":"post_tag","embeddable":true,"href":"https:\/\/analyse.optim.biz\/index.php?rest_route=%2Fwp%2Fv2%2Ftags&post=2076652"}],"curies":[{"name":"wp","href":"https:\/\/api.w.org\/{rel}","templated":true}]}}