{"id":2076646,"date":"2026-08-02T11:00:57","date_gmt":"2026-08-02T08:00:57","guid":{"rendered":"https:\/\/analyse.optim.biz\/?p=2076646"},"modified":"2026-08-02T11:00:57","modified_gmt":"2026-08-02T08:00:57","slug":"tanar-din-balcauti-ranit-dupa-ce-a-intrat-intentionat-cu-masina-intr-un-sant-dupa-o-cearta-cu-parintii","status":"publish","type":"post","link":"https:\/\/analyse.optim.biz\/?p=2076646","title":{"rendered":"T\u00e2n\u0103r din B\u0103lc\u0103u\u021bi, r\u0103nit dup\u0103 ce a intrat inten\u021bionat cu ma\u0219ina \u00eentr-un \u0219an\u021b dup\u0103 o ceart\u0103 cu p\u0103rin\u021bii"},"content":{"rendered":"<p>[analyse_image type=&#8221;featured&#8221; src=&#8221;https:\/\/www.newsbucovina.ro\/wp-content\/uploads\/2026\/08\/WhatsApp-Image-2026-08-01-at-09.27.22.jpeghttps:\/\/cdn.newsbucovina.ro\/wp-content\/uploads\/2026\/08\/WhatsApp-Image-2026-08-01-at-09.27.22.jpeg&#8221;]<\/p>\n<div class=\"td-post-content tagdiv-type\">\n<div class=\"td-a-rec td-a-rec-id-content_top  tdi_3 td_block_template_1\"><strong>Intr\u0103 acum \u0219i \u00een grupul de <\/p>\n<div class=\"wp-block-button\"><a class=\"wp-block-button__link wp-element-button\" href=\"https:\/\/t.me\/+TH8wcfnp8fw5NWI0\">Telegram News Bucovina<\/a><\/div>\n<p><\/strong><\/div>\n<p class=\"wp-block-paragraph\">Vineri, 31 iulie, \u00een jurul orei 20.20, un t\u00e2n\u0103r de 26 de ani din comuna B\u0103lc\u0103u\u021bi a intrat inten\u021bionat cu autoturismul pe care \u00eel conducea \u00een malul unui \u0219an\u021b, pe strada \u021aahan\u0103ului din satul Costi\u0219a, comuna Fr\u0103t\u0103u\u021bii Vechi.<\/p>\n<figure class=\"wp-block-image size-large\"><a href=\"https:\/\/cdn.newsbucovina.ro\/wp-content\/uploads\/2026\/08\/WhatsApp-Image-2026-08-01-at-09.27.22.jpeg\"><img loading=\"lazy\" decoding=\"async\" width=\"1024\" height=\"637\" src=\"https:\/\/cdn.newsbucovina.ro\/wp-content\/uploads\/2026\/08\/WhatsApp-Image-2026-08-01-at-09.27.22-1024x637.jpeg\" alt class=\"wp-image-445362\"><\/a><\/figure>\n<p class=\"wp-block-paragraph\">Potrivit informa\u021biilor ob\u021binute de poli\u021bi\u0219ti, cu pu\u021bin timp \u00eenainte, \u00een jurul orei 20.00, t\u00e2n\u0103rul avusese o discu\u021bie \u00een contradictoriu cu p\u0103rin\u021bii s\u0103i, \u00een urma c\u0103reia ar fi spus c\u0103 inten\u021bioneaz\u0103 s\u0103 se sinucid\u0103 provoc\u00e2nd un accident rutier. M\u0103tu\u0219a sa a confirmat aceste aspecte.<\/p>\n<p class=\"wp-block-paragraph\">La fa\u021ba locului, poli\u021bi\u0219tii au aplicat formularul de evaluare a riscului, \u00eens\u0103 t\u00e2n\u0103rul a refuzat s\u0103 r\u0103spund\u0103 la \u00eentreb\u0103rile specifice. I s-a \u00eenm\u00e2nat totu\u0219i o cerere privind solicitarea emiterii unui ordin de protec\u021bie din partea Judec\u0103toriei R\u0103d\u0103u\u021bi.<\/p>\n<p class=\"wp-block-paragraph\">\u00cen urma impactului, autoturismul marca Volkswagen a fost avariat, iar conduc\u0103torul a suferit o v\u0103t\u0103mare u\u0219oar\u0103, fiind diagnosticat cu \u201econtuzionat u\u0219or\u201d. Acesta a fost transportat la Spitalul Municipal R\u0103d\u0103u\u021bi pentru \u00eengrijiri medicale.<\/p>\n<p class=\"wp-block-paragraph\">Testele cu etilometrul \u0219i aparatul Drugtest au fost negative. T\u00e2n\u0103rul urmeaz\u0103 s\u0103 fie expertizat din punct de vedere psihologic.<\/p>\n<p class=\"wp-block-paragraph\">Poli\u021bi\u0219tii au deschis dosar de cercetare penal\u0103 pentru s\u0103v\u00e2r\u0219irea infrac\u021biunii de v\u0103t\u0103mare corporal\u0103 din culp\u0103.<\/p>\n<figure class=\"wp-block-embed is-type-video is-provider-youtube wp-block-embed-youtube wp-embed-aspect-16-9 wp-has-aspect-ratio\">\n<div class=\"wp-block-embed__wrapper\">\n<div class=\"youtube-embed\" data-video_id=\"rhlFudBccv8\"><iframe loading=\"lazy\" title=\"400 de bikers + 2 domni de la Poli\u021bie cu BMW-ul... Jandarmii BONUS!! Adrenalin\u0103 la maxim la KILLER\" width=\"696\" height=\"392\" src=\"https:\/\/www.youtube.com\/embed\/rhlFudBccv8?feature=oembed&amp;enablejsapi=1\" frameborder allow=\"accelerometer; autoplay; clipboard-write; encrypted-media; gyroscope; picture-in-picture; web-share\" referrerpolicy=\"strict-origin-when-cross-origin\" allowfullscreen><\/iframe><\/div>\n<\/div>\n<\/figure>\n<div class=\"td-a-rec td-a-rec-id-content_bottom  tdi_4 td_block_template_1\"><strong>Intr\u0103 acum \u0219i \u00een grupul de <\/p>\n<div class=\"wp-block-button\"><a class=\"wp-block-button__link wp-element-button\" href=\"https:\/\/t.me\/+TH8wcfnp8fw5NWI0\">Telegram News Bucovina<\/a><\/div>\n<p><\/strong><\/div>\n<\/div>\n<div class=\"td-post-content tagdiv-type\">\n<div class=\"td-a-rec td-a-rec-id-content_top  tdi_3 td_block_template_1\"><strong>Intr\u0103 acum \u0219i \u00een grupul de <\/p>\n<div class=\"wp-block-button\"><a class=\"wp-block-button__link wp-element-button\" href=\"https:\/\/t.me\/+TH8wcfnp8fw5NWI0\">Telegram News Bucovina<\/a><\/div>\n<p><\/strong><\/div>\n<p class=\"wp-block-paragraph\">Vineri, 31 iulie, \u00een jurul orei 20.20, un t\u00e2n\u0103r de 26 de ani din comuna B\u0103lc\u0103u\u021bi a intrat inten\u021bionat cu autoturismul pe care \u00eel conducea \u00een malul unui \u0219an\u021b, pe strada \u021aahan\u0103ului din satul Costi\u0219a, comuna Fr\u0103t\u0103u\u021bii Vechi.<\/p>\n<figure class=\"wp-block-image size-large\"><a href=\"https:\/\/cdn.newsbucovina.ro\/wp-content\/uploads\/2026\/08\/WhatsApp-Image-2026-08-01-at-09.27.22.jpeg\"><img loading=\"lazy\" decoding=\"async\" width=\"1024\" height=\"637\" src=\"https:\/\/cdn.newsbucovina.ro\/wp-content\/uploads\/2026\/08\/WhatsApp-Image-2026-08-01-at-09.27.22-1024x637.jpeg\" alt class=\"wp-image-445362\"><\/a><\/figure>\n<p class=\"wp-block-paragraph\">Potrivit informa\u021biilor ob\u021binute de poli\u021bi\u0219ti, cu pu\u021bin timp \u00eenainte, \u00een jurul orei 20.00, t\u00e2n\u0103rul avusese o discu\u021bie \u00een contradictoriu cu p\u0103rin\u021bii s\u0103i, \u00een urma c\u0103reia ar fi spus c\u0103 inten\u021bioneaz\u0103 s\u0103 se sinucid\u0103 provoc\u00e2nd un accident rutier. M\u0103tu\u0219a sa a confirmat aceste aspecte.<\/p>\n<p class=\"wp-block-paragraph\">La fa\u021ba locului, poli\u021bi\u0219tii au aplicat formularul de evaluare a riscului, \u00eens\u0103 t\u00e2n\u0103rul a refuzat s\u0103 r\u0103spund\u0103 la \u00eentreb\u0103rile specifice. I s-a \u00eenm\u00e2nat totu\u0219i o cerere privind solicitarea emiterii unui ordin de protec\u021bie din partea Judec\u0103toriei R\u0103d\u0103u\u021bi.<\/p>\n<p class=\"wp-block-paragraph\">\u00cen urma impactului, autoturismul marca Volkswagen a fost avariat, iar conduc\u0103torul a suferit o v\u0103t\u0103mare u\u0219oar\u0103, fiind diagnosticat cu \u201econtuzionat u\u0219or\u201d. Acesta a fost transportat la Spitalul Municipal R\u0103d\u0103u\u021bi pentru \u00eengrijiri medicale.<\/p>\n<p class=\"wp-block-paragraph\">Testele cu etilometrul \u0219i aparatul Drugtest au fost negative. T\u00e2n\u0103rul urmeaz\u0103 s\u0103 fie expertizat din punct de vedere psihologic.<\/p>\n<p class=\"wp-block-paragraph\">Poli\u021bi\u0219tii au deschis dosar de cercetare penal\u0103 pentru s\u0103v\u00e2r\u0219irea infrac\u021biunii de v\u0103t\u0103mare corporal\u0103 din culp\u0103.<\/p>\n<figure class=\"wp-block-embed is-type-video is-provider-youtube wp-block-embed-youtube wp-embed-aspect-16-9 wp-has-aspect-ratio\">\n<div class=\"wp-block-embed__wrapper\">\n<div class=\"youtube-embed\" data-video_id=\"rhlFudBccv8\"><iframe loading=\"lazy\" title=\"400 de bikers + 2 domni de la Poli\u021bie cu BMW-ul... Jandarmii BONUS!! Adrenalin\u0103 la maxim la KILLER\" width=\"696\" height=\"392\" src=\"https:\/\/www.youtube.com\/embed\/rhlFudBccv8?feature=oembed&amp;enablejsapi=1\" frameborder allow=\"accelerometer; autoplay; clipboard-write; encrypted-media; gyroscope; picture-in-picture; web-share\" referrerpolicy=\"strict-origin-when-cross-origin\" allowfullscreen><\/iframe><\/div>\n<\/div>\n<\/figure>\n<div class=\"td-a-rec td-a-rec-id-content_bottom  tdi_4 td_block_template_1\"><strong>Intr\u0103 acum \u0219i \u00een grupul de <\/p>\n<div class=\"wp-block-button\"><a class=\"wp-block-button__link wp-element-button\" href=\"https:\/\/t.me\/+TH8wcfnp8fw5NWI0\">Telegram News Bucovina<\/a><\/div>\n<p><\/strong><\/div>\n<\/div>\n<p>[analyse_source url=&#8221;https:\/\/www.newsbucovina.ro\/social\/445423\/tanar-din-balcauti-ranit-dupa-ce-a-intrat-intentionat-cu-masina-intr-un-sant-dupa-o-cearta-cu-parintii&#8221;]<\/p>\n","protected":false},"excerpt":{"rendered":"<p>[analyse_image type=&#8221;featured&#8221; src=&#8221;https:\/\/www.newsbucovina.ro\/wp-content\/uploads\/2026\/08\/WhatsApp-Image-2026-08-01-at-09.27.22.jpeghttps:\/\/cdn.newsbucovina.ro\/wp-content\/uploads\/2026\/08\/WhatsApp-Image-2026-08-01-at-09.27.22.jpeg&#8221;] Intr\u0103 acum \u0219i \u00een grupul de Telegram News Bucovina Vineri, 31 iulie, \u00een jurul orei 20.20, un t\u00e2n\u0103r de 26 de ani din comuna B\u0103lc\u0103u\u021bi a intrat inten\u021bionat cu autoturismul pe care \u00eel conducea \u00een malul unui \u0219an\u021b, pe strada \u021aahan\u0103ului din satul Costi\u0219a, comuna Fr\u0103t\u0103u\u021bii Vechi. Potrivit informa\u021biilor ob\u021binute de poli\u021bi\u0219ti, [&hellip;]<\/p>\n","protected":false},"author":1,"featured_media":0,"comment_status":"open","ping_status":"","sticky":false,"template":"","format":"standard","meta":{"footnotes":""},"categories":[89],"tags":[226,165],"class_list":["post-2076646","post","type-post","status-publish","format-standard","hentry","category-romania","tag-crawlmanager","tag-newsbucovina-ro"],"_links":{"self":[{"href":"https:\/\/analyse.optim.biz\/index.php?rest_route=\/wp\/v2\/posts\/2076646","targetHints":{"allow":["GET"]}}],"collection":[{"href":"https:\/\/analyse.optim.biz\/index.php?rest_route=\/wp\/v2\/posts"}],"about":[{"href":"https:\/\/analyse.optim.biz\/index.php?rest_route=\/wp\/v2\/types\/post"}],"author":[{"embeddable":true,"href":"https:\/\/analyse.optim.biz\/index.php?rest_route=\/wp\/v2\/users\/1"}],"replies":[{"embeddable":true,"href":"https:\/\/analyse.optim.biz\/index.php?rest_route=%2Fwp%2Fv2%2Fcomments&post=2076646"}],"version-history":[{"count":0,"href":"https:\/\/analyse.optim.biz\/index.php?rest_route=\/wp\/v2\/posts\/2076646\/revisions"}],"wp:attachment":[{"href":"https:\/\/analyse.optim.biz\/index.php?rest_route=%2Fwp%2Fv2%2Fmedia&parent=2076646"}],"wp:term":[{"taxonomy":"category","embeddable":true,"href":"https:\/\/analyse.optim.biz\/index.php?rest_route=%2Fwp%2Fv2%2Fcategories&post=2076646"},{"taxonomy":"post_tag","embeddable":true,"href":"https:\/\/analyse.optim.biz\/index.php?rest_route=%2Fwp%2Fv2%2Ftags&post=2076646"}],"curies":[{"name":"wp","href":"https:\/\/api.w.org\/{rel}","templated":true}]}}