{"id":2076644,"date":"2026-08-04T09:26:31","date_gmt":"2026-08-04T06:26:31","guid":{"rendered":"https:\/\/analyse.optim.biz\/?p=2076644"},"modified":"2026-08-04T09:26:31","modified_gmt":"2026-08-04T06:26:31","slug":"un-radautean-a-baut-cu-socrul-sau-dupa-care-s-a-urcat-la-volan-si-a-intrat-cu-masina-in-doua-autoturisme-parcate-pe-strada-oborului-din-radauti","status":"publish","type":"post","link":"https:\/\/analyse.optim.biz\/?p=2076644","title":{"rendered":"Un r\u0103d\u0103u\u021bean a b\u0103ut cu socrul s\u0103u dup\u0103 care s-a urcat la volan \u0219i a intrat cu ma\u0219ina \u00een dou\u0103 autoturisme parcate pe strada Oborului din R\u0103d\u0103u\u021bi"},"content":{"rendered":"<p>[analyse_image type=&#8221;featured&#8221; src=&#8221;https:\/\/www.newsbucovina.ro\/wp-content\/uploads\/2024\/10\/masina-avarie-auto.jpghttps:\/\/cdn.newsbucovina.ro\/wp-content\/uploads\/2024\/10\/masina-avarie-auto.jpg&#8221;]<\/p>\n<div class=\"td-post-content tagdiv-type\">\n<div class=\"td-a-rec td-a-rec-id-content_top  tdi_3 td_block_template_1\"><strong>Intr\u0103 acum \u0219i \u00een grupul de <\/p>\n<div class=\"wp-block-button\"><a class=\"wp-block-button__link wp-element-button\" href=\"https:\/\/t.me\/+TH8wcfnp8fw5NWI0\">Telegram News Bucovina<\/a><\/div>\n<p><\/strong><\/div>\n<p class=\"wp-block-paragraph\">Luni, 3 august 2026, \u00een jurul orei 18:20, pe strada Oborului din municipiul R\u0103d\u0103u\u021bi s-a produs un accident de circula\u021bie soldat doar cu pagube materiale.<\/p>\n<div class=\"wp-block-image\">\n<figure class=\"aligncenter size-full\"><a href=\"https:\/\/cdn.newsbucovina.ro\/wp-content\/uploads\/2024\/10\/masina-avarie-auto.jpg\"><img loading=\"lazy\" decoding=\"async\" width=\"586\" height=\"391\" src=\"https:\/\/cdn.newsbucovina.ro\/wp-content\/uploads\/2024\/10\/masina-avarie-auto.jpg\" alt class=\"wp-image-396828\"><\/a><\/figure>\n<\/div>\n<p class=\"wp-block-paragraph\">Potrivit poli\u021bi\u0219tilor din cadrul Poli\u021biei Municipiului R\u0103d\u0103u\u021bi \u2013 Compartimentul Rutier, un b\u0103rbat de 41 de ani, domiciliat \u00een R\u0103d\u0103u\u021bi, a declarat c\u0103 a consumat b\u0103uturi alcoolice pe parcursul zilei la socrul s\u0103u dup\u0103 care s-a urcat la volanul unui autoturism Volkswagen \u0219i a condus spre domiciliu.<\/p>\n<p class=\"wp-block-paragraph\">Ajuns pe strada Oborului, acesta nu a observat dou\u0103 autoturisme parcate \u0219i a intrat \u00een coliziune cu ele, provoc\u00e2ndu-le avarii.<\/p>\n<p class=\"wp-block-paragraph\">\u00centruc\u00e2t emana halen\u0103 alcoolic\u0103, b\u0103rbatul a fost testat cu aparatul etilometru, rezultatul fiind de 1,22 mg\/L alcool pur \u00een aerul expirat. Acesta a fost condus la Spitalul Municipal R\u0103d\u0103u\u021bi, unde, cu consim\u021b\u0103m\u00e2ntul s\u0103u, i-au fost recoltate dou\u0103 probe biologice de s\u00e2nge, la interval de o or\u0103, pentru stabilirea alcoolemiei. Poli\u021bi\u0219tii au \u00eentocmit dosar de cercetare penal\u0103 sub aspectul s\u0103v\u00e2r\u0219irii infrac\u021biunii de conducere a unui vehicul sub influen\u021ba alcoolului sau a altor substan\u021be<\/p>\n<div class=\"td-a-rec td-a-rec-id-content_bottom  tdi_4 td_block_template_1\"><strong>Intr\u0103 acum \u0219i \u00een grupul de <\/p>\n<div class=\"wp-block-button\"><a class=\"wp-block-button__link wp-element-button\" href=\"https:\/\/t.me\/+TH8wcfnp8fw5NWI0\">Telegram News Bucovina<\/a><\/div>\n<p><\/strong><\/div>\n<\/div>\n<div class=\"td-post-content tagdiv-type\">\n<div class=\"td-a-rec td-a-rec-id-content_top  tdi_3 td_block_template_1\"><strong>Intr\u0103 acum \u0219i \u00een grupul de <\/p>\n<div class=\"wp-block-button\"><a class=\"wp-block-button__link wp-element-button\" href=\"https:\/\/t.me\/+TH8wcfnp8fw5NWI0\">Telegram News Bucovina<\/a><\/div>\n<p><\/strong><\/div>\n<p class=\"wp-block-paragraph\">Luni, 3 august 2026, \u00een jurul orei 18:20, pe strada Oborului din municipiul R\u0103d\u0103u\u021bi s-a produs un accident de circula\u021bie soldat doar cu pagube materiale.<\/p>\n<div class=\"wp-block-image\">\n<figure class=\"aligncenter size-full\"><a href=\"https:\/\/cdn.newsbucovina.ro\/wp-content\/uploads\/2024\/10\/masina-avarie-auto.jpg\"><img loading=\"lazy\" decoding=\"async\" width=\"586\" height=\"391\" src=\"https:\/\/cdn.newsbucovina.ro\/wp-content\/uploads\/2024\/10\/masina-avarie-auto.jpg\" alt class=\"wp-image-396828\"><\/a><\/figure>\n<\/div>\n<p class=\"wp-block-paragraph\">Potrivit poli\u021bi\u0219tilor din cadrul Poli\u021biei Municipiului R\u0103d\u0103u\u021bi \u2013 Compartimentul Rutier, un b\u0103rbat de 41 de ani, domiciliat \u00een R\u0103d\u0103u\u021bi, a declarat c\u0103 a consumat b\u0103uturi alcoolice pe parcursul zilei la socrul s\u0103u dup\u0103 care s-a urcat la volanul unui autoturism Volkswagen \u0219i a condus spre domiciliu.<\/p>\n<p class=\"wp-block-paragraph\">Ajuns pe strada Oborului, acesta nu a observat dou\u0103 autoturisme parcate \u0219i a intrat \u00een coliziune cu ele, provoc\u00e2ndu-le avarii.<\/p>\n<p class=\"wp-block-paragraph\">\u00centruc\u00e2t emana halen\u0103 alcoolic\u0103, b\u0103rbatul a fost testat cu aparatul etilometru, rezultatul fiind de 1,22 mg\/L alcool pur \u00een aerul expirat. Acesta a fost condus la Spitalul Municipal R\u0103d\u0103u\u021bi, unde, cu consim\u021b\u0103m\u00e2ntul s\u0103u, i-au fost recoltate dou\u0103 probe biologice de s\u00e2nge, la interval de o or\u0103, pentru stabilirea alcoolemiei. Poli\u021bi\u0219tii au \u00eentocmit dosar de cercetare penal\u0103 sub aspectul s\u0103v\u00e2r\u0219irii infrac\u021biunii de conducere a unui vehicul sub influen\u021ba alcoolului sau a altor substan\u021be<\/p>\n<div class=\"td-a-rec td-a-rec-id-content_bottom  tdi_4 td_block_template_1\"><strong>Intr\u0103 acum \u0219i \u00een grupul de <\/p>\n<div class=\"wp-block-button\"><a class=\"wp-block-button__link wp-element-button\" href=\"https:\/\/t.me\/+TH8wcfnp8fw5NWI0\">Telegram News Bucovina<\/a><\/div>\n<p><\/strong><\/div>\n<\/div>\n<p>[analyse_source url=&#8221;https:\/\/www.newsbucovina.ro\/radauti\/445615\/un-radautean-a-baut-cu-socrul-sau-dupa-care-s-a-urcat-la-volan-si-a-intrat-cu-masina-in-doua-autoturisme-parcate-pe-strada-oborului-din-radauti&#8221;]<\/p>\n","protected":false},"excerpt":{"rendered":"<p>[analyse_image type=&#8221;featured&#8221; src=&#8221;https:\/\/www.newsbucovina.ro\/wp-content\/uploads\/2024\/10\/masina-avarie-auto.jpghttps:\/\/cdn.newsbucovina.ro\/wp-content\/uploads\/2024\/10\/masina-avarie-auto.jpg&#8221;] Intr\u0103 acum \u0219i \u00een grupul de Telegram News Bucovina Luni, 3 august 2026, \u00een jurul orei 18:20, pe strada Oborului din municipiul R\u0103d\u0103u\u021bi s-a produs un accident de circula\u021bie soldat doar cu pagube materiale. Potrivit poli\u021bi\u0219tilor din cadrul Poli\u021biei Municipiului R\u0103d\u0103u\u021bi \u2013 Compartimentul Rutier, un b\u0103rbat de 41 de ani, domiciliat \u00een [&hellip;]<\/p>\n","protected":false},"author":1,"featured_media":0,"comment_status":"open","ping_status":"","sticky":false,"template":"","format":"standard","meta":{"footnotes":""},"categories":[89],"tags":[226,165],"class_list":["post-2076644","post","type-post","status-publish","format-standard","hentry","category-romania","tag-crawlmanager","tag-newsbucovina-ro"],"_links":{"self":[{"href":"https:\/\/analyse.optim.biz\/index.php?rest_route=\/wp\/v2\/posts\/2076644","targetHints":{"allow":["GET"]}}],"collection":[{"href":"https:\/\/analyse.optim.biz\/index.php?rest_route=\/wp\/v2\/posts"}],"about":[{"href":"https:\/\/analyse.optim.biz\/index.php?rest_route=\/wp\/v2\/types\/post"}],"author":[{"embeddable":true,"href":"https:\/\/analyse.optim.biz\/index.php?rest_route=\/wp\/v2\/users\/1"}],"replies":[{"embeddable":true,"href":"https:\/\/analyse.optim.biz\/index.php?rest_route=%2Fwp%2Fv2%2Fcomments&post=2076644"}],"version-history":[{"count":0,"href":"https:\/\/analyse.optim.biz\/index.php?rest_route=\/wp\/v2\/posts\/2076644\/revisions"}],"wp:attachment":[{"href":"https:\/\/analyse.optim.biz\/index.php?rest_route=%2Fwp%2Fv2%2Fmedia&parent=2076644"}],"wp:term":[{"taxonomy":"category","embeddable":true,"href":"https:\/\/analyse.optim.biz\/index.php?rest_route=%2Fwp%2Fv2%2Fcategories&post=2076644"},{"taxonomy":"post_tag","embeddable":true,"href":"https:\/\/analyse.optim.biz\/index.php?rest_route=%2Fwp%2Fv2%2Ftags&post=2076644"}],"curies":[{"name":"wp","href":"https:\/\/api.w.org\/{rel}","templated":true}]}}