{"id":2076643,"date":"2026-08-04T08:33:09","date_gmt":"2026-08-04T05:33:09","guid":{"rendered":"https:\/\/analyse.optim.biz\/?p=2076643"},"modified":"2026-08-04T08:33:09","modified_gmt":"2026-08-04T05:33:09","slug":"la-multi-ani-timisoara","status":"publish","type":"post","link":"https:\/\/analyse.optim.biz\/?p=2076643","title":{"rendered":"La mul\u021bi ani, Timi\u0219oara!"},"content":{"rendered":"<p>[analyse_image type=&#8221;featured&#8221; src=&#8221;https:\/\/r3media.ro\/wp-content\/uploads\/2026\/08\/Timisoara-980&#215;581-1-e1785832350356.jpghttps:\/\/r3media.ro\/wp-content\/uploads\/2026\/08\/Timisoara-980&#215;581-1-e1785832350356.jpg&#8221;]<\/p>\n<article id=\"template-id-109\" class=\"post-109 tdb_templates type-tdb_templates status-publish post\">\n<div id=\"tdi_2\" class=\"tdc-zone\">\n<div class=\"tdc_zone tdi_3  wpb_row td-pb-row\">\n<div id=\"tdi_4\" class=\"tdc-row\">\n<div class=\"vc_row tdi_5  wpb_row td-pb-row\">\n<div class=\"vc_column tdi_7  wpb_column vc_column_container tdc-column td-pb-span8\">\n<div class=\"wpb_wrapper\">\n<div class=\"td_block_wrap tdb_breadcrumbs tdi_8 td-pb-border-top td_block_template_1 tdb-breadcrumbs \" data-td-block-uid=\"tdi_8\">\n<div class=\"tdb-block-inner td-fix-index\"><span><a title=\"Vede\u021bi toate articolele \u00een OPINII\" class=\"tdb-entry-crumb\" href=\"https:\/\/r3media.ro\/category\/opinii\/\">OPINII<\/a><\/span><span class=\"tdb-bred-no-url-last\">La mul\u021bi ani, Timi\u0219oara!<\/span><\/div>\n<\/div>\n<div class=\"td_block_wrap tdb_single_categories tdi_9 td-pb-border-top td_block_template_1 \" data-td-block-uid=\"tdi_9\">\n<div class=\"tdb-category td-fix-index\"><a class=\"tdb-entry-category\" href=\"https:\/\/r3media.ro\/category\/opinii\/\">OPINII<\/a><a class=\"tdb-entry-category\" href=\"https:\/\/r3media.ro\/category\/stiri-prim-plan\/\">PRIM PLAN<\/a><a class=\"tdb-entry-category\" href=\"https:\/\/r3media.ro\/category\/stiri\/\">\u0218TIRI<\/a><\/div>\n<\/div>\n<div class=\"td_block_wrap tdb_title tdi_10 tdb-single-title td-pb-border-top td_block_template_1\" data-td-block-uid=\"tdi_10\">\n<div class=\"tdb-block-inner td-fix-index\">\n<h1 class=\"tdb-title-text\">La mul\u021bi ani, Timi\u0219oara!<\/h1>\n<\/div>\n<\/div>\n<div class=\"vc_row_inner tdi_12  vc_row vc_inner wpb_row td-pb-row\">\n<div class=\"vc_column_inner tdi_14  wpb_column vc_column_container tdc-inner-column td-pb-span12\">\n<div class=\"vc_column-inner\">\n<div class=\"wpb_wrapper\">\n<div class=\"td_block_wrap tdb_single_author tdi_15 td-pb-border-top td_block_template_1 tdb-post-meta\" data-td-block-uid=\"tdi_15\">\n<div class=\"tdb-block-inner td-fix-index\">\n<div class=\"tdb-author-name-wrap\"><a class=\"tdb-author-name\" href=\"https:\/\/r3media.ro\/author\/cosmintinta\/\">Cosmin \u021a\u00eent\u0103<\/a><\/div>\n<\/div>\n<\/div>\n<div class=\"td_block_wrap tdb_single_date tdi_16 td-pb-border-top td_block_template_1 tdb-post-meta\" data-td-block-uid=\"tdi_16\">\n<div class=\"tdb-block-inner td-fix-index\"><time class=\"entry-date updated td-module-date\" datetime=\"2026-08-04T11:33:09+03:00\">04\/08\/2026<\/time><\/div>\n<\/div>\n<\/div>\n<\/div>\n<\/div>\n<\/div>\n<div class=\"td_block_wrap tdb_single_featured_image tdi_17 tdb-content-horiz-left td-pb-border-top td_block_template_1\" data-td-block-uid=\"tdi_17\">\n<div class=\"tdb-block-inner td-fix-index\">\n<figure><figcaption class=\"tdb-caption-text\">Sursa foto: Demnitatea<\/figcaption><\/figure>\n<\/div>\n<\/div>\n<div class=\"td_block_wrap tdb_single_content tdi_18 td-pb-border-top td_block_template_1 td-post-content tagdiv-type\" data-td-block-uid=\"tdi_18\">\n<div class=\"tdb-block-inner td-fix-index\">\n<p><strong>S\u0103 \u00ee\u0219i recapete demnitatea. Asta \u00eemi doresc pentru ora\u0219ul meu, de ziua sa. Iar primul pas este \u0219tergerea petei din obraz, \u00eenl\u0103turarea coruptului care, cu dispre\u021b profund fa\u021b\u0103 de noi, i-a fost \u0219i \u00eei este autor.<\/strong><\/p>\n<p>Mul\u021bi \u0219i-au dat seama deja, al\u021bii cu siguran\u021b\u0103 o vor face pe viitor: Timi\u0219oara a traversat \u00een ultimii ani unul dintre cele mai umilitoare episoade din istoria sa. Ora\u0219ul care a \u00eengenuncheat comunismul a fost pus la picioarele neo-comuni\u0219tilor camufla\u021bi, ca \u00eentr-o cinic\u0103 pedeaps\u0103 pentru curajul s\u0103u de odinioar\u0103. Acest episod trebuie s\u0103 ia sf\u00e2r\u0219it!<\/p>\n<p>Va trebui s\u0103 \u00eenv\u0103\u021b\u0103m din povestea asta. S\u0103 \u00eenv\u0103\u021b\u0103m c\u0103 fruntea st\u0103 cu adev\u0103rat sus c\u00e2nd nu e \u021binut\u0103 de b\u0103rbie. C\u0103 europenitatea noastr\u0103 nu are nevoie de validarea nim\u0103nui. C\u0103 \u201eacas\u0103\u201d nu se las\u0103 niciodat\u0103 pe m\u00e2na str\u0103inului, oric\u00e2t te-ar vr\u0103ji cu vorbe, lingu\u0219eli \u0219i promisiuni de \u201emai bine\u201d. Va trebui s\u0103 ne trezim \u0219i s\u0103 \u00eenv\u0103\u021b\u0103m c\u0103 libertatea se pierde \u0219i prin mieroas\u0103 perfidie, \u00een timp ce \u021bi se predic\u0103 eliberarea\u2026<\/p>\n<p>Va trebui s\u0103 ne m\u00e2ndrim din nou cu ceea ce suntem, nu cu ceea ce \u00eencearc\u0103 al\u021bii s\u0103 fac\u0103 din noi! Nu suntem pist\u0103 de \u00eencercare, nu suntem laborator de experimente, nu suntem atelier pentru inginerii sociale. Nu suntem \u201emic-ceva\u201d, suntem noi \u00een\u0219ine! \u0218i nu avem nevoie de zgarda, tutela \u0219i agenda toxic\u0103 a circarilor ambulan\u021bi, indiferent din ce z\u0103ri pretins-str\u0103lucitoare ar veni pe la noi. Treze\u0219te-te, ora\u0219ul meu, \u0219i ridic\u0103-\u021bi din nou fruntea! La mul\u021bi ani, Timi\u0219oara!<\/p>\n<p><em>Articol ap\u0103rut ini\u021bial pe <a href=\"https:\/\/demnitatea.info\/2026\/08\/03\/la-multi-ani-timisoara\/\" target=\"_blank\" rel=\"noopener\">Demnitatea<\/a> \u0219i preluat cu acordul autorului<\/em><\/p>\n<div class=\"crp_related     crp-masonry\">\n<h2>\u00ceN CONTEXT<\/h2>\n<ul>\n<li><a href=\"https:\/\/r3media.ro\/17-decembrie-1989-teleconferinta-lui-nicolae-ceausescu-privind-reprimarea-revoltei-de-la-timisoara-analiza-lovitura-de-stat\/\" class=\"crp_link post-8955\"><span class=\"crp_title\">VIDEO | 17 decembrie 1989: Teleconferin\u021ba lui Nicolae Ceau\u0219escu privind reprimarea revoltei\u2026<\/span><\/a><\/li>\n<li><a href=\"https:\/\/r3media.ro\/romanii-boteaza-copii-nume-exotice-constantin-ion-andreea-eric-mark-emma\/\" class=\"crp_link post-116282\"><span class=\"crp_title\">Rom\u00e2nii \u00ee\u0219i boteaz\u0103 tot mai des copiii cu nume exotice. Constantin, Ion \u0219i Andreea,\u2026<\/span><\/a><\/li>\n<li><a href=\"https:\/\/r3media.ro\/18-decembrie-1989-nicolae-ceausescu-pleaca-in-iran-si-o-lasa-pe-elena-la-conducere-tovarasa-ordona-incinerarea-cadavrelor-victimelor-de-la-timisoara\/\" class=\"crp_link post-9068\"><span class=\"crp_title\">18 decembrie 1989. Nicolae Ceau\u0219escu pleac\u0103 \u00een Iran \u0219i o las\u0103 pe Elena la conducere.\u2026<\/span><\/a><\/li>\n<li><a href=\"https:\/\/r3media.ro\/demisia-fritz\/\" class=\"crp_link post-115154\"><span class=\"crp_title\">Demisia, Fritz!<\/span><\/a><\/li>\n<li><a href=\"https:\/\/r3media.ro\/demisia-dominic-fritz\/\" class=\"crp_link post-118667\"><span class=\"crp_title\">Demisia, Dominic Fritz!<\/span><\/a><\/li>\n<li><a href=\"https:\/\/r3media.ro\/imagini-terifiante-targul-de-pasti-timisoara-2026-statuete-oua-picioare-pui-par-invierea-domnului-tema-crestinism\/\" class=\"crp_link post-115620\"><span class=\"crp_title\">Imagini terifiante la T\u00e2rgul de Pa\u0219ti din Timi\u0219oara | Statuete cu ou\u0103, p\u0103r \u0219i picioare de\u2026<\/span><\/a><\/li>\n<li><a href=\"https:\/\/r3media.ro\/dominic-fritz-pierde-mandat-primar-timisoara-declarat-incompatibil-iccj\/\" class=\"crp_link post-118563\"><span class=\"crp_title\">Dominic Fritz \u00ee\u0219i poate pierde mandatul de primar al Timi\u0219oarei. Surse: Ar urma s\u0103 fie\u2026<\/span><\/a><\/li>\n<li><a href=\"https:\/\/r3media.ro\/pret-chirii-romania-bucuresti-ieftin-scump\/\" class=\"crp_link post-116207\"><span class=\"crp_title\">Pre\u021bul chiriilor din Rom\u00e2nia, pe ora\u0219e: Bucure\u0219tiul NU e cel mai scump ora\u0219 al \u021b\u0103rii. Unde\u2026<\/span><\/a><\/li>\n<\/ul>\n<\/div>\n<\/div>\n<\/div>\n<div class=\"td_block_wrap tdb_single_tags tdi_19 td-pb-border-top td_block_template_1\" data-td-block-uid=\"tdi_19\">\n<div class=\"tdb-block-inner td-fix-index\">\n<ul class=\"tdb-tags\">\n<li><span>SUBIECTE FIERBIN\u021aI<\/span><\/li>\n<li><a href=\"https:\/\/r3media.ro\/tag\/timisoara\/\">timisoara<\/a><\/li>\n<\/ul>\n<\/div>\n<\/div>\n<div class=\"td_block_wrap td_block_9 tdi_20 td_with_ajax_pagination td-pb-border-top td_block_template_1 td-column-2 td_block_padding td_block_bot_line\" data-td-block-uid=\"tdi_20\">\n<div class=\"td-block-title-wrap\">\n<h4 class=\"block-title td-block-title\"><span class=\"td-pulldown-size\">CITE\u0218TE MAI MULT<\/span><\/h4>\n<\/div>\n<div id=\"tdi_20\" class=\"td_block_inner\">\n<div class=\"td-block-row\">\n<div class=\"td-block-span6\">\n<div class=\"td_module_8 td_module_wrap\">\n<div class=\"item-details\">\n<h3 class=\"entry-title td-module-title\"><a href=\"https:\/\/r3media.ro\/tara-europa-norvegia-masini-electrice-inmatriculate-cota-ridicata\/\" rel=\"bookmark\" title=\"\u021aara din Europa unde aproape toate ma\u0219inile \u00eenmatriculate sune electrice. Cota a ajuns la 97,6% \u00een iulie\">\u021aara din Europa unde aproape toate ma\u0219inile \u00eenmatriculate sune electrice. Cota a ajuns la&#8230;<\/a><\/h3>\n<div class=\"td-module-meta-info\"><a href=\"https:\/\/r3media.ro\/category\/featured\/\" class=\"td-post-category\">FEATURED<\/a><span class=\"td-post-author-name\"><a href=\"https:\/\/r3media.ro\/author\/oana\/\">Oana Ivan<\/a><span>&#8211;<\/span><\/span><span class=\"td-post-date\"><time class=\"entry-date updated td-module-date\" datetime=\"2026-08-03T17:01:21+03:00\">03\/08\/2026<\/time><\/span><\/div>\n<\/div>\n<\/div>\n<\/div>\n<div class=\"td-block-span6\">\n<div class=\"td_module_8 td_module_wrap\">\n<div class=\"item-details\">\n<h3 class=\"entry-title td-module-title\"><a href=\"https:\/\/r3media.ro\/puterea-mitologica-instalata-a-romaniei\/\" rel=\"bookmark\" title=\"Puterea mitologic\u0103 instalat\u0103 a Rom\u00e2niei\">Puterea mitologic\u0103 instalat\u0103 a Rom\u00e2niei<\/a><\/h3>\n<div class=\"td-module-meta-info\"><a href=\"https:\/\/r3media.ro\/category\/opinii\/\" class=\"td-post-category\">OPINII<\/a><span class=\"td-post-author-name\"><a href=\"https:\/\/r3media.ro\/author\/tru\/\">TRU (Traian Ungureanu)<\/a><span>&#8211;<\/span><\/span><span class=\"td-post-date\"><time class=\"entry-date updated td-module-date\" datetime=\"2026-08-02T22:08:04+03:00\">02\/08\/2026<\/time><\/span><\/div>\n<\/div>\n<\/div>\n<\/div>\n<\/div>\n<div class=\"td-block-row\">\n<div class=\"td-block-span6\">\n<div class=\"td_module_8 td_module_wrap\">\n<div class=\"item-details\">\n<h3 class=\"entry-title td-module-title\"><a href=\"https:\/\/r3media.ro\/hyundai-recheama-service-masini-electrice-inster-risc-incendiu\/\" rel=\"bookmark\" title=\"Hyundai recheam\u0103 \u00een service zeci de mii de ma\u0219ini electrice din cauza riscului de incendiu\">Hyundai recheam\u0103 \u00een service zeci de mii de ma\u0219ini electrice din cauza riscului de&#8230;<\/a><\/h3>\n<div class=\"td-module-meta-info\"><a href=\"https:\/\/r3media.ro\/category\/actualitate\/\" class=\"td-post-category\">ACTUALITATE<\/a><span class=\"td-post-author-name\"><a href=\"https:\/\/r3media.ro\/author\/oana\/\">Oana Ivan<\/a><span>&#8211;<\/span><\/span><span class=\"td-post-date\"><time class=\"entry-date updated td-module-date\" datetime=\"2026-08-02T08:34:05+03:00\">02\/08\/2026<\/time><\/span><\/div>\n<\/div>\n<\/div>\n<\/div>\n<div class=\"td-block-span6\">\n<div class=\"td_module_8 td_module_wrap\">\n<div class=\"item-details\">\n<h3 class=\"entry-title td-module-title\"><a href=\"https:\/\/r3media.ro\/dragostea-care-transcende-epoci-descult-in-parc-1967\/\" rel=\"bookmark\" title=\"Dragostea care transcende epoci \u2014 Descul\u021b \u00een parc (1967)\">Dragostea care transcende epoci \u2014 Descul\u021b \u00een parc (1967)<\/a><\/h3>\n<div class=\"td-module-meta-info\"><a href=\"https:\/\/r3media.ro\/category\/opinii\/\" class=\"td-post-category\">OPINII<\/a><span class=\"td-post-author-name\"><a href=\"https:\/\/r3media.ro\/author\/costi_balasoiu\/\">Constantin B\u0103l\u0103\u0219oiu<\/a><span>&#8211;<\/span><\/span><span class=\"td-post-date\"><time class=\"entry-date updated td-module-date\" datetime=\"2026-08-01T13:45:14+03:00\">01\/08\/2026<\/time><\/span><\/div>\n<\/div>\n<\/div>\n<\/div>\n<\/div>\n<div class=\"td-block-row\">\n<div class=\"td-block-span6\">\n<div class=\"td_module_8 td_module_wrap\">\n<div class=\"item-details\">\n<h3 class=\"entry-title td-module-title\"><a href=\"https:\/\/r3media.ro\/masina-electrica-foc-turcia-incarcat-vehicul-explozie-pompieri-stingere-incendiu-video\/\" rel=\"bookmark\" title=\"VIDEO | O ma\u0219in\u0103 electric\u0103 a luat foc \u00een timp ce se afla la \u00eenc\u0103rcat. Vehiculul a explodat chiar c\u00e2nd pompierii \u00eencercau s\u0103 sting\u0103 incendiul folosind o p\u0103tur\u0103 ignifug\u0103\">VIDEO | O ma\u0219in\u0103 electric\u0103 a luat foc \u00een timp ce se afla la&#8230;<\/a><\/h3>\n<div class=\"td-module-meta-info\"><a href=\"https:\/\/r3media.ro\/category\/actualitate\/\" class=\"td-post-category\">ACTUALITATE<\/a><span class=\"td-post-author-name\"><a href=\"https:\/\/r3media.ro\/author\/oana\/\">Oana Ivan<\/a><span>&#8211;<\/span><\/span><span class=\"td-post-date\"><time class=\"entry-date updated td-module-date\" datetime=\"2026-07-31T13:33:48+03:00\">31\/07\/2026<\/time><\/span><\/div>\n<\/div>\n<\/div>\n<\/div>\n<div class=\"td-block-span6\">\n<div class=\"td_module_8 td_module_wrap\">\n<div class=\"item-details\">\n<h3 class=\"entry-title td-module-title\"><a href=\"https:\/\/r3media.ro\/spania-asediu-migranti-exclava-ceuta-africa-madrid-trupe-securitate-video\/\" rel=\"bookmark\" title=\"VIDEO | Spania se afl\u0103 sub asediu: Mii de migran\u021bi au luat cu asalt exclava Ceuta din Africa. Madridul a trimis trupe pentru a consolida securitatea\">VIDEO | Spania se afl\u0103 sub asediu: Mii de migran\u021bi au luat cu asalt&#8230;<\/a><\/h3>\n<div class=\"td-module-meta-info\"><a href=\"https:\/\/r3media.ro\/category\/actualitate\/\" class=\"td-post-category\">ACTUALITATE<\/a><span class=\"td-post-author-name\"><a href=\"https:\/\/r3media.ro\/author\/oana\/\">Oana Ivan<\/a><span>&#8211;<\/span><\/span><span class=\"td-post-date\"><time class=\"entry-date updated td-module-date\" datetime=\"2026-07-31T12:39:57+03:00\">31\/07\/2026<\/time><\/span><\/div>\n<\/div>\n<\/div>\n<\/div>\n<\/div>\n<div class=\"td-block-row\">\n<div class=\"td-block-span6\">\n<div class=\"td_module_8 td_module_wrap\">\n<div class=\"item-details\">\n<h3 class=\"entry-title td-module-title\"><a href=\"https:\/\/r3media.ro\/expert-ucraina-faliment-agricultura-romaneasca-tehnologii-ue\/\" rel=\"bookmark\" title=\"Un expert explic\u0103 felul \u00een care concuren\u021ba din Ucraina bag\u0103 \u00een faliment agricultura rom\u00e2neasc\u0103: Folosesc tehnologii interzise \u00een UE\">Un expert explic\u0103 felul \u00een care concuren\u021ba din Ucraina bag\u0103 \u00een faliment agricultura rom\u00e2neasc\u0103:&#8230;<\/a><\/h3>\n<div class=\"td-module-meta-info\"><a href=\"https:\/\/r3media.ro\/category\/actualitate\/\" class=\"td-post-category\">ACTUALITATE<\/a><span class=\"td-post-author-name\"><a href=\"https:\/\/r3media.ro\/author\/radu_ursan\/\">Radu Ursan<\/a><span>&#8211;<\/span><\/span><span class=\"td-post-date\"><time class=\"entry-date updated td-module-date\" datetime=\"2026-07-30T09:51:48+03:00\">30\/07\/2026<\/time><\/span><\/div>\n<\/div>\n<\/div>\n<\/div>\n<div class=\"td-block-span6\">\n<div class=\"td_module_8 td_module_wrap\">\n<div class=\"item-details\">\n<h3 class=\"entry-title td-module-title\"><a href=\"https:\/\/r3media.ro\/cornel-nistorescu-drone-razboi-ucraina\/\" rel=\"bookmark\" title=\"Cornel Nistorescu, dup\u0103 incidentele cu drone: Adie a aer de r\u0103zboi. De mirare c\u0103 dronele ucrainene nu au st\u00e2rnit at\u00e2ta t\u0103r\u0103boi\">Cornel Nistorescu, dup\u0103 incidentele cu drone: Adie a aer de r\u0103zboi. De mirare c\u0103&#8230;<\/a><\/h3>\n<div class=\"td-module-meta-info\"><a href=\"https:\/\/r3media.ro\/category\/actualitate\/\" class=\"td-post-category\">ACTUALITATE<\/a><span class=\"td-post-author-name\"><a href=\"https:\/\/r3media.ro\/author\/radu_ursan\/\">Radu Ursan<\/a><span>&#8211;<\/span><\/span><span class=\"td-post-date\"><time class=\"entry-date updated td-module-date\" datetime=\"2026-07-28T10:21:51+03:00\">28\/07\/2026<\/time><\/span><\/div>\n<\/div>\n<\/div>\n<\/div>\n<\/div>\n<div class=\"td-block-row\">\n<div class=\"td-block-span6\">\n<div class=\"td_module_8 td_module_wrap\">\n<div class=\"item-details\">\n<h3 class=\"entry-title td-module-title\"><a href=\"https:\/\/r3media.ro\/bnr-recomanda-romani-rezerve-de-cash-atacuri-cibernetice-numerar-relevant-criza\/\" rel=\"bookmark\" title=\"BNR le recomand\u0103 rom\u00e2nilor s\u0103 p\u0103streze rezerve de cash: Numerarul se poate dovedi relevant \u00een criz\u0103\">BNR le recomand\u0103 rom\u00e2nilor s\u0103 p\u0103streze rezerve de cash: Numerarul se poate dovedi relevant&#8230;<\/a><\/h3>\n<div class=\"td-module-meta-info\"><a href=\"https:\/\/r3media.ro\/category\/actualitate\/\" class=\"td-post-category\">ACTUALITATE<\/a><span class=\"td-post-author-name\"><a href=\"https:\/\/r3media.ro\/author\/oana\/\">Oana Ivan<\/a><span>&#8211;<\/span><\/span><span class=\"td-post-date\"><time class=\"entry-date updated td-module-date\" datetime=\"2026-07-27T13:11:47+03:00\">27\/07\/2026<\/time><\/span><\/div>\n<\/div>\n<\/div>\n<\/div>\n<div class=\"td-block-span6\">\n<div class=\"td_module_8 td_module_wrap\">\n<div class=\"item-details\">\n<h3 class=\"entry-title td-module-title\"><a href=\"https:\/\/r3media.ro\/statul-roman-a-semnat-actul-propriei-disparitii\/\" rel=\"bookmark\" title=\"Statul rom\u00e2n a semnat actul propriei dispari\u021bii?\">Statul rom\u00e2n a semnat actul propriei dispari\u021bii?<\/a><\/h3>\n<div class=\"td-module-meta-info\"><a href=\"https:\/\/r3media.ro\/category\/opinii\/\" class=\"td-post-category\">OPINII<\/a><span class=\"td-post-author-name\"><a href=\"https:\/\/r3media.ro\/author\/gabipopa\/\">Gabriel Popa<\/a><span>&#8211;<\/span><\/span><span class=\"td-post-date\"><time class=\"entry-date updated td-module-date\" datetime=\"2026-07-27T15:07:05+03:00\">27\/07\/2026<\/time><\/span><\/div>\n<\/div>\n<\/div>\n<\/div>\n<\/div>\n<div class=\"td-block-row\">\n<div class=\"td-block-span6\">\n<div class=\"td_module_8 td_module_wrap\">\n<div class=\"item-details\">\n<h3 class=\"entry-title td-module-title\"><a href=\"https:\/\/r3media.ro\/prima-oara-istorie-presedintia-document-primplan-patriotism-european\/\" rel=\"bookmark\" title=\"Pentru prima oar\u0103 \u00een istorie, Pre\u0219edin\u021bia Rom\u00e2niei emite un document care pune pe primul plan o alt\u0103 entitate dec\u00e2t \u021bara noastr\u0103: patriotismul european\">Pentru prima oar\u0103 \u00een istorie, Pre\u0219edin\u021bia Rom\u00e2niei emite un document care pune pe primul&#8230;<\/a><\/h3>\n<div class=\"td-module-meta-info\"><a href=\"https:\/\/r3media.ro\/category\/actualitate\/\" class=\"td-post-category\">ACTUALITATE<\/a><span class=\"td-post-author-name\"><a href=\"https:\/\/r3media.ro\/author\/teodor_stan\/\">Teodor Stan<\/a><span>&#8211;<\/span><\/span><span class=\"td-post-date\"><time class=\"entry-date updated td-module-date\" datetime=\"2026-07-26T11:44:31+03:00\">26\/07\/2026<\/time><\/span><\/div>\n<\/div>\n<\/div>\n<\/div>\n<div class=\"td-block-span6\">\n<div class=\"td_module_8 td_module_wrap\">\n<div class=\"item-details\">\n<h3 class=\"entry-title td-module-title\"><a href=\"https:\/\/r3media.ro\/film-nou-stapanul-inelelor-corect-politic-regizor-andy-serkis-diversitate-tolkien-mitologie-nordica\/\" rel=\"bookmark\" title=\"Noul film \u201eSt\u0103p\u00e2nul Inelelor\u201d nu va fi corect politic. Regizorul Andy Serkis: J.R.R. Tolkien a fost influen\u021bat de mitologia nordic\u0103. Nu vrem o distribu\u021bie de dragul de a bifa c\u0103su\u021be\">Noul film \u201eSt\u0103p\u00e2nul Inelelor\u201d nu va fi corect politic. Regizorul Andy Serkis: J.R.R. Tolkien&#8230;<\/a><\/h3>\n<div class=\"td-module-meta-info\"><a href=\"https:\/\/r3media.ro\/category\/actualitate\/\" class=\"td-post-category\">ACTUALITATE<\/a><span class=\"td-post-author-name\"><a href=\"https:\/\/r3media.ro\/author\/oana\/\">Oana Ivan<\/a><span>&#8211;<\/span><\/span><span class=\"td-post-date\"><time class=\"entry-date updated td-module-date\" datetime=\"2026-07-26T15:49:31+03:00\">26\/07\/2026<\/time><\/span><\/div>\n<\/div>\n<\/div>\n<\/div>\n<\/div>\n<\/div>\n<div class=\"td-load-more-wrap td-load-more-infinite-wrap\" id=\"infinite-lm-tdi_20\"><a href=\"https:\/\/r3media.ro\/la-multi-ani-timisoara\/\" class=\"td_ajax_load_more td_ajax_load_more_js\" aria-label=\"\u00cenc\u0103rca\u021bi mai multe\" id=\"next-page-tdi_20\" data-td_block_id=\"tdi_20\">\u00cenc\u0103rca\u021bi mai multe<\/a><\/div>\n<\/div>\n<div class=\"td_block_wrap tdb_single_comments tdi_21 tdb-comm-layout2 td-pb-border-top td_block_template_1\" data-td-block-uid=\"tdi_21\">\n<div class=\"tdb-block-inner td-fix-index\">\n<div class=\"comments\" id=\"comments\">\n<div id=\"respond\" class=\"comment-respond\">\n<h3 id=\"reply-title\" class=\"comment-reply-title\">AI CEVA DE SPUS? <small><a rel=\"nofollow\" id=\"cancel-comment-reply-link\" href=\"https:\/\/r3media.ro\/la-multi-ani-timisoara\/#respond\">Renun\u021ba\u021bi la r\u0103spuns<\/a><\/small><\/h3>\n<div class=\"comment-form-input-wrap td-form-comment\">\n<div class=\"td-warning-comment\">V\u0103 rug\u0103m s\u0103 introduce\u021bi comentariul dvs.!<\/div>\n<\/div>\n<div class=\"comment-form-input-wrap td-form-author\">\n<div class=\"td-warning-author\">Introduce\u021bi aici numele dvs.<\/div>\n<\/div>\n<div class=\"comment-form-input-wrap td-form-email\">\n<div class=\"td-warning-email-error\">A\u021bi introdus o adres\u0103 de e-mail incorect\u0103!<\/div>\n<div class=\"td-warning-email\">V\u0103 rug\u0103m s\u0103 introduce\u021bi adresa dvs. de e-mail aici<\/div>\n<\/div>\n<\/div>\n<\/div>\n<\/div>\n<\/div>\n<\/div>\n<\/div>\n<div class=\"vc_column tdi_23  wpb_column vc_column_container tdc-column td-pb-span4 td-is-sticky\">\n<div class=\"wpb_wrapper\" data-sticky-enabled-on=\"W3RydWUsdHJ1ZSx0cnVlLHRydWVd\" data-sticky-offset=\"20\" data-sticky-is-width-auto=\"W2ZhbHNlLGZhbHNlLGZhbHNlLGZhbHNlXQ==\">\n<div class=\"wpb_wrapper td_block_wrap vc_widget_sidebar tdi_25 \">\n<div class=\"td_block_wrap td_block_7 td_block_widget tdi_26 td-pb-border-top td_block_template_1 td-column-1 td_block_padding\" data-td-block-uid=\"tdi_26\">\n<div class=\"td-block-title-wrap\">\n<h4 class=\"block-title td-block-title\"><span class=\"td-pulldown-size\">Articole RELA\u021aIONATE<\/span><\/h4>\n<\/div>\n<div id=\"tdi_26\" class=\"td_block_inner\">\n<div class=\"td-block-span12\">\n<div class=\"td_module_6 td_module_wrap td-animation-stack\">\n<div class=\"td-module-thumb\"><a href=\"https:\/\/r3media.ro\/control-modele-inteligenta-artificiala-auto-programeaza-imbunatatesc-pe-cont-propriu\/\" rel=\"bookmark\" class=\"td-image-wrap \" title=\"Vom mai putea controla modelele de Inteligen\u021b\u0103 Artificial\u0103 care se auto-programeaz\u0103 \u015fi se \u00eembun\u0103t\u0103\u0163esc pe cont propriu?\"><img loading=\"lazy\" decoding=\"async\" class=\"entry-thumb\" src=\"https:\/\/r3media.ro\/wp-content\/uploads\/2023\/10\/AI-inteligenta-artificiala-1536x866-1-100x70.webp\" alt title=\"Vom mai putea controla modelele de Inteligen\u021b\u0103 Artificial\u0103 care se auto-programeaz\u0103 \u015fi se \u00eembun\u0103t\u0103\u0163esc pe cont propriu?\" width=\"100\" height=\"70\"><\/a><\/div>\n<div class=\"item-details\">\n<h3 class=\"entry-title td-module-title\"><a href=\"https:\/\/r3media.ro\/control-modele-inteligenta-artificiala-auto-programeaza-imbunatatesc-pe-cont-propriu\/\" rel=\"bookmark\" title=\"Vom mai putea controla modelele de Inteligen\u021b\u0103 Artificial\u0103 care se auto-programeaz\u0103 \u015fi se \u00eembun\u0103t\u0103\u0163esc pe cont propriu?\">Vom mai putea controla modelele de Inteligen\u021b\u0103 Artificial\u0103 care se auto-programeaz\u0103&#8230;<\/a><\/h3>\n<div class=\"td-module-meta-info\"><span class=\"td-post-date\"><time class=\"entry-date updated td-module-date\" datetime=\"2026-08-04T11:27:10+03:00\">04\/08\/2026<\/time><\/span><\/div>\n<\/div>\n<\/div>\n<\/div>\n<div class=\"td-block-span12\">\n<div class=\"td_module_6 td_module_wrap td-animation-stack\">\n<div class=\"td-module-thumb\"><a href=\"https:\/\/r3media.ro\/ministrul-interimar-aparare-partenerii-ucraineni-drone-constanta\/\" rel=\"bookmark\" class=\"td-image-wrap \" title=\"Ministrul interimar al Ap\u0103r\u0103rii: Cu tot respectul pentru partenerii ucrainieni, cu care avem o rela\u0163ie bun\u0103, astfel de drone n-au ce c\u0103uta la Constan\u021ba\"><img loading=\"lazy\" decoding=\"async\" class=\"entry-thumb\" src=\"https:\/\/r3media.ro\/wp-content\/uploads\/2026\/06\/explozie-drona-marina-constanta-100x70.png\" alt title=\"Ministrul interimar al Ap\u0103r\u0103rii: Cu tot respectul pentru partenerii ucrainieni, cu care avem o rela\u0163ie bun\u0103, astfel de drone n-au ce c\u0103uta la Constan\u021ba\" width=\"100\" height=\"70\"><\/a><\/div>\n<div class=\"item-details\">\n<h3 class=\"entry-title td-module-title\"><a href=\"https:\/\/r3media.ro\/ministrul-interimar-aparare-partenerii-ucraineni-drone-constanta\/\" rel=\"bookmark\" title=\"Ministrul interimar al Ap\u0103r\u0103rii: Cu tot respectul pentru partenerii ucrainieni, cu care avem o rela\u0163ie bun\u0103, astfel de drone n-au ce c\u0103uta la Constan\u021ba\">Ministrul interimar al Ap\u0103r\u0103rii: Cu tot respectul pentru partenerii ucrainieni, cu&#8230;<\/a><\/h3>\n<div class=\"td-module-meta-info\"><span class=\"td-post-date\"><time class=\"entry-date updated td-module-date\" datetime=\"2026-08-04T08:49:29+03:00\">04\/08\/2026<\/time><\/span><\/div>\n<\/div>\n<\/div>\n<\/div>\n<div class=\"td-block-span12\">\n<div class=\"td_module_6 td_module_wrap td-animation-stack\">\n<div class=\"td-module-thumb\"><a href=\"https:\/\/r3media.ro\/4-august-1919-armata-romana-budapesta\/\" rel=\"bookmark\" class=\"td-image-wrap \" title=\"Calendarul zilei: 4 august 1919, cucerirea Budapestei de c\u0103tre Armata Rom\u00e2n\u0103\"><img loading=\"lazy\" decoding=\"async\" class=\"entry-thumb\" src=\"https:\/\/r3media.ro\/wp-content\/uploads\/2021\/08\/armata-romana-in-budapesta-6-100x70.jpg\" alt title=\"Calendarul zilei: 4 august 1919, cucerirea Budapestei de c\u0103tre Armata Rom\u00e2n\u0103\" width=\"100\" height=\"70\"><\/a><\/div>\n<div class=\"item-details\">\n<h3 class=\"entry-title td-module-title\"><a href=\"https:\/\/r3media.ro\/4-august-1919-armata-romana-budapesta\/\" rel=\"bookmark\" title=\"Calendarul zilei: 4 august 1919, cucerirea Budapestei de c\u0103tre Armata Rom\u00e2n\u0103\">Calendarul zilei: 4 august 1919, cucerirea Budapestei de c\u0103tre Armata Rom\u00e2n\u0103<\/a><\/h3>\n<div class=\"td-module-meta-info\"><span class=\"td-post-date\"><time class=\"entry-date updated td-module-date\" datetime=\"2026-08-03T23:40:09+03:00\">03\/08\/2026<\/time><\/span><\/div>\n<\/div>\n<\/div>\n<\/div>\n<div class=\"td-block-span12\">\n<div class=\"td_module_6 td_module_wrap td-animation-stack\">\n<div class=\"td-module-thumb\"><a href=\"https:\/\/r3media.ro\/4-august-cei-sapte-tineri-din-efes\/\" rel=\"bookmark\" class=\"td-image-wrap \" title=\"Calendarul zilei 4 august: Cei \u0219apte tineri din Efes\"><img loading=\"lazy\" decoding=\"async\" class=\"entry-thumb\" src=\"https:\/\/r3media.ro\/wp-content\/uploads\/2022\/08\/cei-7-tineri-efes-100x70.jpg\" alt title=\"Calendarul zilei 4 august: Cei \u0219apte tineri din Efes\" width=\"100\" height=\"70\"><\/a><\/div>\n<div class=\"item-details\">\n<h3 class=\"entry-title td-module-title\"><a href=\"https:\/\/r3media.ro\/4-august-cei-sapte-tineri-din-efes\/\" rel=\"bookmark\" title=\"Calendarul zilei 4 august: Cei \u0219apte tineri din Efes\">Calendarul zilei 4 august: Cei \u0219apte tineri din Efes<\/a><\/h3>\n<div class=\"td-module-meta-info\"><span class=\"td-post-date\"><time class=\"entry-date updated td-module-date\" datetime=\"2026-08-03T22:40:19+03:00\">03\/08\/2026<\/time><\/span><\/div>\n<\/div>\n<\/div>\n<\/div>\n<div class=\"td-block-span12\">\n<div class=\"td_module_6 td_module_wrap td-animation-stack\">\n<div class=\"td-module-thumb\"><a href=\"https:\/\/r3media.ro\/cand-incepe-scoala-in-2026-structura-an-nou-scolar\/\" rel=\"bookmark\" class=\"td-image-wrap \" title=\"C\u00e2nd \u00eencepe \u0219coala \u00een 2026: Structura noului an \u0219colar, vacan\u021bele \u0219i zilele libere\"><img loading=\"lazy\" decoding=\"async\" class=\"entry-thumb\" src=\"https:\/\/r3media.ro\/wp-content\/uploads\/2021\/08\/elevi-scoala-sondaj-100x70.jpg\" alt title=\"C\u00e2nd \u00eencepe \u0219coala \u00een 2026: Structura noului an \u0219colar, vacan\u021bele \u0219i zilele libere\" width=\"100\" height=\"70\"><\/a><\/div>\n<div class=\"item-details\">\n<h3 class=\"entry-title td-module-title\"><a href=\"https:\/\/r3media.ro\/cand-incepe-scoala-in-2026-structura-an-nou-scolar\/\" rel=\"bookmark\" title=\"C\u00e2nd \u00eencepe \u0219coala \u00een 2026: Structura noului an \u0219colar, vacan\u021bele \u0219i zilele libere\">C\u00e2nd \u00eencepe \u0219coala \u00een 2026: Structura noului an \u0219colar, vacan\u021bele \u0219i&#8230;<\/a><\/h3>\n<div class=\"td-module-meta-info\"><span class=\"td-post-date\"><time class=\"entry-date updated td-module-date\" datetime=\"2026-08-03T22:23:20+03:00\">03\/08\/2026<\/time><\/span><\/div>\n<\/div>\n<\/div>\n<\/div>\n<div class=\"td-block-span12\">\n<div class=\"td_module_6 td_module_wrap td-animation-stack\">\n<div class=\"td-module-thumb\"><a href=\"https:\/\/r3media.ro\/ministr-securitate-energetica-marea-britanie-subventii-net-zero-umfla-facturi-cetateni-energie\/\" rel=\"bookmark\" class=\"td-image-wrap \" title=\"Ministrul Securit\u0103\u021bii Energetice din Marea Britanie neag\u0103 faptul c\u0103 subven\u021biile Net Zero umfl\u0103 facturile cet\u0103\u021benilor la energie\"><img loading=\"lazy\" decoding=\"async\" class=\"entry-thumb\" src=\"https:\/\/r3media.ro\/wp-content\/uploads\/2026\/08\/stalpi-de-inalta-tensiune-100x70.jpg\" alt title=\"Ministrul Securit\u0103\u021bii Energetice din Marea Britanie neag\u0103 faptul c\u0103 subven\u021biile Net Zero umfl\u0103 facturile cet\u0103\u021benilor la energie\" width=\"100\" height=\"70\"><\/a><\/div>\n<div class=\"item-details\">\n<h3 class=\"entry-title td-module-title\"><a href=\"https:\/\/r3media.ro\/ministr-securitate-energetica-marea-britanie-subventii-net-zero-umfla-facturi-cetateni-energie\/\" rel=\"bookmark\" title=\"Ministrul Securit\u0103\u021bii Energetice din Marea Britanie neag\u0103 faptul c\u0103 subven\u021biile Net Zero umfl\u0103 facturile cet\u0103\u021benilor la energie\">Ministrul Securit\u0103\u021bii Energetice din Marea Britanie neag\u0103 faptul c\u0103 subven\u021biile Net&#8230;<\/a><\/h3>\n<div class=\"td-module-meta-info\"><span class=\"td-post-date\"><time class=\"entry-date updated td-module-date\" datetime=\"2026-08-03T17:19:39+03:00\">03\/08\/2026<\/time><\/span><\/div>\n<\/div>\n<\/div>\n<\/div>\n<div class=\"td-block-span12\">\n<div class=\"td_module_6 td_module_wrap td-animation-stack\">\n<div class=\"td-module-thumb\"><a href=\"https:\/\/r3media.ro\/tara-europa-norvegia-masini-electrice-inmatriculate-cota-ridicata\/\" rel=\"bookmark\" class=\"td-image-wrap \" title=\"\u021aara din Europa unde aproape toate ma\u0219inile \u00eenmatriculate sune electrice. Cota a ajuns la 97,6% \u00een iulie\"><img loading=\"lazy\" decoding=\"async\" class=\"entry-thumb\" src=\"https:\/\/r3media.ro\/wp-content\/uploads\/2026\/08\/masini-electrice-pe-strada-in-norvegia-100x70.jpg\" alt title=\"\u021aara din Europa unde aproape toate ma\u0219inile \u00eenmatriculate sune electrice. Cota a ajuns la 97,6% \u00een iulie\" width=\"100\" height=\"70\"><\/a><\/div>\n<div class=\"item-details\">\n<h3 class=\"entry-title td-module-title\"><a href=\"https:\/\/r3media.ro\/tara-europa-norvegia-masini-electrice-inmatriculate-cota-ridicata\/\" rel=\"bookmark\" title=\"\u021aara din Europa unde aproape toate ma\u0219inile \u00eenmatriculate sune electrice. Cota a ajuns la 97,6% \u00een iulie\">\u021aara din Europa unde aproape toate ma\u0219inile \u00eenmatriculate sune electrice. Cota&#8230;<\/a><\/h3>\n<div class=\"td-module-meta-info\"><span class=\"td-post-date\"><time class=\"entry-date updated td-module-date\" datetime=\"2026-08-03T17:01:21+03:00\">03\/08\/2026<\/time><\/span><\/div>\n<\/div>\n<\/div>\n<\/div>\n<\/div>\n<\/div>\n<aside class=\"td_block_template_1 widget widget_recent_comments\">\n<h4 class=\"block-title\"><span>INTR\u0102 \u00ceN DISCU\u021aIE!<\/span><\/h4>\n<ul id=\"recentcomments\">\n<li class=\"recentcomments\"><span class=\"comment-author-link\">Nicu<\/span> la <a href=\"https:\/\/r3media.ro\/ministr-securitate-energetica-marea-britanie-subventii-net-zero-umfla-facturi-cetateni-energie\/#comment-40348\">Ministrul Securit\u0103\u021bii Energetice din Marea Britanie neag\u0103 faptul c\u0103 subven\u021biile Net Zero umfl\u0103 facturile cet\u0103\u021benilor la energie<\/a><\/li>\n<li class=\"recentcomments\"><span class=\"comment-author-link\">Nicu<\/span> la <a href=\"https:\/\/r3media.ro\/sursa-crizei-energetice-radu-miruta-romania-capacitati-carbune-seceta\/#comment-40347\">Sursa crizei energetice. Ministrul Radu Miru\u021b\u0103: Rom\u00e2nia a \u00eenchis capacit\u0103\u021bi de produc\u021bie pe carbune f\u0103r\u0103 s\u0103 pun\u0103 nimic \u00een loc. Nu te po\u021bi ascunde \u00een spatele secetei<\/a><\/li>\n<li class=\"recentcomments\"><span class=\"comment-author-link\">Gavril\u0103 Moldovan<\/span> la <a href=\"https:\/\/r3media.ro\/prima-oara-istorie-presedintia-document-primplan-patriotism-european\/#comment-40346\">Pentru prima oar\u0103 \u00een istorie, Pre\u0219edin\u021bia Rom\u00e2niei emite un document care pune pe primul plan o alt\u0103 entitate dec\u00e2t \u021bara noastr\u0103: patriotismul european<\/a><\/li>\n<li class=\"recentcomments\"><span class=\"comment-author-link\">Redac\u021bia<\/span> la <a href=\"https:\/\/r3media.ro\/statul-roman-a-semnat-actul-propriei-disparitii\/#comment-40345\">Statul rom\u00e2n a semnat actul propriei dispari\u021bii?<\/a><\/li>\n<li class=\"recentcomments\"><span class=\"comment-author-link\">Cet\u0103\u021bean<\/span> la <a href=\"https:\/\/r3media.ro\/sursa-crizei-energetice-radu-miruta-romania-capacitati-carbune-seceta\/#comment-40344\">Sursa crizei energetice. Ministrul Radu Miru\u021b\u0103: Rom\u00e2nia a \u00eenchis capacit\u0103\u021bi de produc\u021bie pe carbune f\u0103r\u0103 s\u0103 pun\u0103 nimic \u00een loc. Nu te po\u021bi ascunde \u00een spatele secetei<\/a><\/li>\n<li class=\"recentcomments\"><span class=\"comment-author-link\"><a href=\"https:\/\/r3media.ro\/statul-roman-a-semnat-actul-propriei-disparitii\/\" class=\"url\" rel=\"ugc\">Stalin<\/a><\/span> la <a href=\"https:\/\/r3media.ro\/statul-roman-a-semnat-actul-propriei-disparitii\/#comment-40343\">Statul rom\u00e2n a semnat actul propriei dispari\u021bii?<\/a><\/li>\n<li class=\"recentcomments\"><span class=\"comment-author-link\">B<\/span> la <a href=\"https:\/\/r3media.ro\/dragostea-care-transcende-epoci-descult-in-parc-1967\/#comment-40342\">Dragostea care transcende epoci \u2014 Descul\u021b \u00een parc (1967)<\/a><\/li>\n<\/ul>\n<\/aside>\n<aside class=\"td_block_template_1 widget widget_search\">\n<h4 class=\"block-title\"><span>CAUT\u0102 \u0218I VEI G\u0102SI<\/span><\/h4>\n<\/aside>\n<\/div>\n<\/div>\n<\/div>\n<\/div>\n<\/div>\n<\/div>\n<\/div>\n<p><span class=\"td-page-meta\"><\/span><span class=\"td-page-meta\"><span class=\"td-page-meta\"><\/span><\/span><span class=\"td-page-meta\"><\/span><\/article>\n<\/p>\n<div class=\"td_block_wrap tdb_single_content tdi_18 td-pb-border-top td_block_template_1 td-post-content tagdiv-type\" data-td-block-uid=\"tdi_18\">\n<div class=\"tdb-block-inner td-fix-index\">\n<p><strong>S\u0103 \u00ee\u0219i recapete demnitatea. Asta \u00eemi doresc pentru ora\u0219ul meu, de ziua sa. Iar primul pas este \u0219tergerea petei din obraz, \u00eenl\u0103turarea coruptului care, cu dispre\u021b profund fa\u021b\u0103 de noi, i-a fost \u0219i \u00eei este autor.<\/strong><\/p>\n<p>Mul\u021bi \u0219i-au dat seama deja, al\u021bii cu siguran\u021b\u0103 o vor face pe viitor: Timi\u0219oara a traversat \u00een ultimii ani unul dintre cele mai umilitoare episoade din istoria sa. Ora\u0219ul care a \u00eengenuncheat comunismul a fost pus la picioarele neo-comuni\u0219tilor camufla\u021bi, ca \u00eentr-o cinic\u0103 pedeaps\u0103 pentru curajul s\u0103u de odinioar\u0103. Acest episod trebuie s\u0103 ia sf\u00e2r\u0219it!<\/p>\n<p>Va trebui s\u0103 \u00eenv\u0103\u021b\u0103m din povestea asta. S\u0103 \u00eenv\u0103\u021b\u0103m c\u0103 fruntea st\u0103 cu adev\u0103rat sus c\u00e2nd nu e \u021binut\u0103 de b\u0103rbie. C\u0103 europenitatea noastr\u0103 nu are nevoie de validarea nim\u0103nui. C\u0103 \u201eacas\u0103\u201d nu se las\u0103 niciodat\u0103 pe m\u00e2na str\u0103inului, oric\u00e2t te-ar vr\u0103ji cu vorbe, lingu\u0219eli \u0219i promisiuni de \u201emai bine\u201d. Va trebui s\u0103 ne trezim \u0219i s\u0103 \u00eenv\u0103\u021b\u0103m c\u0103 libertatea se pierde \u0219i prin mieroas\u0103 perfidie, \u00een timp ce \u021bi se predic\u0103 eliberarea\u2026<\/p>\n<p>Va trebui s\u0103 ne m\u00e2ndrim din nou cu ceea ce suntem, nu cu ceea ce \u00eencearc\u0103 al\u021bii s\u0103 fac\u0103 din noi! Nu suntem pist\u0103 de \u00eencercare, nu suntem laborator de experimente, nu suntem atelier pentru inginerii sociale. Nu suntem \u201emic-ceva\u201d, suntem noi \u00een\u0219ine! \u0218i nu avem nevoie de zgarda, tutela \u0219i agenda toxic\u0103 a circarilor ambulan\u021bi, indiferent din ce z\u0103ri pretins-str\u0103lucitoare ar veni pe la noi. Treze\u0219te-te, ora\u0219ul meu, \u0219i ridic\u0103-\u021bi din nou fruntea! La mul\u021bi ani, Timi\u0219oara!<\/p>\n<p><em>Articol ap\u0103rut ini\u021bial pe <a href=\"https:\/\/demnitatea.info\/2026\/08\/03\/la-multi-ani-timisoara\/\" target=\"_blank\" rel=\"noopener\">Demnitatea<\/a> \u0219i preluat cu acordul autorului<\/em><\/p>\n<div class=\"crp_related     crp-masonry\">\n<h2>\u00ceN CONTEXT<\/h2>\n<ul>\n<li><a href=\"https:\/\/r3media.ro\/17-decembrie-1989-teleconferinta-lui-nicolae-ceausescu-privind-reprimarea-revoltei-de-la-timisoara-analiza-lovitura-de-stat\/\" class=\"crp_link post-8955\"><span class=\"crp_title\">VIDEO | 17 decembrie 1989: Teleconferin\u021ba lui Nicolae Ceau\u0219escu privind reprimarea revoltei\u2026<\/span><\/a><\/li>\n<li><a href=\"https:\/\/r3media.ro\/romanii-boteaza-copii-nume-exotice-constantin-ion-andreea-eric-mark-emma\/\" class=\"crp_link post-116282\"><span class=\"crp_title\">Rom\u00e2nii \u00ee\u0219i boteaz\u0103 tot mai des copiii cu nume exotice. Constantin, Ion \u0219i Andreea,\u2026<\/span><\/a><\/li>\n<li><a href=\"https:\/\/r3media.ro\/18-decembrie-1989-nicolae-ceausescu-pleaca-in-iran-si-o-lasa-pe-elena-la-conducere-tovarasa-ordona-incinerarea-cadavrelor-victimelor-de-la-timisoara\/\" class=\"crp_link post-9068\"><span class=\"crp_title\">18 decembrie 1989. Nicolae Ceau\u0219escu pleac\u0103 \u00een Iran \u0219i o las\u0103 pe Elena la conducere.\u2026<\/span><\/a><\/li>\n<li><a href=\"https:\/\/r3media.ro\/demisia-fritz\/\" class=\"crp_link post-115154\"><span class=\"crp_title\">Demisia, Fritz!<\/span><\/a><\/li>\n<li><a href=\"https:\/\/r3media.ro\/demisia-dominic-fritz\/\" class=\"crp_link post-118667\"><span class=\"crp_title\">Demisia, Dominic Fritz!<\/span><\/a><\/li>\n<li><a href=\"https:\/\/r3media.ro\/imagini-terifiante-targul-de-pasti-timisoara-2026-statuete-oua-picioare-pui-par-invierea-domnului-tema-crestinism\/\" class=\"crp_link post-115620\"><span class=\"crp_title\">Imagini terifiante la T\u00e2rgul de Pa\u0219ti din Timi\u0219oara | Statuete cu ou\u0103, p\u0103r \u0219i picioare de\u2026<\/span><\/a><\/li>\n<li><a href=\"https:\/\/r3media.ro\/dominic-fritz-pierde-mandat-primar-timisoara-declarat-incompatibil-iccj\/\" class=\"crp_link post-118563\"><span class=\"crp_title\">Dominic Fritz \u00ee\u0219i poate pierde mandatul de primar al Timi\u0219oarei. Surse: Ar urma s\u0103 fie\u2026<\/span><\/a><\/li>\n<li><a href=\"https:\/\/r3media.ro\/pret-chirii-romania-bucuresti-ieftin-scump\/\" class=\"crp_link post-116207\"><span class=\"crp_title\">Pre\u021bul chiriilor din Rom\u00e2nia, pe ora\u0219e: Bucure\u0219tiul NU e cel mai scump ora\u0219 al \u021b\u0103rii. Unde\u2026<\/span><\/a><\/li>\n<\/ul>\n<\/div>\n<\/div>\n<\/div>\n<p>[analyse_source url=&#8221;https:\/\/r3media.ro\/la-multi-ani-timisoara\/&#8221;]<\/p>\n","protected":false},"excerpt":{"rendered":"<p>[analyse_image type=&#8221;featured&#8221; src=&#8221;https:\/\/r3media.ro\/wp-content\/uploads\/2026\/08\/Timisoara-980&#215;581-1-e1785832350356.jpghttps:\/\/r3media.ro\/wp-content\/uploads\/2026\/08\/Timisoara-980&#215;581-1-e1785832350356.jpg&#8221;] OPINIILa mul\u021bi ani, Timi\u0219oara! OPINIIPRIM PLAN\u0218TIRI La mul\u021bi ani, Timi\u0219oara! Cosmin \u021a\u00eent\u0103 04\/08\/2026 Sursa foto: Demnitatea S\u0103 \u00ee\u0219i recapete demnitatea. Asta \u00eemi doresc pentru ora\u0219ul meu, de ziua sa. Iar primul pas este \u0219tergerea petei din obraz, \u00eenl\u0103turarea coruptului care, cu dispre\u021b profund fa\u021b\u0103 de noi, i-a fost \u0219i \u00eei este autor. [&hellip;]<\/p>\n","protected":false},"author":1,"featured_media":0,"comment_status":"open","ping_status":"","sticky":false,"template":"","format":"standard","meta":{"footnotes":""},"categories":[89],"tags":[226,93],"class_list":["post-2076643","post","type-post","status-publish","format-standard","hentry","category-romania","tag-crawlmanager","tag-r3media-ro"],"_links":{"self":[{"href":"https:\/\/analyse.optim.biz\/index.php?rest_route=\/wp\/v2\/posts\/2076643","targetHints":{"allow":["GET"]}}],"collection":[{"href":"https:\/\/analyse.optim.biz\/index.php?rest_route=\/wp\/v2\/posts"}],"about":[{"href":"https:\/\/analyse.optim.biz\/index.php?rest_route=\/wp\/v2\/types\/post"}],"author":[{"embeddable":true,"href":"https:\/\/analyse.optim.biz\/index.php?rest_route=\/wp\/v2\/users\/1"}],"replies":[{"embeddable":true,"href":"https:\/\/analyse.optim.biz\/index.php?rest_route=%2Fwp%2Fv2%2Fcomments&post=2076643"}],"version-history":[{"count":0,"href":"https:\/\/analyse.optim.biz\/index.php?rest_route=\/wp\/v2\/posts\/2076643\/revisions"}],"wp:attachment":[{"href":"https:\/\/analyse.optim.biz\/index.php?rest_route=%2Fwp%2Fv2%2Fmedia&parent=2076643"}],"wp:term":[{"taxonomy":"category","embeddable":true,"href":"https:\/\/analyse.optim.biz\/index.php?rest_route=%2Fwp%2Fv2%2Fcategories&post=2076643"},{"taxonomy":"post_tag","embeddable":true,"href":"https:\/\/analyse.optim.biz\/index.php?rest_route=%2Fwp%2Fv2%2Ftags&post=2076643"}],"curies":[{"name":"wp","href":"https:\/\/api.w.org\/{rel}","templated":true}]}}