{"id":2076641,"date":"2026-08-03T20:40:09","date_gmt":"2026-08-03T17:40:09","guid":{"rendered":"https:\/\/analyse.optim.biz\/?p=2076641"},"modified":"2026-08-03T20:40:09","modified_gmt":"2026-08-03T17:40:09","slug":"calendarul-zilei-4-august-1919-cucerirea-budapestei-de-catre-armata-romana","status":"publish","type":"post","link":"https:\/\/analyse.optim.biz\/?p=2076641","title":{"rendered":"Calendarul zilei: 4 august 1919, cucerirea Budapestei de c\u0103tre Armata Rom\u00e2n\u0103"},"content":{"rendered":"<p>[analyse_image type=&#8221;featured&#8221; src=&#8221;https:\/\/r3media.ro\/wp-content\/uploads\/2021\/08\/armata-romana-in-budapesta-6.jpghttps:\/\/r3media.ro\/wp-content\/uploads\/2021\/08\/armata-romana-in-budapesta-6.jpg&#8221;]<\/p>\n<article id=\"template-id-109\" class=\"post-109 tdb_templates type-tdb_templates status-publish post\">\n<div id=\"tdi_2\" class=\"tdc-zone\">\n<div class=\"tdc_zone tdi_3  wpb_row td-pb-row\">\n<div id=\"tdi_4\" class=\"tdc-row\">\n<div class=\"vc_row tdi_5  wpb_row td-pb-row\">\n<div class=\"vc_column tdi_7  wpb_column vc_column_container tdc-column td-pb-span8\">\n<div class=\"wpb_wrapper\">\n<div class=\"td_block_wrap tdb_breadcrumbs tdi_8 td-pb-border-top td_block_template_1 tdb-breadcrumbs \" data-td-block-uid=\"tdi_8\">\n<div class=\"tdb-block-inner td-fix-index\"><span><a title=\"Vede\u021bi toate articolele \u00een PRIM PLAN\" class=\"tdb-entry-crumb\" href=\"https:\/\/r3media.ro\/category\/stiri-prim-plan\/\">PRIM PLAN<\/a><\/span><span class=\"tdb-bred-no-url-last\">Calendarul zilei: 4 august 1919, cucerirea Budapestei de c\u0103tre Armata Rom\u00e2n\u0103<\/span><\/div>\n<\/div>\n<div class=\"td_block_wrap tdb_single_categories tdi_9 td-pb-border-top td_block_template_1 \" data-td-block-uid=\"tdi_9\">\n<div class=\"tdb-category td-fix-index\"><a class=\"tdb-entry-category\" href=\"https:\/\/r3media.ro\/category\/stiri-prim-plan\/\">PRIM PLAN<\/a><a class=\"tdb-entry-category\" href=\"https:\/\/r3media.ro\/category\/stiri\/\">\u0218TIRI<\/a><a class=\"tdb-entry-category\" href=\"https:\/\/r3media.ro\/category\/video-news\/\">VIDEO<\/a><\/div>\n<\/div>\n<div class=\"td_block_wrap tdb_title tdi_10 tdb-single-title td-pb-border-top td_block_template_1\" data-td-block-uid=\"tdi_10\">\n<div class=\"tdb-block-inner td-fix-index\">\n<h1 class=\"tdb-title-text\">Calendarul zilei: 4 august 1919, cucerirea Budapestei de c\u0103tre Armata Rom\u00e2n\u0103<\/h1>\n<\/div>\n<\/div>\n<div class=\"vc_row_inner tdi_12  vc_row vc_inner wpb_row td-pb-row\">\n<div class=\"vc_column_inner tdi_14  wpb_column vc_column_container tdc-inner-column td-pb-span12\">\n<div class=\"vc_column-inner\">\n<div class=\"wpb_wrapper\">\n<div class=\"td_block_wrap tdb_single_author tdi_15 td-pb-border-top td_block_template_1 tdb-post-meta\" data-td-block-uid=\"tdi_15\">\n<div class=\"tdb-block-inner td-fix-index\">\n<div class=\"tdb-author-name-wrap\"><a class=\"tdb-author-name\" href=\"https:\/\/r3media.ro\/author\/redactia\/\">Redac\u021bia<\/a><\/div>\n<\/div>\n<\/div>\n<div class=\"td_block_wrap tdb_single_date tdi_16 td-pb-border-top td_block_template_1 tdb-post-meta\" data-td-block-uid=\"tdi_16\">\n<div class=\"tdb-block-inner td-fix-index\"><time class=\"entry-date updated td-module-date\" datetime=\"2026-08-03T23:40:09+03:00\">03\/08\/2026<\/time><\/div>\n<\/div>\n<\/div>\n<\/div>\n<\/div>\n<\/div>\n<div class=\"td_block_wrap tdb_single_featured_image tdi_17 tdb-content-horiz-left td-pb-border-top td_block_template_1\" data-td-block-uid=\"tdi_17\">\n<div class=\"tdb-block-inner td-fix-index\">\n<div class=\"wpb_video_wrapper\">\n<\/div>\n<\/div>\n<\/div>\n<div class=\"td_block_wrap tdb_single_content tdi_18 td-pb-border-top td_block_template_1 td-post-content tagdiv-type\" data-td-block-uid=\"tdi_18\">\n<div class=\"tdb-block-inner td-fix-index\">\n<p><strong>Prezen\u021ba trupelor rom\u00e2ne la Budapesta \u00ee\u0219i are originea \u00een Marea Unire. <\/strong><\/p>\n<p><strong>Guvernul bol\u0219evic, nou instalat la Budapesta, refuza s\u0103 recunoasc\u0103 unirea Transilvaniei cu \u021aara mam\u0103, \u0219i \u00een aprilie 1919 a atacat armata rom\u00e2n\u0103.<\/strong><\/p>\n<p>De comun acord cu guvernul, Regele Ferdinand a decis respingerea agresorului \u0219i \u00eenaintarea trupelor rom\u00e2ne p\u00e2n\u0103 la hotarul stabilit prin Conven\u021bia cu Antanta din august 1916.<\/p>\n<p>La 20 iulie, maghiarii au atacat din nou. De acest\u0103 dat\u0103 s-a hot\u0103r\u00e2t o ripost\u0103 decisiv\u0103, p\u00e2n\u0103 la \u00eenfr\u00e2ngerea Ungariei.<\/p>\n<p>Regele Ferdinand \u0219i regina Maria, afla\u021bi \u00een Transilvania, au asistat \u00een ziua de 30 iulie la trecea Tisei de c\u0103tre trupele rom\u00e2ne, \u00een dreptul satului Tiszabo, scrie <a href=\"http:\/\/www.istorie-pe-scurt.ro\/cum-a-cucerit-armata-romana-budapesta-in-1919\/\" target=\"_blank\" rel=\"noopener\">istorie-pe-scurt<\/a>.<\/p>\n<p>Regina nota: \u201eTo\u021bi erau at\u00e2t de plini de elan, se bucurau c\u0103 trec Tisa ca s\u0103-i alunge pe bol\u0219evici, ei doreau s\u0103 ajung\u0103 la Budapesta.\u201d<\/p>\n<p>Ofensiva rom\u00e2neasc\u0103 a fost extrem de energic\u0103. Pe 2 august Bela-Kun, liderul bol\u0219evic al Ungariei a fugit \u00een Austria \u0219i apoi Rusia Sovietic\u0103. Referitor la ocuparea Budapestei de c\u0103tre armata rom\u00e2n\u0103 \u00een august 1919 exist\u0103 unele dezbateri p\u00e2n\u0103 \u00een ziua de ast\u0103zi. C\u00e2nd a fost ocupat\u0103 capitala, la 3 sau la 4 august 1919?<\/p>\n<p>P\u00e2n\u0103 \u00een prezent, data ocup\u0103rii Budapestei a r\u0103mas \u00een istorie cea de 4 august, conform generalului Gheorghe M\u0103rd\u0103rescu, de\u015fi o unitate a armatei rom\u00e2ne p\u0103trunsese \u00een ora\u015f \u00eenc\u0103 din ziua precedent\u0103, rerespect\u00e2nd dispozi\u0163iile generalului.<\/p>\n<p>Un fragment din memoriul generalului Rusescu, cel ce a intrat primul \u00een Budapesta, \u00een 3 august 1919, este edificator.<\/p>\n<p>\u00a0<\/p>\n<blockquote class=\"wp-embedded-content\" data-secret=\"klDYaCwGGx\">\n<p><a href=\"https:\/\/r3media.ro\/video-imagini-unice-cu-armata-romana-defiland-prin-budapesta\/\">VIDEO | Imagini unice cu Armata Rom\u00e2n\u0103 defil\u00e2nd prin Budapesta<\/a><\/p>\n<\/blockquote>\n\n<p><a href=\"http:\/\/www.istorie-pe-scurt.ro\/cum-a-cucerit-armata-romana-budapesta-in-1919\/\" target=\"_blank\" rel=\"noopener\">Istorie pe scurt:<\/a><\/p>\n<p><em>3 August 1919<\/em><\/p>\n<p>(Armata generalului Rusescu spulberase r\u00e2nd pe r\u00e2nd toate m\u0103surile defensive ale capitalei maghiare. O unitate inamic\u0103 se retr\u0103sese \u00een fa\u021ba impetuoasei \u00eenaint\u0103ri ale armatei regale, l\u0103s\u00e2nd o m\u00e2n\u0103 de solda\u021bi s\u0103 se ocupe cu demontarea armamentului, totul la cererea comandantului rom\u00e2n)<\/p>\n<p>\u201d\u00centr-adev\u0103r nu str\u0103bat dec\u00e2t vreun kilometru \u015fi sunt \u00eent\u00e2mpinat de o delega\u0163ie de trei a guvernului unguresc ce venea \u00een goana automobilului, ca s\u0103 m\u0103 roage a m\u0103 opri, av\u00e2nd comunic\u0103ri importante.<\/p>\n<p>La r\u00e2ndul meu i-am rugat s\u0103 m\u0103 scuze, dar sunt \u00een timpul de trap \u015fi nu pot opri coloana; dup\u0103 care, am parcurs o distan\u0163\u0103 de \u00eenc\u0103 trei kilometri, \u015fi c\u00e2nd am apreciat c\u0103 am \u00eentrega capital\u0103 \u00een b\u0103taia tunului, am oprit. Plou\u00e2nd toren\u0163ial, am intrat \u00eentr-o locuin\u0163\u0103 \u015fi am angajat urm\u0103toarele tratative:<\/p>\n<p>Delega\u0163ia \u00eemi spune: \u2013 \u201eGuvernul se afl\u0103 \u00eentrunit \u00eentr-un consiliu \u015fi m\u0103 roag\u0103 a m\u0103 retrage cu trupa.\u201d<\/p>\n<p>Am r\u0103spuns: \u2013 \u201eNu numai c\u0103 nu m\u0103 retrag, dar imediat voi intra \u00een ora\u015f \u015fi oprirea de \u00eenaintare nu o poate ordona dec\u00e2t Comandamentul Superior Rom\u00e2n la care, le spun c\u0103 trebuie s\u0103 se adreseze; \u015fi \u00een fa\u0163a delega\u0163iei dau ordin celor dou\u0103 tunuri a pune \u00een baterie asupra ora\u015fului (5000-6000 m)\u201d, dup\u0103 care adaug: \u2013 \u201eTimp nu este de pierdut, orice tratative altele dec\u00e2t ce prive\u015fte deta\u015famentul meu, care este fapt \u00eendeplinit, nu le pot trata eu, \u015fi dumnealor s\u0103 se adreseze Comandamentului Armatei Rom\u00e2ne, la T\u00f6rek Szt Miclos.\u201d<\/p>\n<p>Delega\u0163ia \u00een fa\u0163a mea comunic\u0103 Guvernului la telefon hot\u0103r\u00e2rea.<\/p>\n\n<p>R\u0103spunsul, tot telefonic, a fost c\u0103 autoriz\u0103 delega\u0163ia a se duce la Marele Cartier General , iar eu s\u0103 trimit un delegat la Consiliul de Mini\u015ftri.<\/p>\n<p>Le-am f\u0103cut cunoscut c\u0103 voi veni chiar eu, fix\u00e2ndu-le c\u0103 dac\u0103 p\u00e2n\u0103 la orele 20 tratativele nu vor fi terminate bombardez ora\u015ful!Odat\u0103 cu plecarea misiunii, am raportat \u015fi situa\u0163ia.<\/p>\n<p>La Consiliul Guvernului Ungar, am ajuns la ora 18:30, Venise \u015fi c\u0103pitanul Mih\u0103ilescu ce intrase cu un escadron spre Malxasf\u00f6ld, Est \u2013 N-Est \u2013 Pesta. Guvernul \u00eemi comunic\u0103 c\u0103 a\u015fteapt\u0103 sosirea \u015fi a delegatului misiunii italiene, locotenent-colonel Romanelli. Le r\u0103spund c\u0103 e de prisos \u015fi c\u0103 nu se poate schimba \u00eentru nimic hot\u0103r\u00e2rea mea.<\/p>\n<p>Consiliul \u00eemi face cunoscut c\u0103 situa\u0163ia este dificil\u0103 c\u0103 popula\u0163ia e agitat\u0103, c\u0103 20.000 de lucr\u0103tori arma\u0163i se vor r\u0103scula, iar 3 regimente ce au \u00een ora\u015f, poate, c\u0103 nu vor putea fi st\u0103p\u00eenite la intrarea armatei rom\u00e2ne.<\/p>\n<p>I-am asigurat s\u0103 nu aib\u0103 nici o team\u0103, c\u0103 armata rom\u00e2n\u0103 va men\u0163ine ordinea cea mai perfect\u0103 \u00een Buda-Pesta, c\u0103 trebuie s\u0103 intru \u015fi s\u0103 \u00eemi pun\u0103 la dispozi\u0163ie cazarma husarilor \u201eHerzog Ioseph\u201d (acum \u201eLenin\u201d) \u015fi care s\u0103 fie evacuat\u0103 de trupele ungare. (Era r\u0103sp\u00e2ndit zvonul c\u0103 toate cazarmele erau minate, dar n-am dat crezare).<\/p>\n<p>Discu\u0163iile prelungindu-se, le pun \u00een vedere c\u0103 armata ro\u015fie \u00eentreg\u0103 este capitulat\u0103, ora\u015ful e \u00eencercuit de trupele noastre \u015fi catastrofa e inevitabil\u0103.<\/p>\n<p>O singur\u0103 concesie ce le pot face este ca grosul for\u0163elor mele (real nu avem nimic mai mult dec\u00e2t cele trei escadroane, 2 plutoane, 2 tunuri \u015fi 2 grupuri de mitraliere) s\u0103 fie oprite, pentru noapte, acolo unde se g\u0103sesc, iar \u00een ora\u015f s\u0103 nu intre dec\u00eet Brigada IV, deja sosit\u0103 cu mine.<\/p>\n<p>Ora fiind avansat\u0103, le pun \u00een vedere c\u0103 din eroare am uitat a contramanda ordinul c\u0103 la ora 20:30 dac\u0103 nu se termin\u0103 tratativele bombardamentul s\u0103 \u00eenceap\u0103 chiar fiind eu \u00een ora\u015f. Consiliul cedeaz\u0103! \u015ei la ora 20:00 (8 seara) un ofi\u0163er de leg\u0103tur\u0103 ungur este trimis cu ordinul meu ca trupa s\u0103 intre \u00een ora\u015f!<\/p>\n<figure id=\"attachment_25425\" aria-describedby=\"caption-attachment-25425\" class=\"wp-caption aligncenter\"><figcaption id=\"caption-attachment-25425\" class=\"wp-caption-text\">Solie ungureasc\u0103 de predare \u00een fa\u0163a trupelor rom\u00e2ne<\/figcaption><\/figure>\n<p>La cazarm\u0103 am primit defilarea trupei. Apoi am revenit \u00een ora\u015f \u015fi am luat cartier la hotelul \u201eDunapalota\u201d (Rietz) la care erau ofi\u0163eri italieni \u015fi francezi. Alte tratative nu am f\u0103cut dec\u00e2t cele privitoare la deta\u015famentul meu.\u201d<\/p>\n<p>A doua zi va intra \u00een Budapesta \u0219i generalul Gheorghe M\u0103rd\u0103rescu.<\/p>\n<p>La 4 august 1919, \u00eemplinea 53 de ani, \u015fi ce cadou mai frumos pentru orice general ar fi putut fi intrarea \u00een capitala cucerit\u0103 tocmai de ziua sa.<\/p>\n<p>Ulterior, M\u0103rd\u0103rescu \u00eel va marginaliza pe Rusescu, deoarece considera c\u0103 a \u00eencercat s\u0103-i sufle onoarea de a ocupa capitala inamic\u0103, suprema apoteoz\u0103 pentru cariera oric\u0103rui militar. Actele oficiale vor recunoa\u0219te 4 august 1919 ca dat\u0103 a ocup\u0103rii Budapestei.<\/p>\n<p>A fost singura capital\u0103 inamic\u0103 ocupat\u0103 de un stat din Antanta prin ac\u021biune militar\u0103 direct\u0103 \u00een cursul sau ca urmare a primului r\u0103zboi mondial.<\/p>\n<div class=\"crp_related     crp-masonry\">\n<h2>\u00ceN CONTEXT<\/h2>\n<ul>\n<li><a href=\"https:\/\/r3media.ro\/28-iulie-3-august-1919-unirea-banatului-romania\/\" class=\"crp_link post-25297\"><span class=\"crp_title\">28 iulie &#8211; 3 august 1919: Unirea Banatului cu Rom\u00e2nia<\/span><\/a><\/li>\n<li><a href=\"https:\/\/r3media.ro\/calendarul-zilei-8-august-1917-incepe-marea-batalie-de-la-oituz-din-primul-razboi-mondial\/\" class=\"crp_link post-25646\"><span class=\"crp_title\">Calendarul zilei | 8 august 1917: \u00cencepe marea b\u0103t\u0103lie de la Oituz, din Primul R\u0103zboi Mondial<\/span><\/a><\/li>\n<li><a href=\"https:\/\/r3media.ro\/calendarul-zilei-23-august-1944-romania-iese-din-alianta-cu-germania-nazista-maresalul-antonescu-este-arestat-23-august-1939-semnarea-pactului-ribbentrop-molotov\/\" class=\"crp_link post-26515\"><span class=\"crp_title\">Calendarul zilei: 23 august 1944, Rom\u00e2nia iese din alian\u021ba cu Germania nazist\u0103. Mare\u0219alul\u2026<\/span><\/a><\/li>\n<li><a href=\"https:\/\/r3media.ro\/calendarul-zilei-22-august-moartea-ecaterinei-teodoroiu-ultimele-cuvinte-ale-eroinei-au-fost-inainte-baieti-nu-vedeti-ca-sunt-intre-voi\/\" class=\"crp_link post-26436\"><span class=\"crp_title\">Calendarul zilei 22 august: 108 ani de la moartea Ecaterinei Teodoroiu. Ultimele cuvinte ale\u2026<\/span><\/a><\/li>\n<li><a href=\"https:\/\/r3media.ro\/calendarul-zilei-30-august-1940-dictatul-de-la-viena-prin-care-romaniei-i-s-a-luat-o-parte-din-ardeal\/\" class=\"crp_link post-26988\"><span class=\"crp_title\">Calendarul zilei | 30 august 1940: Dictatul de la Viena, prin care Rom\u00e2niei i s-a luat o\u2026<\/span><\/a><\/li>\n<li><a href=\"https:\/\/r3media.ro\/calendarul-zilei-10-septembrie-151-de-ani-de-la-moartea-lui-avram-iancu-craisorul-muntilor-este-erou-al-natiunii-romane\/\" class=\"crp_link post-53892\"><span class=\"crp_title\">Calendarul zilei 10 septembrie: 153 de ani de la moartea lui Avram Iancu. \u201eCr\u0103i\u0219orul\u2026<\/span><\/a><\/li>\n<li><a href=\"https:\/\/r3media.ro\/romania-razboi-bulgaria-presiuni-mari-puteri-cadrilater\/\" class=\"crp_link post-49370\"><span class=\"crp_title\">Calendarul zilei 27 iunie: 113 ani de c\u00e2nd Rom\u00e2nia declara r\u0103zboi Bulgariei, la presiunile\u2026<\/span><\/a><\/li>\n<li><a href=\"https:\/\/r3media.ro\/4-iunie-1920-trianon-marea-unire-ioan-aurel-pop\/\" class=\"crp_link post-21834\"><span class=\"crp_title\">4 iunie 1920: Semnarea tratatului de la Trianon, care a consfin\u021bit Marea Unire. Prof.\u2026<\/span><\/a><\/li>\n<\/ul>\n<\/div>\n<\/div>\n<\/div>\n<div class=\"td_block_wrap tdb_single_tags tdi_19 td-pb-border-top td_block_template_1\" data-td-block-uid=\"tdi_19\">\n<div class=\"tdb-block-inner td-fix-index\">\n<ul class=\"tdb-tags\">\n<li><span>SUBIECTE FIERBIN\u021aI<\/span><\/li>\n<li><a href=\"https:\/\/r3media.ro\/tag\/armata-romana\/\">armata romana<\/a><\/li>\n<li><a href=\"https:\/\/r3media.ro\/tag\/budapesta-1919\/\">budapesta 1919<\/a><\/li>\n<li><a href=\"https:\/\/r3media.ro\/tag\/istoria-romaniei\/\">istoria romaniei<\/a><\/li>\n<li><a href=\"https:\/\/r3media.ro\/tag\/istoria-transilvaniei\/\">istoria transilvaniei<\/a><\/li>\n<li><a href=\"https:\/\/r3media.ro\/tag\/marea-unire-1918\/\">marea unire 1918<\/a><\/li>\n<li><a href=\"https:\/\/r3media.ro\/tag\/ministerul-apararii-nationale-mapn\/\">ministerul apararii nationale (mapn)<\/a><\/li>\n<li><a href=\"https:\/\/r3media.ro\/tag\/primul-razboi-mondial\/\">primul razboi mondial<\/a><\/li>\n<li><a href=\"https:\/\/r3media.ro\/tag\/regele-ferdinand\/\">regele ferdinand<\/a><\/li>\n<li><a href=\"https:\/\/r3media.ro\/tag\/romania-vs-ungaria\/\">romania vs ungaria<\/a><\/li>\n<\/ul>\n<\/div>\n<\/div>\n<div class=\"td_block_wrap td_block_9 tdi_20 td_with_ajax_pagination td-pb-border-top td_block_template_1 td-column-2 td_block_padding td_block_bot_line\" data-td-block-uid=\"tdi_20\">\n<div class=\"td-block-title-wrap\">\n<h4 class=\"block-title td-block-title\"><span class=\"td-pulldown-size\">CITE\u0218TE MAI MULT<\/span><\/h4>\n<\/div>\n<div id=\"tdi_20\" class=\"td_block_inner\">\n<div class=\"td-block-row\">\n<div class=\"td-block-span6\">\n<div class=\"td_module_8 td_module_wrap\">\n<div class=\"item-details\">\n<h3 class=\"entry-title td-module-title\"><a href=\"https:\/\/r3media.ro\/tara-europa-norvegia-masini-electrice-inmatriculate-cota-ridicata\/\" rel=\"bookmark\" title=\"\u021aara din Europa unde aproape toate ma\u0219inile \u00eenmatriculate sune electrice. Cota a ajuns la 97,6% \u00een iulie\">\u021aara din Europa unde aproape toate ma\u0219inile \u00eenmatriculate sune electrice. Cota a ajuns la&#8230;<\/a><\/h3>\n<div class=\"td-module-meta-info\"><a href=\"https:\/\/r3media.ro\/category\/featured\/\" class=\"td-post-category\">FEATURED<\/a><span class=\"td-post-author-name\"><a href=\"https:\/\/r3media.ro\/author\/oana\/\">Oana Ivan<\/a><span>&#8211;<\/span><\/span><span class=\"td-post-date\"><time class=\"entry-date updated td-module-date\" datetime=\"2026-08-03T17:01:21+03:00\">03\/08\/2026<\/time><\/span><\/div>\n<\/div>\n<\/div>\n<\/div>\n<div class=\"td-block-span6\">\n<div class=\"td_module_8 td_module_wrap\">\n<div class=\"item-details\">\n<h3 class=\"entry-title td-module-title\"><a href=\"https:\/\/r3media.ro\/puterea-mitologica-instalata-a-romaniei\/\" rel=\"bookmark\" title=\"Puterea mitologic\u0103 instalat\u0103 a Rom\u00e2niei\">Puterea mitologic\u0103 instalat\u0103 a Rom\u00e2niei<\/a><\/h3>\n<div class=\"td-module-meta-info\"><a href=\"https:\/\/r3media.ro\/category\/opinii\/\" class=\"td-post-category\">OPINII<\/a><span class=\"td-post-author-name\"><a href=\"https:\/\/r3media.ro\/author\/tru\/\">TRU (Traian Ungureanu)<\/a><span>&#8211;<\/span><\/span><span class=\"td-post-date\"><time class=\"entry-date updated td-module-date\" datetime=\"2026-08-02T22:08:04+03:00\">02\/08\/2026<\/time><\/span><\/div>\n<\/div>\n<\/div>\n<\/div>\n<\/div>\n<div class=\"td-block-row\">\n<div class=\"td-block-span6\">\n<div class=\"td_module_8 td_module_wrap\">\n<div class=\"item-details\">\n<h3 class=\"entry-title td-module-title\"><a href=\"https:\/\/r3media.ro\/hyundai-recheama-service-masini-electrice-inster-risc-incendiu\/\" rel=\"bookmark\" title=\"Hyundai recheam\u0103 \u00een service zeci de mii de ma\u0219ini electrice din cauza riscului de incendiu\">Hyundai recheam\u0103 \u00een service zeci de mii de ma\u0219ini electrice din cauza riscului de&#8230;<\/a><\/h3>\n<div class=\"td-module-meta-info\"><a href=\"https:\/\/r3media.ro\/category\/actualitate\/\" class=\"td-post-category\">ACTUALITATE<\/a><span class=\"td-post-author-name\"><a href=\"https:\/\/r3media.ro\/author\/oana\/\">Oana Ivan<\/a><span>&#8211;<\/span><\/span><span class=\"td-post-date\"><time class=\"entry-date updated td-module-date\" datetime=\"2026-08-02T08:34:05+03:00\">02\/08\/2026<\/time><\/span><\/div>\n<\/div>\n<\/div>\n<\/div>\n<div class=\"td-block-span6\">\n<div class=\"td_module_8 td_module_wrap\">\n<div class=\"item-details\">\n<h3 class=\"entry-title td-module-title\"><a href=\"https:\/\/r3media.ro\/dragostea-care-transcende-epoci-descult-in-parc-1967\/\" rel=\"bookmark\" title=\"Dragostea care transcende epoci \u2014 Descul\u021b \u00een parc (1967)\">Dragostea care transcende epoci \u2014 Descul\u021b \u00een parc (1967)<\/a><\/h3>\n<div class=\"td-module-meta-info\"><a href=\"https:\/\/r3media.ro\/category\/opinii\/\" class=\"td-post-category\">OPINII<\/a><span class=\"td-post-author-name\"><a href=\"https:\/\/r3media.ro\/author\/costi_balasoiu\/\">Constantin B\u0103l\u0103\u0219oiu<\/a><span>&#8211;<\/span><\/span><span class=\"td-post-date\"><time class=\"entry-date updated td-module-date\" datetime=\"2026-08-01T13:45:14+03:00\">01\/08\/2026<\/time><\/span><\/div>\n<\/div>\n<\/div>\n<\/div>\n<\/div>\n<div class=\"td-block-row\">\n<div class=\"td-block-span6\">\n<div class=\"td_module_8 td_module_wrap\">\n<div class=\"item-details\">\n<h3 class=\"entry-title td-module-title\"><a href=\"https:\/\/r3media.ro\/masina-electrica-foc-turcia-incarcat-vehicul-explozie-pompieri-stingere-incendiu-video\/\" rel=\"bookmark\" title=\"VIDEO | O ma\u0219in\u0103 electric\u0103 a luat foc \u00een timp ce se afla la \u00eenc\u0103rcat. Vehiculul a explodat chiar c\u00e2nd pompierii \u00eencercau s\u0103 sting\u0103 incendiul folosind o p\u0103tur\u0103 ignifug\u0103\">VIDEO | O ma\u0219in\u0103 electric\u0103 a luat foc \u00een timp ce se afla la&#8230;<\/a><\/h3>\n<div class=\"td-module-meta-info\"><a href=\"https:\/\/r3media.ro\/category\/actualitate\/\" class=\"td-post-category\">ACTUALITATE<\/a><span class=\"td-post-author-name\"><a href=\"https:\/\/r3media.ro\/author\/oana\/\">Oana Ivan<\/a><span>&#8211;<\/span><\/span><span class=\"td-post-date\"><time class=\"entry-date updated td-module-date\" datetime=\"2026-07-31T13:33:48+03:00\">31\/07\/2026<\/time><\/span><\/div>\n<\/div>\n<\/div>\n<\/div>\n<div class=\"td-block-span6\">\n<div class=\"td_module_8 td_module_wrap\">\n<div class=\"item-details\">\n<h3 class=\"entry-title td-module-title\"><a href=\"https:\/\/r3media.ro\/spania-asediu-migranti-exclava-ceuta-africa-madrid-trupe-securitate-video\/\" rel=\"bookmark\" title=\"VIDEO | Spania se afl\u0103 sub asediu: Mii de migran\u021bi au luat cu asalt exclava Ceuta din Africa. Madridul a trimis trupe pentru a consolida securitatea\">VIDEO | Spania se afl\u0103 sub asediu: Mii de migran\u021bi au luat cu asalt&#8230;<\/a><\/h3>\n<div class=\"td-module-meta-info\"><a href=\"https:\/\/r3media.ro\/category\/actualitate\/\" class=\"td-post-category\">ACTUALITATE<\/a><span class=\"td-post-author-name\"><a href=\"https:\/\/r3media.ro\/author\/oana\/\">Oana Ivan<\/a><span>&#8211;<\/span><\/span><span class=\"td-post-date\"><time class=\"entry-date updated td-module-date\" datetime=\"2026-07-31T12:39:57+03:00\">31\/07\/2026<\/time><\/span><\/div>\n<\/div>\n<\/div>\n<\/div>\n<\/div>\n<div class=\"td-block-row\">\n<div class=\"td-block-span6\">\n<div class=\"td_module_8 td_module_wrap\">\n<div class=\"item-details\">\n<h3 class=\"entry-title td-module-title\"><a href=\"https:\/\/r3media.ro\/expert-ucraina-faliment-agricultura-romaneasca-tehnologii-ue\/\" rel=\"bookmark\" title=\"Un expert explic\u0103 felul \u00een care concuren\u021ba din Ucraina bag\u0103 \u00een faliment agricultura rom\u00e2neasc\u0103: Folosesc tehnologii interzise \u00een UE\">Un expert explic\u0103 felul \u00een care concuren\u021ba din Ucraina bag\u0103 \u00een faliment agricultura rom\u00e2neasc\u0103:&#8230;<\/a><\/h3>\n<div class=\"td-module-meta-info\"><a href=\"https:\/\/r3media.ro\/category\/actualitate\/\" class=\"td-post-category\">ACTUALITATE<\/a><span class=\"td-post-author-name\"><a href=\"https:\/\/r3media.ro\/author\/radu_ursan\/\">Radu Ursan<\/a><span>&#8211;<\/span><\/span><span class=\"td-post-date\"><time class=\"entry-date updated td-module-date\" datetime=\"2026-07-30T09:51:48+03:00\">30\/07\/2026<\/time><\/span><\/div>\n<\/div>\n<\/div>\n<\/div>\n<div class=\"td-block-span6\">\n<div class=\"td_module_8 td_module_wrap\">\n<div class=\"item-details\">\n<h3 class=\"entry-title td-module-title\"><a href=\"https:\/\/r3media.ro\/cornel-nistorescu-drone-razboi-ucraina\/\" rel=\"bookmark\" title=\"Cornel Nistorescu, dup\u0103 incidentele cu drone: Adie a aer de r\u0103zboi. De mirare c\u0103 dronele ucrainene nu au st\u00e2rnit at\u00e2ta t\u0103r\u0103boi\">Cornel Nistorescu, dup\u0103 incidentele cu drone: Adie a aer de r\u0103zboi. De mirare c\u0103&#8230;<\/a><\/h3>\n<div class=\"td-module-meta-info\"><a href=\"https:\/\/r3media.ro\/category\/actualitate\/\" class=\"td-post-category\">ACTUALITATE<\/a><span class=\"td-post-author-name\"><a href=\"https:\/\/r3media.ro\/author\/radu_ursan\/\">Radu Ursan<\/a><span>&#8211;<\/span><\/span><span class=\"td-post-date\"><time class=\"entry-date updated td-module-date\" datetime=\"2026-07-28T10:21:51+03:00\">28\/07\/2026<\/time><\/span><\/div>\n<\/div>\n<\/div>\n<\/div>\n<\/div>\n<div class=\"td-block-row\">\n<div class=\"td-block-span6\">\n<div class=\"td_module_8 td_module_wrap\">\n<div class=\"item-details\">\n<h3 class=\"entry-title td-module-title\"><a href=\"https:\/\/r3media.ro\/bnr-recomanda-romani-rezerve-de-cash-atacuri-cibernetice-numerar-relevant-criza\/\" rel=\"bookmark\" title=\"BNR le recomand\u0103 rom\u00e2nilor s\u0103 p\u0103streze rezerve de cash: Numerarul se poate dovedi relevant \u00een criz\u0103\">BNR le recomand\u0103 rom\u00e2nilor s\u0103 p\u0103streze rezerve de cash: Numerarul se poate dovedi relevant&#8230;<\/a><\/h3>\n<div class=\"td-module-meta-info\"><a href=\"https:\/\/r3media.ro\/category\/actualitate\/\" class=\"td-post-category\">ACTUALITATE<\/a><span class=\"td-post-author-name\"><a href=\"https:\/\/r3media.ro\/author\/oana\/\">Oana Ivan<\/a><span>&#8211;<\/span><\/span><span class=\"td-post-date\"><time class=\"entry-date updated td-module-date\" datetime=\"2026-07-27T13:11:47+03:00\">27\/07\/2026<\/time><\/span><\/div>\n<\/div>\n<\/div>\n<\/div>\n<div class=\"td-block-span6\">\n<div class=\"td_module_8 td_module_wrap\">\n<div class=\"item-details\">\n<h3 class=\"entry-title td-module-title\"><a href=\"https:\/\/r3media.ro\/statul-roman-a-semnat-actul-propriei-disparitii\/\" rel=\"bookmark\" title=\"Statul rom\u00e2n a semnat actul propriei dispari\u021bii?\">Statul rom\u00e2n a semnat actul propriei dispari\u021bii?<\/a><\/h3>\n<div class=\"td-module-meta-info\"><a href=\"https:\/\/r3media.ro\/category\/opinii\/\" class=\"td-post-category\">OPINII<\/a><span class=\"td-post-author-name\"><a href=\"https:\/\/r3media.ro\/author\/gabipopa\/\">Gabriel Popa<\/a><span>&#8211;<\/span><\/span><span class=\"td-post-date\"><time class=\"entry-date updated td-module-date\" datetime=\"2026-07-27T15:07:05+03:00\">27\/07\/2026<\/time><\/span><\/div>\n<\/div>\n<\/div>\n<\/div>\n<\/div>\n<div class=\"td-block-row\">\n<div class=\"td-block-span6\">\n<div class=\"td_module_8 td_module_wrap\">\n<div class=\"item-details\">\n<h3 class=\"entry-title td-module-title\"><a href=\"https:\/\/r3media.ro\/prima-oara-istorie-presedintia-document-primplan-patriotism-european\/\" rel=\"bookmark\" title=\"Pentru prima oar\u0103 \u00een istorie, Pre\u0219edin\u021bia Rom\u00e2niei emite un document care pune pe primul plan o alt\u0103 entitate dec\u00e2t \u021bara noastr\u0103: patriotismul european\">Pentru prima oar\u0103 \u00een istorie, Pre\u0219edin\u021bia Rom\u00e2niei emite un document care pune pe primul&#8230;<\/a><\/h3>\n<div class=\"td-module-meta-info\"><a href=\"https:\/\/r3media.ro\/category\/actualitate\/\" class=\"td-post-category\">ACTUALITATE<\/a><span class=\"td-post-author-name\"><a href=\"https:\/\/r3media.ro\/author\/teodor_stan\/\">Teodor Stan<\/a><span>&#8211;<\/span><\/span><span class=\"td-post-date\"><time class=\"entry-date updated td-module-date\" datetime=\"2026-07-26T11:44:31+03:00\">26\/07\/2026<\/time><\/span><\/div>\n<\/div>\n<\/div>\n<\/div>\n<div class=\"td-block-span6\">\n<div class=\"td_module_8 td_module_wrap\">\n<div class=\"item-details\">\n<h3 class=\"entry-title td-module-title\"><a href=\"https:\/\/r3media.ro\/film-nou-stapanul-inelelor-corect-politic-regizor-andy-serkis-diversitate-tolkien-mitologie-nordica\/\" rel=\"bookmark\" title=\"Noul film \u201eSt\u0103p\u00e2nul Inelelor\u201d nu va fi corect politic. Regizorul Andy Serkis: J.R.R. Tolkien a fost influen\u021bat de mitologia nordic\u0103. Nu vrem o distribu\u021bie de dragul de a bifa c\u0103su\u021be\">Noul film \u201eSt\u0103p\u00e2nul Inelelor\u201d nu va fi corect politic. Regizorul Andy Serkis: J.R.R. Tolkien&#8230;<\/a><\/h3>\n<div class=\"td-module-meta-info\"><a href=\"https:\/\/r3media.ro\/category\/actualitate\/\" class=\"td-post-category\">ACTUALITATE<\/a><span class=\"td-post-author-name\"><a href=\"https:\/\/r3media.ro\/author\/oana\/\">Oana Ivan<\/a><span>&#8211;<\/span><\/span><span class=\"td-post-date\"><time class=\"entry-date updated td-module-date\" datetime=\"2026-07-26T15:49:31+03:00\">26\/07\/2026<\/time><\/span><\/div>\n<\/div>\n<\/div>\n<\/div>\n<\/div>\n<\/div>\n<div class=\"td-load-more-wrap td-load-more-infinite-wrap\" id=\"infinite-lm-tdi_20\"><a href=\"https:\/\/r3media.ro\/4-august-1919-armata-romana-budapesta\/\" class=\"td_ajax_load_more td_ajax_load_more_js\" aria-label=\"\u00cenc\u0103rca\u021bi mai multe\" id=\"next-page-tdi_20\" data-td_block_id=\"tdi_20\">\u00cenc\u0103rca\u021bi mai multe<\/a><\/div>\n<\/div>\n<div class=\"td_block_wrap tdb_single_comments tdi_21 tdb-comm-layout2 td-pb-border-top td_block_template_1\" data-td-block-uid=\"tdi_21\">\n<div class=\"tdb-block-inner td-fix-index\">\n<div class=\"comments\" id=\"comments\">\n<div class=\"td-comments-title-wrap td_block_template_1\">\n<h4 class=\"td-comments-title block-title\"><span>5 COMENTARII<\/span><\/h4>\n<\/div>\n<ol class=\"comment-list\">\n<li class=\"comment \" id=\"comment-24937\">\n<article>\n<footer><cite>mitica<\/cite><a class=\"comment-link\" href=\"https:\/\/r3media.ro\/4-august-1919-armata-romana-budapesta\/#comment-24937\"><time><br \/>\n04\/08\/2023\t\t\t\t\t\t    La\t\t\t\t\t\t    10:57<\/time><\/a><\/footer>\n<div class=\"comment-content\">\n<p>Armata romana nu trebuia sa mai paraseasca Budapesta.<\/p>\n<\/div>\n<div class=\"comment-meta\" id=\"comment-24937\"><a rel=\"nofollow\" class=\"comment-reply-link\" href=\"https:\/\/r3media.ro\/4-august-1919-armata-romana-budapesta\/#comment-24937\" data-commentid=\"24937\" data-postid=\"25422\" data-belowelement=\"comment-24937\" data-respondelement=\"respond\" data-replyto=\"R\u0103spunde-i lui mitica\" aria-label=\"R\u0103spunde-i lui mitica\">R\u0103spund<\/a><\/div>\n<\/article>\n<\/li>\n<li class=\"comment \" id=\"comment-15602\">\n<article>\n<footer><cite>maxtor<\/cite><a class=\"comment-link\" href=\"https:\/\/r3media.ro\/4-august-1919-armata-romana-budapesta\/#comment-15602\"><time><br \/>\n04\/08\/2022\t\t\t\t\t\t    La\t\t\t\t\t\t    16:39<\/time><\/a><\/footer>\n<div class=\"comment-content\">\n<p>Calendarul zilei:<br \/>\n4 august 1919<br \/>\nELIBERAREA  Budapestei de c\u0103tre Armata Rom\u00e2n\u0103 !<\/p>\n<\/div>\n<div class=\"comment-meta\" id=\"comment-15602\"><a rel=\"nofollow\" class=\"comment-reply-link\" href=\"https:\/\/r3media.ro\/4-august-1919-armata-romana-budapesta\/#comment-15602\" data-commentid=\"15602\" data-postid=\"25422\" data-belowelement=\"comment-15602\" data-respondelement=\"respond\" data-replyto=\"R\u0103spunde-i lui maxtor\" aria-label=\"R\u0103spunde-i lui maxtor\">R\u0103spund<\/a><\/div>\n<\/article>\n<\/li>\n<li class=\"comment \" id=\"comment-8107\">\n<article>\n<footer><cite>gigi<\/cite><a class=\"comment-link\" href=\"https:\/\/r3media.ro\/4-august-1919-armata-romana-budapesta\/#comment-8107\"><time><br \/>\n04\/08\/2021\t\t\t\t\t\t    La\t\t\t\t\t\t    16:42<\/time><\/a><\/footer>\n<div class=\"comment-content\">\n<p>Nu trebuia sa plecam din Budapesta.<\/p>\n<\/div>\n<div class=\"comment-meta\" id=\"comment-8107\"><a rel=\"nofollow\" class=\"comment-reply-link\" href=\"https:\/\/r3media.ro\/4-august-1919-armata-romana-budapesta\/#comment-8107\" data-commentid=\"8107\" data-postid=\"25422\" data-belowelement=\"comment-8107\" data-respondelement=\"respond\" data-replyto=\"R\u0103spunde-i lui gigi\" aria-label=\"R\u0103spunde-i lui gigi\">R\u0103spund<\/a><\/div>\n<\/article>\n<ul class=\"children\">\n<li class=\"comment \" id=\"comment-8111\">\n<article>\n<footer><cite><a href=\"https:\/\/r3media.ro\" class=\"url\" rel=\"ugc\">Mihai \u0218om\u0103nescu<\/a><\/cite><a class=\"comment-link\" href=\"https:\/\/r3media.ro\/4-august-1919-armata-romana-budapesta\/#comment-8111\"><time><br \/>\n04\/08\/2021\t\t\t\t\t\t    La\t\t\t\t\t\t    17:30<\/time><\/a><\/footer>\n<div class=\"comment-content\">\n<p>Bine punctat :))<\/p>\n<\/div>\n<div class=\"comment-meta\" id=\"comment-8111\"><a rel=\"nofollow\" class=\"comment-reply-link\" href=\"https:\/\/r3media.ro\/4-august-1919-armata-romana-budapesta\/#comment-8111\" data-commentid=\"8111\" data-postid=\"25422\" data-belowelement=\"comment-8111\" data-respondelement=\"respond\" data-replyto=\"R\u0103spunde-i lui Mihai \u0218om\u0103nescu\" aria-label=\"R\u0103spunde-i lui Mihai \u0218om\u0103nescu\">R\u0103spund<\/a><\/div>\n<\/article>\n<\/li>\n<\/ul>\n<\/li>\n<li class=\"comment \" id=\"comment-8099\">\n<article>\n<footer><cite>Gerry<\/cite><a class=\"comment-link\" href=\"https:\/\/r3media.ro\/4-august-1919-armata-romana-budapesta\/#comment-8099\"><time><br \/>\n04\/08\/2021\t\t\t\t\t\t    La\t\t\t\t\t\t    09:33<\/time><\/a><\/footer>\n<div class=\"comment-content\">\n<p>For\u021b\u0103!<\/p>\n<\/div>\n<div class=\"comment-meta\" id=\"comment-8099\"><a rel=\"nofollow\" class=\"comment-reply-link\" href=\"https:\/\/r3media.ro\/4-august-1919-armata-romana-budapesta\/#comment-8099\" data-commentid=\"8099\" data-postid=\"25422\" data-belowelement=\"comment-8099\" data-respondelement=\"respond\" data-replyto=\"R\u0103spunde-i lui Gerry\" aria-label=\"R\u0103spunde-i lui Gerry\">R\u0103spund<\/a><\/div>\n<\/article>\n<\/li>\n<\/ol>\n<div id=\"respond\" class=\"comment-respond\">\n<h3 id=\"reply-title\" class=\"comment-reply-title\">AI CEVA DE SPUS? <small><a rel=\"nofollow\" id=\"cancel-comment-reply-link\" href=\"https:\/\/r3media.ro\/4-august-1919-armata-romana-budapesta\/#respond\">Renun\u021ba\u021bi la r\u0103spuns<\/a><\/small><\/h3>\n<div class=\"comment-form-input-wrap td-form-comment\">\n<div class=\"td-warning-comment\">V\u0103 rug\u0103m s\u0103 introduce\u021bi comentariul dvs.!<\/div>\n<\/div>\n<div class=\"comment-form-input-wrap td-form-author\">\n<div class=\"td-warning-author\">Introduce\u021bi aici numele dvs.<\/div>\n<\/div>\n<div class=\"comment-form-input-wrap td-form-email\">\n<div class=\"td-warning-email-error\">A\u021bi introdus o adres\u0103 de e-mail incorect\u0103!<\/div>\n<div class=\"td-warning-email\">V\u0103 rug\u0103m s\u0103 introduce\u021bi adresa dvs. de e-mail aici<\/div>\n<\/div>\n<\/div>\n<\/div>\n<\/div>\n<\/div>\n<\/div>\n<\/div>\n<div class=\"vc_column tdi_23  wpb_column vc_column_container tdc-column td-pb-span4 td-is-sticky\">\n<div class=\"wpb_wrapper\" data-sticky-enabled-on=\"W3RydWUsdHJ1ZSx0cnVlLHRydWVd\" data-sticky-offset=\"20\" data-sticky-is-width-auto=\"W2ZhbHNlLGZhbHNlLGZhbHNlLGZhbHNlXQ==\">\n<div class=\"wpb_wrapper td_block_wrap vc_widget_sidebar tdi_25 \">\n<div class=\"td_block_wrap td_block_7 td_block_widget tdi_26 td-pb-border-top td_block_template_1 td-column-1 td_block_padding\" data-td-block-uid=\"tdi_26\">\n<div class=\"td-block-title-wrap\">\n<h4 class=\"block-title td-block-title\"><span class=\"td-pulldown-size\">Articole RELA\u021aIONATE<\/span><\/h4>\n<\/div>\n<div id=\"tdi_26\" class=\"td_block_inner\">\n<div class=\"td-block-span12\">\n<div class=\"td_module_6 td_module_wrap td-animation-stack\">\n<div class=\"td-module-thumb\"><a href=\"https:\/\/r3media.ro\/la-multi-ani-timisoara\/\" rel=\"bookmark\" class=\"td-image-wrap \" title=\"La mul\u021bi ani, Timi\u0219oara!\"><img loading=\"lazy\" decoding=\"async\" class=\"entry-thumb\" src=\"https:\/\/r3media.ro\/wp-content\/uploads\/2026\/08\/Timisoara-980x581-1-100x70.jpg\" alt title=\"La mul\u021bi ani, Timi\u0219oara!\" width=\"100\" height=\"70\"><\/a><\/div>\n<div class=\"item-details\">\n<h3 class=\"entry-title td-module-title\"><a href=\"https:\/\/r3media.ro\/la-multi-ani-timisoara\/\" rel=\"bookmark\" title=\"La mul\u021bi ani, Timi\u0219oara!\">La mul\u021bi ani, Timi\u0219oara!<\/a><\/h3>\n<div class=\"td-module-meta-info\"><span class=\"td-post-date\"><time class=\"entry-date updated td-module-date\" datetime=\"2026-08-04T11:33:09+03:00\">04\/08\/2026<\/time><\/span><\/div>\n<\/div>\n<\/div>\n<\/div>\n<div class=\"td-block-span12\">\n<div class=\"td_module_6 td_module_wrap td-animation-stack\">\n<div class=\"td-module-thumb\"><a href=\"https:\/\/r3media.ro\/control-modele-inteligenta-artificiala-auto-programeaza-imbunatatesc-pe-cont-propriu\/\" rel=\"bookmark\" class=\"td-image-wrap \" title=\"Vom mai putea controla modelele de Inteligen\u021b\u0103 Artificial\u0103 care se auto-programeaz\u0103 \u015fi se \u00eembun\u0103t\u0103\u0163esc pe cont propriu?\"><img loading=\"lazy\" decoding=\"async\" class=\"entry-thumb\" src=\"https:\/\/r3media.ro\/wp-content\/uploads\/2023\/10\/AI-inteligenta-artificiala-1536x866-1-100x70.webp\" alt title=\"Vom mai putea controla modelele de Inteligen\u021b\u0103 Artificial\u0103 care se auto-programeaz\u0103 \u015fi se \u00eembun\u0103t\u0103\u0163esc pe cont propriu?\" width=\"100\" height=\"70\"><\/a><\/div>\n<div class=\"item-details\">\n<h3 class=\"entry-title td-module-title\"><a href=\"https:\/\/r3media.ro\/control-modele-inteligenta-artificiala-auto-programeaza-imbunatatesc-pe-cont-propriu\/\" rel=\"bookmark\" title=\"Vom mai putea controla modelele de Inteligen\u021b\u0103 Artificial\u0103 care se auto-programeaz\u0103 \u015fi se \u00eembun\u0103t\u0103\u0163esc pe cont propriu?\">Vom mai putea controla modelele de Inteligen\u021b\u0103 Artificial\u0103 care se auto-programeaz\u0103&#8230;<\/a><\/h3>\n<div class=\"td-module-meta-info\"><span class=\"td-post-date\"><time class=\"entry-date updated td-module-date\" datetime=\"2026-08-04T11:27:10+03:00\">04\/08\/2026<\/time><\/span><\/div>\n<\/div>\n<\/div>\n<\/div>\n<div class=\"td-block-span12\">\n<div class=\"td_module_6 td_module_wrap td-animation-stack\">\n<div class=\"td-module-thumb\"><a href=\"https:\/\/r3media.ro\/ministrul-interimar-aparare-partenerii-ucraineni-drone-constanta\/\" rel=\"bookmark\" class=\"td-image-wrap \" title=\"Ministrul interimar al Ap\u0103r\u0103rii: Cu tot respectul pentru partenerii ucrainieni, cu care avem o rela\u0163ie bun\u0103, astfel de drone n-au ce c\u0103uta la Constan\u021ba\"><img loading=\"lazy\" decoding=\"async\" class=\"entry-thumb\" src=\"https:\/\/r3media.ro\/wp-content\/uploads\/2026\/06\/explozie-drona-marina-constanta-100x70.png\" alt title=\"Ministrul interimar al Ap\u0103r\u0103rii: Cu tot respectul pentru partenerii ucrainieni, cu care avem o rela\u0163ie bun\u0103, astfel de drone n-au ce c\u0103uta la Constan\u021ba\" width=\"100\" height=\"70\"><\/a><\/div>\n<div class=\"item-details\">\n<h3 class=\"entry-title td-module-title\"><a href=\"https:\/\/r3media.ro\/ministrul-interimar-aparare-partenerii-ucraineni-drone-constanta\/\" rel=\"bookmark\" title=\"Ministrul interimar al Ap\u0103r\u0103rii: Cu tot respectul pentru partenerii ucrainieni, cu care avem o rela\u0163ie bun\u0103, astfel de drone n-au ce c\u0103uta la Constan\u021ba\">Ministrul interimar al Ap\u0103r\u0103rii: Cu tot respectul pentru partenerii ucrainieni, cu&#8230;<\/a><\/h3>\n<div class=\"td-module-meta-info\"><span class=\"td-post-date\"><time class=\"entry-date updated td-module-date\" datetime=\"2026-08-04T08:49:29+03:00\">04\/08\/2026<\/time><\/span><\/div>\n<\/div>\n<\/div>\n<\/div>\n<div class=\"td-block-span12\">\n<div class=\"td_module_6 td_module_wrap td-animation-stack\">\n<div class=\"td-module-thumb\"><a href=\"https:\/\/r3media.ro\/4-august-cei-sapte-tineri-din-efes\/\" rel=\"bookmark\" class=\"td-image-wrap \" title=\"Calendarul zilei 4 august: Cei \u0219apte tineri din Efes\"><img loading=\"lazy\" decoding=\"async\" class=\"entry-thumb\" src=\"https:\/\/r3media.ro\/wp-content\/uploads\/2022\/08\/cei-7-tineri-efes-100x70.jpg\" alt title=\"Calendarul zilei 4 august: Cei \u0219apte tineri din Efes\" width=\"100\" height=\"70\"><\/a><\/div>\n<div class=\"item-details\">\n<h3 class=\"entry-title td-module-title\"><a href=\"https:\/\/r3media.ro\/4-august-cei-sapte-tineri-din-efes\/\" rel=\"bookmark\" title=\"Calendarul zilei 4 august: Cei \u0219apte tineri din Efes\">Calendarul zilei 4 august: Cei \u0219apte tineri din Efes<\/a><\/h3>\n<div class=\"td-module-meta-info\"><span class=\"td-post-date\"><time class=\"entry-date updated td-module-date\" datetime=\"2026-08-03T22:40:19+03:00\">03\/08\/2026<\/time><\/span><\/div>\n<\/div>\n<\/div>\n<\/div>\n<div class=\"td-block-span12\">\n<div class=\"td_module_6 td_module_wrap td-animation-stack\">\n<div class=\"td-module-thumb\"><a href=\"https:\/\/r3media.ro\/cand-incepe-scoala-in-2026-structura-an-nou-scolar\/\" rel=\"bookmark\" class=\"td-image-wrap \" title=\"C\u00e2nd \u00eencepe \u0219coala \u00een 2026: Structura noului an \u0219colar, vacan\u021bele \u0219i zilele libere\"><img loading=\"lazy\" decoding=\"async\" class=\"entry-thumb\" src=\"https:\/\/r3media.ro\/wp-content\/uploads\/2021\/08\/elevi-scoala-sondaj-100x70.jpg\" alt title=\"C\u00e2nd \u00eencepe \u0219coala \u00een 2026: Structura noului an \u0219colar, vacan\u021bele \u0219i zilele libere\" width=\"100\" height=\"70\"><\/a><\/div>\n<div class=\"item-details\">\n<h3 class=\"entry-title td-module-title\"><a href=\"https:\/\/r3media.ro\/cand-incepe-scoala-in-2026-structura-an-nou-scolar\/\" rel=\"bookmark\" title=\"C\u00e2nd \u00eencepe \u0219coala \u00een 2026: Structura noului an \u0219colar, vacan\u021bele \u0219i zilele libere\">C\u00e2nd \u00eencepe \u0219coala \u00een 2026: Structura noului an \u0219colar, vacan\u021bele \u0219i&#8230;<\/a><\/h3>\n<div class=\"td-module-meta-info\"><span class=\"td-post-date\"><time class=\"entry-date updated td-module-date\" datetime=\"2026-08-03T22:23:20+03:00\">03\/08\/2026<\/time><\/span><\/div>\n<\/div>\n<\/div>\n<\/div>\n<div class=\"td-block-span12\">\n<div class=\"td_module_6 td_module_wrap td-animation-stack\">\n<div class=\"td-module-thumb\"><a href=\"https:\/\/r3media.ro\/ministr-securitate-energetica-marea-britanie-subventii-net-zero-umfla-facturi-cetateni-energie\/\" rel=\"bookmark\" class=\"td-image-wrap \" title=\"Ministrul Securit\u0103\u021bii Energetice din Marea Britanie neag\u0103 faptul c\u0103 subven\u021biile Net Zero umfl\u0103 facturile cet\u0103\u021benilor la energie\"><img loading=\"lazy\" decoding=\"async\" class=\"entry-thumb\" src=\"https:\/\/r3media.ro\/wp-content\/uploads\/2026\/08\/stalpi-de-inalta-tensiune-100x70.jpg\" alt title=\"Ministrul Securit\u0103\u021bii Energetice din Marea Britanie neag\u0103 faptul c\u0103 subven\u021biile Net Zero umfl\u0103 facturile cet\u0103\u021benilor la energie\" width=\"100\" height=\"70\"><\/a><\/div>\n<div class=\"item-details\">\n<h3 class=\"entry-title td-module-title\"><a href=\"https:\/\/r3media.ro\/ministr-securitate-energetica-marea-britanie-subventii-net-zero-umfla-facturi-cetateni-energie\/\" rel=\"bookmark\" title=\"Ministrul Securit\u0103\u021bii Energetice din Marea Britanie neag\u0103 faptul c\u0103 subven\u021biile Net Zero umfl\u0103 facturile cet\u0103\u021benilor la energie\">Ministrul Securit\u0103\u021bii Energetice din Marea Britanie neag\u0103 faptul c\u0103 subven\u021biile Net&#8230;<\/a><\/h3>\n<div class=\"td-module-meta-info\"><span class=\"td-post-date\"><time class=\"entry-date updated td-module-date\" datetime=\"2026-08-03T17:19:39+03:00\">03\/08\/2026<\/time><\/span><\/div>\n<\/div>\n<\/div>\n<\/div>\n<div class=\"td-block-span12\">\n<div class=\"td_module_6 td_module_wrap td-animation-stack\">\n<div class=\"td-module-thumb\"><a href=\"https:\/\/r3media.ro\/tara-europa-norvegia-masini-electrice-inmatriculate-cota-ridicata\/\" rel=\"bookmark\" class=\"td-image-wrap \" title=\"\u021aara din Europa unde aproape toate ma\u0219inile \u00eenmatriculate sune electrice. Cota a ajuns la 97,6% \u00een iulie\"><img loading=\"lazy\" decoding=\"async\" class=\"entry-thumb\" src=\"https:\/\/r3media.ro\/wp-content\/uploads\/2026\/08\/masini-electrice-pe-strada-in-norvegia-100x70.jpg\" alt title=\"\u021aara din Europa unde aproape toate ma\u0219inile \u00eenmatriculate sune electrice. Cota a ajuns la 97,6% \u00een iulie\" width=\"100\" height=\"70\"><\/a><\/div>\n<div class=\"item-details\">\n<h3 class=\"entry-title td-module-title\"><a href=\"https:\/\/r3media.ro\/tara-europa-norvegia-masini-electrice-inmatriculate-cota-ridicata\/\" rel=\"bookmark\" title=\"\u021aara din Europa unde aproape toate ma\u0219inile \u00eenmatriculate sune electrice. Cota a ajuns la 97,6% \u00een iulie\">\u021aara din Europa unde aproape toate ma\u0219inile \u00eenmatriculate sune electrice. Cota&#8230;<\/a><\/h3>\n<div class=\"td-module-meta-info\"><span class=\"td-post-date\"><time class=\"entry-date updated td-module-date\" datetime=\"2026-08-03T17:01:21+03:00\">03\/08\/2026<\/time><\/span><\/div>\n<\/div>\n<\/div>\n<\/div>\n<\/div>\n<\/div>\n<aside class=\"td_block_template_1 widget widget_recent_comments\">\n<h4 class=\"block-title\"><span>INTR\u0102 \u00ceN DISCU\u021aIE!<\/span><\/h4>\n<ul id=\"recentcomments\">\n<li class=\"recentcomments\"><span class=\"comment-author-link\">Nicu<\/span> la <a href=\"https:\/\/r3media.ro\/ministr-securitate-energetica-marea-britanie-subventii-net-zero-umfla-facturi-cetateni-energie\/#comment-40348\">Ministrul Securit\u0103\u021bii Energetice din Marea Britanie neag\u0103 faptul c\u0103 subven\u021biile Net Zero umfl\u0103 facturile cet\u0103\u021benilor la energie<\/a><\/li>\n<li class=\"recentcomments\"><span class=\"comment-author-link\">Nicu<\/span> la <a href=\"https:\/\/r3media.ro\/sursa-crizei-energetice-radu-miruta-romania-capacitati-carbune-seceta\/#comment-40347\">Sursa crizei energetice. Ministrul Radu Miru\u021b\u0103: Rom\u00e2nia a \u00eenchis capacit\u0103\u021bi de produc\u021bie pe carbune f\u0103r\u0103 s\u0103 pun\u0103 nimic \u00een loc. Nu te po\u021bi ascunde \u00een spatele secetei<\/a><\/li>\n<li class=\"recentcomments\"><span class=\"comment-author-link\">Gavril\u0103 Moldovan<\/span> la <a href=\"https:\/\/r3media.ro\/prima-oara-istorie-presedintia-document-primplan-patriotism-european\/#comment-40346\">Pentru prima oar\u0103 \u00een istorie, Pre\u0219edin\u021bia Rom\u00e2niei emite un document care pune pe primul plan o alt\u0103 entitate dec\u00e2t \u021bara noastr\u0103: patriotismul european<\/a><\/li>\n<li class=\"recentcomments\"><span class=\"comment-author-link\">Redac\u021bia<\/span> la <a href=\"https:\/\/r3media.ro\/statul-roman-a-semnat-actul-propriei-disparitii\/#comment-40345\">Statul rom\u00e2n a semnat actul propriei dispari\u021bii?<\/a><\/li>\n<li class=\"recentcomments\"><span class=\"comment-author-link\">Cet\u0103\u021bean<\/span> la <a href=\"https:\/\/r3media.ro\/sursa-crizei-energetice-radu-miruta-romania-capacitati-carbune-seceta\/#comment-40344\">Sursa crizei energetice. Ministrul Radu Miru\u021b\u0103: Rom\u00e2nia a \u00eenchis capacit\u0103\u021bi de produc\u021bie pe carbune f\u0103r\u0103 s\u0103 pun\u0103 nimic \u00een loc. Nu te po\u021bi ascunde \u00een spatele secetei<\/a><\/li>\n<li class=\"recentcomments\"><span class=\"comment-author-link\"><a href=\"https:\/\/r3media.ro\/statul-roman-a-semnat-actul-propriei-disparitii\/\" class=\"url\" rel=\"ugc\">Stalin<\/a><\/span> la <a href=\"https:\/\/r3media.ro\/statul-roman-a-semnat-actul-propriei-disparitii\/#comment-40343\">Statul rom\u00e2n a semnat actul propriei dispari\u021bii?<\/a><\/li>\n<li class=\"recentcomments\"><span class=\"comment-author-link\">B<\/span> la <a href=\"https:\/\/r3media.ro\/dragostea-care-transcende-epoci-descult-in-parc-1967\/#comment-40342\">Dragostea care transcende epoci \u2014 Descul\u021b \u00een parc (1967)<\/a><\/li>\n<\/ul>\n<\/aside>\n<aside class=\"td_block_template_1 widget widget_search\">\n<h4 class=\"block-title\"><span>CAUT\u0102 \u0218I VEI G\u0102SI<\/span><\/h4>\n<\/aside>\n<\/div>\n<\/div>\n<\/div>\n<\/div>\n<\/div>\n<\/div>\n<\/div>\n<p><span class=\"td-page-meta\"><\/span><span class=\"td-page-meta\"><span class=\"td-page-meta\"><\/span><\/span><span class=\"td-page-meta\"><\/span><\/article>\n<\/p>\n<div class=\"td_block_wrap tdb_single_content tdi_18 td-pb-border-top td_block_template_1 td-post-content tagdiv-type\" data-td-block-uid=\"tdi_18\">\n<div class=\"tdb-block-inner td-fix-index\">\n<p><strong>Prezen\u021ba trupelor rom\u00e2ne la Budapesta \u00ee\u0219i are originea \u00een Marea Unire. <\/strong><\/p>\n<p><strong>Guvernul bol\u0219evic, nou instalat la Budapesta, refuza s\u0103 recunoasc\u0103 unirea Transilvaniei cu \u021aara mam\u0103, \u0219i \u00een aprilie 1919 a atacat armata rom\u00e2n\u0103.<\/strong><\/p>\n<p>De comun acord cu guvernul, Regele Ferdinand a decis respingerea agresorului \u0219i \u00eenaintarea trupelor rom\u00e2ne p\u00e2n\u0103 la hotarul stabilit prin Conven\u021bia cu Antanta din august 1916.<\/p>\n<p>La 20 iulie, maghiarii au atacat din nou. De acest\u0103 dat\u0103 s-a hot\u0103r\u00e2t o ripost\u0103 decisiv\u0103, p\u00e2n\u0103 la \u00eenfr\u00e2ngerea Ungariei.<\/p>\n<p>Regele Ferdinand \u0219i regina Maria, afla\u021bi \u00een Transilvania, au asistat \u00een ziua de 30 iulie la trecea Tisei de c\u0103tre trupele rom\u00e2ne, \u00een dreptul satului Tiszabo, scrie <a href=\"http:\/\/www.istorie-pe-scurt.ro\/cum-a-cucerit-armata-romana-budapesta-in-1919\/\" target=\"_blank\" rel=\"noopener\">istorie-pe-scurt<\/a>.<\/p>\n<p>Regina nota: \u201eTo\u021bi erau at\u00e2t de plini de elan, se bucurau c\u0103 trec Tisa ca s\u0103-i alunge pe bol\u0219evici, ei doreau s\u0103 ajung\u0103 la Budapesta.\u201d<\/p>\n<p>Ofensiva rom\u00e2neasc\u0103 a fost extrem de energic\u0103. Pe 2 august Bela-Kun, liderul bol\u0219evic al Ungariei a fugit \u00een Austria \u0219i apoi Rusia Sovietic\u0103. Referitor la ocuparea Budapestei de c\u0103tre armata rom\u00e2n\u0103 \u00een august 1919 exist\u0103 unele dezbateri p\u00e2n\u0103 \u00een ziua de ast\u0103zi. C\u00e2nd a fost ocupat\u0103 capitala, la 3 sau la 4 august 1919?<\/p>\n<p>P\u00e2n\u0103 \u00een prezent, data ocup\u0103rii Budapestei a r\u0103mas \u00een istorie cea de 4 august, conform generalului Gheorghe M\u0103rd\u0103rescu, de\u015fi o unitate a armatei rom\u00e2ne p\u0103trunsese \u00een ora\u015f \u00eenc\u0103 din ziua precedent\u0103, rerespect\u00e2nd dispozi\u0163iile generalului.<\/p>\n<p>Un fragment din memoriul generalului Rusescu, cel ce a intrat primul \u00een Budapesta, \u00een 3 august 1919, este edificator.<\/p>\n<p>\u00a0<\/p>\n<blockquote class=\"wp-embedded-content\" data-secret=\"klDYaCwGGx\">\n<p><a href=\"https:\/\/r3media.ro\/video-imagini-unice-cu-armata-romana-defiland-prin-budapesta\/\">VIDEO | Imagini unice cu Armata Rom\u00e2n\u0103 defil\u00e2nd prin Budapesta<\/a><\/p>\n<\/blockquote>\n\n<p><a href=\"http:\/\/www.istorie-pe-scurt.ro\/cum-a-cucerit-armata-romana-budapesta-in-1919\/\" target=\"_blank\" rel=\"noopener\">Istorie pe scurt:<\/a><\/p>\n<p><em>3 August 1919<\/em><\/p>\n<p>(Armata generalului Rusescu spulberase r\u00e2nd pe r\u00e2nd toate m\u0103surile defensive ale capitalei maghiare. O unitate inamic\u0103 se retr\u0103sese \u00een fa\u021ba impetuoasei \u00eenaint\u0103ri ale armatei regale, l\u0103s\u00e2nd o m\u00e2n\u0103 de solda\u021bi s\u0103 se ocupe cu demontarea armamentului, totul la cererea comandantului rom\u00e2n)<\/p>\n<p>\u201d\u00centr-adev\u0103r nu str\u0103bat dec\u00e2t vreun kilometru \u015fi sunt \u00eent\u00e2mpinat de o delega\u0163ie de trei a guvernului unguresc ce venea \u00een goana automobilului, ca s\u0103 m\u0103 roage a m\u0103 opri, av\u00e2nd comunic\u0103ri importante.<\/p>\n<p>La r\u00e2ndul meu i-am rugat s\u0103 m\u0103 scuze, dar sunt \u00een timpul de trap \u015fi nu pot opri coloana; dup\u0103 care, am parcurs o distan\u0163\u0103 de \u00eenc\u0103 trei kilometri, \u015fi c\u00e2nd am apreciat c\u0103 am \u00eentrega capital\u0103 \u00een b\u0103taia tunului, am oprit. Plou\u00e2nd toren\u0163ial, am intrat \u00eentr-o locuin\u0163\u0103 \u015fi am angajat urm\u0103toarele tratative:<\/p>\n<p>Delega\u0163ia \u00eemi spune: \u2013 \u201eGuvernul se afl\u0103 \u00eentrunit \u00eentr-un consiliu \u015fi m\u0103 roag\u0103 a m\u0103 retrage cu trupa.\u201d<\/p>\n<p>Am r\u0103spuns: \u2013 \u201eNu numai c\u0103 nu m\u0103 retrag, dar imediat voi intra \u00een ora\u015f \u015fi oprirea de \u00eenaintare nu o poate ordona dec\u00e2t Comandamentul Superior Rom\u00e2n la care, le spun c\u0103 trebuie s\u0103 se adreseze; \u015fi \u00een fa\u0163a delega\u0163iei dau ordin celor dou\u0103 tunuri a pune \u00een baterie asupra ora\u015fului (5000-6000 m)\u201d, dup\u0103 care adaug: \u2013 \u201eTimp nu este de pierdut, orice tratative altele dec\u00e2t ce prive\u015fte deta\u015famentul meu, care este fapt \u00eendeplinit, nu le pot trata eu, \u015fi dumnealor s\u0103 se adreseze Comandamentului Armatei Rom\u00e2ne, la T\u00f6rek Szt Miclos.\u201d<\/p>\n<p>Delega\u0163ia \u00een fa\u0163a mea comunic\u0103 Guvernului la telefon hot\u0103r\u00e2rea.<\/p>\n\n<p>R\u0103spunsul, tot telefonic, a fost c\u0103 autoriz\u0103 delega\u0163ia a se duce la Marele Cartier General , iar eu s\u0103 trimit un delegat la Consiliul de Mini\u015ftri.<\/p>\n<p>Le-am f\u0103cut cunoscut c\u0103 voi veni chiar eu, fix\u00e2ndu-le c\u0103 dac\u0103 p\u00e2n\u0103 la orele 20 tratativele nu vor fi terminate bombardez ora\u015ful!Odat\u0103 cu plecarea misiunii, am raportat \u015fi situa\u0163ia.<\/p>\n<p>La Consiliul Guvernului Ungar, am ajuns la ora 18:30, Venise \u015fi c\u0103pitanul Mih\u0103ilescu ce intrase cu un escadron spre Malxasf\u00f6ld, Est \u2013 N-Est \u2013 Pesta. Guvernul \u00eemi comunic\u0103 c\u0103 a\u015fteapt\u0103 sosirea \u015fi a delegatului misiunii italiene, locotenent-colonel Romanelli. Le r\u0103spund c\u0103 e de prisos \u015fi c\u0103 nu se poate schimba \u00eentru nimic hot\u0103r\u00e2rea mea.<\/p>\n<p>Consiliul \u00eemi face cunoscut c\u0103 situa\u0163ia este dificil\u0103 c\u0103 popula\u0163ia e agitat\u0103, c\u0103 20.000 de lucr\u0103tori arma\u0163i se vor r\u0103scula, iar 3 regimente ce au \u00een ora\u015f, poate, c\u0103 nu vor putea fi st\u0103p\u00eenite la intrarea armatei rom\u00e2ne.<\/p>\n<p>I-am asigurat s\u0103 nu aib\u0103 nici o team\u0103, c\u0103 armata rom\u00e2n\u0103 va men\u0163ine ordinea cea mai perfect\u0103 \u00een Buda-Pesta, c\u0103 trebuie s\u0103 intru \u015fi s\u0103 \u00eemi pun\u0103 la dispozi\u0163ie cazarma husarilor \u201eHerzog Ioseph\u201d (acum \u201eLenin\u201d) \u015fi care s\u0103 fie evacuat\u0103 de trupele ungare. (Era r\u0103sp\u00e2ndit zvonul c\u0103 toate cazarmele erau minate, dar n-am dat crezare).<\/p>\n<p>Discu\u0163iile prelungindu-se, le pun \u00een vedere c\u0103 armata ro\u015fie \u00eentreg\u0103 este capitulat\u0103, ora\u015ful e \u00eencercuit de trupele noastre \u015fi catastrofa e inevitabil\u0103.<\/p>\n<p>O singur\u0103 concesie ce le pot face este ca grosul for\u0163elor mele (real nu avem nimic mai mult dec\u00e2t cele trei escadroane, 2 plutoane, 2 tunuri \u015fi 2 grupuri de mitraliere) s\u0103 fie oprite, pentru noapte, acolo unde se g\u0103sesc, iar \u00een ora\u015f s\u0103 nu intre dec\u00eet Brigada IV, deja sosit\u0103 cu mine.<\/p>\n<p>Ora fiind avansat\u0103, le pun \u00een vedere c\u0103 din eroare am uitat a contramanda ordinul c\u0103 la ora 20:30 dac\u0103 nu se termin\u0103 tratativele bombardamentul s\u0103 \u00eenceap\u0103 chiar fiind eu \u00een ora\u015f. Consiliul cedeaz\u0103! \u015ei la ora 20:00 (8 seara) un ofi\u0163er de leg\u0103tur\u0103 ungur este trimis cu ordinul meu ca trupa s\u0103 intre \u00een ora\u015f!<\/p>\n<figure id=\"attachment_25425\" aria-describedby=\"caption-attachment-25425\" class=\"wp-caption aligncenter\"><figcaption id=\"caption-attachment-25425\" class=\"wp-caption-text\">Solie ungureasc\u0103 de predare \u00een fa\u0163a trupelor rom\u00e2ne<\/figcaption><\/figure>\n<p>La cazarm\u0103 am primit defilarea trupei. Apoi am revenit \u00een ora\u015f \u015fi am luat cartier la hotelul \u201eDunapalota\u201d (Rietz) la care erau ofi\u0163eri italieni \u015fi francezi. Alte tratative nu am f\u0103cut dec\u00e2t cele privitoare la deta\u015famentul meu.\u201d<\/p>\n<p>A doua zi va intra \u00een Budapesta \u0219i generalul Gheorghe M\u0103rd\u0103rescu.<\/p>\n<p>La 4 august 1919, \u00eemplinea 53 de ani, \u015fi ce cadou mai frumos pentru orice general ar fi putut fi intrarea \u00een capitala cucerit\u0103 tocmai de ziua sa.<\/p>\n<p>Ulterior, M\u0103rd\u0103rescu \u00eel va marginaliza pe Rusescu, deoarece considera c\u0103 a \u00eencercat s\u0103-i sufle onoarea de a ocupa capitala inamic\u0103, suprema apoteoz\u0103 pentru cariera oric\u0103rui militar. Actele oficiale vor recunoa\u0219te 4 august 1919 ca dat\u0103 a ocup\u0103rii Budapestei.<\/p>\n<p>A fost singura capital\u0103 inamic\u0103 ocupat\u0103 de un stat din Antanta prin ac\u021biune militar\u0103 direct\u0103 \u00een cursul sau ca urmare a primului r\u0103zboi mondial.<\/p>\n<div class=\"crp_related     crp-masonry\">\n<h2>\u00ceN CONTEXT<\/h2>\n<ul>\n<li><a href=\"https:\/\/r3media.ro\/28-iulie-3-august-1919-unirea-banatului-romania\/\" class=\"crp_link post-25297\"><span class=\"crp_title\">28 iulie &#8211; 3 august 1919: Unirea Banatului cu Rom\u00e2nia<\/span><\/a><\/li>\n<li><a href=\"https:\/\/r3media.ro\/calendarul-zilei-8-august-1917-incepe-marea-batalie-de-la-oituz-din-primul-razboi-mondial\/\" class=\"crp_link post-25646\"><span class=\"crp_title\">Calendarul zilei | 8 august 1917: \u00cencepe marea b\u0103t\u0103lie de la Oituz, din Primul R\u0103zboi Mondial<\/span><\/a><\/li>\n<li><a href=\"https:\/\/r3media.ro\/calendarul-zilei-23-august-1944-romania-iese-din-alianta-cu-germania-nazista-maresalul-antonescu-este-arestat-23-august-1939-semnarea-pactului-ribbentrop-molotov\/\" class=\"crp_link post-26515\"><span class=\"crp_title\">Calendarul zilei: 23 august 1944, Rom\u00e2nia iese din alian\u021ba cu Germania nazist\u0103. Mare\u0219alul\u2026<\/span><\/a><\/li>\n<li><a href=\"https:\/\/r3media.ro\/calendarul-zilei-22-august-moartea-ecaterinei-teodoroiu-ultimele-cuvinte-ale-eroinei-au-fost-inainte-baieti-nu-vedeti-ca-sunt-intre-voi\/\" class=\"crp_link post-26436\"><span class=\"crp_title\">Calendarul zilei 22 august: 108 ani de la moartea Ecaterinei Teodoroiu. Ultimele cuvinte ale\u2026<\/span><\/a><\/li>\n<li><a href=\"https:\/\/r3media.ro\/calendarul-zilei-30-august-1940-dictatul-de-la-viena-prin-care-romaniei-i-s-a-luat-o-parte-din-ardeal\/\" class=\"crp_link post-26988\"><span class=\"crp_title\">Calendarul zilei | 30 august 1940: Dictatul de la Viena, prin care Rom\u00e2niei i s-a luat o\u2026<\/span><\/a><\/li>\n<li><a href=\"https:\/\/r3media.ro\/calendarul-zilei-10-septembrie-151-de-ani-de-la-moartea-lui-avram-iancu-craisorul-muntilor-este-erou-al-natiunii-romane\/\" class=\"crp_link post-53892\"><span class=\"crp_title\">Calendarul zilei 10 septembrie: 153 de ani de la moartea lui Avram Iancu. \u201eCr\u0103i\u0219orul\u2026<\/span><\/a><\/li>\n<li><a href=\"https:\/\/r3media.ro\/romania-razboi-bulgaria-presiuni-mari-puteri-cadrilater\/\" class=\"crp_link post-49370\"><span class=\"crp_title\">Calendarul zilei 27 iunie: 113 ani de c\u00e2nd Rom\u00e2nia declara r\u0103zboi Bulgariei, la presiunile\u2026<\/span><\/a><\/li>\n<li><a href=\"https:\/\/r3media.ro\/4-iunie-1920-trianon-marea-unire-ioan-aurel-pop\/\" class=\"crp_link post-21834\"><span class=\"crp_title\">4 iunie 1920: Semnarea tratatului de la Trianon, care a consfin\u021bit Marea Unire. Prof.\u2026<\/span><\/a><\/li>\n<\/ul>\n<\/div>\n<\/div>\n<\/div>\n<p>[analyse_source url=&#8221;https:\/\/r3media.ro\/4-august-1919-armata-romana-budapesta\/&#8221;]<\/p>\n","protected":false},"excerpt":{"rendered":"<p>[analyse_image type=&#8221;featured&#8221; src=&#8221;https:\/\/r3media.ro\/wp-content\/uploads\/2021\/08\/armata-romana-in-budapesta-6.jpghttps:\/\/r3media.ro\/wp-content\/uploads\/2021\/08\/armata-romana-in-budapesta-6.jpg&#8221;] PRIM PLANCalendarul zilei: 4 august 1919, cucerirea Budapestei de c\u0103tre Armata Rom\u00e2n\u0103 PRIM PLAN\u0218TIRIVIDEO Calendarul zilei: 4 august 1919, cucerirea Budapestei de c\u0103tre Armata Rom\u00e2n\u0103 Redac\u021bia 03\/08\/2026 Prezen\u021ba trupelor rom\u00e2ne la Budapesta \u00ee\u0219i are originea \u00een Marea Unire. Guvernul bol\u0219evic, nou instalat la Budapesta, refuza s\u0103 recunoasc\u0103 unirea Transilvaniei cu \u021aara mam\u0103, [&hellip;]<\/p>\n","protected":false},"author":1,"featured_media":0,"comment_status":"open","ping_status":"","sticky":false,"template":"","format":"standard","meta":{"footnotes":""},"categories":[89],"tags":[226,93],"class_list":["post-2076641","post","type-post","status-publish","format-standard","hentry","category-romania","tag-crawlmanager","tag-r3media-ro"],"_links":{"self":[{"href":"https:\/\/analyse.optim.biz\/index.php?rest_route=\/wp\/v2\/posts\/2076641","targetHints":{"allow":["GET"]}}],"collection":[{"href":"https:\/\/analyse.optim.biz\/index.php?rest_route=\/wp\/v2\/posts"}],"about":[{"href":"https:\/\/analyse.optim.biz\/index.php?rest_route=\/wp\/v2\/types\/post"}],"author":[{"embeddable":true,"href":"https:\/\/analyse.optim.biz\/index.php?rest_route=\/wp\/v2\/users\/1"}],"replies":[{"embeddable":true,"href":"https:\/\/analyse.optim.biz\/index.php?rest_route=%2Fwp%2Fv2%2Fcomments&post=2076641"}],"version-history":[{"count":0,"href":"https:\/\/analyse.optim.biz\/index.php?rest_route=\/wp\/v2\/posts\/2076641\/revisions"}],"wp:attachment":[{"href":"https:\/\/analyse.optim.biz\/index.php?rest_route=%2Fwp%2Fv2%2Fmedia&parent=2076641"}],"wp:term":[{"taxonomy":"category","embeddable":true,"href":"https:\/\/analyse.optim.biz\/index.php?rest_route=%2Fwp%2Fv2%2Fcategories&post=2076641"},{"taxonomy":"post_tag","embeddable":true,"href":"https:\/\/analyse.optim.biz\/index.php?rest_route=%2Fwp%2Fv2%2Ftags&post=2076641"}],"curies":[{"name":"wp","href":"https:\/\/api.w.org\/{rel}","templated":true}]}}