{"id":2076640,"date":"2026-08-03T19:40:19","date_gmt":"2026-08-03T16:40:19","guid":{"rendered":"https:\/\/analyse.optim.biz\/?p=2076640"},"modified":"2026-08-03T19:40:19","modified_gmt":"2026-08-03T16:40:19","slug":"calendarul-zilei-4-august-cei-sapte-tineri-din-efes","status":"publish","type":"post","link":"https:\/\/analyse.optim.biz\/?p=2076640","title":{"rendered":"Calendarul zilei 4 august: Cei \u0219apte tineri din Efes"},"content":{"rendered":"<p>[analyse_image type=&#8221;featured&#8221; src=&#8221;https:\/\/r3media.ro\/wp-content\/uploads\/2022\/08\/cei-7-tineri-efes.jpghttps:\/\/r3media.ro\/wp-content\/uploads\/2022\/08\/cei-7-tineri-efes.jpg&#8221;]<\/p>\n<article id=\"template-id-10782\" class=\"post-10782 tdb_templates type-tdb_templates status-publish post\">\n<div id=\"tdi_2\" class=\"tdc-zone\">\n<div class=\"tdc_zone tdi_3  wpb_row td-pb-row\">\n<div id=\"tdi_4\" class=\"tdc-row\">\n<div class=\"vc_row tdi_5  wpb_row td-pb-row\">\n<div class=\"vc_column tdi_7  wpb_column vc_column_container tdc-column td-pb-span8\">\n<div class=\"wpb_wrapper\">\n<div class=\"td_block_wrap tdb_breadcrumbs tdi_8 td-pb-border-top td_block_template_1 tdb-breadcrumbs \" data-td-block-uid=\"tdi_8\">\n<div class=\"tdb-block-inner td-fix-index\"><span><a title=\"Vede\u021bi toate articolele \u00een PRIM PLAN\" class=\"tdb-entry-crumb\" href=\"https:\/\/r3media.ro\/category\/stiri-prim-plan\/\">PRIM PLAN<\/a><\/span><span class=\"tdb-bred-no-url-last\">Calendarul zilei 4 august: Cei \u0219apte tineri din Efes<\/span><\/div>\n<\/div>\n<div class=\"td_block_wrap tdb_single_categories tdi_9 td-pb-border-top td_block_template_1 \" data-td-block-uid=\"tdi_9\">\n<div class=\"tdb-category td-fix-index\"><a class=\"tdb-entry-category\" href=\"https:\/\/r3media.ro\/category\/stiri-prim-plan\/\">PRIM PLAN<\/a><a class=\"tdb-entry-category\" href=\"https:\/\/r3media.ro\/category\/stiri\/\">\u0218TIRI<\/a><\/div>\n<\/div>\n<div class=\"td_block_wrap tdb_title tdi_10 tdb-single-title td-pb-border-top td_block_template_1\" data-td-block-uid=\"tdi_10\">\n<div class=\"tdb-block-inner td-fix-index\">\n<h1 class=\"tdb-title-text\">Calendarul zilei 4 august: Cei \u0219apte tineri din Efes<\/h1>\n<\/div>\n<\/div>\n<div class=\"vc_row_inner tdi_12  vc_row vc_inner wpb_row td-pb-row\">\n<div class=\"vc_column_inner tdi_14  wpb_column vc_column_container tdc-inner-column td-pb-span12\">\n<div class=\"vc_column-inner\">\n<div class=\"wpb_wrapper\">\n<div class=\"td_block_wrap tdb_single_author tdi_15 td-pb-border-top td_block_template_1 tdb-post-meta\" data-td-block-uid=\"tdi_15\">\n<div class=\"tdb-block-inner td-fix-index\">\n<div class=\"tdb-author-name-wrap\"><a class=\"tdb-author-name\" href=\"https:\/\/r3media.ro\/author\/redactia\/\">Redac\u021bia<\/a><\/div>\n<\/div>\n<\/div>\n<div class=\"td_block_wrap tdb_single_date tdi_16 td-pb-border-top td_block_template_1 tdb-post-meta\" data-td-block-uid=\"tdi_16\">\n<div class=\"tdb-block-inner td-fix-index\"><time class=\"entry-date updated td-module-date\" datetime=\"2026-08-03T22:40:19+03:00\">03\/08\/2026<\/time><\/div>\n<\/div>\n<\/div>\n<\/div>\n<\/div>\n<\/div>\n<div class=\"td_block_wrap tdb_single_content tdi_18 td-pb-border-top r3-post-content-v td_block_template_1 td-post-content tagdiv-type\" data-td-block-uid=\"tdi_18\">\n<div class=\"tdb-block-inner td-fix-index\">\n<p><strong>Cei \u0219apte tineri din Efes, pomeni\u021bi pe 4 august sunt: Maximilian, Exacustodian, Iamvlih, Martinian, Dionisie, Ioan \u0219i Constantin. Ei au fost osta\u0219i pe vremea \u00eemp\u0103ratului Deciu, \u00eentre anii 249-251.<\/strong><\/p>\n<p>Sfin\u021bii \u0218apte tineri din Efes au refuzat s\u0103 ia parte la un festival p\u0103g\u00e2n \u0219i au ales s\u0103 se roage la Dumnezeu pentru cre\u0219tinii care erau tortura\u021bi \u00een urma credin\u021bei lor. C\u00e2nd s-a aflat despre ceea ce au f\u0103cut \u0219i cine sunt ei de fapt, ace\u0219tia au ales s\u0103 se ascund\u0103 \u00eentr-o pe\u0219ter\u0103.<\/p>\n<p>\u00cemp\u0103ratul Deciu a poruncit ca pe\u0219tera s\u0103 fie zidit\u0103 pentru ca cei \u0219apte tineri din Efes s\u0103 nu aib\u0103 acces la m\u00e2ncare \u0219i la aer \u0219i s\u0103 moar\u0103. Cu toate acestea, Dumnezeu a avut grij\u0103 de ei \u0219i le-a oferit acestora somn timp de 200 de ani.<\/p>\n<p>Doi cre\u0219tini, pe nume Teodor \u0219i Rufin, au vrut ca faptele Sfin\u021bilor din Efes s\u0103 fie cunoscute de cei care vor veni din urm\u0103. Teodor \u0219i Rufin au scris pe dou\u0103 table din plumb parcursul \u00eentreg din via\u021ba sfin\u021bilor \u0219i le-au pus l\u00e2ng\u0103 pietrele de la intrarea din pe\u0219ter\u0103.<\/p>\n<p>Se spune c\u0103 pe vremea \u00eemp\u0103ratului Teodosie a avut loc \u00eenvierea acestora. Ni\u0219te pastori ar fi luat piatra care se afla la intrarea \u00een pe\u0219ter\u0103 pentru a o folosi la staulul oilor.<\/p>\n<p>Acesta a fost momentul \u00een care cei \u0219apte tineri din Efes s-au trezit din somn dup\u0103 sute de ani. A fost minunea care i-a ajutat pe oameni s\u0103 cread\u0103 mai mult \u00een minunea \u00cenvierii.<\/p>\n<p>Dup\u0103 o s\u0103pt\u0103m\u00e2na de la trezirea lor, cei Sfin\u021bii \u0219apte tineri din Efes au trecut pe lumea cealalt\u0103.<\/p>\n<p>Cu toate c\u0103 \u00eemp\u0103ratul Teodosie a dorit s\u0103 pun\u0103 trupurile Sfin\u021bilor din Efes \u00een racle de aur, ace\u0219tia au cerut s\u0103 fie l\u0103sa\u021bi \u00een pe\u0219tera unde au stat sute de ani.<\/p>\n<div class=\"crp_related     crp-masonry\">\n<h2>\u00ceN CONTEXT<\/h2>\n<ul>\n<li><a href=\"https:\/\/r3media.ro\/calendarul-zilei-4-ianuarie-soborul-sfintilor-70-de-apostoli\/\" class=\"crp_link post-34856\"><span class=\"crp_title\">Calendarul zilei 4 ianuarie: Soborul Sfin\u021bilor 70 de apostoli<\/span><\/a><\/li>\n<li><a href=\"https:\/\/r3media.ro\/calendarul-zilei-7-ianuarie-sfantul-ioan-botezatorul-craciunul-pe-calendarul-vechi\/\" class=\"crp_link post-10400\"><span class=\"crp_title\">Calendarul zilei 7 ianuarie: Sf\u00e2ntul Ioan Botez\u0103torul. Cr\u0103ciunul pe calendarul vechi<\/span><\/a><\/li>\n<li><a href=\"https:\/\/r3media.ro\/calendarul-zilei-1-iunie-sf-iustin-martirul-si-filosoful\/\" class=\"crp_link post-21625\"><span class=\"crp_title\">Calendarul zilei 1 iunie: Sf. Iustin Martirul \u0219i Filosoful<\/span><\/a><\/li>\n<li><a href=\"https:\/\/r3media.ro\/3-august-iraclie-basarabia-sfintii-isaachie-dalmat-si-faust\/\" class=\"crp_link post-78476\"><span class=\"crp_title\">Calendarul zilei 3 august: Sf.Iraclie din Basarabia. Sfin\u021bii Isaachie, Dalmat \u0219i Faust<\/span><\/a><\/li>\n<li><a href=\"https:\/\/r3media.ro\/calendarul-zilei-4-aprilie-1944-cea-mai-neagra-zi-a-capitalei-2942-de-bucuresteni-ucisi-de-bombardamentele-americane-aviatorii-care-au-adus-moartea-au-monumente-romanii\/\" class=\"crp_link post-17571\"><span class=\"crp_title\">Calendarul zilei | 4 aprilie 1944, cea mai neagr\u0103 zi a Capitalei: 2942 de bucure\u0219teni uci\u0219i\u2026<\/span><\/a><\/li>\n<li><a href=\"https:\/\/r3media.ro\/calendarul-zilei-8-august-1917-incepe-marea-batalie-de-la-oituz-din-primul-razboi-mondial\/\" class=\"crp_link post-25646\"><span class=\"crp_title\">Calendarul zilei | 8 august 1917: \u00cencepe marea b\u0103t\u0103lie de la Oituz, din Primul R\u0103zboi Mondial<\/span><\/a><\/li>\n<li><a href=\"https:\/\/r3media.ro\/calendarul-zilei-23-august-1944-romania-iese-din-alianta-cu-germania-nazista-maresalul-antonescu-este-arestat-23-august-1939-semnarea-pactului-ribbentrop-molotov\/\" class=\"crp_link post-26515\"><span class=\"crp_title\">Calendarul zilei: 23 august 1944, Rom\u00e2nia iese din alian\u021ba cu Germania nazist\u0103. Mare\u0219alul\u2026<\/span><\/a><\/li>\n<li><a href=\"https:\/\/r3media.ro\/calendarul-zilei-22-iunie-sf-ierarh-grigorie-dascalul-mitropolitul-tarii-romanesti-sf-sfintit-mc-eusebiu-episcopul-samosatei\/\" class=\"crp_link post-48963\"><span class=\"crp_title\">Calendarul zilei 22 iunie: Sf. Ierarh Grigorie Dasc\u0103lul, Mitropolitul \u021a\u0103rii Rom\u00e2ne\u0219ti; Sf.\u2026<\/span><\/a><\/li>\n<\/ul>\n<\/div>\n<\/div>\n<\/div>\n<div class=\"td_block_wrap tdb_single_tags tdi_19 td-pb-border-top td_block_template_1\" data-td-block-uid=\"tdi_19\">\n<div class=\"tdb-block-inner td-fix-index\">\n<ul class=\"tdb-tags\">\n<li><span>SUBIECTE FIERBIN\u021aI<\/span><\/li>\n<li><a href=\"https:\/\/r3media.ro\/tag\/calendar-ortodox\/\">calendar ortodox<\/a><\/li>\n<li><a href=\"https:\/\/r3media.ro\/tag\/calendarul-zilei\/\">calendarul zilei<\/a><\/li>\n<li><a href=\"https:\/\/r3media.ro\/tag\/calendarul-zilei-4-august\/\">calendarul zilei 4 august<\/a><\/li>\n<\/ul>\n<\/div>\n<\/div>\n<div class=\"td_block_wrap td_block_text_with_title tdi_20 tagdiv-type td-pb-border-top td_block_template_1\" data-td-block-uid=\"tdi_20\">\n<div class=\"td_mod_wrap td-fix-index\">\n<p>Dragi prieteni,<\/p>\n<p>dac\u0103 dori\u021bi o pres\u0103 independent\u0103, trebuie s-o sus\u021bine\u021bi. \u00cen Rom\u00e2nia, mediul economic este conectat la sistemul globalist \u0219i nu exist\u0103, precum \u00een Statele Unite sau alte \u021b\u0103ri, companii care s\u0103-\u0219i asume cauze conservatoare \u0219i\/sau na\u021bionale.<\/p>\n<p>Recenta criz\u0103 a ar\u0103tat c\u00e2t\u0103 nevoie exist\u0103 pentru o pres\u0103 independent\u0103, care s\u0103 nu depind\u0103 de subven\u021biile guvernamentale \u0219i de banii multina\u021bionalelor.<\/p>\n<p>Nimeni nu-mi \u201eediteaz\u0103\u201d ideile \u0219i materialele publicate. Sunt un <strong><span>om liber<\/span>.<\/strong> Dac\u0103 dore\u0219ti s\u0103 ai ce citi \u00een continuare, contribuie \u0219i tu printr-o <strong><a href=\"https:\/\/r3media.ro\/sustine-r3media\/\" target=\"_blank\" rel=\"noopener noreferrer\">dona\u021bie<\/a>, <\/strong>oric\u00e2t de mic\u0103<strong>.<\/strong>\u00a0<strong><span>\u00cempreun\u0103<\/span>,<\/strong> putem reu\u0219i multe.<\/p>\n<p>Mul\u021bumesc.<\/p>\n<p>Mihai \u0218om\u0103nescu<br \/>Publisher <span><strong><span>R<\/span><span>3<span>m<\/span><\/span><span>edia<\/span><\/strong><\/span><\/p>\n<\/div>\n<\/div>\n<div class=\"td_block_wrap td_block_9 tdi_22 td-pb-border-top td_block_template_1 td-column-2 td_block_padding td_block_bot_line\" data-td-block-uid=\"tdi_22\">\n<div class=\"td-block-title-wrap\">\n<h4 class=\"block-title td-block-title\"><span class=\"td-pulldown-size\">MAI MULTE DE LA ACELA\u0218I AUTOR<\/span><\/h4>\n<\/div>\n<div id=\"tdi_22\" class=\"td_block_inner\">\n<div class=\"td-block-row\">\n<div class=\"td-block-span6\">\n<div class=\"td_module_8 td_module_wrap\">\n<div class=\"item-details\">\n<h3 class=\"entry-title td-module-title\"><a href=\"https:\/\/r3media.ro\/ministrul-interimar-aparare-partenerii-ucraineni-drone-constanta\/\" rel=\"bookmark\" title=\"Ministrul interimar al Ap\u0103r\u0103rii: Cu tot respectul pentru partenerii ucrainieni, cu care avem o rela\u0163ie bun\u0103, astfel de drone n-au ce c\u0103uta la Constan\u021ba\">Ministrul interimar al Ap\u0103r\u0103rii: Cu tot respectul pentru partenerii ucrainieni, cu care avem o&#8230;<\/a><\/h3>\n<div class=\"td-module-meta-info\"><a href=\"https:\/\/r3media.ro\/category\/featured\/\" class=\"td-post-category\">FEATURED<\/a><span class=\"td-post-author-name\"><a href=\"https:\/\/r3media.ro\/author\/redactia\/\">Redac\u021bia<\/a><span>&#8211;<\/span><\/span><span class=\"td-post-date\"><time class=\"entry-date updated td-module-date\" datetime=\"2026-08-04T08:49:29+03:00\">04\/08\/2026<\/time><\/span><\/div>\n<\/div>\n<\/div>\n<\/div>\n<div class=\"td-block-span6\">\n<div class=\"td_module_8 td_module_wrap\">\n<div class=\"item-details\">\n<h3 class=\"entry-title td-module-title\"><a href=\"https:\/\/r3media.ro\/4-august-1919-armata-romana-budapesta\/\" rel=\"bookmark\" title=\"Calendarul zilei: 4 august 1919, cucerirea Budapestei de c\u0103tre Armata Rom\u00e2n\u0103\">Calendarul zilei: 4 august 1919, cucerirea Budapestei de c\u0103tre Armata Rom\u00e2n\u0103<\/a><\/h3>\n<div class=\"td-module-meta-info\"><a href=\"https:\/\/r3media.ro\/category\/stiri-prim-plan\/\" class=\"td-post-category\">PRIM PLAN<\/a><span class=\"td-post-author-name\"><a href=\"https:\/\/r3media.ro\/author\/redactia\/\">Redac\u021bia<\/a><span>&#8211;<\/span><\/span><span class=\"td-post-date\"><time class=\"entry-date updated td-module-date\" datetime=\"2026-08-03T23:40:09+03:00\">03\/08\/2026<\/time><\/span><\/div>\n<\/div>\n<\/div>\n<\/div>\n<\/div>\n<div class=\"td-block-row\">\n<div class=\"td-block-span6\">\n<div class=\"td_module_8 td_module_wrap\">\n<div class=\"item-details\">\n<h3 class=\"entry-title td-module-title\"><a href=\"https:\/\/r3media.ro\/donald-trump-negocieri-cu-iran\/\" rel=\"bookmark\" title=\"Donald Trump anun\u021b\u0103 reluarea negocierilor cu Iranul dup\u0103 ce a anulat un atac major\">Donald Trump anun\u021b\u0103 reluarea negocierilor cu Iranul dup\u0103 ce a anulat un atac major<\/a><\/h3>\n<div class=\"td-module-meta-info\"><a href=\"https:\/\/r3media.ro\/category\/stiri-prim-plan\/\" class=\"td-post-category\">PRIM PLAN<\/a><span class=\"td-post-author-name\"><a href=\"https:\/\/r3media.ro\/author\/redactia\/\">Redac\u021bia<\/a><span>&#8211;<\/span><\/span><span class=\"td-post-date\"><time class=\"entry-date updated td-module-date\" datetime=\"2026-08-03T10:28:57+03:00\">03\/08\/2026<\/time><\/span><\/div>\n<\/div>\n<\/div>\n<\/div>\n<div class=\"td-block-span6\">\n<div class=\"td_module_8 td_module_wrap\">\n<div class=\"item-details\">\n<h3 class=\"entry-title td-module-title\"><a href=\"https:\/\/r3media.ro\/3-august-iraclie-basarabia-sfintii-isaachie-dalmat-si-faust\/\" rel=\"bookmark\" title=\"Calendarul zilei 3 august: Sf.Iraclie din Basarabia. Sfin\u021bii Isaachie, Dalmat \u0219i Faust\">Calendarul zilei 3 august: Sf.Iraclie din Basarabia. Sfin\u021bii Isaachie, Dalmat \u0219i Faust<\/a><\/h3>\n<div class=\"td-module-meta-info\"><a href=\"https:\/\/r3media.ro\/category\/actualitate\/\" class=\"td-post-category\">ACTUALITATE<\/a><span class=\"td-post-author-name\"><a href=\"https:\/\/r3media.ro\/author\/redactia\/\">Redac\u021bia<\/a><span>&#8211;<\/span><\/span><span class=\"td-post-date\"><time class=\"entry-date updated td-module-date\" datetime=\"2026-08-02T22:22:27+03:00\">02\/08\/2026<\/time><\/span><\/div>\n<\/div>\n<\/div>\n<\/div>\n<\/div>\n<div class=\"td-block-row\">\n<div class=\"td-block-span6\">\n<div class=\"td_module_8 td_module_wrap\">\n<div class=\"item-details\">\n<h3 class=\"entry-title td-module-title\"><a href=\"https:\/\/r3media.ro\/romania-importa-energie-ucraina-ilie-bolojan-stare-de-alerta\/\" rel=\"bookmark\" title=\"Rom\u00e2nia a ajuns s\u0103 importe energie de la Ucraina, stat aflat \u00een r\u0103zboi. Ilie Bolojan a declarat stare de alert\u0103 la nivel na\u021bional\">Rom\u00e2nia a ajuns s\u0103 importe energie de la Ucraina, stat aflat \u00een r\u0103zboi. Ilie&#8230;<\/a><\/h3>\n<div class=\"td-module-meta-info\"><a href=\"https:\/\/r3media.ro\/category\/actualitate\/\" class=\"td-post-category\">ACTUALITATE<\/a><span class=\"td-post-author-name\"><a href=\"https:\/\/r3media.ro\/author\/redactia\/\">Redac\u021bia<\/a><span>&#8211;<\/span><\/span><span class=\"td-post-date\"><time class=\"entry-date updated td-module-date\" datetime=\"2026-08-01T21:30:03+03:00\">01\/08\/2026<\/time><\/span><\/div>\n<\/div>\n<\/div>\n<\/div>\n<div class=\"td-block-span6\">\n<div class=\"td_module_8 td_module_wrap\">\n<div class=\"item-details\">\n<h3 class=\"entry-title td-module-title\"><a href=\"https:\/\/r3media.ro\/criza-energetica-bolojan-romani-reducere-consum\/\" rel=\"bookmark\" title=\"Criza energiei, confirmat\u0103 de la Guvern: Ilie Bolojan \u00eendeamn\u0103 rom\u00e2nii s\u0103 reduc\u0103 consumul de energie\">Criza energiei, confirmat\u0103 de la Guvern: Ilie Bolojan \u00eendeamn\u0103 rom\u00e2nii s\u0103 reduc\u0103 consumul de&#8230;<\/a><\/h3>\n<div class=\"td-module-meta-info\"><a href=\"https:\/\/r3media.ro\/category\/actualitate\/\" class=\"td-post-category\">ACTUALITATE<\/a><span class=\"td-post-author-name\"><a href=\"https:\/\/r3media.ro\/author\/redactia\/\">Redac\u021bia<\/a><span>&#8211;<\/span><\/span><span class=\"td-post-date\"><time class=\"entry-date updated td-module-date\" datetime=\"2026-07-30T09:05:19+03:00\">30\/07\/2026<\/time><\/span><\/div>\n<\/div>\n<\/div>\n<\/div>\n<\/div>\n<\/div>\n<\/div>\n<div class=\"td_block_wrap tdb_single_comments tdi_23 tdb-comm-layout2 td-pb-border-top td_block_template_1\" data-td-block-uid=\"tdi_23\">\n<div class=\"tdb-block-inner td-fix-index\">\n<div class=\"comments\" id=\"comments\">\n<div id=\"respond\" class=\"comment-respond\">\n<h3 id=\"reply-title\" class=\"comment-reply-title\">AI CEVA DE SPUS? <small><a rel=\"nofollow\" id=\"cancel-comment-reply-link\" href=\"https:\/\/r3media.ro\/4-august-cei-sapte-tineri-din-efes\/#respond\">Renun\u021ba\u021bi la r\u0103spuns<\/a><\/small><\/h3>\n<div class=\"comment-form-input-wrap td-form-comment\">\n<div class=\"td-warning-comment\">V\u0103 rug\u0103m s\u0103 introduce\u021bi comentariul dvs.!<\/div>\n<\/div>\n<div class=\"comment-form-input-wrap td-form-author\">\n<div class=\"td-warning-author\">Introduce\u021bi aici numele dvs.<\/div>\n<\/div>\n<div class=\"comment-form-input-wrap td-form-email\">\n<div class=\"td-warning-email-error\">A\u021bi introdus o adres\u0103 de e-mail incorect\u0103!<\/div>\n<div class=\"td-warning-email\">V\u0103 rug\u0103m s\u0103 introduce\u021bi adresa dvs. de e-mail aici<\/div>\n<\/div>\n<\/div>\n<\/div>\n<\/div>\n<\/div>\n<\/div>\n<\/div>\n<div class=\"vc_column tdi_25  wpb_column vc_column_container tdc-column td-pb-span4 td-is-sticky\">\n<div class=\"wpb_wrapper\" data-sticky-enabled-on=\"W3RydWUsdHJ1ZSx0cnVlLHRydWVd\" data-sticky-offset=\"20\" data-sticky-is-width-auto=\"W2ZhbHNlLGZhbHNlLGZhbHNlLGZhbHNlXQ==\">\n<div class=\"wpb_wrapper td_block_wrap vc_widget_sidebar tdi_27 \">\n<div class=\"td_block_wrap td_block_7 td_block_widget tdi_28 td-pb-border-top td_block_template_1 td-column-1 td_block_padding\" data-td-block-uid=\"tdi_28\">\n<div class=\"td-block-title-wrap\">\n<h4 class=\"block-title td-block-title\"><span class=\"td-pulldown-size\">Articole RELA\u021aIONATE<\/span><\/h4>\n<\/div>\n<div id=\"tdi_28\" class=\"td_block_inner\">\n<div class=\"td-block-span12\">\n<div class=\"td_module_6 td_module_wrap td-animation-stack\">\n<div class=\"td-module-thumb\"><a href=\"https:\/\/r3media.ro\/la-multi-ani-timisoara\/\" rel=\"bookmark\" class=\"td-image-wrap \" title=\"La mul\u021bi ani, Timi\u0219oara!\"><img loading=\"lazy\" decoding=\"async\" class=\"entry-thumb\" src=\"https:\/\/r3media.ro\/wp-content\/uploads\/2026\/08\/Timisoara-980x581-1-100x70.jpg\" alt title=\"La mul\u021bi ani, Timi\u0219oara!\" width=\"100\" height=\"70\"><\/a><\/div>\n<div class=\"item-details\">\n<h3 class=\"entry-title td-module-title\"><a href=\"https:\/\/r3media.ro\/la-multi-ani-timisoara\/\" rel=\"bookmark\" title=\"La mul\u021bi ani, Timi\u0219oara!\">La mul\u021bi ani, Timi\u0219oara!<\/a><\/h3>\n<div class=\"td-module-meta-info\"><span class=\"td-post-date\"><time class=\"entry-date updated td-module-date\" datetime=\"2026-08-04T11:33:09+03:00\">04\/08\/2026<\/time><\/span><\/div>\n<\/div>\n<\/div>\n<\/div>\n<div class=\"td-block-span12\">\n<div class=\"td_module_6 td_module_wrap td-animation-stack\">\n<div class=\"td-module-thumb\"><a href=\"https:\/\/r3media.ro\/control-modele-inteligenta-artificiala-auto-programeaza-imbunatatesc-pe-cont-propriu\/\" rel=\"bookmark\" class=\"td-image-wrap \" title=\"Vom mai putea controla modelele de Inteligen\u021b\u0103 Artificial\u0103 care se auto-programeaz\u0103 \u015fi se \u00eembun\u0103t\u0103\u0163esc pe cont propriu?\"><img loading=\"lazy\" decoding=\"async\" class=\"entry-thumb\" src=\"https:\/\/r3media.ro\/wp-content\/uploads\/2023\/10\/AI-inteligenta-artificiala-1536x866-1-100x70.webp\" alt title=\"Vom mai putea controla modelele de Inteligen\u021b\u0103 Artificial\u0103 care se auto-programeaz\u0103 \u015fi se \u00eembun\u0103t\u0103\u0163esc pe cont propriu?\" width=\"100\" height=\"70\"><\/a><\/div>\n<div class=\"item-details\">\n<h3 class=\"entry-title td-module-title\"><a href=\"https:\/\/r3media.ro\/control-modele-inteligenta-artificiala-auto-programeaza-imbunatatesc-pe-cont-propriu\/\" rel=\"bookmark\" title=\"Vom mai putea controla modelele de Inteligen\u021b\u0103 Artificial\u0103 care se auto-programeaz\u0103 \u015fi se \u00eembun\u0103t\u0103\u0163esc pe cont propriu?\">Vom mai putea controla modelele de Inteligen\u021b\u0103 Artificial\u0103 care se auto-programeaz\u0103&#8230;<\/a><\/h3>\n<div class=\"td-module-meta-info\"><span class=\"td-post-date\"><time class=\"entry-date updated td-module-date\" datetime=\"2026-08-04T11:27:10+03:00\">04\/08\/2026<\/time><\/span><\/div>\n<\/div>\n<\/div>\n<\/div>\n<div class=\"td-block-span12\">\n<div class=\"td_module_6 td_module_wrap td-animation-stack\">\n<div class=\"td-module-thumb\"><a href=\"https:\/\/r3media.ro\/ministrul-interimar-aparare-partenerii-ucraineni-drone-constanta\/\" rel=\"bookmark\" class=\"td-image-wrap \" title=\"Ministrul interimar al Ap\u0103r\u0103rii: Cu tot respectul pentru partenerii ucrainieni, cu care avem o rela\u0163ie bun\u0103, astfel de drone n-au ce c\u0103uta la Constan\u021ba\"><img loading=\"lazy\" decoding=\"async\" class=\"entry-thumb\" src=\"https:\/\/r3media.ro\/wp-content\/uploads\/2026\/06\/explozie-drona-marina-constanta-100x70.png\" alt title=\"Ministrul interimar al Ap\u0103r\u0103rii: Cu tot respectul pentru partenerii ucrainieni, cu care avem o rela\u0163ie bun\u0103, astfel de drone n-au ce c\u0103uta la Constan\u021ba\" width=\"100\" height=\"70\"><\/a><\/div>\n<div class=\"item-details\">\n<h3 class=\"entry-title td-module-title\"><a href=\"https:\/\/r3media.ro\/ministrul-interimar-aparare-partenerii-ucraineni-drone-constanta\/\" rel=\"bookmark\" title=\"Ministrul interimar al Ap\u0103r\u0103rii: Cu tot respectul pentru partenerii ucrainieni, cu care avem o rela\u0163ie bun\u0103, astfel de drone n-au ce c\u0103uta la Constan\u021ba\">Ministrul interimar al Ap\u0103r\u0103rii: Cu tot respectul pentru partenerii ucrainieni, cu&#8230;<\/a><\/h3>\n<div class=\"td-module-meta-info\"><span class=\"td-post-date\"><time class=\"entry-date updated td-module-date\" datetime=\"2026-08-04T08:49:29+03:00\">04\/08\/2026<\/time><\/span><\/div>\n<\/div>\n<\/div>\n<\/div>\n<div class=\"td-block-span12\">\n<div class=\"td_module_6 td_module_wrap td-animation-stack\">\n<div class=\"td-module-thumb\"><a href=\"https:\/\/r3media.ro\/4-august-1919-armata-romana-budapesta\/\" rel=\"bookmark\" class=\"td-image-wrap \" title=\"Calendarul zilei: 4 august 1919, cucerirea Budapestei de c\u0103tre Armata Rom\u00e2n\u0103\"><img loading=\"lazy\" decoding=\"async\" class=\"entry-thumb\" src=\"https:\/\/r3media.ro\/wp-content\/uploads\/2021\/08\/armata-romana-in-budapesta-6-100x70.jpg\" alt title=\"Calendarul zilei: 4 august 1919, cucerirea Budapestei de c\u0103tre Armata Rom\u00e2n\u0103\" width=\"100\" height=\"70\"><\/a><\/div>\n<div class=\"item-details\">\n<h3 class=\"entry-title td-module-title\"><a href=\"https:\/\/r3media.ro\/4-august-1919-armata-romana-budapesta\/\" rel=\"bookmark\" title=\"Calendarul zilei: 4 august 1919, cucerirea Budapestei de c\u0103tre Armata Rom\u00e2n\u0103\">Calendarul zilei: 4 august 1919, cucerirea Budapestei de c\u0103tre Armata Rom\u00e2n\u0103<\/a><\/h3>\n<div class=\"td-module-meta-info\"><span class=\"td-post-date\"><time class=\"entry-date updated td-module-date\" datetime=\"2026-08-03T23:40:09+03:00\">03\/08\/2026<\/time><\/span><\/div>\n<\/div>\n<\/div>\n<\/div>\n<div class=\"td-block-span12\">\n<div class=\"td_module_6 td_module_wrap td-animation-stack\">\n<div class=\"td-module-thumb\"><a href=\"https:\/\/r3media.ro\/cand-incepe-scoala-in-2026-structura-an-nou-scolar\/\" rel=\"bookmark\" class=\"td-image-wrap \" title=\"C\u00e2nd \u00eencepe \u0219coala \u00een 2026: Structura noului an \u0219colar, vacan\u021bele \u0219i zilele libere\"><img loading=\"lazy\" decoding=\"async\" class=\"entry-thumb\" src=\"https:\/\/r3media.ro\/wp-content\/uploads\/2021\/08\/elevi-scoala-sondaj-100x70.jpg\" alt title=\"C\u00e2nd \u00eencepe \u0219coala \u00een 2026: Structura noului an \u0219colar, vacan\u021bele \u0219i zilele libere\" width=\"100\" height=\"70\"><\/a><\/div>\n<div class=\"item-details\">\n<h3 class=\"entry-title td-module-title\"><a href=\"https:\/\/r3media.ro\/cand-incepe-scoala-in-2026-structura-an-nou-scolar\/\" rel=\"bookmark\" title=\"C\u00e2nd \u00eencepe \u0219coala \u00een 2026: Structura noului an \u0219colar, vacan\u021bele \u0219i zilele libere\">C\u00e2nd \u00eencepe \u0219coala \u00een 2026: Structura noului an \u0219colar, vacan\u021bele \u0219i&#8230;<\/a><\/h3>\n<div class=\"td-module-meta-info\"><span class=\"td-post-date\"><time class=\"entry-date updated td-module-date\" datetime=\"2026-08-03T22:23:20+03:00\">03\/08\/2026<\/time><\/span><\/div>\n<\/div>\n<\/div>\n<\/div>\n<div class=\"td-block-span12\">\n<div class=\"td_module_6 td_module_wrap td-animation-stack\">\n<div class=\"td-module-thumb\"><a href=\"https:\/\/r3media.ro\/ministr-securitate-energetica-marea-britanie-subventii-net-zero-umfla-facturi-cetateni-energie\/\" rel=\"bookmark\" class=\"td-image-wrap \" title=\"Ministrul Securit\u0103\u021bii Energetice din Marea Britanie neag\u0103 faptul c\u0103 subven\u021biile Net Zero umfl\u0103 facturile cet\u0103\u021benilor la energie\"><img loading=\"lazy\" decoding=\"async\" class=\"entry-thumb\" src=\"https:\/\/r3media.ro\/wp-content\/uploads\/2026\/08\/stalpi-de-inalta-tensiune-100x70.jpg\" alt title=\"Ministrul Securit\u0103\u021bii Energetice din Marea Britanie neag\u0103 faptul c\u0103 subven\u021biile Net Zero umfl\u0103 facturile cet\u0103\u021benilor la energie\" width=\"100\" height=\"70\"><\/a><\/div>\n<div class=\"item-details\">\n<h3 class=\"entry-title td-module-title\"><a href=\"https:\/\/r3media.ro\/ministr-securitate-energetica-marea-britanie-subventii-net-zero-umfla-facturi-cetateni-energie\/\" rel=\"bookmark\" title=\"Ministrul Securit\u0103\u021bii Energetice din Marea Britanie neag\u0103 faptul c\u0103 subven\u021biile Net Zero umfl\u0103 facturile cet\u0103\u021benilor la energie\">Ministrul Securit\u0103\u021bii Energetice din Marea Britanie neag\u0103 faptul c\u0103 subven\u021biile Net&#8230;<\/a><\/h3>\n<div class=\"td-module-meta-info\"><span class=\"td-post-date\"><time class=\"entry-date updated td-module-date\" datetime=\"2026-08-03T17:19:39+03:00\">03\/08\/2026<\/time><\/span><\/div>\n<\/div>\n<\/div>\n<\/div>\n<div class=\"td-block-span12\">\n<div class=\"td_module_6 td_module_wrap td-animation-stack\">\n<div class=\"td-module-thumb\"><a href=\"https:\/\/r3media.ro\/tara-europa-norvegia-masini-electrice-inmatriculate-cota-ridicata\/\" rel=\"bookmark\" class=\"td-image-wrap \" title=\"\u021aara din Europa unde aproape toate ma\u0219inile \u00eenmatriculate sune electrice. Cota a ajuns la 97,6% \u00een iulie\"><img loading=\"lazy\" decoding=\"async\" class=\"entry-thumb\" src=\"https:\/\/r3media.ro\/wp-content\/uploads\/2026\/08\/masini-electrice-pe-strada-in-norvegia-100x70.jpg\" alt title=\"\u021aara din Europa unde aproape toate ma\u0219inile \u00eenmatriculate sune electrice. Cota a ajuns la 97,6% \u00een iulie\" width=\"100\" height=\"70\"><\/a><\/div>\n<div class=\"item-details\">\n<h3 class=\"entry-title td-module-title\"><a href=\"https:\/\/r3media.ro\/tara-europa-norvegia-masini-electrice-inmatriculate-cota-ridicata\/\" rel=\"bookmark\" title=\"\u021aara din Europa unde aproape toate ma\u0219inile \u00eenmatriculate sune electrice. Cota a ajuns la 97,6% \u00een iulie\">\u021aara din Europa unde aproape toate ma\u0219inile \u00eenmatriculate sune electrice. Cota&#8230;<\/a><\/h3>\n<div class=\"td-module-meta-info\"><span class=\"td-post-date\"><time class=\"entry-date updated td-module-date\" datetime=\"2026-08-03T17:01:21+03:00\">03\/08\/2026<\/time><\/span><\/div>\n<\/div>\n<\/div>\n<\/div>\n<\/div>\n<\/div>\n<aside class=\"td_block_template_1 widget widget_recent_comments\">\n<h4 class=\"block-title\"><span>INTR\u0102 \u00ceN DISCU\u021aIE!<\/span><\/h4>\n<ul id=\"recentcomments\">\n<li class=\"recentcomments\"><span class=\"comment-author-link\">Nicu<\/span> la <a href=\"https:\/\/r3media.ro\/ministr-securitate-energetica-marea-britanie-subventii-net-zero-umfla-facturi-cetateni-energie\/#comment-40348\">Ministrul Securit\u0103\u021bii Energetice din Marea Britanie neag\u0103 faptul c\u0103 subven\u021biile Net Zero umfl\u0103 facturile cet\u0103\u021benilor la energie<\/a><\/li>\n<li class=\"recentcomments\"><span class=\"comment-author-link\">Nicu<\/span> la <a href=\"https:\/\/r3media.ro\/sursa-crizei-energetice-radu-miruta-romania-capacitati-carbune-seceta\/#comment-40347\">Sursa crizei energetice. Ministrul Radu Miru\u021b\u0103: Rom\u00e2nia a \u00eenchis capacit\u0103\u021bi de produc\u021bie pe carbune f\u0103r\u0103 s\u0103 pun\u0103 nimic \u00een loc. Nu te po\u021bi ascunde \u00een spatele secetei<\/a><\/li>\n<li class=\"recentcomments\"><span class=\"comment-author-link\">Gavril\u0103 Moldovan<\/span> la <a href=\"https:\/\/r3media.ro\/prima-oara-istorie-presedintia-document-primplan-patriotism-european\/#comment-40346\">Pentru prima oar\u0103 \u00een istorie, Pre\u0219edin\u021bia Rom\u00e2niei emite un document care pune pe primul plan o alt\u0103 entitate dec\u00e2t \u021bara noastr\u0103: patriotismul european<\/a><\/li>\n<li class=\"recentcomments\"><span class=\"comment-author-link\">Redac\u021bia<\/span> la <a href=\"https:\/\/r3media.ro\/statul-roman-a-semnat-actul-propriei-disparitii\/#comment-40345\">Statul rom\u00e2n a semnat actul propriei dispari\u021bii?<\/a><\/li>\n<li class=\"recentcomments\"><span class=\"comment-author-link\">Cet\u0103\u021bean<\/span> la <a href=\"https:\/\/r3media.ro\/sursa-crizei-energetice-radu-miruta-romania-capacitati-carbune-seceta\/#comment-40344\">Sursa crizei energetice. Ministrul Radu Miru\u021b\u0103: Rom\u00e2nia a \u00eenchis capacit\u0103\u021bi de produc\u021bie pe carbune f\u0103r\u0103 s\u0103 pun\u0103 nimic \u00een loc. Nu te po\u021bi ascunde \u00een spatele secetei<\/a><\/li>\n<li class=\"recentcomments\"><span class=\"comment-author-link\"><a href=\"https:\/\/r3media.ro\/statul-roman-a-semnat-actul-propriei-disparitii\/\" class=\"url\" rel=\"ugc\">Stalin<\/a><\/span> la <a href=\"https:\/\/r3media.ro\/statul-roman-a-semnat-actul-propriei-disparitii\/#comment-40343\">Statul rom\u00e2n a semnat actul propriei dispari\u021bii?<\/a><\/li>\n<li class=\"recentcomments\"><span class=\"comment-author-link\">B<\/span> la <a href=\"https:\/\/r3media.ro\/dragostea-care-transcende-epoci-descult-in-parc-1967\/#comment-40342\">Dragostea care transcende epoci \u2014 Descul\u021b \u00een parc (1967)<\/a><\/li>\n<\/ul>\n<\/aside>\n<aside class=\"td_block_template_1 widget widget_search\">\n<h4 class=\"block-title\"><span>CAUT\u0102 \u0218I VEI G\u0102SI<\/span><\/h4>\n<\/aside>\n<\/div>\n<\/div>\n<\/div>\n<\/div>\n<\/div>\n<\/div>\n<\/div>\n<p><span class=\"td-page-meta\"><\/span><span class=\"td-page-meta\"><span class=\"td-page-meta\"><\/span><\/span><span class=\"td-page-meta\"><\/span><\/article>\n<\/p>\n<div class=\"td_block_wrap tdb_single_content tdi_18 td-pb-border-top r3-post-content-v td_block_template_1 td-post-content tagdiv-type\" data-td-block-uid=\"tdi_18\">\n<div class=\"tdb-block-inner td-fix-index\">\n<p><strong>Cei \u0219apte tineri din Efes, pomeni\u021bi pe 4 august sunt: Maximilian, Exacustodian, Iamvlih, Martinian, Dionisie, Ioan \u0219i Constantin. Ei au fost osta\u0219i pe vremea \u00eemp\u0103ratului Deciu, \u00eentre anii 249-251.<\/strong><\/p>\n<p>Sfin\u021bii \u0218apte tineri din Efes au refuzat s\u0103 ia parte la un festival p\u0103g\u00e2n \u0219i au ales s\u0103 se roage la Dumnezeu pentru cre\u0219tinii care erau tortura\u021bi \u00een urma credin\u021bei lor. C\u00e2nd s-a aflat despre ceea ce au f\u0103cut \u0219i cine sunt ei de fapt, ace\u0219tia au ales s\u0103 se ascund\u0103 \u00eentr-o pe\u0219ter\u0103.<\/p>\n<p>\u00cemp\u0103ratul Deciu a poruncit ca pe\u0219tera s\u0103 fie zidit\u0103 pentru ca cei \u0219apte tineri din Efes s\u0103 nu aib\u0103 acces la m\u00e2ncare \u0219i la aer \u0219i s\u0103 moar\u0103. Cu toate acestea, Dumnezeu a avut grij\u0103 de ei \u0219i le-a oferit acestora somn timp de 200 de ani.<\/p>\n<p>Doi cre\u0219tini, pe nume Teodor \u0219i Rufin, au vrut ca faptele Sfin\u021bilor din Efes s\u0103 fie cunoscute de cei care vor veni din urm\u0103. Teodor \u0219i Rufin au scris pe dou\u0103 table din plumb parcursul \u00eentreg din via\u021ba sfin\u021bilor \u0219i le-au pus l\u00e2ng\u0103 pietrele de la intrarea din pe\u0219ter\u0103.<\/p>\n<p>Se spune c\u0103 pe vremea \u00eemp\u0103ratului Teodosie a avut loc \u00eenvierea acestora. Ni\u0219te pastori ar fi luat piatra care se afla la intrarea \u00een pe\u0219ter\u0103 pentru a o folosi la staulul oilor.<\/p>\n<p>Acesta a fost momentul \u00een care cei \u0219apte tineri din Efes s-au trezit din somn dup\u0103 sute de ani. A fost minunea care i-a ajutat pe oameni s\u0103 cread\u0103 mai mult \u00een minunea \u00cenvierii.<\/p>\n<p>Dup\u0103 o s\u0103pt\u0103m\u00e2na de la trezirea lor, cei Sfin\u021bii \u0219apte tineri din Efes au trecut pe lumea cealalt\u0103.<\/p>\n<p>Cu toate c\u0103 \u00eemp\u0103ratul Teodosie a dorit s\u0103 pun\u0103 trupurile Sfin\u021bilor din Efes \u00een racle de aur, ace\u0219tia au cerut s\u0103 fie l\u0103sa\u021bi \u00een pe\u0219tera unde au stat sute de ani.<\/p>\n<div class=\"crp_related     crp-masonry\">\n<h2>\u00ceN CONTEXT<\/h2>\n<ul>\n<li><a href=\"https:\/\/r3media.ro\/calendarul-zilei-4-ianuarie-soborul-sfintilor-70-de-apostoli\/\" class=\"crp_link post-34856\"><span class=\"crp_title\">Calendarul zilei 4 ianuarie: Soborul Sfin\u021bilor 70 de apostoli<\/span><\/a><\/li>\n<li><a href=\"https:\/\/r3media.ro\/calendarul-zilei-7-ianuarie-sfantul-ioan-botezatorul-craciunul-pe-calendarul-vechi\/\" class=\"crp_link post-10400\"><span class=\"crp_title\">Calendarul zilei 7 ianuarie: Sf\u00e2ntul Ioan Botez\u0103torul. Cr\u0103ciunul pe calendarul vechi<\/span><\/a><\/li>\n<li><a href=\"https:\/\/r3media.ro\/calendarul-zilei-1-iunie-sf-iustin-martirul-si-filosoful\/\" class=\"crp_link post-21625\"><span class=\"crp_title\">Calendarul zilei 1 iunie: Sf. Iustin Martirul \u0219i Filosoful<\/span><\/a><\/li>\n<li><a href=\"https:\/\/r3media.ro\/3-august-iraclie-basarabia-sfintii-isaachie-dalmat-si-faust\/\" class=\"crp_link post-78476\"><span class=\"crp_title\">Calendarul zilei 3 august: Sf.Iraclie din Basarabia. Sfin\u021bii Isaachie, Dalmat \u0219i Faust<\/span><\/a><\/li>\n<li><a href=\"https:\/\/r3media.ro\/calendarul-zilei-4-aprilie-1944-cea-mai-neagra-zi-a-capitalei-2942-de-bucuresteni-ucisi-de-bombardamentele-americane-aviatorii-care-au-adus-moartea-au-monumente-romanii\/\" class=\"crp_link post-17571\"><span class=\"crp_title\">Calendarul zilei | 4 aprilie 1944, cea mai neagr\u0103 zi a Capitalei: 2942 de bucure\u0219teni uci\u0219i\u2026<\/span><\/a><\/li>\n<li><a href=\"https:\/\/r3media.ro\/calendarul-zilei-8-august-1917-incepe-marea-batalie-de-la-oituz-din-primul-razboi-mondial\/\" class=\"crp_link post-25646\"><span class=\"crp_title\">Calendarul zilei | 8 august 1917: \u00cencepe marea b\u0103t\u0103lie de la Oituz, din Primul R\u0103zboi Mondial<\/span><\/a><\/li>\n<li><a href=\"https:\/\/r3media.ro\/calendarul-zilei-23-august-1944-romania-iese-din-alianta-cu-germania-nazista-maresalul-antonescu-este-arestat-23-august-1939-semnarea-pactului-ribbentrop-molotov\/\" class=\"crp_link post-26515\"><span class=\"crp_title\">Calendarul zilei: 23 august 1944, Rom\u00e2nia iese din alian\u021ba cu Germania nazist\u0103. Mare\u0219alul\u2026<\/span><\/a><\/li>\n<li><a href=\"https:\/\/r3media.ro\/calendarul-zilei-22-iunie-sf-ierarh-grigorie-dascalul-mitropolitul-tarii-romanesti-sf-sfintit-mc-eusebiu-episcopul-samosatei\/\" class=\"crp_link post-48963\"><span class=\"crp_title\">Calendarul zilei 22 iunie: Sf. Ierarh Grigorie Dasc\u0103lul, Mitropolitul \u021a\u0103rii Rom\u00e2ne\u0219ti; Sf.\u2026<\/span><\/a><\/li>\n<\/ul>\n<\/div>\n<\/div>\n<\/div>\n<p>[analyse_source url=&#8221;https:\/\/r3media.ro\/4-august-cei-sapte-tineri-din-efes\/&#8221;]<\/p>\n","protected":false},"excerpt":{"rendered":"<p>[analyse_image type=&#8221;featured&#8221; src=&#8221;https:\/\/r3media.ro\/wp-content\/uploads\/2022\/08\/cei-7-tineri-efes.jpghttps:\/\/r3media.ro\/wp-content\/uploads\/2022\/08\/cei-7-tineri-efes.jpg&#8221;] PRIM PLANCalendarul zilei 4 august: Cei \u0219apte tineri din Efes PRIM PLAN\u0218TIRI Calendarul zilei 4 august: Cei \u0219apte tineri din Efes Redac\u021bia 03\/08\/2026 Cei \u0219apte tineri din Efes, pomeni\u021bi pe 4 august sunt: Maximilian, Exacustodian, Iamvlih, Martinian, Dionisie, Ioan \u0219i Constantin. Ei au fost osta\u0219i pe vremea \u00eemp\u0103ratului Deciu, \u00eentre anii 249-251. [&hellip;]<\/p>\n","protected":false},"author":1,"featured_media":0,"comment_status":"open","ping_status":"","sticky":false,"template":"","format":"standard","meta":{"footnotes":""},"categories":[89],"tags":[226,93],"class_list":["post-2076640","post","type-post","status-publish","format-standard","hentry","category-romania","tag-crawlmanager","tag-r3media-ro"],"_links":{"self":[{"href":"https:\/\/analyse.optim.biz\/index.php?rest_route=\/wp\/v2\/posts\/2076640","targetHints":{"allow":["GET"]}}],"collection":[{"href":"https:\/\/analyse.optim.biz\/index.php?rest_route=\/wp\/v2\/posts"}],"about":[{"href":"https:\/\/analyse.optim.biz\/index.php?rest_route=\/wp\/v2\/types\/post"}],"author":[{"embeddable":true,"href":"https:\/\/analyse.optim.biz\/index.php?rest_route=\/wp\/v2\/users\/1"}],"replies":[{"embeddable":true,"href":"https:\/\/analyse.optim.biz\/index.php?rest_route=%2Fwp%2Fv2%2Fcomments&post=2076640"}],"version-history":[{"count":0,"href":"https:\/\/analyse.optim.biz\/index.php?rest_route=\/wp\/v2\/posts\/2076640\/revisions"}],"wp:attachment":[{"href":"https:\/\/analyse.optim.biz\/index.php?rest_route=%2Fwp%2Fv2%2Fmedia&parent=2076640"}],"wp:term":[{"taxonomy":"category","embeddable":true,"href":"https:\/\/analyse.optim.biz\/index.php?rest_route=%2Fwp%2Fv2%2Fcategories&post=2076640"},{"taxonomy":"post_tag","embeddable":true,"href":"https:\/\/analyse.optim.biz\/index.php?rest_route=%2Fwp%2Fv2%2Ftags&post=2076640"}],"curies":[{"name":"wp","href":"https:\/\/api.w.org\/{rel}","templated":true}]}}