{"id":2076615,"date":"2026-08-03T16:55:58","date_gmt":"2026-08-03T13:55:58","guid":{"rendered":"https:\/\/analyse.optim.biz\/?p=2076615"},"modified":"2026-08-03T16:55:58","modified_gmt":"2026-08-03T13:55:58","slug":"transbus-ajunge-in-orizont-si-titulescu-doua-trasee-noi-de-transport-public-pregatite-la-buzau","status":"publish","type":"post","link":"https:\/\/analyse.optim.biz\/?p=2076615","title":{"rendered":"TransBus ajunge \u00een Orizont \u0219i Titulescu. Dou\u0103 trasee noi de transport public, preg\u0103tite la Buz\u0103u"},"content":{"rendered":"<p>[analyse_image type=&#8221;featured&#8221; src=&#8221;https:\/\/gazetabuzoiana.ro\/wp-content\/uploads\/2024\/08\/autobuze-transbus-2-site.webp&#8221;]<\/p>\n<div class=\"entry-content entry clearfix\">\n<p class=\"wp-block-paragraph\">Re\u021beaua de transport public din municipiul Buz\u0103u urmeaz\u0103 s\u0103 fie extins\u0103 cu dou\u0103 noi trasee, care vor permite autobuzelor TransBus s\u0103 ajung\u0103 \u0219i \u00een cartierele Orizont \u0219i Titulescu.<\/p>\n<p class=\"wp-block-paragraph\">Noile rute vor fi operate cu microbuze electrice achizi\u021bionate de municipalitate \u0219i sunt g\u00e2ndite pentru a asigura leg\u0103tura locuitorilor din cele dou\u0103 zone cu restul ora\u0219ului. P\u00e2n\u0103 acum, accesul direct la transportul public a fost mai dificil \u00een anumite puncte ale celor dou\u0103 cartiere, \u00een special din cauza configura\u021biei str\u0103zilor.<\/p>\n<p class=\"wp-block-paragraph\">Introducerea vehiculelor de dimensiuni mai mici permite TransBus s\u0103 intre pe str\u0103zi unde circula\u021bia autobuzelor clasice este dificil\u0103.<\/p>\n<p class=\"wp-block-paragraph\">Potrivit informa\u021biilor publicate de Campus Buz\u0103u, Prim\u0103ria Buz\u0103u preg\u0103te\u0219te darea \u00een folosin\u021b\u0103 a celor dou\u0103 trasee, acestea urm\u00e2nd s\u0103 fie deservite de microbuzele electrice din lotul achizi\u021bionat pentru extinderea \u0219i modernizarea transportului public local.<\/p>\n<p class=\"wp-block-paragraph\">Prin introducerea noilor rute, locuitorii din Orizont \u0219i Titulescu vor avea acces mai u\u0219or la re\u021beaua TransBus, f\u0103r\u0103 s\u0103 mai fie nevoi\u021bi s\u0103 parcurg\u0103 distan\u021be mari p\u00e2n\u0103 la sta\u021biile aflate pe arterele principale.<\/p>\n<p class=\"wp-block-paragraph\">Detaliile privind traseele exacte, sta\u021biile \u0219i programul de circula\u021bie urmeaz\u0103 s\u0103 fie stabilite odat\u0103 cu punerea efectiv\u0103 \u00een func\u021biune a noilor linii.<\/p>\n<div class=\"post-bottom-meta post-bottom-tags post-tags-modern\">\n<div class=\"post-bottom-meta-title\"> Etichete<\/div>\n<p><span class=\"tagcloud\"><a href=\"https:\/\/gazetabuzoiana.ro\/tag\/buzau-2\/\" rel=\"tag\">Buz\u0103u<\/a><a href=\"https:\/\/gazetabuzoiana.ro\/tag\/cartierul-orizont\/\" rel=\"tag\">Cartierul Orizont<\/a><a href=\"https:\/\/gazetabuzoiana.ro\/tag\/cartierul-titulescu\/\" rel=\"tag\">cartierul Titulescu<\/a><a href=\"https:\/\/gazetabuzoiana.ro\/tag\/microbuze-electrice\/\" rel=\"tag\">microbuze electrice<\/a><a href=\"https:\/\/gazetabuzoiana.ro\/tag\/primaria-buzau\/\" rel=\"tag\">Prim\u0103ria Buz\u0103u<\/a><a href=\"https:\/\/gazetabuzoiana.ro\/tag\/transbus\/\" rel=\"tag\">Transbus<\/a><a href=\"https:\/\/gazetabuzoiana.ro\/tag\/transbus-buzau\/\" rel=\"tag\">TransBus Buz\u0103u<\/a><a href=\"https:\/\/gazetabuzoiana.ro\/tag\/transport-in-comun\/\" rel=\"tag\">transport \u00een comun<\/a><a href=\"https:\/\/gazetabuzoiana.ro\/tag\/transport-public-buzau\/\" rel=\"tag\">transport public Buz\u0103u<\/a><a href=\"https:\/\/gazetabuzoiana.ro\/tag\/trasee-noi-transbus\/\" rel=\"tag\">trasee noi TransBus<\/a><\/span><\/div>\n<\/div>\n<p>[analyse_source url=&#8221;https:\/\/gazetabuzoiana.ro\/2026\/08\/03\/transbus-ajunge-in-orizont-si-titulescu-doua-trasee-noi-de-transport-public-pregatite-la-buzau\/&#8221;]<\/p>\n","protected":false},"excerpt":{"rendered":"<p>[analyse_image type=&#8221;featured&#8221; src=&#8221;https:\/\/gazetabuzoiana.ro\/wp-content\/uploads\/2024\/08\/autobuze-transbus-2-site.webp&#8221;] Re\u021beaua de transport public din municipiul Buz\u0103u urmeaz\u0103 s\u0103 fie extins\u0103 cu dou\u0103 noi trasee, care vor permite autobuzelor TransBus s\u0103 ajung\u0103 \u0219i \u00een cartierele Orizont \u0219i Titulescu. Noile rute vor fi operate cu microbuze electrice achizi\u021bionate de municipalitate \u0219i sunt g\u00e2ndite pentru a asigura leg\u0103tura locuitorilor din cele dou\u0103 zone cu [&hellip;]<\/p>\n","protected":false},"author":1,"featured_media":0,"comment_status":"open","ping_status":"","sticky":false,"template":"","format":"standard","meta":{"footnotes":""},"categories":[2],"tags":[226,38],"class_list":["post-2076615","post","type-post","status-publish","format-standard","hentry","category-politics","tag-crawlmanager","tag-gazetabuzoiana-ro"],"_links":{"self":[{"href":"https:\/\/analyse.optim.biz\/index.php?rest_route=\/wp\/v2\/posts\/2076615","targetHints":{"allow":["GET"]}}],"collection":[{"href":"https:\/\/analyse.optim.biz\/index.php?rest_route=\/wp\/v2\/posts"}],"about":[{"href":"https:\/\/analyse.optim.biz\/index.php?rest_route=\/wp\/v2\/types\/post"}],"author":[{"embeddable":true,"href":"https:\/\/analyse.optim.biz\/index.php?rest_route=\/wp\/v2\/users\/1"}],"replies":[{"embeddable":true,"href":"https:\/\/analyse.optim.biz\/index.php?rest_route=%2Fwp%2Fv2%2Fcomments&post=2076615"}],"version-history":[{"count":0,"href":"https:\/\/analyse.optim.biz\/index.php?rest_route=\/wp\/v2\/posts\/2076615\/revisions"}],"wp:attachment":[{"href":"https:\/\/analyse.optim.biz\/index.php?rest_route=%2Fwp%2Fv2%2Fmedia&parent=2076615"}],"wp:term":[{"taxonomy":"category","embeddable":true,"href":"https:\/\/analyse.optim.biz\/index.php?rest_route=%2Fwp%2Fv2%2Fcategories&post=2076615"},{"taxonomy":"post_tag","embeddable":true,"href":"https:\/\/analyse.optim.biz\/index.php?rest_route=%2Fwp%2Fv2%2Ftags&post=2076615"}],"curies":[{"name":"wp","href":"https:\/\/api.w.org\/{rel}","templated":true}]}}