{"id":2076613,"date":"2026-08-03T13:49:22","date_gmt":"2026-08-03T10:49:22","guid":{"rendered":"https:\/\/analyse.optim.biz\/?p=2076613"},"modified":"2026-08-03T13:49:22","modified_gmt":"2026-08-03T10:49:22","slug":"la-13-ani-la-volanul-unui-mercedes-prin-ramnicu-sarat-a-luat-masina-bunicii-fara-permisiune-si-a-plecat-prin-oras","status":"publish","type":"post","link":"https:\/\/analyse.optim.biz\/?p=2076613","title":{"rendered":"La 13 ani, la volanul unui Mercedes prin R\u00e2mnicu S\u0103rat. A luat ma\u0219ina bunicii f\u0103r\u0103 permisiune \u0219i a plecat prin ora\u0219"},"content":{"rendered":"<p>[analyse_image type=&#8221;featured&#8221; src=&#8221;https:\/\/gazetabuzoiana.ro\/wp-content\/uploads\/2026\/08\/13-ani.png&#8221;]<\/p>\n<div class=\"entry-content entry clearfix\">\n<p class=\"wp-block-paragraph\">Un caz mai pu\u021bin obi\u0219nuit a ajuns \u00een aten\u021bia poli\u021bi\u0219tilor din R\u00e2mnicu S\u0103rat. Un copil de numai 13 ani a fost prins conduc\u00e2nd un Mercedes pe str\u0103zile municipiului, dup\u0103 ce ar fi luat cheile ma\u0219inii bunicii sale f\u0103r\u0103 permisiunea acesteia \u0219i ar fi plecat la plimbare.<\/p>\n<p class=\"wp-block-paragraph\">Totul s-a \u00eent\u00e2mplat pe 31 iulie, \u00een timpul unei ac\u021biuni desf\u0103\u0219urate de poli\u021bi\u0219ti \u00een trafic.<\/p>\n<p class=\"wp-block-paragraph\">Potrivit informa\u021biilor publicate de \u0218ansa News, minorul ar fi reu\u0219it s\u0103 parcurg\u0103 aproape doi kilometri cu autoturismul \u0219i a fost observat \u00een timp ce circula pe strada C\u00e2ineni. Aten\u021bia poli\u021bi\u0219tilor ar fi fost atras\u0103 at\u00e2t de silueta neobi\u0219nuit de scund\u0103 a celui aflat la volan, c\u00e2t \u0219i de modul \u00een care ma\u0219ina se deplasa.<\/p>\n<p class=\"wp-block-paragraph\">Oamenii legii au oprit autoturismul, iar surpriza a venit imediat: \u0219oferul era un copil de 13 ani.<\/p>\n<p class=\"wp-block-paragraph\">Verific\u0103rile f\u0103cute ulterior au ar\u0103tat \u0219i cum ajunsese acesta la volan. B\u0103iatul ar fi luat cheile autoturismului f\u0103r\u0103 acordul bunicii \u0219i ar fi plecat singur cu ma\u0219ina.<\/p>\n<p class=\"wp-block-paragraph\">\u201ePoli\u021bi\u0219tii au depistat un minor de 13 ani, \u00een timp ce conducea un autoturism pe o strad\u0103 din localitatea de domiciliu. Din verific\u0103ri a reie\u0219it c\u0103 acesta ar fi luat cheile ma\u0219inii, f\u0103r\u0103 \u00eencuviin\u021barea bunicii \u0219i ar fi plecat cu autoturismul\u201d, a transmis IPJ Buz\u0103u.<\/p>\n<p class=\"wp-block-paragraph\">Din fericire, aventura copilului s-a \u00eencheiat \u00eenainte de producerea unui accident.<\/p>\n<p class=\"wp-block-paragraph\">Poli\u021bi\u0219tii au deschis dosar penal \u0219i continu\u0103 cercet\u0103rile sub aspectul s\u0103v\u00e2r\u0219irii infrac\u021biunilor de conducere a unui autovehicul f\u0103r\u0103 permis de conducere \u0219i furt \u00een scop de folosin\u021b\u0103.<\/p>\n<p class=\"wp-block-paragraph\">Cazul este cu at\u00e2t mai neobi\u0219nuit cu c\u00e2t vorbim despre un copil care, la doar 13 ani, a reu\u0219it s\u0103 ia ma\u0219ina din familie, s\u0103 o porneasc\u0103 \u0219i s\u0103 circule cu ea pe str\u0103zile unui municipiu p\u00e2n\u0103 c\u00e2nd a fost observat de poli\u021bi\u0219ti.<\/p>\n<div class=\"post-bottom-meta post-bottom-tags post-tags-modern\">\n<div class=\"post-bottom-meta-title\"> Etichete<\/div>\n<p><span class=\"tagcloud\"><a href=\"https:\/\/gazetabuzoiana.ro\/tag\/autoturism-furat\/\" rel=\"tag\">autoturism furat<\/a><a href=\"https:\/\/gazetabuzoiana.ro\/tag\/buzau-2\/\" rel=\"tag\">Buz\u0103u<\/a><a href=\"https:\/\/gazetabuzoiana.ro\/tag\/conducere-fara-permis\/\" rel=\"tag\">conducere f\u0103r\u0103 permis<\/a><a href=\"https:\/\/gazetabuzoiana.ro\/tag\/copil-de-13-ani\/\" rel=\"tag\">copil de 13 ani<\/a><a href=\"https:\/\/gazetabuzoiana.ro\/tag\/dosar-penal\/\" rel=\"tag\">dosar penal<\/a><a href=\"https:\/\/gazetabuzoiana.ro\/tag\/furt-in-scop-de-folosinta\/\" rel=\"tag\">furt \u00een scop de folosin\u021b\u0103<\/a><a href=\"https:\/\/gazetabuzoiana.ro\/tag\/ipj-buzau-2\/\" rel=\"tag\">IPJ Buz\u0103u<\/a><a href=\"https:\/\/gazetabuzoiana.ro\/tag\/masina-bunicii\/\" rel=\"tag\">ma\u0219ina bunicii<\/a><a href=\"https:\/\/gazetabuzoiana.ro\/tag\/mercedes\/\" rel=\"tag\">Mercedes<\/a><a href=\"https:\/\/gazetabuzoiana.ro\/tag\/minor-la-volan\/\" rel=\"tag\">minor la volan<\/a><a href=\"https:\/\/gazetabuzoiana.ro\/tag\/politia-ramnicu-sarat\/\" rel=\"tag\">Poli\u021bia R\u00e2mnicu S\u0103rat<\/a><a href=\"https:\/\/gazetabuzoiana.ro\/tag\/ramnicu-sarat\/\" rel=\"tag\">r\u00e2mnicu s\u0103rat<\/a><a href=\"https:\/\/gazetabuzoiana.ro\/tag\/stiri-buzau-2\/\" rel=\"tag\">\u0219tiri Buz\u0103u<\/a><\/span><\/div>\n<\/div>\n<p>[analyse_source url=&#8221;https:\/\/gazetabuzoiana.ro\/2026\/08\/03\/la-13-ani-la-volanul-unui-mercedes-prin-ramnicu-sarat-a-luat-masina-bunicii-fara-permisiune-si-a-plecat-prin-oras\/&#8221;]<\/p>\n","protected":false},"excerpt":{"rendered":"<p>[analyse_image type=&#8221;featured&#8221; src=&#8221;https:\/\/gazetabuzoiana.ro\/wp-content\/uploads\/2026\/08\/13-ani.png&#8221;] Un caz mai pu\u021bin obi\u0219nuit a ajuns \u00een aten\u021bia poli\u021bi\u0219tilor din R\u00e2mnicu S\u0103rat. Un copil de numai 13 ani a fost prins conduc\u00e2nd un Mercedes pe str\u0103zile municipiului, dup\u0103 ce ar fi luat cheile ma\u0219inii bunicii sale f\u0103r\u0103 permisiunea acesteia \u0219i ar fi plecat la plimbare. Totul s-a \u00eent\u00e2mplat pe 31 iulie, [&hellip;]<\/p>\n","protected":false},"author":1,"featured_media":0,"comment_status":"open","ping_status":"","sticky":false,"template":"","format":"standard","meta":{"footnotes":""},"categories":[2],"tags":[226,38],"class_list":["post-2076613","post","type-post","status-publish","format-standard","hentry","category-politics","tag-crawlmanager","tag-gazetabuzoiana-ro"],"_links":{"self":[{"href":"https:\/\/analyse.optim.biz\/index.php?rest_route=\/wp\/v2\/posts\/2076613","targetHints":{"allow":["GET"]}}],"collection":[{"href":"https:\/\/analyse.optim.biz\/index.php?rest_route=\/wp\/v2\/posts"}],"about":[{"href":"https:\/\/analyse.optim.biz\/index.php?rest_route=\/wp\/v2\/types\/post"}],"author":[{"embeddable":true,"href":"https:\/\/analyse.optim.biz\/index.php?rest_route=\/wp\/v2\/users\/1"}],"replies":[{"embeddable":true,"href":"https:\/\/analyse.optim.biz\/index.php?rest_route=%2Fwp%2Fv2%2Fcomments&post=2076613"}],"version-history":[{"count":0,"href":"https:\/\/analyse.optim.biz\/index.php?rest_route=\/wp\/v2\/posts\/2076613\/revisions"}],"wp:attachment":[{"href":"https:\/\/analyse.optim.biz\/index.php?rest_route=%2Fwp%2Fv2%2Fmedia&parent=2076613"}],"wp:term":[{"taxonomy":"category","embeddable":true,"href":"https:\/\/analyse.optim.biz\/index.php?rest_route=%2Fwp%2Fv2%2Fcategories&post=2076613"},{"taxonomy":"post_tag","embeddable":true,"href":"https:\/\/analyse.optim.biz\/index.php?rest_route=%2Fwp%2Fv2%2Ftags&post=2076613"}],"curies":[{"name":"wp","href":"https:\/\/api.w.org\/{rel}","templated":true}]}}