{"id":2076611,"date":"2026-08-03T08:24:07","date_gmt":"2026-08-03T05:24:07","guid":{"rendered":"https:\/\/analyse.optim.biz\/?p=2076611"},"modified":"2026-08-03T08:24:07","modified_gmt":"2026-08-03T05:24:07","slug":"video-la-trei-ani-dupa-ce-a-costat-peste-5-milioane-de-euro-parcul-tineretului-si-a-gasit-in-sfarsit-utilitatea","status":"publish","type":"post","link":"https:\/\/analyse.optim.biz\/?p=2076611","title":{"rendered":"VIDEO | La trei ani dup\u0103 ce a costat peste 5 milioane de euro, Parcul Tineretului \u0219i-a g\u0103sit, \u00een sf\u00e2r\u0219it, utilitatea"},"content":{"rendered":"<p>[analyse_image type=&#8221;featured&#8221; src=&#8221;https:\/\/gazetabuzoiana.ro\/wp-content\/uploads\/2026\/08\/parc-extindere.jpg&#8221;]<\/p>\n<div class=\"entry-content entry clearfix\">\n<p class=\"wp-block-paragraph\">Nu dou\u0103-trei fire r\u0103t\u0103cite pe l\u00e2ng\u0103 o alee, ci ditamai peticul de floarea-soarelui crescut \u00een mijlocul spa\u021biului verde al celebrei \u201egr\u0103dini urbane\u201d.<\/p>\n<p class=\"wp-block-paragraph\">Descoperirea a f\u0103cut-o zilele trecute buzoianul Gabriel Alexe, care a ie\u0219it cu bicicleta prin Parcul Tineretului \u0219i a filmat ce a g\u0103sit.<\/p>\n<p class=\"wp-block-paragraph\"><strong><mark class=\"has-inline-color has-vivid-red-color\">\u201eVede\u021bi ce v\u0103d \u0219i eu? Haide\u021bi c\u0103, \u00eentr-un final, i-au g\u0103sit utilitate parcului \u0103sta, extinderea. [\u2026] Au plantat floarea-soarelui\u201d<\/mark><\/strong>, spune acesta, amuzat.<\/p>\n<p class=\"wp-block-paragraph\">\u0218i, \u00eentr-adev\u0103r, imaginile sunt greu de comentat.<\/p>\n<p class=\"wp-block-paragraph\">\u00cen urm\u0103 cu trei ani, presa care prezenta investi\u021bia Prim\u0103riei vorbea despre o \u201egr\u0103din\u0103 urban\u0103\u201d inspirat\u0103 din marile ora\u0219e europene. Bursa Construc\u021biilor titra, \u00een octombrie 2023, <strong><mark class=\"has-inline-color has-vivid-red-color\">\u201eBuz\u0103u: O suprafa\u021b\u0103 de peste 7 hectare de teren, transformat\u0103 \u00eentr-o gr\u0103din\u0103 urban\u0103\u201d<\/mark><\/strong>.<\/p>\n<p class=\"wp-block-paragraph\">Mai aflam atunci c\u0103 noul parc devenise<strong><mark class=\"has-inline-color has-vivid-red-color\"> \u201ecel mai aglomerat loc de joac\u0103 \u0219i cel mai apreciat loc de promenad\u0103 din municipiul Buz\u0103u\u201d.<\/mark><\/strong><\/p>\n<p class=\"wp-block-paragraph\">Investi\u021bia dep\u0103\u0219ise 5 milioane de euro, bani proveni\u021bi \u00een cea mai mare parte din fonduri europene, iar aproximativ 80% din cele 7,4 hectare erau destinate spa\u021biului verde.<\/p>\n<p class=\"wp-block-paragraph\">Numai c\u0103 nu trebuia s\u0103 fie orice fel de spa\u021biu verde.<\/p>\n<p class=\"wp-block-paragraph\">Ni se explica faptul c\u0103 la Buz\u0103u se aplicase un concept modern, \u00eent\u00e2lnit prin marile ora\u0219e europene, cu plante perene, flori de c\u00e2mp, lavand\u0103, mu\u0219e\u021bel, arbori \u0219i arbu\u0219ti. Prim\u0103ria nu f\u0103cuse un parc oarecare. F\u0103cuse o \u201egr\u0103din\u0103 urban\u0103\u201d.<\/p>\n<p class=\"wp-block-paragraph\">Probabil c\u0103 floarea-soarelui este contribu\u021bia buzoian\u0103 la concept. A\u0219a pare.<\/p>\n<p class=\"wp-block-paragraph\">Dac\u0103 lucrurile continu\u0103 \u00een aceea\u0219i direc\u021bie, r\u0103m\u00e2ne doar s\u0103 vedem ce cultur\u0103 va ocupa restul terenului. Porumbul ar merge bine \u00eentr-o parte, ni\u0219te gr\u00e2u \u00een cealalt\u0103 \u0219i, cu pu\u021bin\u0103 ambi\u021bie, investi\u021bia de peste 5 milioane de euro poate intra direct \u00een circuitul agricol.<\/p>\n<p class=\"wp-block-paragraph\">Gluma este glum\u0103, numai c\u0103 imaginile arat\u0103 cum se prezint\u0103 ast\u0103zi o investi\u021bie inaugurat\u0103 cu surle \u0219i tr\u00e2mbi\u021be \u00een urm\u0103 cu doar trei ani.<\/p>\n<p class=\"wp-block-paragraph\">Iar plimbarea lui Gabriel Alexe mai scoate la iveal\u0103 ceva.<\/p>\n<p class=\"wp-block-paragraph\">Dup\u0103 ce termin\u0103 inspec\u021bia \u201eculturii\u201d, buzoianul ajunge la una dintre ci\u0219melele din parc. \u00cencearc\u0103 s\u0103 bea ap\u0103.<\/p>\n<p class=\"wp-block-paragraph\">Apas\u0103.<\/p>\n<p class=\"wp-block-paragraph\">Nimic.<\/p>\n<p class=\"wp-block-paragraph\">Mai \u00eencearc\u0103 o dat\u0103.<\/p>\n<p class=\"wp-block-paragraph\">Tot nimic.<\/p>\n<p class=\"wp-block-paragraph\"><strong><mark class=\"has-inline-color has-vivid-red-color\">\u201eS\u0103 nu zic\u0103 c\u0103 n-am ap\u0103sat cum trebuie\u201d<\/mark><\/strong>, spune acesta, \u00eenainte s\u0103 constate inevitabilul:<strong><mark class=\"has-inline-color has-vivid-red-color\"> \u201eNu func\u021bioneaz\u0103\u201d<\/mark><\/strong>.<\/p>\n<p class=\"wp-block-paragraph\">A\u0219adar, \u00een \u201egr\u0103dina urban\u0103\u201d de peste 5 milioane de euro avem floarea-soarelui, dar nu avem ap\u0103 la ci\u0219mea.<\/p>\n<p class=\"wp-block-paragraph\">Doar c\u0103, dincolo de ironia situa\u021biei, lucrurile nu mai sunt chiar de r\u00e2s.<\/p>\n<p class=\"wp-block-paragraph\">Pentru c\u0103 parcul acesta n-a fost f\u0103cut acum 20 sau 30 de ani. A fost inaugurat \u00een septembrie 2023. Vorbim despre o investi\u021bie relativ nou\u0103, realizat\u0103 cu milioane de euro \u0219i prezentat\u0103 la momentul respectiv ca un exemplu de regenerare urban\u0103.<\/p>\n<p class=\"wp-block-paragraph\">Primarul Constantin Toma vorbea atunci inclusiv despre obiectivul ca Buz\u0103ul s\u0103 devin\u0103 <em>\u201ecel mai verde ora\u0219 din Rom\u00e2nia\u201d<\/em>.<\/p>\n<p class=\"wp-block-paragraph\">Verde este.<\/p>\n<p class=\"wp-block-paragraph\">Poate chiar mai verde dec\u00e2t \u0219i-au imaginat proiectan\u021bii.<\/p>\n<p class=\"wp-block-paragraph\">Dac\u0103 mai l\u0103s\u0103m pu\u021bin natura s\u0103-\u0219i fac\u0103 treaba, s-ar putea ca peste c\u00e2\u021biva ani s\u0103 nu mai fie nevoie nici de proiectant, nici de peisagist.<\/p>\n<p class=\"wp-block-paragraph\">Doar de o combin\u0103.<\/p>\n<p class=\"wp-block-paragraph\"><strong>Sursa:<\/strong> postarea lui Gabriel Alexe de pe Facebook<\/p>\n<div class=\"post-bottom-meta post-bottom-tags post-tags-modern\">\n<div class=\"post-bottom-meta-title\"> Etichete<\/div>\n<p><span class=\"tagcloud\"><a href=\"https:\/\/gazetabuzoiana.ro\/tag\/buzau-2\/\" rel=\"tag\">Buz\u0103u<\/a><a href=\"https:\/\/gazetabuzoiana.ro\/tag\/cismele-parcul-tineretului\/\" rel=\"tag\">ci\u0219mele Parcul Tineretului<\/a><a href=\"https:\/\/gazetabuzoiana.ro\/tag\/constantin-toma\/\" rel=\"tag\">constantin toma<\/a><a href=\"https:\/\/gazetabuzoiana.ro\/tag\/extindere-parcul-tineretului\/\" rel=\"tag\">extindere Parcul Tineretului<\/a><a href=\"https:\/\/gazetabuzoiana.ro\/tag\/floarea-soarelui\/\" rel=\"tag\">floarea-soarelui<\/a><a href=\"https:\/\/gazetabuzoiana.ro\/tag\/fonduri-europene\/\" rel=\"tag\">fonduri europene<\/a><a href=\"https:\/\/gazetabuzoiana.ro\/tag\/gabriel-alexe\/\" rel=\"tag\">Gabriel Alexe<\/a><a href=\"https:\/\/gazetabuzoiana.ro\/tag\/gradina-urbana\/\" rel=\"tag\">gr\u0103din\u0103 urban\u0103<\/a><a href=\"https:\/\/gazetabuzoiana.ro\/tag\/investitii-buzau-2\/\" rel=\"tag\">investi\u021bii Buz\u0103u<\/a><a href=\"https:\/\/gazetabuzoiana.ro\/tag\/parcul-tineretului\/\" rel=\"tag\">Parcul Tineretului<\/a><a href=\"https:\/\/gazetabuzoiana.ro\/tag\/primaria-buzau\/\" rel=\"tag\">Prim\u0103ria Buz\u0103u<\/a><a href=\"https:\/\/gazetabuzoiana.ro\/tag\/spatii-verzi-buzau\/\" rel=\"tag\">spa\u021bii verzi Buz\u0103u<\/a><\/span><\/div>\n<\/div>\n<p>[analyse_source url=&#8221;https:\/\/gazetabuzoiana.ro\/2026\/08\/03\/video-la-trei-ani-dupa-ce-a-costat-peste-5-milioane-de-euro-parcul-tineretului-si-a-gasit-in-sfarsit-utilitatea\/&#8221;]<\/p>\n","protected":false},"excerpt":{"rendered":"<p>[analyse_image type=&#8221;featured&#8221; src=&#8221;https:\/\/gazetabuzoiana.ro\/wp-content\/uploads\/2026\/08\/parc-extindere.jpg&#8221;] Nu dou\u0103-trei fire r\u0103t\u0103cite pe l\u00e2ng\u0103 o alee, ci ditamai peticul de floarea-soarelui crescut \u00een mijlocul spa\u021biului verde al celebrei \u201egr\u0103dini urbane\u201d. Descoperirea a f\u0103cut-o zilele trecute buzoianul Gabriel Alexe, care a ie\u0219it cu bicicleta prin Parcul Tineretului \u0219i a filmat ce a g\u0103sit. \u201eVede\u021bi ce v\u0103d \u0219i eu? Haide\u021bi c\u0103, \u00eentr-un [&hellip;]<\/p>\n","protected":false},"author":1,"featured_media":0,"comment_status":"open","ping_status":"","sticky":false,"template":"","format":"standard","meta":{"footnotes":""},"categories":[2],"tags":[226,38],"class_list":["post-2076611","post","type-post","status-publish","format-standard","hentry","category-politics","tag-crawlmanager","tag-gazetabuzoiana-ro"],"_links":{"self":[{"href":"https:\/\/analyse.optim.biz\/index.php?rest_route=\/wp\/v2\/posts\/2076611","targetHints":{"allow":["GET"]}}],"collection":[{"href":"https:\/\/analyse.optim.biz\/index.php?rest_route=\/wp\/v2\/posts"}],"about":[{"href":"https:\/\/analyse.optim.biz\/index.php?rest_route=\/wp\/v2\/types\/post"}],"author":[{"embeddable":true,"href":"https:\/\/analyse.optim.biz\/index.php?rest_route=\/wp\/v2\/users\/1"}],"replies":[{"embeddable":true,"href":"https:\/\/analyse.optim.biz\/index.php?rest_route=%2Fwp%2Fv2%2Fcomments&post=2076611"}],"version-history":[{"count":0,"href":"https:\/\/analyse.optim.biz\/index.php?rest_route=\/wp\/v2\/posts\/2076611\/revisions"}],"wp:attachment":[{"href":"https:\/\/analyse.optim.biz\/index.php?rest_route=%2Fwp%2Fv2%2Fmedia&parent=2076611"}],"wp:term":[{"taxonomy":"category","embeddable":true,"href":"https:\/\/analyse.optim.biz\/index.php?rest_route=%2Fwp%2Fv2%2Fcategories&post=2076611"},{"taxonomy":"post_tag","embeddable":true,"href":"https:\/\/analyse.optim.biz\/index.php?rest_route=%2Fwp%2Fv2%2Ftags&post=2076611"}],"curies":[{"name":"wp","href":"https:\/\/api.w.org\/{rel}","templated":true}]}}