{"id":2076610,"date":"2026-08-04T09:18:51","date_gmt":"2026-08-04T06:18:51","guid":{"rendered":"https:\/\/analyse.optim.biz\/?p=2076610"},"modified":"2026-08-04T09:18:51","modified_gmt":"2026-08-04T06:18:51","slug":"orasul-inteligent-stinge-lumina-buzaul-ar-putea-ramane-in-bezna-dupa-miezul-noptii","status":"publish","type":"post","link":"https:\/\/analyse.optim.biz\/?p=2076610","title":{"rendered":"\u201eOra\u0219ul inteligent\u201d stinge lumina! Buz\u0103ul ar putea r\u0103m\u00e2ne \u00een bezn\u0103 dup\u0103 miezul nop\u021bii"},"content":{"rendered":"<p>[analyse_image type=&#8221;featured&#8221; src=&#8221;https:\/\/gazetabuzoiana.ro\/wp-content\/uploads\/2026\/08\/bezna.jpg&#8221;]<\/p>\n<div class=\"entry-content entry clearfix\">\n<p class=\"wp-block-paragraph\">Criza energetic\u0103 \u00eencepe s\u0103 produc\u0103 efecte \u0219i la nivelul administra\u021biilor locale, iar la Buz\u0103u, ca de obiecei, se pune \u00een discu\u021bie una dintre cele mai radicale variante \u0219i anume oprirea complet\u0103 a iluminatului stradal dup\u0103 ora 24.00.<\/p>\n<p class=\"wp-block-paragraph\">Informa\u021bia apare \u00een contextul \u00een care autorit\u0103\u021bile din mai multe ora\u0219e caut\u0103 solu\u021bii pentru reducerea consumului de energie electric\u0103. La Buz\u0103u \u00eens\u0103, municipalitatea vorbe\u0219te de ani \u00eentregi despre modernizare, eficien\u021b\u0103 energetic\u0103 \u0219i tehnologii inteligente, iar acum s-ar putea ajunge la cea mai simpl\u0103 metod\u0103 de economisire posibil\u0103, stingerea luminii.<\/p>\n<p class=\"wp-block-paragraph\">Potrivit mass- mediei locale, a redus deja, \u00eenc\u0103 de anul trecut, cheltuielile cu iluminatul nocturn, astfel c\u0103 una dintre pu\u021binele m\u0103suri care ar mai r\u0103m\u00e2ne ar fi oprirea total\u0103 a iluminatului stradal dup\u0103 miezul nop\u021bii. Asta \u00eenseamn\u0103 c\u0103 pentru \u0219efii administra\u021biei locale iluminatul public este un fel de  bec din sufragerie, pe care \u00eel stingi c\u00e2nd factura devine prea mare \u0219i nu un serviciu public care are leg\u0103tur\u0103 direct\u0103 cu siguran\u021ba oamenilor.<\/p>\n<h1 class=\"wp-block-heading\">Trotuarele, trecerile de pietoni \u0219i intersec\u021biile nu dispar dup\u0103 ora 24.00<\/h1>\n<p class=\"wp-block-paragraph\">Regulamentul serviciului de iluminat public al municipiului Buz\u0103u spune c\u0103 iluminatul stradal deserve\u0219te c\u0103ile de circula\u021bie public\u0103, str\u0103zile, trotuarele, pie\u021bele, intersec\u021biile, parc\u0103rile, trecerile de pietoni, podurile \u0219i pasajele.<\/p>\n<p class=\"wp-block-paragraph\">Cu alte cuvinte, exact locurile \u00een care vizibilitatea este esen\u021bial\u0103 pentru siguran\u021b\u0103.<\/p>\n<p class=\"wp-block-paragraph\">Dup\u0103 miezul nop\u021bii circul\u0103 mai pu\u021bine ma\u0219ini \u0219i mai pu\u021bini pietoni, dar asta nu \u00eenseamn\u0103 c\u0103 ora\u0219ul se \u00eenchide.<\/p>\n<p class=\"wp-block-paragraph\">Exist\u0103 oameni care ies de la serviciu noaptea, angaja\u021bi care intr\u0103 \u00een schimburi, taximetri\u0219ti, \u0219oferi, persoane care merg spre gar\u0103, spre spital sau pur \u0219i simplu se \u00eentorc acas\u0103.<\/p>\n<p class=\"wp-block-paragraph\">Pentru ace\u0219tia, iluminatul stradal nu este un moft. \u00cen mod normal Bez\u00adna ar trebui s\u0103 fie ultima solu\u021bie, dup\u0103 ce Prim\u0103ria a epuizat toate celelalte variante de reducere a consumului.<\/p>\n<h1 class=\"wp-block-heading\">Prim\u0103ria \u0219i-a propus chiar ea s\u0103 reduc\u0103 consumul prin eficientizare<\/h1>\n<p class=\"wp-block-paragraph\">Potrivit aceleaia\u0219i surse, Prim\u0103ria aduce drept argument faptul c\u0103 \u00een Planul de Ac\u021biune pentru Energie Durabil\u0103 \u0219i Clim\u0103 al municipiului este prev\u0103zut\u0103, pentru iluminatul public, o reducere a consumului de energie cu aproximativ <strong>500 MWh pe an<\/strong> fa\u021b\u0103 de nivelul din 2022. Asta \u00eenseamn\u0103 c\u0103 administra\u021bia local\u0103 are deja pe h\u00e2rtie obiectivul de a reduce consumul prin m\u0103suri de eficientizare.<\/p>\n<p class=\"wp-block-paragraph\">Mai mult, regulamentul local prevede utilizarea corpurilor de iluminat cu tehnologie LED \u0219i vorbe\u0219te despre selectarea unor tehnologii adecvate \u0219i eficiente.<\/p>\n<p class=\"wp-block-paragraph\">Tocmai de aceea, dac\u0103 dup\u0103 investi\u021bii, moderniz\u0103ri \u0219i ani de discurs despre eficien\u021b\u0103 energetic\u0103 ajungem la varianta \u201estingem lumina dup\u0103 12\u201d, Prim\u0103ria Buz\u0103u are c\u00e2teva explica\u021bii de dat.<\/p>\n<p class=\"wp-block-paragraph\">C\u00e2t consum\u0103 \u00een prezent iluminatul public?<\/p>\n<p class=\"wp-block-paragraph\">Cu c\u00e2t a sc\u0103zut consumul dup\u0103 modernizarea sistemului?<\/p>\n<p class=\"wp-block-paragraph\">Ce economie concret\u0103 s-ar realiza prin oprirea iluminatului dup\u0103 miezul nop\u021bii?<\/p>\n<p class=\"wp-block-paragraph\">\u0218i, mai ales, ce analiz\u0103 privind siguran\u021ba rutier\u0103 \u0219i siguran\u021ba pietonilor a fost f\u0103cut\u0103 \u00eenainte ca o asemenea variant\u0103 s\u0103 fie luat\u0103 \u00een calcul?<\/p>\n<p class=\"wp-block-paragraph\">F\u0103r\u0103 aceste cifre, \u201efacem economie\u201d este prea pu\u021bin pentru a justifica l\u0103sarea unui ora\u0219 \u00eentreg \u00een \u00eentuneric.<\/p>\n<h1 class=\"wp-block-heading\">Economia \u00eencepe cu becul de deasupra trecerii de pietoni?<\/h1>\n<p class=\"wp-block-paragraph\">Da, teoretic este firesc ca \u00eentr-o situa\u021bie energetic\u0103 dificil\u0103 administra\u021bia s\u0103 reduc\u0103 risipa, numai c\u0103 exist\u0103 o diferen\u021b\u0103 \u00eentre reducerea risipei \u0219i reducerea unui serviciu public care \u021bine de siguran\u021ba cet\u0103\u021beanului.<\/p>\n<p class=\"wp-block-paragraph\">Prim\u0103ria poate \u00eencepe, foarte furmos, cu programarea inteligent\u0103 a corpurilor de iluminat \u0219i cu eliminarea consumurilor care nu sunt indispensabile.<\/p>\n<p class=\"wp-block-paragraph\">Administra\u021bia buzouanp cere ani la r\u00e2nd bani pentru modernizare, digitalizare \u0219i eficien\u021b\u0103 energetic\u0103, pentru ca atunci c\u00e2nd energia devine o problem\u0103 s\u0103 descopere c\u0103 cea mai \u201ebun\u0103\u201d solu\u021bie este s\u0103 sting\u0103 luminile ora\u0219ului<\/p>\n<p class=\"wp-block-paragraph\">\u00cenainte s\u0103 sting\u0103 iluminatul dup\u0103 miezul nop\u021bii, municipalitatea ar trebui s\u0103 publice \u00eenainte cifrele consumului actual, economia estimat\u0103 \u0219i variantele alternative analizate.<\/p>\n<p class=\"wp-block-paragraph\">Altfel, nu este corect s\u0103 li se cear\u0103 buzoienilor s\u0103 accepte bezna f\u0103r\u0103 s\u0103 \u0219tie nici m\u0103car c\u00e2t economise\u0219te ora\u0219ul din ea.<\/p>\n<div class=\"post-bottom-meta post-bottom-tags post-tags-modern\">\n<div class=\"post-bottom-meta-title\"> Etichete<\/div>\n<p><span class=\"tagcloud\"><a href=\"https:\/\/gazetabuzoiana.ro\/tag\/administratie-locala\/\" rel=\"tag\">administra\u021bie local\u0103<\/a><a href=\"https:\/\/gazetabuzoiana.ro\/tag\/buzau-2\/\" rel=\"tag\">Buz\u0103u<\/a><a href=\"https:\/\/gazetabuzoiana.ro\/tag\/constantin-toma\/\" rel=\"tag\">constantin toma<\/a><a href=\"https:\/\/gazetabuzoiana.ro\/tag\/criza-energetica\/\" rel=\"tag\">criz\u0103 energetic\u0103<\/a><a href=\"https:\/\/gazetabuzoiana.ro\/tag\/economie-energie\/\" rel=\"tag\">economie energie<\/a><a href=\"https:\/\/gazetabuzoiana.ro\/tag\/energie-electrica\/\" rel=\"tag\">energie electric\u0103<\/a><a href=\"https:\/\/gazetabuzoiana.ro\/tag\/guvernul-romaniei-2\/\" rel=\"tag\">Guvernul Rom\u00e2niei<\/a><a href=\"https:\/\/gazetabuzoiana.ro\/tag\/ilie-bolojan\/\" rel=\"tag\">ilie bolojan<\/a><a href=\"https:\/\/gazetabuzoiana.ro\/tag\/iluminat-led\/\" rel=\"tag\">iluminat LED<\/a><a href=\"https:\/\/gazetabuzoiana.ro\/tag\/iluminat-public\/\" rel=\"tag\">iluminat public<\/a><a href=\"https:\/\/gazetabuzoiana.ro\/tag\/iluminat-stradal\/\" rel=\"tag\">iluminat stradal<\/a><a href=\"https:\/\/gazetabuzoiana.ro\/tag\/oras-inteligent\/\" rel=\"tag\">ora\u0219 inteligent<\/a><a href=\"https:\/\/gazetabuzoiana.ro\/tag\/primaria-buzau\/\" rel=\"tag\">Prim\u0103ria Buz\u0103u<\/a><a href=\"https:\/\/gazetabuzoiana.ro\/tag\/reducerea-consumului\/\" rel=\"tag\">reducerea consumului<\/a><a href=\"https:\/\/gazetabuzoiana.ro\/tag\/siguranta-publica\/\" rel=\"tag\">siguran\u021b\u0103 public\u0103<\/a><a href=\"https:\/\/gazetabuzoiana.ro\/tag\/smart-city\/\" rel=\"tag\">Smart City<\/a><a href=\"https:\/\/gazetabuzoiana.ro\/tag\/stare-de-alerta-energetica\/\" rel=\"tag\">stare de alert\u0103 energetic\u0103<\/a><\/span><\/div>\n<\/div>\n<p>[analyse_source url=&#8221;https:\/\/gazetabuzoiana.ro\/2026\/08\/04\/orasul-inteligent-stinge-lumina-buzaul-ar-putea-ramane-in-bezna-dupa-miezul-noptii\/&#8221;]<\/p>\n","protected":false},"excerpt":{"rendered":"<p>[analyse_image type=&#8221;featured&#8221; src=&#8221;https:\/\/gazetabuzoiana.ro\/wp-content\/uploads\/2026\/08\/bezna.jpg&#8221;] Criza energetic\u0103 \u00eencepe s\u0103 produc\u0103 efecte \u0219i la nivelul administra\u021biilor locale, iar la Buz\u0103u, ca de obiecei, se pune \u00een discu\u021bie una dintre cele mai radicale variante \u0219i anume oprirea complet\u0103 a iluminatului stradal dup\u0103 ora 24.00. Informa\u021bia apare \u00een contextul \u00een care autorit\u0103\u021bile din mai multe ora\u0219e caut\u0103 solu\u021bii pentru reducerea [&hellip;]<\/p>\n","protected":false},"author":1,"featured_media":0,"comment_status":"open","ping_status":"","sticky":false,"template":"","format":"standard","meta":{"footnotes":""},"categories":[2],"tags":[226,38],"class_list":["post-2076610","post","type-post","status-publish","format-standard","hentry","category-politics","tag-crawlmanager","tag-gazetabuzoiana-ro"],"_links":{"self":[{"href":"https:\/\/analyse.optim.biz\/index.php?rest_route=\/wp\/v2\/posts\/2076610","targetHints":{"allow":["GET"]}}],"collection":[{"href":"https:\/\/analyse.optim.biz\/index.php?rest_route=\/wp\/v2\/posts"}],"about":[{"href":"https:\/\/analyse.optim.biz\/index.php?rest_route=\/wp\/v2\/types\/post"}],"author":[{"embeddable":true,"href":"https:\/\/analyse.optim.biz\/index.php?rest_route=\/wp\/v2\/users\/1"}],"replies":[{"embeddable":true,"href":"https:\/\/analyse.optim.biz\/index.php?rest_route=%2Fwp%2Fv2%2Fcomments&post=2076610"}],"version-history":[{"count":0,"href":"https:\/\/analyse.optim.biz\/index.php?rest_route=\/wp\/v2\/posts\/2076610\/revisions"}],"wp:attachment":[{"href":"https:\/\/analyse.optim.biz\/index.php?rest_route=%2Fwp%2Fv2%2Fmedia&parent=2076610"}],"wp:term":[{"taxonomy":"category","embeddable":true,"href":"https:\/\/analyse.optim.biz\/index.php?rest_route=%2Fwp%2Fv2%2Fcategories&post=2076610"},{"taxonomy":"post_tag","embeddable":true,"href":"https:\/\/analyse.optim.biz\/index.php?rest_route=%2Fwp%2Fv2%2Ftags&post=2076610"}],"curies":[{"name":"wp","href":"https:\/\/api.w.org\/{rel}","templated":true}]}}