{"id":2076416,"date":"2026-08-04T07:16:52","date_gmt":"2026-08-04T04:16:52","guid":{"rendered":"https:\/\/analyse.optim.biz\/?p=2076416"},"modified":"2026-08-04T07:16:52","modified_gmt":"2026-08-04T04:16:52","slug":"primarul-vasile-rimbu-cere-sucevenilor-incredere-si-rabdare-construim-viitorul-strada-cu-strada","status":"publish","type":"post","link":"https:\/\/analyse.optim.biz\/?p=2076416","title":{"rendered":"Primarul Vasile R\u00eembu cere sucevenilor \u00eencredere \u0219i r\u0103bdare: Construim viitorul. Strad\u0103 cu strad\u0103"},"content":{"rendered":"<p>[analyse_image type=&#8221;featured&#8221; src=&#8221;https:\/\/www.newsbucovina.ro\/wp-content\/uploads\/2026\/05\/rimbu-1.pnghttps:\/\/cdn.newsbucovina.ro\/wp-content\/uploads\/2026\/05\/rimbu-1.png&#8221;]<\/p>\n<div class=\"td-post-content tagdiv-type\">\n<div class=\"td-a-rec td-a-rec-id-content_top  tdi_3 td_block_template_1\"><strong>Intr\u0103 acum \u0219i \u00een grupul de <\/p>\n<div class=\"wp-block-button\"><a class=\"wp-block-button__link wp-element-button\" href=\"https:\/\/t.me\/+TH8wcfnp8fw5NWI0\">Telegram News Bucovina<\/a><\/div>\n<p><\/strong><\/div>\n<p class=\"wp-block-paragraph\">Primarul municipiului Suceava, Vasile R\u00eembu, a transmis un mesaj sucevenilor, pe pagina sa de Facebook, \u00een care subliniaz\u0103 eforturile administra\u021biei locale de modernizare a ora\u0219ului. Edilul a vorbit despre importan\u021ba bugetului \u0219i despre lucr\u0103rile aflate \u00een desf\u0103\u0219urare pe mai multe str\u0103zi.<\/p>\n<figure class=\"wp-block-image size-large\"><a href=\"https:\/\/cdn.newsbucovina.ro\/wp-content\/uploads\/2026\/05\/rimbu-1.png\"><img loading=\"lazy\" decoding=\"async\" width=\"1024\" height=\"519\" src=\"https:\/\/cdn.newsbucovina.ro\/wp-content\/uploads\/2026\/05\/rimbu-1-1024x519.png\" alt class=\"wp-image-438012\"><\/a><\/figure>\n<p class=\"wp-block-paragraph\">R\u00eembu a precizat c\u0103, la \u00eenceputul mandatului, administra\u021bia a achitat obliga\u021biile financiare anterioare \u0219i a pus \u00een ordine finan\u021bele, cu g\u00e2ndul la dezvoltare. Scopul a fost, potrivit primarului, ca Suceava s\u0103 devin\u0103 un ora\u0219 \u201eviu\u201d \u0219i \u201e\u00een lucru\u201d.<\/p>\n<p class=\"wp-block-paragraph\">El a ar\u0103tat c\u0103, privite izolat, interven\u021biile pot p\u0103rea punctuale, \u00eens\u0103, luate \u00eempreun\u0103, reprezint\u0103 o transformare urban\u0103 necesar\u0103 \u0219i a\u0219teptat\u0103 de locuitori. Modernizarea, a ad\u0103ugat edilul, va ajunge \u00een toate zonele ora\u0219ului.<\/p>\n<p class=\"wp-block-paragraph\">\u201eCa o concluzie: nu repar\u0103m \u2013 construim. V\u0103 cer doar \u00eencredere \u0219i r\u0103bdare. Suceava se face bine prin fapte care deja \u00eencep s\u0103 se vad\u0103\u201d, a scris Vasile R\u00eembu.<\/p>\n<p class=\"wp-block-paragraph\">Primarul a \u00eencheiat mesajul mul\u021bumind sucevenilor pentru sprijin.<\/p>\n<div class=\"td-a-rec td-a-rec-id-content_bottom  tdi_4 td_block_template_1\"><strong>Intr\u0103 acum \u0219i \u00een grupul de <\/p>\n<div class=\"wp-block-button\"><a class=\"wp-block-button__link wp-element-button\" href=\"https:\/\/t.me\/+TH8wcfnp8fw5NWI0\">Telegram News Bucovina<\/a><\/div>\n<p><\/strong><\/div>\n<\/div>\n<div class=\"td-post-content tagdiv-type\">\n<div class=\"td-a-rec td-a-rec-id-content_top  tdi_3 td_block_template_1\"><strong>Intr\u0103 acum \u0219i \u00een grupul de <\/p>\n<div class=\"wp-block-button\"><a class=\"wp-block-button__link wp-element-button\" href=\"https:\/\/t.me\/+TH8wcfnp8fw5NWI0\">Telegram News Bucovina<\/a><\/div>\n<p><\/strong><\/div>\n<p class=\"wp-block-paragraph\">Primarul municipiului Suceava, Vasile R\u00eembu, a transmis un mesaj sucevenilor, pe pagina sa de Facebook, \u00een care subliniaz\u0103 eforturile administra\u021biei locale de modernizare a ora\u0219ului. Edilul a vorbit despre importan\u021ba bugetului \u0219i despre lucr\u0103rile aflate \u00een desf\u0103\u0219urare pe mai multe str\u0103zi.<\/p>\n<figure class=\"wp-block-image size-large\"><a href=\"https:\/\/cdn.newsbucovina.ro\/wp-content\/uploads\/2026\/05\/rimbu-1.png\"><img loading=\"lazy\" decoding=\"async\" width=\"1024\" height=\"519\" src=\"https:\/\/cdn.newsbucovina.ro\/wp-content\/uploads\/2026\/05\/rimbu-1-1024x519.png\" alt class=\"wp-image-438012\"><\/a><\/figure>\n<p class=\"wp-block-paragraph\">R\u00eembu a precizat c\u0103, la \u00eenceputul mandatului, administra\u021bia a achitat obliga\u021biile financiare anterioare \u0219i a pus \u00een ordine finan\u021bele, cu g\u00e2ndul la dezvoltare. Scopul a fost, potrivit primarului, ca Suceava s\u0103 devin\u0103 un ora\u0219 \u201eviu\u201d \u0219i \u201e\u00een lucru\u201d.<\/p>\n<p class=\"wp-block-paragraph\">El a ar\u0103tat c\u0103, privite izolat, interven\u021biile pot p\u0103rea punctuale, \u00eens\u0103, luate \u00eempreun\u0103, reprezint\u0103 o transformare urban\u0103 necesar\u0103 \u0219i a\u0219teptat\u0103 de locuitori. Modernizarea, a ad\u0103ugat edilul, va ajunge \u00een toate zonele ora\u0219ului.<\/p>\n<p class=\"wp-block-paragraph\">\u201eCa o concluzie: nu repar\u0103m \u2013 construim. V\u0103 cer doar \u00eencredere \u0219i r\u0103bdare. Suceava se face bine prin fapte care deja \u00eencep s\u0103 se vad\u0103\u201d, a scris Vasile R\u00eembu.<\/p>\n<p class=\"wp-block-paragraph\">Primarul a \u00eencheiat mesajul mul\u021bumind sucevenilor pentru sprijin.<\/p>\n<div class=\"td-a-rec td-a-rec-id-content_bottom  tdi_4 td_block_template_1\"><strong>Intr\u0103 acum \u0219i \u00een grupul de <\/p>\n<div class=\"wp-block-button\"><a class=\"wp-block-button__link wp-element-button\" href=\"https:\/\/t.me\/+TH8wcfnp8fw5NWI0\">Telegram News Bucovina<\/a><\/div>\n<p><\/strong><\/div>\n<\/div>\n<p>[analyse_source url=&#8221;https:\/\/www.newsbucovina.ro\/actualitate\/445577\/primarul-vasile-rimbu-cere-sucevenilor-incredere-si-rabdare-construim-viitorul-strada-cu-strada&#8221;]<\/p>\n","protected":false},"excerpt":{"rendered":"<p>[analyse_image type=&#8221;featured&#8221; src=&#8221;https:\/\/www.newsbucovina.ro\/wp-content\/uploads\/2026\/05\/rimbu-1.pnghttps:\/\/cdn.newsbucovina.ro\/wp-content\/uploads\/2026\/05\/rimbu-1.png&#8221;] Intr\u0103 acum \u0219i \u00een grupul de Telegram News Bucovina Primarul municipiului Suceava, Vasile R\u00eembu, a transmis un mesaj sucevenilor, pe pagina sa de Facebook, \u00een care subliniaz\u0103 eforturile administra\u021biei locale de modernizare a ora\u0219ului. Edilul a vorbit despre importan\u021ba bugetului \u0219i despre lucr\u0103rile aflate \u00een desf\u0103\u0219urare pe mai multe str\u0103zi. R\u00eembu a [&hellip;]<\/p>\n","protected":false},"author":1,"featured_media":0,"comment_status":"open","ping_status":"","sticky":false,"template":"","format":"standard","meta":{"footnotes":""},"categories":[89],"tags":[226,165],"class_list":["post-2076416","post","type-post","status-publish","format-standard","hentry","category-romania","tag-crawlmanager","tag-newsbucovina-ro"],"_links":{"self":[{"href":"https:\/\/analyse.optim.biz\/index.php?rest_route=\/wp\/v2\/posts\/2076416","targetHints":{"allow":["GET"]}}],"collection":[{"href":"https:\/\/analyse.optim.biz\/index.php?rest_route=\/wp\/v2\/posts"}],"about":[{"href":"https:\/\/analyse.optim.biz\/index.php?rest_route=\/wp\/v2\/types\/post"}],"author":[{"embeddable":true,"href":"https:\/\/analyse.optim.biz\/index.php?rest_route=\/wp\/v2\/users\/1"}],"replies":[{"embeddable":true,"href":"https:\/\/analyse.optim.biz\/index.php?rest_route=%2Fwp%2Fv2%2Fcomments&post=2076416"}],"version-history":[{"count":0,"href":"https:\/\/analyse.optim.biz\/index.php?rest_route=\/wp\/v2\/posts\/2076416\/revisions"}],"wp:attachment":[{"href":"https:\/\/analyse.optim.biz\/index.php?rest_route=%2Fwp%2Fv2%2Fmedia&parent=2076416"}],"wp:term":[{"taxonomy":"category","embeddable":true,"href":"https:\/\/analyse.optim.biz\/index.php?rest_route=%2Fwp%2Fv2%2Fcategories&post=2076416"},{"taxonomy":"post_tag","embeddable":true,"href":"https:\/\/analyse.optim.biz\/index.php?rest_route=%2Fwp%2Fv2%2Ftags&post=2076416"}],"curies":[{"name":"wp","href":"https:\/\/api.w.org\/{rel}","templated":true}]}}