{"id":2076289,"date":"2026-08-02T20:36:17","date_gmt":"2026-08-02T17:36:17","guid":{"rendered":"https:\/\/analyse.optim.biz\/?p=2076289"},"modified":"2026-08-02T20:36:17","modified_gmt":"2026-08-02T17:36:17","slug":"trei-seri-de-concerte-langa-culele-duca-si-greceanu-festivalul-fii-cool-la-cule-a-adus-artisti-cunoscuti-la-maldaresti","status":"publish","type":"post","link":"https:\/\/analyse.optim.biz\/?p=2076289","title":{"rendered":"Trei seri de concerte l\u00e2ng\u0103 Culele Duca \u0219i Greceanu: Festivalul \u201eFii cool la cule\u201d a adus arti\u0219ti cunoscu\u021bi la M\u0103ld\u0103re\u0219ti"},"content":{"rendered":"<p>[analyse_image type=&#8221;featured&#8221; src=&#8221;https:\/\/www.impactreal.ro\/wp-content\/uploads\/2026\/08\/coole-la-cule-1024&#215;683.png&#8221;]<\/p>\n<div class=\"single-news-content\">\n<div class=\"news-image\"><img loading=\"lazy\" decoding=\"async\" width=\"1536\" height=\"1024\" src=\"https:\/\/www.impactreal.ro\/wp-content\/uploads\/2026\/08\/coole-la-cule.png\" class=\"img-responsive wp-post-image\" alt=\"Trei seri de concerte l\u00e2ng\u0103 Culele Duca \u0219i Greceanu: Festivalul \u201eFii cool la cule\u201d a adus arti\u0219ti cunoscu\u021bi la M\u0103ld\u0103re\u0219ti\"><\/div>\n<div class=\"news-detail clearfix\">\n<div class=\"entry-meta\"><span class=\"posted-date\"><a href=\"https:\/\/www.impactreal.ro\/2026\/08\/02\/trei-seri-de-concerte-langa-culele-duca-si-greceanu-festivalul-fii-cool-la-cule-a-adus-artisti-cunoscuti-la-maldaresti\/\" rel=\"bookmark\"><time class=\"entry-date published\" datetime=\"2026-08-02T23:36:17+03:00\">2 august 2026<\/time><time class=\"updated\" datetime=\"2026-08-01T08:22:38+03:00\">1 august 2026<\/time><\/a><\/span><span class=\"author vcard\"><a href=\"https:\/\/www.impactreal.ro\/author\/claudia-schiopu\/\">Claudia Schiopu<\/a><\/span><span class=\"cat-links\"><a href=\"https:\/\/www.impactreal.ro\/category\/1slider\/\" rel=\"category tag\">1Slider<\/a><a href=\"https:\/\/www.impactreal.ro\/category\/actualitate\/\" rel=\"category tag\">Actual<\/a><a href=\"https:\/\/www.impactreal.ro\/category\/administratie\/\" rel=\"category tag\">Administra\u0163ie<\/a><\/span><\/div>\n<div class=\"news-content editor-content-entry\">\n<p>Comuna M\u0103ld\u0103re\u0219ti, din zona Horezu, a g\u0103zduit, \u00een perioada 31 iulie \u2013 2 august 2026, cea de-a cincea edi\u021bie a Festivalului \u201eFii cool la cule\u201d. Evenimentul s-a desf\u0103\u0219urat l\u00e2ng\u0103 Culele Duca \u0219i Greceanu, monumente cunoscute pentru istoria \u0219i arhitectura lor. Intrarea a fost liber\u0103.<\/p>\n<p>Timp de trei seri, publicul i-a putut vedea pe Vali Vijelie, Iuliana Beregoi, Johny Romano, Connect-R, Georgiana Lobon\u021b, Anna Lesko, Ionu\u021b Fulea, Azur \u0219i Nelu Vlad. Programul a cuprins \u0219i un spectacol sus\u021binut de Orchestra \u201eRapsodia V\u00e2lcean\u0103\u201d.<\/p>\n<p><em><strong>Festivalul a \u00eenceput vineri,<\/strong><\/em>31 iulie, la ora 19.00, cu un program sus\u021binut de DJ \u0219i MC. Orchestra \u201eRapsodia V\u00e2lcean\u0103\u201d a urcat pe scen\u0103 la ora 20.00, urmat\u0103 de Ionu\u021b Fulea, la ora 21.00, \u0219i Georgiana Lobon\u021b, la ora 22.00. Prima sear\u0103 s-a \u00eencheiat cu muzic\u0103 prezentat\u0103 de DJ \u0219i MC.<\/p>\n<p><em><strong>S\u00e2mb\u0103t\u0103, 1 august<\/strong><\/em>, programul a \u00eenceput la ora 19.00. Iuliana Beregoi a urcat pe scen\u0103 la ora 20.00, Connect-R a concertat de la ora 21.00, dup\u0103 care Anna Lesko a c\u00e2ntat de la ora 22.00. Ultima or\u0103 a serii a fost rezervat\u0103 programului sus\u021binut de DJ \u0219i MC.<\/p>\n<p><em><strong>Duminic\u0103, 2 august<\/strong><\/em>, Azur \u0219i Nelu Vlad au c\u00e2ntat de la ora 20.00. Johny Romano a urcat pe scen\u0103 la ora 21.00, urmat de Vali Vijelie, de la ora 22.00. Festivalul s-a \u00eencheiat la miezul nop\u021bii.<\/p>\n<p>Evenimentul a fost organizat de Consiliul Jude\u021bean V\u00e2lcea \u0219i Centrul Jude\u021bean pentru Conservarea \u0219i Promovarea Culturii Tradi\u021bionale V\u00e2lcea.<\/p>\n<p>\u00a0<\/p>\n<p><img loading=\"lazy\" decoding=\"async\" class=\"alignnone size-medium wp-image-58041\" src=\"https:\/\/www.impactreal.ro\/wp-content\/uploads\/2026\/08\/761627920_3448725031954894_5265184874640343293_n-300x225.jpg\" alt width=\"300\" height=\"225\"><img loading=\"lazy\" decoding=\"async\" class=\"alignnone size-medium wp-image-58042\" src=\"https:\/\/www.impactreal.ro\/wp-content\/uploads\/2026\/08\/762812766_3448724945288236_5870857894898543032_n-300x276.jpg\" alt width=\"300\" height=\"276\"><img decoding=\"async\" loading=\"lazy\" class=\"alignnone size-medium wp-image-58043\" src=\"https:\/\/www.impactreal.ro\/wp-content\/uploads\/2026\/08\/762868896_3448725295288201_5449204994576365546_n-300x246.jpg\" alt width=\"300\" height=\"246\"><img decoding=\"async\" loading=\"lazy\" class=\"alignnone size-medium wp-image-58044\" src=\"https:\/\/www.impactreal.ro\/wp-content\/uploads\/2026\/08\/763120036_3448725101954887_4803916575427651239_n-208x300.jpg\" alt width=\"208\" height=\"300\"><img decoding=\"async\" loading=\"lazy\" class=\"alignnone size-medium wp-image-58045\" src=\"https:\/\/www.impactreal.ro\/wp-content\/uploads\/2026\/08\/763120055_3448725025288228_1010885451357558783_n-300x268.jpg\" alt width=\"300\" height=\"268\"><\/p>\n<\/div>\n<\/div>\n<\/div>\n<div class=\"news-content editor-content-entry\">\n<p>Comuna M\u0103ld\u0103re\u0219ti, din zona Horezu, a g\u0103zduit, \u00een perioada 31 iulie \u2013 2 august 2026, cea de-a cincea edi\u021bie a Festivalului \u201eFii cool la cule\u201d. Evenimentul s-a desf\u0103\u0219urat l\u00e2ng\u0103 Culele Duca \u0219i Greceanu, monumente cunoscute pentru istoria \u0219i arhitectura lor. Intrarea a fost liber\u0103.<\/p>\n<p>Timp de trei seri, publicul i-a putut vedea pe Vali Vijelie, Iuliana Beregoi, Johny Romano, Connect-R, Georgiana Lobon\u021b, Anna Lesko, Ionu\u021b Fulea, Azur \u0219i Nelu Vlad. Programul a cuprins \u0219i un spectacol sus\u021binut de Orchestra \u201eRapsodia V\u00e2lcean\u0103\u201d.<\/p>\n<p><em><strong>Festivalul a \u00eenceput vineri,<\/strong><\/em>31 iulie, la ora 19.00, cu un program sus\u021binut de DJ \u0219i MC. Orchestra \u201eRapsodia V\u00e2lcean\u0103\u201d a urcat pe scen\u0103 la ora 20.00, urmat\u0103 de Ionu\u021b Fulea, la ora 21.00, \u0219i Georgiana Lobon\u021b, la ora 22.00. Prima sear\u0103 s-a \u00eencheiat cu muzic\u0103 prezentat\u0103 de DJ \u0219i MC.<\/p>\n<p><em><strong>S\u00e2mb\u0103t\u0103, 1 august<\/strong><\/em>, programul a \u00eenceput la ora 19.00. Iuliana Beregoi a urcat pe scen\u0103 la ora 20.00, Connect-R a concertat de la ora 21.00, dup\u0103 care Anna Lesko a c\u00e2ntat de la ora 22.00. Ultima or\u0103 a serii a fost rezervat\u0103 programului sus\u021binut de DJ \u0219i MC.<\/p>\n<p><em><strong>Duminic\u0103, 2 august<\/strong><\/em>, Azur \u0219i Nelu Vlad au c\u00e2ntat de la ora 20.00. Johny Romano a urcat pe scen\u0103 la ora 21.00, urmat de Vali Vijelie, de la ora 22.00. Festivalul s-a \u00eencheiat la miezul nop\u021bii.<\/p>\n<p>Evenimentul a fost organizat de Consiliul Jude\u021bean V\u00e2lcea \u0219i Centrul Jude\u021bean pentru Conservarea \u0219i Promovarea Culturii Tradi\u021bionale V\u00e2lcea.<\/p>\n<p>\u00a0<\/p>\n<p><img loading=\"lazy\" decoding=\"async\" class=\"alignnone size-medium wp-image-58041\" src=\"https:\/\/www.impactreal.ro\/wp-content\/uploads\/2026\/08\/761627920_3448725031954894_5265184874640343293_n-300x225.jpg\" alt width=\"300\" height=\"225\"><img loading=\"lazy\" decoding=\"async\" class=\"alignnone size-medium wp-image-58042\" src=\"https:\/\/www.impactreal.ro\/wp-content\/uploads\/2026\/08\/762812766_3448724945288236_5870857894898543032_n-300x276.jpg\" alt width=\"300\" height=\"276\"><img decoding=\"async\" loading=\"lazy\" class=\"alignnone size-medium wp-image-58043\" src=\"https:\/\/www.impactreal.ro\/wp-content\/uploads\/2026\/08\/762868896_3448725295288201_5449204994576365546_n-300x246.jpg\" alt width=\"300\" height=\"246\"><img decoding=\"async\" loading=\"lazy\" class=\"alignnone size-medium wp-image-58044\" src=\"https:\/\/www.impactreal.ro\/wp-content\/uploads\/2026\/08\/763120036_3448725101954887_4803916575427651239_n-208x300.jpg\" alt width=\"208\" height=\"300\"><img decoding=\"async\" loading=\"lazy\" class=\"alignnone size-medium wp-image-58045\" src=\"https:\/\/www.impactreal.ro\/wp-content\/uploads\/2026\/08\/763120055_3448725025288228_1010885451357558783_n-300x268.jpg\" alt width=\"300\" height=\"268\"><\/p>\n<\/div>\n<div class=\"news-content editor-content-entry\">\n<p>Comuna M\u0103ld\u0103re\u0219ti, din zona Horezu, a g\u0103zduit, \u00een perioada 31 iulie \u2013 2 august 2026, cea de-a cincea edi\u021bie a Festivalului \u201eFii cool la cule\u201d. Evenimentul s-a desf\u0103\u0219urat l\u00e2ng\u0103 Culele Duca \u0219i Greceanu, monumente cunoscute pentru istoria \u0219i arhitectura lor. Intrarea a fost liber\u0103.<\/p>\n<p>Timp de trei seri, publicul i-a putut vedea pe Vali Vijelie, Iuliana Beregoi, Johny Romano, Connect-R, Georgiana Lobon\u021b, Anna Lesko, Ionu\u021b Fulea, Azur \u0219i Nelu Vlad. Programul a cuprins \u0219i un spectacol sus\u021binut de Orchestra \u201eRapsodia V\u00e2lcean\u0103\u201d.<\/p>\n<p><em><strong>Festivalul a \u00eenceput vineri,<\/strong><\/em>31 iulie, la ora 19.00, cu un program sus\u021binut de DJ \u0219i MC. Orchestra \u201eRapsodia V\u00e2lcean\u0103\u201d a urcat pe scen\u0103 la ora 20.00, urmat\u0103 de Ionu\u021b Fulea, la ora 21.00, \u0219i Georgiana Lobon\u021b, la ora 22.00. Prima sear\u0103 s-a \u00eencheiat cu muzic\u0103 prezentat\u0103 de DJ \u0219i MC.<\/p>\n<p><em><strong>S\u00e2mb\u0103t\u0103, 1 august<\/strong><\/em>, programul a \u00eenceput la ora 19.00. Iuliana Beregoi a urcat pe scen\u0103 la ora 20.00, Connect-R a concertat de la ora 21.00, dup\u0103 care Anna Lesko a c\u00e2ntat de la ora 22.00. Ultima or\u0103 a serii a fost rezervat\u0103 programului sus\u021binut de DJ \u0219i MC.<\/p>\n<p><em><strong>Duminic\u0103, 2 august<\/strong><\/em>, Azur \u0219i Nelu Vlad au c\u00e2ntat de la ora 20.00. Johny Romano a urcat pe scen\u0103 la ora 21.00, urmat de Vali Vijelie, de la ora 22.00. Festivalul s-a \u00eencheiat la miezul nop\u021bii.<\/p>\n<p>Evenimentul a fost organizat de Consiliul Jude\u021bean V\u00e2lcea \u0219i Centrul Jude\u021bean pentru Conservarea \u0219i Promovarea Culturii Tradi\u021bionale V\u00e2lcea.<\/p>\n<p>\u00a0<\/p>\n<p><img loading=\"lazy\" decoding=\"async\" class=\"alignnone size-medium wp-image-58041\" src=\"https:\/\/www.impactreal.ro\/wp-content\/uploads\/2026\/08\/761627920_3448725031954894_5265184874640343293_n-300x225.jpg\" alt width=\"300\" height=\"225\"><img loading=\"lazy\" decoding=\"async\" class=\"alignnone size-medium wp-image-58042\" src=\"https:\/\/www.impactreal.ro\/wp-content\/uploads\/2026\/08\/762812766_3448724945288236_5870857894898543032_n-300x276.jpg\" alt width=\"300\" height=\"276\"><img decoding=\"async\" loading=\"lazy\" class=\"alignnone size-medium wp-image-58043\" src=\"https:\/\/www.impactreal.ro\/wp-content\/uploads\/2026\/08\/762868896_3448725295288201_5449204994576365546_n-300x246.jpg\" alt width=\"300\" height=\"246\"><img decoding=\"async\" loading=\"lazy\" class=\"alignnone size-medium wp-image-58044\" src=\"https:\/\/www.impactreal.ro\/wp-content\/uploads\/2026\/08\/763120036_3448725101954887_4803916575427651239_n-208x300.jpg\" alt width=\"208\" height=\"300\"><img decoding=\"async\" loading=\"lazy\" class=\"alignnone size-medium wp-image-58045\" src=\"https:\/\/www.impactreal.ro\/wp-content\/uploads\/2026\/08\/763120055_3448725025288228_1010885451357558783_n-300x268.jpg\" alt width=\"300\" height=\"268\"><\/p>\n<\/div>\n<p>[analyse_source url=&#8221;https:\/\/www.impactreal.ro\/2026\/08\/02\/trei-seri-de-concerte-langa-culele-duca-si-greceanu-festivalul-fii-cool-la-cule-a-adus-artisti-cunoscuti-la-maldaresti\/&#8221;]<\/p>\n","protected":false},"excerpt":{"rendered":"<p>[analyse_image type=&#8221;featured&#8221; src=&#8221;https:\/\/www.impactreal.ro\/wp-content\/uploads\/2026\/08\/coole-la-cule-1024&#215;683.png&#8221;] 2 august 20261 august 2026Claudia Schiopu1SliderActualAdministra\u0163ie Comuna M\u0103ld\u0103re\u0219ti, din zona Horezu, a g\u0103zduit, \u00een perioada 31 iulie \u2013 2 august 2026, cea de-a cincea edi\u021bie a Festivalului \u201eFii cool la cule\u201d. Evenimentul s-a desf\u0103\u0219urat l\u00e2ng\u0103 Culele Duca \u0219i Greceanu, monumente cunoscute pentru istoria \u0219i arhitectura lor. Intrarea a fost liber\u0103. Timp de [&hellip;]<\/p>\n","protected":false},"author":1,"featured_media":0,"comment_status":"open","ping_status":"","sticky":false,"template":"","format":"standard","meta":{"footnotes":""},"categories":[89],"tags":[226,212],"class_list":["post-2076289","post","type-post","status-publish","format-standard","hentry","category-romania","tag-crawlmanager","tag-impactreal-ro"],"_links":{"self":[{"href":"https:\/\/analyse.optim.biz\/index.php?rest_route=\/wp\/v2\/posts\/2076289","targetHints":{"allow":["GET"]}}],"collection":[{"href":"https:\/\/analyse.optim.biz\/index.php?rest_route=\/wp\/v2\/posts"}],"about":[{"href":"https:\/\/analyse.optim.biz\/index.php?rest_route=\/wp\/v2\/types\/post"}],"author":[{"embeddable":true,"href":"https:\/\/analyse.optim.biz\/index.php?rest_route=\/wp\/v2\/users\/1"}],"replies":[{"embeddable":true,"href":"https:\/\/analyse.optim.biz\/index.php?rest_route=%2Fwp%2Fv2%2Fcomments&post=2076289"}],"version-history":[{"count":0,"href":"https:\/\/analyse.optim.biz\/index.php?rest_route=\/wp\/v2\/posts\/2076289\/revisions"}],"wp:attachment":[{"href":"https:\/\/analyse.optim.biz\/index.php?rest_route=%2Fwp%2Fv2%2Fmedia&parent=2076289"}],"wp:term":[{"taxonomy":"category","embeddable":true,"href":"https:\/\/analyse.optim.biz\/index.php?rest_route=%2Fwp%2Fv2%2Fcategories&post=2076289"},{"taxonomy":"post_tag","embeddable":true,"href":"https:\/\/analyse.optim.biz\/index.php?rest_route=%2Fwp%2Fv2%2Ftags&post=2076289"}],"curies":[{"name":"wp","href":"https:\/\/api.w.org\/{rel}","templated":true}]}}