{"id":2076268,"date":"2026-08-03T06:19:12","date_gmt":"2026-08-03T03:19:12","guid":{"rendered":"https:\/\/analyse.optim.biz\/?p=2076268"},"modified":"2026-08-03T06:19:12","modified_gmt":"2026-08-03T03:19:12","slug":"primarul-vasile-rimbu-anunta-startul-reabilitarii-parcului-din-burdujeni-un-pas-mai-aproape-de-cartierul-modern-pe-care-ni-l-dorim","status":"publish","type":"post","link":"https:\/\/analyse.optim.biz\/?p=2076268","title":{"rendered":"Primarul Vasile R\u00eembu anun\u021b\u0103 startul reabilit\u0103rii parcului din Burdujeni: \u201eUn pas mai aproape de cartierul modern pe care ni-l dorim\u201d"},"content":{"rendered":"<p>[analyse_image type=&#8221;featured&#8221; src=&#8221;https:\/\/www.newsbucovina.ro\/wp-content\/uploads\/2026\/08\/763824741_122332140518031410_6081331859799357410_n.jpghttps:\/\/cdn.newsbucovina.ro\/wp-content\/uploads\/2026\/08\/763824741_122332140518031410_6081331859799357410_n.jpg&#8221;]<\/p>\n<div class=\"td-post-content tagdiv-type\">\n<div class=\"td-a-rec td-a-rec-id-content_top  tdi_3 td_block_template_1\"><strong>Intr\u0103 acum \u0219i \u00een grupul de <\/p>\n<div class=\"wp-block-button\"><a class=\"wp-block-button__link wp-element-button\" href=\"https:\/\/t.me\/+TH8wcfnp8fw5NWI0\">Telegram News Bucovina<\/a><\/div>\n<p><\/strong><\/div>\n<p class=\"wp-block-paragraph\">Primarul municipiului Suceava, Vasile R\u00eembu, a anun\u021bat c\u0103 au demarat lucr\u0103rile de reabilitare a parcului aflat \u00een proximitatea sensului giratoriu din cartierul Burdujeni. Mesajul publicat de edil subliniaz\u0103 c\u0103 demersul face parte din eforturile de modernizare a zonei \u0219i de creare a unor spa\u021bii publice de calitate.<\/p>\n<figure class=\"wp-block-image size-large\"><a href=\"https:\/\/cdn.newsbucovina.ro\/wp-content\/uploads\/2026\/08\/763824741_122332140518031410_6081331859799357410_n.jpg\"><img loading=\"lazy\" decoding=\"async\" width=\"1024\" height=\"512\" src=\"https:\/\/cdn.newsbucovina.ro\/wp-content\/uploads\/2026\/08\/763824741_122332140518031410_6081331859799357410_n-1024x512.jpg\" alt class=\"wp-image-445478\"><\/a><\/figure>\n<p class=\"wp-block-paragraph\">\u201eCu ochii spre viitor \u0219i inima spre oameni, azi d\u0103m startul lucr\u0103rilor de reabilitare a parcului din proximitatea sensului giratoriu din Burdujeni\u201d, a transmis primarul. Potrivit acestuia, parcul reabilitat nu va fi doar un loc de admirat, ci un spa\u021biu \u00een care genera\u021biile s\u0103 se \u00eent\u00e2lneasc\u0103: p\u0103rin\u021bii s\u0103 petreac\u0103 timp de calitate cu cei mici, seniorii s\u0103 poat\u0103 dep\u0103na amintiri, iar tinerii s\u0103 se conecteze cu un col\u021b de natur\u0103.<\/p>\n<p class=\"wp-block-paragraph\">Vasile R\u00eembu a prezentat aceast\u0103 transformare ca pe o promisiune concret\u0103 c\u0103 sloganul \u201e#FacemSuceavaBine\u201d nu r\u0103m\u00e2ne doar o formul\u0103, ci reprezint\u0103 un scop asumat. Proiectul din Burdujeni este descris ca un nou pas spre un cartier mai modern, adaptat nevoilor locuitorilor de toate v\u00e2rstele.<\/p>\n<figure class=\"wp-block-embed is-type-video is-provider-youtube wp-block-embed-youtube wp-embed-aspect-16-9 wp-has-aspect-ratio\">\n<div class=\"wp-block-embed__wrapper\">\n<div class=\"youtube-embed\" data-video_id=\"H5LcMzGH100\"><iframe loading=\"lazy\" title=\"Cum transformi Bucuria-n...SC\u00c2RB\u0102? Te plimbi cu ma\u0219ina Prim\u0103riei ...f\u0103r\u0103 acte! POLI\u021aIA o cam scald\u0103!\" width=\"696\" height=\"392\" src=\"https:\/\/www.youtube.com\/embed\/H5LcMzGH100?feature=oembed&amp;enablejsapi=1\" frameborder allow=\"accelerometer; autoplay; clipboard-write; encrypted-media; gyroscope; picture-in-picture; web-share\" referrerpolicy=\"strict-origin-when-cross-origin\" allowfullscreen><\/iframe><\/div>\n<\/div>\n<\/figure>\n<div class=\"td-a-rec td-a-rec-id-content_bottom  tdi_4 td_block_template_1\"><strong>Intr\u0103 acum \u0219i \u00een grupul de <\/p>\n<div class=\"wp-block-button\"><a class=\"wp-block-button__link wp-element-button\" href=\"https:\/\/t.me\/+TH8wcfnp8fw5NWI0\">Telegram News Bucovina<\/a><\/div>\n<p><\/strong><\/div>\n<\/div>\n<div class=\"td-post-content tagdiv-type\">\n<div class=\"td-a-rec td-a-rec-id-content_top  tdi_3 td_block_template_1\"><strong>Intr\u0103 acum \u0219i \u00een grupul de <\/p>\n<div class=\"wp-block-button\"><a class=\"wp-block-button__link wp-element-button\" href=\"https:\/\/t.me\/+TH8wcfnp8fw5NWI0\">Telegram News Bucovina<\/a><\/div>\n<p><\/strong><\/div>\n<p class=\"wp-block-paragraph\">Primarul municipiului Suceava, Vasile R\u00eembu, a anun\u021bat c\u0103 au demarat lucr\u0103rile de reabilitare a parcului aflat \u00een proximitatea sensului giratoriu din cartierul Burdujeni. Mesajul publicat de edil subliniaz\u0103 c\u0103 demersul face parte din eforturile de modernizare a zonei \u0219i de creare a unor spa\u021bii publice de calitate.<\/p>\n<figure class=\"wp-block-image size-large\"><a href=\"https:\/\/cdn.newsbucovina.ro\/wp-content\/uploads\/2026\/08\/763824741_122332140518031410_6081331859799357410_n.jpg\"><img loading=\"lazy\" decoding=\"async\" width=\"1024\" height=\"512\" src=\"https:\/\/cdn.newsbucovina.ro\/wp-content\/uploads\/2026\/08\/763824741_122332140518031410_6081331859799357410_n-1024x512.jpg\" alt class=\"wp-image-445478\"><\/a><\/figure>\n<p class=\"wp-block-paragraph\">\u201eCu ochii spre viitor \u0219i inima spre oameni, azi d\u0103m startul lucr\u0103rilor de reabilitare a parcului din proximitatea sensului giratoriu din Burdujeni\u201d, a transmis primarul. Potrivit acestuia, parcul reabilitat nu va fi doar un loc de admirat, ci un spa\u021biu \u00een care genera\u021biile s\u0103 se \u00eent\u00e2lneasc\u0103: p\u0103rin\u021bii s\u0103 petreac\u0103 timp de calitate cu cei mici, seniorii s\u0103 poat\u0103 dep\u0103na amintiri, iar tinerii s\u0103 se conecteze cu un col\u021b de natur\u0103.<\/p>\n<p class=\"wp-block-paragraph\">Vasile R\u00eembu a prezentat aceast\u0103 transformare ca pe o promisiune concret\u0103 c\u0103 sloganul \u201e#FacemSuceavaBine\u201d nu r\u0103m\u00e2ne doar o formul\u0103, ci reprezint\u0103 un scop asumat. Proiectul din Burdujeni este descris ca un nou pas spre un cartier mai modern, adaptat nevoilor locuitorilor de toate v\u00e2rstele.<\/p>\n<figure class=\"wp-block-embed is-type-video is-provider-youtube wp-block-embed-youtube wp-embed-aspect-16-9 wp-has-aspect-ratio\">\n<div class=\"wp-block-embed__wrapper\">\n<div class=\"youtube-embed\" data-video_id=\"H5LcMzGH100\"><iframe loading=\"lazy\" title=\"Cum transformi Bucuria-n...SC\u00c2RB\u0102? Te plimbi cu ma\u0219ina Prim\u0103riei ...f\u0103r\u0103 acte! POLI\u021aIA o cam scald\u0103!\" width=\"696\" height=\"392\" src=\"https:\/\/www.youtube.com\/embed\/H5LcMzGH100?feature=oembed&amp;enablejsapi=1\" frameborder allow=\"accelerometer; autoplay; clipboard-write; encrypted-media; gyroscope; picture-in-picture; web-share\" referrerpolicy=\"strict-origin-when-cross-origin\" allowfullscreen><\/iframe><\/div>\n<\/div>\n<\/figure>\n<div class=\"td-a-rec td-a-rec-id-content_bottom  tdi_4 td_block_template_1\"><strong>Intr\u0103 acum \u0219i \u00een grupul de <\/p>\n<div class=\"wp-block-button\"><a class=\"wp-block-button__link wp-element-button\" href=\"https:\/\/t.me\/+TH8wcfnp8fw5NWI0\">Telegram News Bucovina<\/a><\/div>\n<p><\/strong><\/div>\n<\/div>\n<p>[analyse_source url=&#8221;https:\/\/www.newsbucovina.ro\/actualitate\/445477\/primarul-vasile-rimbu-anunta-startul-reabilitarii-parcului-din-burdujeni-un-pas-mai-aproape-de-cartierul-modern-pe-care-ni-l-dorim&#8221;]<\/p>\n","protected":false},"excerpt":{"rendered":"<p>[analyse_image type=&#8221;featured&#8221; src=&#8221;https:\/\/www.newsbucovina.ro\/wp-content\/uploads\/2026\/08\/763824741_122332140518031410_6081331859799357410_n.jpghttps:\/\/cdn.newsbucovina.ro\/wp-content\/uploads\/2026\/08\/763824741_122332140518031410_6081331859799357410_n.jpg&#8221;] Intr\u0103 acum \u0219i \u00een grupul de Telegram News Bucovina Primarul municipiului Suceava, Vasile R\u00eembu, a anun\u021bat c\u0103 au demarat lucr\u0103rile de reabilitare a parcului aflat \u00een proximitatea sensului giratoriu din cartierul Burdujeni. Mesajul publicat de edil subliniaz\u0103 c\u0103 demersul face parte din eforturile de modernizare a zonei \u0219i de creare a unor [&hellip;]<\/p>\n","protected":false},"author":1,"featured_media":0,"comment_status":"open","ping_status":"","sticky":false,"template":"","format":"standard","meta":{"footnotes":""},"categories":[89],"tags":[226,165],"class_list":["post-2076268","post","type-post","status-publish","format-standard","hentry","category-romania","tag-crawlmanager","tag-newsbucovina-ro"],"_links":{"self":[{"href":"https:\/\/analyse.optim.biz\/index.php?rest_route=\/wp\/v2\/posts\/2076268","targetHints":{"allow":["GET"]}}],"collection":[{"href":"https:\/\/analyse.optim.biz\/index.php?rest_route=\/wp\/v2\/posts"}],"about":[{"href":"https:\/\/analyse.optim.biz\/index.php?rest_route=\/wp\/v2\/types\/post"}],"author":[{"embeddable":true,"href":"https:\/\/analyse.optim.biz\/index.php?rest_route=\/wp\/v2\/users\/1"}],"replies":[{"embeddable":true,"href":"https:\/\/analyse.optim.biz\/index.php?rest_route=%2Fwp%2Fv2%2Fcomments&post=2076268"}],"version-history":[{"count":0,"href":"https:\/\/analyse.optim.biz\/index.php?rest_route=\/wp\/v2\/posts\/2076268\/revisions"}],"wp:attachment":[{"href":"https:\/\/analyse.optim.biz\/index.php?rest_route=%2Fwp%2Fv2%2Fmedia&parent=2076268"}],"wp:term":[{"taxonomy":"category","embeddable":true,"href":"https:\/\/analyse.optim.biz\/index.php?rest_route=%2Fwp%2Fv2%2Fcategories&post=2076268"},{"taxonomy":"post_tag","embeddable":true,"href":"https:\/\/analyse.optim.biz\/index.php?rest_route=%2Fwp%2Fv2%2Ftags&post=2076268"}],"curies":[{"name":"wp","href":"https:\/\/api.w.org\/{rel}","templated":true}]}}