{"id":2076267,"date":"2026-08-02T14:57:45","date_gmt":"2026-08-02T11:57:45","guid":{"rendered":"https:\/\/analyse.optim.biz\/?p=2076267"},"modified":"2026-08-02T14:57:45","modified_gmt":"2026-08-02T11:57:45","slug":"punct-de-asistenta-medicala-si-distribuire-de-apa-potabila-amenajat-de-isu-suceava-pe-esplanada-casei-de-cultura","status":"publish","type":"post","link":"https:\/\/analyse.optim.biz\/?p=2076267","title":{"rendered":"Punct de asisten\u021b\u0103 medical\u0103 \u0219i distribuire de ap\u0103 potabil\u0103, amenajat de ISU Suceava pe esplanada Casei de Cultur\u0103"},"content":{"rendered":"<p>[analyse_image type=&#8221;featured&#8221; src=&#8221;https:\/\/www.newsbucovina.ro\/wp-content\/uploads\/2026\/08\/punct-opertional-canicula-10.jpeghttps:\/\/cdn.newsbucovina.ro\/wp-content\/uploads\/2026\/08\/punct-opertional-canicula-10.jpeg&#8221;]<\/p>\n<div class=\"td-post-content tagdiv-type\">\n<div class=\"td-a-rec td-a-rec-id-content_top  tdi_3 td_block_template_1\"><strong>Intr\u0103 acum \u0219i \u00een grupul de <\/p>\n<div class=\"wp-block-button\"><a class=\"wp-block-button__link wp-element-button\" href=\"https:\/\/t.me\/+TH8wcfnp8fw5NWI0\">Telegram News Bucovina<\/a><\/div>\n<p><\/strong><\/div>\n<p class=\"wp-block-paragraph\">\u00cen contextul temperaturilor caniculare, Inspectoratul pentru Situa\u021bii de Urgen\u021b\u0103 \u201eBucovina\u201d al jude\u021bului Suceava a opera\u021bionalizat duminic\u0103, 2 august 2026, un punct pentru acordarea asisten\u021bei medicale de urgen\u021b\u0103 \u0219i distribuirea apei potabile. Acesta a fost amplasat pe esplanada Casei de Cultur\u0103 din municipiul Suceava.<\/p>\n<figure class=\"wp-block-gallery has-nested-images columns-default is-cropped wp-block-gallery-1 is-layout-flex wp-block-gallery-is-layout-flex\">\n<figure class=\"wp-block-image size-large\"><a href=\"https:\/\/cdn.newsbucovina.ro\/wp-content\/uploads\/2026\/08\/punct-opertional-canicula-1.jpeg\"><img loading=\"lazy\" decoding=\"async\" width=\"1024\" height=\"768\" data-id=\"445452\" src=\"https:\/\/cdn.newsbucovina.ro\/wp-content\/uploads\/2026\/08\/punct-opertional-canicula-1-1024x768.jpeg\" alt class=\"wp-image-445452\"><\/a><\/figure>\n<figure class=\"wp-block-image size-large\"><a href=\"https:\/\/cdn.newsbucovina.ro\/wp-content\/uploads\/2026\/08\/punct-opertional-canicula-2.jpeg\"><img loading=\"lazy\" decoding=\"async\" width=\"1024\" height=\"768\" data-id=\"445447\" src=\"https:\/\/cdn.newsbucovina.ro\/wp-content\/uploads\/2026\/08\/punct-opertional-canicula-2-1024x768.jpeg\" alt class=\"wp-image-445447\"><\/a><\/figure>\n<figure class=\"wp-block-image size-large\"><a href=\"https:\/\/cdn.newsbucovina.ro\/wp-content\/uploads\/2026\/08\/punct-opertional-canicula-3.jpeg\"><img decoding=\"async\" loading=\"lazy\" width=\"768\" height=\"1024\" data-id=\"445446\" src=\"https:\/\/cdn.newsbucovina.ro\/wp-content\/uploads\/2026\/08\/punct-opertional-canicula-3-768x1024.jpeg\" alt class=\"wp-image-445446\"><\/a><\/figure>\n<figure class=\"wp-block-image size-large\"><a href=\"https:\/\/cdn.newsbucovina.ro\/wp-content\/uploads\/2026\/08\/punct-opertional-canicula-4.jpeg\"><img decoding=\"async\" loading=\"lazy\" width=\"1024\" height=\"768\" data-id=\"445454\" src=\"https:\/\/cdn.newsbucovina.ro\/wp-content\/uploads\/2026\/08\/punct-opertional-canicula-4-1024x768.jpeg\" alt class=\"wp-image-445454\"><\/a><\/figure>\n<figure class=\"wp-block-image size-large\"><a href=\"https:\/\/cdn.newsbucovina.ro\/wp-content\/uploads\/2026\/08\/punct-opertional-canicula-5.jpeg\"><img decoding=\"async\" loading=\"lazy\" width=\"1024\" height=\"768\" data-id=\"445445\" src=\"https:\/\/cdn.newsbucovina.ro\/wp-content\/uploads\/2026\/08\/punct-opertional-canicula-5-1024x768.jpeg\" alt class=\"wp-image-445445\"><\/a><\/figure>\n<figure class=\"wp-block-image size-large\"><a href=\"https:\/\/cdn.newsbucovina.ro\/wp-content\/uploads\/2026\/08\/punct-opertional-canicula-6.jpeg\"><img decoding=\"async\" loading=\"lazy\" width=\"1024\" height=\"768\" data-id=\"445448\" src=\"https:\/\/cdn.newsbucovina.ro\/wp-content\/uploads\/2026\/08\/punct-opertional-canicula-6-1024x768.jpeg\" alt class=\"wp-image-445448\"><\/a><\/figure>\n<figure class=\"wp-block-image size-large\"><a href=\"https:\/\/cdn.newsbucovina.ro\/wp-content\/uploads\/2026\/08\/punct-opertional-canicula-7.jpeg\"><img decoding=\"async\" loading=\"lazy\" width=\"1024\" height=\"768\" data-id=\"445449\" src=\"https:\/\/cdn.newsbucovina.ro\/wp-content\/uploads\/2026\/08\/punct-opertional-canicula-7-1024x768.jpeg\" alt class=\"wp-image-445449\"><\/a><\/figure>\n<figure class=\"wp-block-image size-large\"><a href=\"https:\/\/cdn.newsbucovina.ro\/wp-content\/uploads\/2026\/08\/punct-opertional-canicula-8.jpeg\"><img decoding=\"async\" loading=\"lazy\" width=\"1024\" height=\"768\" data-id=\"445451\" src=\"https:\/\/cdn.newsbucovina.ro\/wp-content\/uploads\/2026\/08\/punct-opertional-canicula-8-1024x768.jpeg\" alt class=\"wp-image-445451\"><\/a><\/figure>\n<figure class=\"wp-block-image size-large\"><a href=\"https:\/\/cdn.newsbucovina.ro\/wp-content\/uploads\/2026\/08\/punct-opertional-canicula-9.jpeg\"><img decoding=\"async\" loading=\"lazy\" width=\"1024\" height=\"768\" data-id=\"445450\" src=\"https:\/\/cdn.newsbucovina.ro\/wp-content\/uploads\/2026\/08\/punct-opertional-canicula-9-1024x768.jpeg\" alt class=\"wp-image-445450\"><\/a><\/figure>\n<figure class=\"wp-block-image size-large\"><a href=\"https:\/\/cdn.newsbucovina.ro\/wp-content\/uploads\/2026\/08\/punct-opertional-canicula-10.jpeg\"><img decoding=\"async\" loading=\"lazy\" width=\"1024\" height=\"768\" data-id=\"445455\" src=\"https:\/\/cdn.newsbucovina.ro\/wp-content\/uploads\/2026\/08\/punct-opertional-canicula-10-1024x768.jpeg\" alt class=\"wp-image-445455\"><\/a><\/figure>\n<figure class=\"wp-block-image size-large\"><a href=\"https:\/\/cdn.newsbucovina.ro\/wp-content\/uploads\/2026\/08\/punct-opertional-canicula-11.jpeg\"><img decoding=\"async\" loading=\"lazy\" width=\"1024\" height=\"768\" data-id=\"445453\" src=\"https:\/\/cdn.newsbucovina.ro\/wp-content\/uploads\/2026\/08\/punct-opertional-canicula-11-1024x768.jpeg\" alt class=\"wp-image-445453\"><\/a><\/figure>\n<\/figure>\n<p class=\"wp-block-paragraph\">Potrivit slt. Radu Gabriel din cadrul ISU Suceava, cortul este dotat cu echipamente necesare pentru gestionarea cazurilor de deshidratare \u0219i hipertermie, inclusiv cu aer condi\u021bionat.<\/p>\n<p class=\"wp-block-paragraph\">Punctul este destinat popula\u021biei afectate de temperaturile extreme \u0219i este deservit de pompieri militari \u2013 paramedici SMURD, de un echipaj al Serviciului de Ambulan\u021b\u0103 Jude\u021bean \u0219i de voluntari ai ISU Suceava.<\/p>\n<p class=\"wp-block-paragraph\">Acesta va func\u021biona pe \u00eentreaga perioad\u0103 a caniculei, aflat\u0103 sub inciden\u021ba Codului Galben, valabil p\u00e2n\u0103 mar\u021bi, 4 august, ora 10:00. Activitatea va continua dac\u0103 situa\u021bia de canicul\u0103 se va prelungi.<\/p>\n<figure class=\"wp-block-embed is-type-video is-provider-youtube wp-block-embed-youtube wp-embed-aspect-16-9 wp-has-aspect-ratio\">\n<div class=\"wp-block-embed__wrapper\">\n<div class=\"youtube-embed\" data-video_id=\"rhlFudBccv8\"><iframe loading=\"lazy\" title=\"400 de bikers + 2 domni de la Poli\u021bie cu BMW-ul... Jandarmii BONUS!! Adrenalin\u0103 la maxim la KILLER\" width=\"696\" height=\"392\" src=\"https:\/\/www.youtube.com\/embed\/rhlFudBccv8?feature=oembed&amp;enablejsapi=1\" frameborder allow=\"accelerometer; autoplay; clipboard-write; encrypted-media; gyroscope; picture-in-picture; web-share\" referrerpolicy=\"strict-origin-when-cross-origin\" allowfullscreen><\/iframe><\/div>\n<\/div>\n<\/figure>\n<div class=\"td-a-rec td-a-rec-id-content_bottom  tdi_4 td_block_template_1\"><strong>Intr\u0103 acum \u0219i \u00een grupul de <\/p>\n<div class=\"wp-block-button\"><a class=\"wp-block-button__link wp-element-button\" href=\"https:\/\/t.me\/+TH8wcfnp8fw5NWI0\">Telegram News Bucovina<\/a><\/div>\n<p><\/strong><\/div>\n<\/div>\n<div class=\"td-post-content tagdiv-type\">\n<div class=\"td-a-rec td-a-rec-id-content_top  tdi_3 td_block_template_1\"><strong>Intr\u0103 acum \u0219i \u00een grupul de <\/p>\n<div class=\"wp-block-button\"><a class=\"wp-block-button__link wp-element-button\" href=\"https:\/\/t.me\/+TH8wcfnp8fw5NWI0\">Telegram News Bucovina<\/a><\/div>\n<p><\/strong><\/div>\n<p class=\"wp-block-paragraph\">\u00cen contextul temperaturilor caniculare, Inspectoratul pentru Situa\u021bii de Urgen\u021b\u0103 \u201eBucovina\u201d al jude\u021bului Suceava a opera\u021bionalizat duminic\u0103, 2 august 2026, un punct pentru acordarea asisten\u021bei medicale de urgen\u021b\u0103 \u0219i distribuirea apei potabile. Acesta a fost amplasat pe esplanada Casei de Cultur\u0103 din municipiul Suceava.<\/p>\n<figure class=\"wp-block-gallery has-nested-images columns-default is-cropped wp-block-gallery-1 is-layout-flex wp-block-gallery-is-layout-flex\">\n<figure class=\"wp-block-image size-large\"><a href=\"https:\/\/cdn.newsbucovina.ro\/wp-content\/uploads\/2026\/08\/punct-opertional-canicula-1.jpeg\"><img loading=\"lazy\" decoding=\"async\" width=\"1024\" height=\"768\" data-id=\"445452\" src=\"https:\/\/cdn.newsbucovina.ro\/wp-content\/uploads\/2026\/08\/punct-opertional-canicula-1-1024x768.jpeg\" alt class=\"wp-image-445452\"><\/a><\/figure>\n<figure class=\"wp-block-image size-large\"><a href=\"https:\/\/cdn.newsbucovina.ro\/wp-content\/uploads\/2026\/08\/punct-opertional-canicula-2.jpeg\"><img loading=\"lazy\" decoding=\"async\" width=\"1024\" height=\"768\" data-id=\"445447\" src=\"https:\/\/cdn.newsbucovina.ro\/wp-content\/uploads\/2026\/08\/punct-opertional-canicula-2-1024x768.jpeg\" alt class=\"wp-image-445447\"><\/a><\/figure>\n<figure class=\"wp-block-image size-large\"><a href=\"https:\/\/cdn.newsbucovina.ro\/wp-content\/uploads\/2026\/08\/punct-opertional-canicula-3.jpeg\"><img decoding=\"async\" loading=\"lazy\" width=\"768\" height=\"1024\" data-id=\"445446\" src=\"https:\/\/cdn.newsbucovina.ro\/wp-content\/uploads\/2026\/08\/punct-opertional-canicula-3-768x1024.jpeg\" alt class=\"wp-image-445446\"><\/a><\/figure>\n<figure class=\"wp-block-image size-large\"><a href=\"https:\/\/cdn.newsbucovina.ro\/wp-content\/uploads\/2026\/08\/punct-opertional-canicula-4.jpeg\"><img decoding=\"async\" loading=\"lazy\" width=\"1024\" height=\"768\" data-id=\"445454\" src=\"https:\/\/cdn.newsbucovina.ro\/wp-content\/uploads\/2026\/08\/punct-opertional-canicula-4-1024x768.jpeg\" alt class=\"wp-image-445454\"><\/a><\/figure>\n<figure class=\"wp-block-image size-large\"><a href=\"https:\/\/cdn.newsbucovina.ro\/wp-content\/uploads\/2026\/08\/punct-opertional-canicula-5.jpeg\"><img decoding=\"async\" loading=\"lazy\" width=\"1024\" height=\"768\" data-id=\"445445\" src=\"https:\/\/cdn.newsbucovina.ro\/wp-content\/uploads\/2026\/08\/punct-opertional-canicula-5-1024x768.jpeg\" alt class=\"wp-image-445445\"><\/a><\/figure>\n<figure class=\"wp-block-image size-large\"><a href=\"https:\/\/cdn.newsbucovina.ro\/wp-content\/uploads\/2026\/08\/punct-opertional-canicula-6.jpeg\"><img decoding=\"async\" loading=\"lazy\" width=\"1024\" height=\"768\" data-id=\"445448\" src=\"https:\/\/cdn.newsbucovina.ro\/wp-content\/uploads\/2026\/08\/punct-opertional-canicula-6-1024x768.jpeg\" alt class=\"wp-image-445448\"><\/a><\/figure>\n<figure class=\"wp-block-image size-large\"><a href=\"https:\/\/cdn.newsbucovina.ro\/wp-content\/uploads\/2026\/08\/punct-opertional-canicula-7.jpeg\"><img decoding=\"async\" loading=\"lazy\" width=\"1024\" height=\"768\" data-id=\"445449\" src=\"https:\/\/cdn.newsbucovina.ro\/wp-content\/uploads\/2026\/08\/punct-opertional-canicula-7-1024x768.jpeg\" alt class=\"wp-image-445449\"><\/a><\/figure>\n<figure class=\"wp-block-image size-large\"><a href=\"https:\/\/cdn.newsbucovina.ro\/wp-content\/uploads\/2026\/08\/punct-opertional-canicula-8.jpeg\"><img decoding=\"async\" loading=\"lazy\" width=\"1024\" height=\"768\" data-id=\"445451\" src=\"https:\/\/cdn.newsbucovina.ro\/wp-content\/uploads\/2026\/08\/punct-opertional-canicula-8-1024x768.jpeg\" alt class=\"wp-image-445451\"><\/a><\/figure>\n<figure class=\"wp-block-image size-large\"><a href=\"https:\/\/cdn.newsbucovina.ro\/wp-content\/uploads\/2026\/08\/punct-opertional-canicula-9.jpeg\"><img decoding=\"async\" loading=\"lazy\" width=\"1024\" height=\"768\" data-id=\"445450\" src=\"https:\/\/cdn.newsbucovina.ro\/wp-content\/uploads\/2026\/08\/punct-opertional-canicula-9-1024x768.jpeg\" alt class=\"wp-image-445450\"><\/a><\/figure>\n<figure class=\"wp-block-image size-large\"><a href=\"https:\/\/cdn.newsbucovina.ro\/wp-content\/uploads\/2026\/08\/punct-opertional-canicula-10.jpeg\"><img decoding=\"async\" loading=\"lazy\" width=\"1024\" height=\"768\" data-id=\"445455\" src=\"https:\/\/cdn.newsbucovina.ro\/wp-content\/uploads\/2026\/08\/punct-opertional-canicula-10-1024x768.jpeg\" alt class=\"wp-image-445455\"><\/a><\/figure>\n<figure class=\"wp-block-image size-large\"><a href=\"https:\/\/cdn.newsbucovina.ro\/wp-content\/uploads\/2026\/08\/punct-opertional-canicula-11.jpeg\"><img decoding=\"async\" loading=\"lazy\" width=\"1024\" height=\"768\" data-id=\"445453\" src=\"https:\/\/cdn.newsbucovina.ro\/wp-content\/uploads\/2026\/08\/punct-opertional-canicula-11-1024x768.jpeg\" alt class=\"wp-image-445453\"><\/a><\/figure>\n<\/figure>\n<p class=\"wp-block-paragraph\">Potrivit slt. Radu Gabriel din cadrul ISU Suceava, cortul este dotat cu echipamente necesare pentru gestionarea cazurilor de deshidratare \u0219i hipertermie, inclusiv cu aer condi\u021bionat.<\/p>\n<p class=\"wp-block-paragraph\">Punctul este destinat popula\u021biei afectate de temperaturile extreme \u0219i este deservit de pompieri militari \u2013 paramedici SMURD, de un echipaj al Serviciului de Ambulan\u021b\u0103 Jude\u021bean \u0219i de voluntari ai ISU Suceava.<\/p>\n<p class=\"wp-block-paragraph\">Acesta va func\u021biona pe \u00eentreaga perioad\u0103 a caniculei, aflat\u0103 sub inciden\u021ba Codului Galben, valabil p\u00e2n\u0103 mar\u021bi, 4 august, ora 10:00. Activitatea va continua dac\u0103 situa\u021bia de canicul\u0103 se va prelungi.<\/p>\n<figure class=\"wp-block-embed is-type-video is-provider-youtube wp-block-embed-youtube wp-embed-aspect-16-9 wp-has-aspect-ratio\">\n<div class=\"wp-block-embed__wrapper\">\n<div class=\"youtube-embed\" data-video_id=\"rhlFudBccv8\"><iframe loading=\"lazy\" title=\"400 de bikers + 2 domni de la Poli\u021bie cu BMW-ul... Jandarmii BONUS!! Adrenalin\u0103 la maxim la KILLER\" width=\"696\" height=\"392\" src=\"https:\/\/www.youtube.com\/embed\/rhlFudBccv8?feature=oembed&amp;enablejsapi=1\" frameborder allow=\"accelerometer; autoplay; clipboard-write; encrypted-media; gyroscope; picture-in-picture; web-share\" referrerpolicy=\"strict-origin-when-cross-origin\" allowfullscreen><\/iframe><\/div>\n<\/div>\n<\/figure>\n<div class=\"td-a-rec td-a-rec-id-content_bottom  tdi_4 td_block_template_1\"><strong>Intr\u0103 acum \u0219i \u00een grupul de <\/p>\n<div class=\"wp-block-button\"><a class=\"wp-block-button__link wp-element-button\" href=\"https:\/\/t.me\/+TH8wcfnp8fw5NWI0\">Telegram News Bucovina<\/a><\/div>\n<p><\/strong><\/div>\n<\/div>\n<p>[analyse_source url=&#8221;https:\/\/www.newsbucovina.ro\/actualitate\/445444\/punct-de-asistenta-medicala-si-distribuire-de-apa-potabila-amenajat-de-isu-suceava-pe-esplanada-casei-de-cultura&#8221;]<\/p>\n","protected":false},"excerpt":{"rendered":"<p>[analyse_image type=&#8221;featured&#8221; src=&#8221;https:\/\/www.newsbucovina.ro\/wp-content\/uploads\/2026\/08\/punct-opertional-canicula-10.jpeghttps:\/\/cdn.newsbucovina.ro\/wp-content\/uploads\/2026\/08\/punct-opertional-canicula-10.jpeg&#8221;] Intr\u0103 acum \u0219i \u00een grupul de Telegram News Bucovina \u00cen contextul temperaturilor caniculare, Inspectoratul pentru Situa\u021bii de Urgen\u021b\u0103 \u201eBucovina\u201d al jude\u021bului Suceava a opera\u021bionalizat duminic\u0103, 2 august 2026, un punct pentru acordarea asisten\u021bei medicale de urgen\u021b\u0103 \u0219i distribuirea apei potabile. Acesta a fost amplasat pe esplanada Casei de Cultur\u0103 din municipiul Suceava. [&hellip;]<\/p>\n","protected":false},"author":1,"featured_media":0,"comment_status":"open","ping_status":"","sticky":false,"template":"","format":"standard","meta":{"footnotes":""},"categories":[89],"tags":[226,165],"class_list":["post-2076267","post","type-post","status-publish","format-standard","hentry","category-romania","tag-crawlmanager","tag-newsbucovina-ro"],"_links":{"self":[{"href":"https:\/\/analyse.optim.biz\/index.php?rest_route=\/wp\/v2\/posts\/2076267","targetHints":{"allow":["GET"]}}],"collection":[{"href":"https:\/\/analyse.optim.biz\/index.php?rest_route=\/wp\/v2\/posts"}],"about":[{"href":"https:\/\/analyse.optim.biz\/index.php?rest_route=\/wp\/v2\/types\/post"}],"author":[{"embeddable":true,"href":"https:\/\/analyse.optim.biz\/index.php?rest_route=\/wp\/v2\/users\/1"}],"replies":[{"embeddable":true,"href":"https:\/\/analyse.optim.biz\/index.php?rest_route=%2Fwp%2Fv2%2Fcomments&post=2076267"}],"version-history":[{"count":0,"href":"https:\/\/analyse.optim.biz\/index.php?rest_route=\/wp\/v2\/posts\/2076267\/revisions"}],"wp:attachment":[{"href":"https:\/\/analyse.optim.biz\/index.php?rest_route=%2Fwp%2Fv2%2Fmedia&parent=2076267"}],"wp:term":[{"taxonomy":"category","embeddable":true,"href":"https:\/\/analyse.optim.biz\/index.php?rest_route=%2Fwp%2Fv2%2Fcategories&post=2076267"},{"taxonomy":"post_tag","embeddable":true,"href":"https:\/\/analyse.optim.biz\/index.php?rest_route=%2Fwp%2Fv2%2Ftags&post=2076267"}],"curies":[{"name":"wp","href":"https:\/\/api.w.org\/{rel}","templated":true}]}}