{"id":2076266,"date":"2026-08-02T13:40:09","date_gmt":"2026-08-02T10:40:09","guid":{"rendered":"https:\/\/analyse.optim.biz\/?p=2076266"},"modified":"2026-08-02T13:40:09","modified_gmt":"2026-08-02T10:40:09","slug":"incendiu-puternic-la-o-gospodarie-din-suceava-au-ars-un-garaj-o-anexa-si-instalatia-de-panouri-fotovoltaice","status":"publish","type":"post","link":"https:\/\/analyse.optim.biz\/?p=2076266","title":{"rendered":"Incendiu puternic la o gospod\u0103rie din Suceava. Au ars un garaj, o anex\u0103 \u0219i instala\u021bia de panouri fotovoltaice"},"content":{"rendered":"<p>[analyse_image type=&#8221;featured&#8221; src=&#8221;https:\/\/www.newsbucovina.ro\/wp-content\/uploads\/2026\/08\/WhatsApp-Image-2026-08-02-at-15.07.08.jpeghttps:\/\/cdn.newsbucovina.ro\/wp-content\/uploads\/2026\/08\/WhatsApp-Image-2026-08-02-at-15.07.08.jpeg&#8221;]<\/p>\n<div class=\"td-post-content tagdiv-type\">\n<div class=\"td-a-rec td-a-rec-id-content_top  tdi_3 td_block_template_1\"><strong>Intr\u0103 acum \u0219i \u00een grupul de <\/p>\n<div class=\"wp-block-button\"><a class=\"wp-block-button__link wp-element-button\" href=\"https:\/\/t.me\/+TH8wcfnp8fw5NWI0\">Telegram News Bucovina<\/a><\/div>\n<p><\/strong><\/div>\n<p class=\"wp-block-paragraph\">Un incendiu a izbucnit duminic\u0103 dup\u0103 amiza la o gospod\u0103rie din municipiul Suceava.<\/p>\n<figure class=\"wp-block-image size-large\"><a href=\"https:\/\/cdn.newsbucovina.ro\/wp-content\/uploads\/2026\/08\/WhatsApp-Image-2026-08-02-at-15.07.08.jpeg\"><img loading=\"lazy\" decoding=\"async\" width=\"1024\" height=\"576\" src=\"https:\/\/cdn.newsbucovina.ro\/wp-content\/uploads\/2026\/08\/WhatsApp-Image-2026-08-02-at-15.07.08-1024x576.jpeg\" alt class=\"wp-image-445433\"><\/a><\/figure>\n<p class=\"wp-block-paragraph\">La fa\u021ba locului au intervenit pompierii militari cu dou\u0103 autospeciale de stingere \u0219i o ambulan\u021b\u0103 SMURD.<\/p>\n<p class=\"wp-block-paragraph\">Potrivit purt\u0103torului de cuv\u00e2nt al ISU Suceava, locotenent colonel Alin G\u0103leat\u0103, la sosirea echipajelor, fl\u0103c\u0103rile se manifestau violent, cu degaj\u0103ri mari de fum, la un garaj \u0219i la o buc\u0103t\u0103rie de var\u0103. Interven\u021bia a fost dificil\u0103 din cauza cantit\u0103\u021bii mari de materiale \u0219i substan\u021be combustibile aflate \u00een zona de ardere.<\/p>\n<p class=\"wp-block-paragraph\">Pompierii au reu\u0219it s\u0103 lichideze incendiul \u0219i s\u0103 \u00eempiedice propagarea fl\u0103c\u0103rilor la construc\u021biile \u00eenvecinate.<\/p>\n<p class=\"wp-block-paragraph\">\u00cen fl\u0103c\u0103ri au ars un garaj \u0219i o anex\u0103, construc\u021bii aflate \u00een corp comun, precum \u0219i acoperi\u0219ul buc\u0103t\u0103riei de var\u0103, pe o suprafa\u021b\u0103 total\u0103 de aproximativ 160 de metri p\u0103tra\u021bi. Au fost distruse \u0219i mai multe bunuri depozitate \u00een cl\u0103dirile afectate, precum \u0219i instala\u021bia de panouri fotovoltaice.<\/p>\n<p class=\"wp-block-paragraph\">Incendiul a fost lichidat \u00een limitele g\u0103site. Cauza probabil\u0103 a izbucnirii a fost un scurtcircuit produs la un conductor electric suprasolicitat.<\/p>\n<figure class=\"wp-block-embed is-type-video is-provider-youtube wp-block-embed-youtube wp-embed-aspect-16-9 wp-has-aspect-ratio\">\n<div class=\"wp-block-embed__wrapper\">\n<div class=\"youtube-embed\" data-video_id=\"rhlFudBccv8\"><iframe loading=\"lazy\" title=\"400 de bikers + 2 domni de la Poli\u021bie cu BMW-ul... Jandarmii BONUS!! Adrenalin\u0103 la maxim la KILLER\" width=\"696\" height=\"392\" src=\"https:\/\/www.youtube.com\/embed\/rhlFudBccv8?feature=oembed&amp;enablejsapi=1\" frameborder allow=\"accelerometer; autoplay; clipboard-write; encrypted-media; gyroscope; picture-in-picture; web-share\" referrerpolicy=\"strict-origin-when-cross-origin\" allowfullscreen><\/iframe><\/div>\n<\/div>\n<\/figure>\n<div class=\"td-a-rec td-a-rec-id-content_bottom  tdi_4 td_block_template_1\"><strong>Intr\u0103 acum \u0219i \u00een grupul de <\/p>\n<div class=\"wp-block-button\"><a class=\"wp-block-button__link wp-element-button\" href=\"https:\/\/t.me\/+TH8wcfnp8fw5NWI0\">Telegram News Bucovina<\/a><\/div>\n<p><\/strong><\/div>\n<\/div>\n<div class=\"td-post-content tagdiv-type\">\n<div class=\"td-a-rec td-a-rec-id-content_top  tdi_3 td_block_template_1\"><strong>Intr\u0103 acum \u0219i \u00een grupul de <\/p>\n<div class=\"wp-block-button\"><a class=\"wp-block-button__link wp-element-button\" href=\"https:\/\/t.me\/+TH8wcfnp8fw5NWI0\">Telegram News Bucovina<\/a><\/div>\n<p><\/strong><\/div>\n<p class=\"wp-block-paragraph\">Un incendiu a izbucnit duminic\u0103 dup\u0103 amiza la o gospod\u0103rie din municipiul Suceava.<\/p>\n<figure class=\"wp-block-image size-large\"><a href=\"https:\/\/cdn.newsbucovina.ro\/wp-content\/uploads\/2026\/08\/WhatsApp-Image-2026-08-02-at-15.07.08.jpeg\"><img loading=\"lazy\" decoding=\"async\" width=\"1024\" height=\"576\" src=\"https:\/\/cdn.newsbucovina.ro\/wp-content\/uploads\/2026\/08\/WhatsApp-Image-2026-08-02-at-15.07.08-1024x576.jpeg\" alt class=\"wp-image-445433\"><\/a><\/figure>\n<p class=\"wp-block-paragraph\">La fa\u021ba locului au intervenit pompierii militari cu dou\u0103 autospeciale de stingere \u0219i o ambulan\u021b\u0103 SMURD.<\/p>\n<p class=\"wp-block-paragraph\">Potrivit purt\u0103torului de cuv\u00e2nt al ISU Suceava, locotenent colonel Alin G\u0103leat\u0103, la sosirea echipajelor, fl\u0103c\u0103rile se manifestau violent, cu degaj\u0103ri mari de fum, la un garaj \u0219i la o buc\u0103t\u0103rie de var\u0103. Interven\u021bia a fost dificil\u0103 din cauza cantit\u0103\u021bii mari de materiale \u0219i substan\u021be combustibile aflate \u00een zona de ardere.<\/p>\n<p class=\"wp-block-paragraph\">Pompierii au reu\u0219it s\u0103 lichideze incendiul \u0219i s\u0103 \u00eempiedice propagarea fl\u0103c\u0103rilor la construc\u021biile \u00eenvecinate.<\/p>\n<p class=\"wp-block-paragraph\">\u00cen fl\u0103c\u0103ri au ars un garaj \u0219i o anex\u0103, construc\u021bii aflate \u00een corp comun, precum \u0219i acoperi\u0219ul buc\u0103t\u0103riei de var\u0103, pe o suprafa\u021b\u0103 total\u0103 de aproximativ 160 de metri p\u0103tra\u021bi. Au fost distruse \u0219i mai multe bunuri depozitate \u00een cl\u0103dirile afectate, precum \u0219i instala\u021bia de panouri fotovoltaice.<\/p>\n<p class=\"wp-block-paragraph\">Incendiul a fost lichidat \u00een limitele g\u0103site. Cauza probabil\u0103 a izbucnirii a fost un scurtcircuit produs la un conductor electric suprasolicitat.<\/p>\n<figure class=\"wp-block-embed is-type-video is-provider-youtube wp-block-embed-youtube wp-embed-aspect-16-9 wp-has-aspect-ratio\">\n<div class=\"wp-block-embed__wrapper\">\n<div class=\"youtube-embed\" data-video_id=\"rhlFudBccv8\"><iframe loading=\"lazy\" title=\"400 de bikers + 2 domni de la Poli\u021bie cu BMW-ul... Jandarmii BONUS!! Adrenalin\u0103 la maxim la KILLER\" width=\"696\" height=\"392\" src=\"https:\/\/www.youtube.com\/embed\/rhlFudBccv8?feature=oembed&amp;enablejsapi=1\" frameborder allow=\"accelerometer; autoplay; clipboard-write; encrypted-media; gyroscope; picture-in-picture; web-share\" referrerpolicy=\"strict-origin-when-cross-origin\" allowfullscreen><\/iframe><\/div>\n<\/div>\n<\/figure>\n<div class=\"td-a-rec td-a-rec-id-content_bottom  tdi_4 td_block_template_1\"><strong>Intr\u0103 acum \u0219i \u00een grupul de <\/p>\n<div class=\"wp-block-button\"><a class=\"wp-block-button__link wp-element-button\" href=\"https:\/\/t.me\/+TH8wcfnp8fw5NWI0\">Telegram News Bucovina<\/a><\/div>\n<p><\/strong><\/div>\n<\/div>\n<p>[analyse_source url=&#8221;https:\/\/www.newsbucovina.ro\/actualitate\/445442\/incendiu-puternic-la-o-gospodarie-din-suceava-au-ars-un-garaj-o-anexa-si-instalatia-de-panouri-fotovoltaice&#8221;]<\/p>\n","protected":false},"excerpt":{"rendered":"<p>[analyse_image type=&#8221;featured&#8221; src=&#8221;https:\/\/www.newsbucovina.ro\/wp-content\/uploads\/2026\/08\/WhatsApp-Image-2026-08-02-at-15.07.08.jpeghttps:\/\/cdn.newsbucovina.ro\/wp-content\/uploads\/2026\/08\/WhatsApp-Image-2026-08-02-at-15.07.08.jpeg&#8221;] Intr\u0103 acum \u0219i \u00een grupul de Telegram News Bucovina Un incendiu a izbucnit duminic\u0103 dup\u0103 amiza la o gospod\u0103rie din municipiul Suceava. La fa\u021ba locului au intervenit pompierii militari cu dou\u0103 autospeciale de stingere \u0219i o ambulan\u021b\u0103 SMURD. Potrivit purt\u0103torului de cuv\u00e2nt al ISU Suceava, locotenent colonel Alin G\u0103leat\u0103, la sosirea echipajelor, [&hellip;]<\/p>\n","protected":false},"author":1,"featured_media":0,"comment_status":"open","ping_status":"","sticky":false,"template":"","format":"standard","meta":{"footnotes":""},"categories":[89],"tags":[226,165],"class_list":["post-2076266","post","type-post","status-publish","format-standard","hentry","category-romania","tag-crawlmanager","tag-newsbucovina-ro"],"_links":{"self":[{"href":"https:\/\/analyse.optim.biz\/index.php?rest_route=\/wp\/v2\/posts\/2076266","targetHints":{"allow":["GET"]}}],"collection":[{"href":"https:\/\/analyse.optim.biz\/index.php?rest_route=\/wp\/v2\/posts"}],"about":[{"href":"https:\/\/analyse.optim.biz\/index.php?rest_route=\/wp\/v2\/types\/post"}],"author":[{"embeddable":true,"href":"https:\/\/analyse.optim.biz\/index.php?rest_route=\/wp\/v2\/users\/1"}],"replies":[{"embeddable":true,"href":"https:\/\/analyse.optim.biz\/index.php?rest_route=%2Fwp%2Fv2%2Fcomments&post=2076266"}],"version-history":[{"count":0,"href":"https:\/\/analyse.optim.biz\/index.php?rest_route=\/wp\/v2\/posts\/2076266\/revisions"}],"wp:attachment":[{"href":"https:\/\/analyse.optim.biz\/index.php?rest_route=%2Fwp%2Fv2%2Fmedia&parent=2076266"}],"wp:term":[{"taxonomy":"category","embeddable":true,"href":"https:\/\/analyse.optim.biz\/index.php?rest_route=%2Fwp%2Fv2%2Fcategories&post=2076266"},{"taxonomy":"post_tag","embeddable":true,"href":"https:\/\/analyse.optim.biz\/index.php?rest_route=%2Fwp%2Fv2%2Ftags&post=2076266"}],"curies":[{"name":"wp","href":"https:\/\/api.w.org\/{rel}","templated":true}]}}