{"id":2076264,"date":"2026-08-02T12:10:03","date_gmt":"2026-08-02T09:10:03","guid":{"rendered":"https:\/\/analyse.optim.biz\/?p=2076264"},"modified":"2026-08-02T12:10:03","modified_gmt":"2026-08-02T09:10:03","slug":"incendiu-la-o-gospodarie-din-municipiul-suceava-pompierii-intervin-cu-doua-autospeciale","status":"publish","type":"post","link":"https:\/\/analyse.optim.biz\/?p=2076264","title":{"rendered":"Incendiu la o gospod\u0103rie din municipiul Suceava. Pompierii intervin cu dou\u0103 autospeciale"},"content":{"rendered":"<p>[analyse_image type=&#8221;featured&#8221; src=&#8221;https:\/\/www.newsbucovina.ro\/wp-content\/uploads\/2026\/08\/WhatsApp-Image-2026-08-02-at-15.07.09.jpeghttps:\/\/cdn.newsbucovina.ro\/wp-content\/uploads\/2026\/08\/WhatsApp-Image-2026-08-02-at-15.07.09.jpeg&#8221;]<\/p>\n<div class=\"td-post-content tagdiv-type\">\n<div class=\"td-a-rec td-a-rec-id-content_top  tdi_3 td_block_template_1\"><strong>Intr\u0103 acum \u0219i \u00een grupul de <\/p>\n<div class=\"wp-block-button\"><a class=\"wp-block-button__link wp-element-button\" href=\"https:\/\/t.me\/+TH8wcfnp8fw5NWI0\">Telegram News Bucovina<\/a><\/div>\n<p><\/strong><\/div>\n<p class=\"wp-block-paragraph\">Un incendiu a izbucnit duminic\u0103 dup\u0103 amiaza la o gospod\u0103rie din municipiul Suceava.<\/p>\n<figure class=\"wp-block-gallery has-nested-images columns-default is-cropped wp-block-gallery-1 is-layout-flex wp-block-gallery-is-layout-flex\">\n<figure class=\"wp-block-image size-large\"><a href=\"https:\/\/cdn.newsbucovina.ro\/wp-content\/uploads\/2026\/08\/WhatsApp-Image-2026-08-02-at-15.07.09.jpeg\"><img loading=\"lazy\" decoding=\"async\" width=\"1024\" height=\"576\" data-id=\"445434\" src=\"https:\/\/cdn.newsbucovina.ro\/wp-content\/uploads\/2026\/08\/WhatsApp-Image-2026-08-02-at-15.07.09-1024x576.jpeg\" alt class=\"wp-image-445434\"><\/a><\/figure>\n<figure class=\"wp-block-image size-large\"><a href=\"https:\/\/cdn.newsbucovina.ro\/wp-content\/uploads\/2026\/08\/WhatsApp-Image-2026-08-02-at-15.07.08.jpeg\"><img loading=\"lazy\" decoding=\"async\" width=\"1024\" height=\"576\" data-id=\"445433\" src=\"https:\/\/cdn.newsbucovina.ro\/wp-content\/uploads\/2026\/08\/WhatsApp-Image-2026-08-02-at-15.07.08-1024x576.jpeg\" alt class=\"wp-image-445433\"><\/a><\/figure>\n<\/figure>\n<p class=\"wp-block-paragraph\">Potrivit purt\u0103torului de cuv\u00e2nt al ISU Suceava, locotenent colonel Alin G\u0103leat\u0103, la fa\u021ba locului intervin pompierii militari cu dou\u0103 autospeciale de stingere \u0219i o ambulan\u021b\u0103 SMURD.<\/p>\n<p class=\"wp-block-paragraph\">La sosirea echipajelor, fl\u0103c\u0103rile se manifestau violent, cu degaj\u0103ri mari de fum, la un garaj \u0219i la o buc\u0103t\u0103rie de var\u0103.<\/p>\n<p class=\"wp-block-paragraph\">Interven\u021bia este dificil\u0103 din cauza cantit\u0103\u021bii mari de materiale \u0219i substan\u021be combustibile aflate \u00een zona de ardere.<\/p>\n<p class=\"wp-block-paragraph\">P\u00e2n\u0103 \u00een acest moment nu au fost \u00eenregistrate victime. Pompierii au reu\u0219it s\u0103 localizeze incendiul \u0219i s\u0103 \u00eempiedice propagarea fl\u0103c\u0103rilor la construc\u021biile \u00eenvecinate.<\/p>\n<figure class=\"wp-block-embed is-type-video is-provider-youtube wp-block-embed-youtube wp-embed-aspect-16-9 wp-has-aspect-ratio\">\n<div class=\"wp-block-embed__wrapper\">\n<div class=\"youtube-embed\" data-video_id=\"rhlFudBccv8\"><iframe loading=\"lazy\" title=\"400 de bikers + 2 domni de la Poli\u021bie cu BMW-ul... Jandarmii BONUS!! Adrenalin\u0103 la maxim la KILLER\" width=\"696\" height=\"392\" src=\"https:\/\/www.youtube.com\/embed\/rhlFudBccv8?feature=oembed&amp;enablejsapi=1\" frameborder allow=\"accelerometer; autoplay; clipboard-write; encrypted-media; gyroscope; picture-in-picture; web-share\" referrerpolicy=\"strict-origin-when-cross-origin\" allowfullscreen><\/iframe><\/div>\n<\/div>\n<\/figure>\n<div class=\"td-a-rec td-a-rec-id-content_bottom  tdi_4 td_block_template_1\"><strong>Intr\u0103 acum \u0219i \u00een grupul de <\/p>\n<div class=\"wp-block-button\"><a class=\"wp-block-button__link wp-element-button\" href=\"https:\/\/t.me\/+TH8wcfnp8fw5NWI0\">Telegram News Bucovina<\/a><\/div>\n<p><\/strong><\/div>\n<\/div>\n<div class=\"td-post-content tagdiv-type\">\n<div class=\"td-a-rec td-a-rec-id-content_top  tdi_3 td_block_template_1\"><strong>Intr\u0103 acum \u0219i \u00een grupul de <\/p>\n<div class=\"wp-block-button\"><a class=\"wp-block-button__link wp-element-button\" href=\"https:\/\/t.me\/+TH8wcfnp8fw5NWI0\">Telegram News Bucovina<\/a><\/div>\n<p><\/strong><\/div>\n<p class=\"wp-block-paragraph\">Un incendiu a izbucnit duminic\u0103 dup\u0103 amiaza la o gospod\u0103rie din municipiul Suceava.<\/p>\n<figure class=\"wp-block-gallery has-nested-images columns-default is-cropped wp-block-gallery-1 is-layout-flex wp-block-gallery-is-layout-flex\">\n<figure class=\"wp-block-image size-large\"><a href=\"https:\/\/cdn.newsbucovina.ro\/wp-content\/uploads\/2026\/08\/WhatsApp-Image-2026-08-02-at-15.07.09.jpeg\"><img loading=\"lazy\" decoding=\"async\" width=\"1024\" height=\"576\" data-id=\"445434\" src=\"https:\/\/cdn.newsbucovina.ro\/wp-content\/uploads\/2026\/08\/WhatsApp-Image-2026-08-02-at-15.07.09-1024x576.jpeg\" alt class=\"wp-image-445434\"><\/a><\/figure>\n<figure class=\"wp-block-image size-large\"><a href=\"https:\/\/cdn.newsbucovina.ro\/wp-content\/uploads\/2026\/08\/WhatsApp-Image-2026-08-02-at-15.07.08.jpeg\"><img loading=\"lazy\" decoding=\"async\" width=\"1024\" height=\"576\" data-id=\"445433\" src=\"https:\/\/cdn.newsbucovina.ro\/wp-content\/uploads\/2026\/08\/WhatsApp-Image-2026-08-02-at-15.07.08-1024x576.jpeg\" alt class=\"wp-image-445433\"><\/a><\/figure>\n<\/figure>\n<p class=\"wp-block-paragraph\">Potrivit purt\u0103torului de cuv\u00e2nt al ISU Suceava, locotenent colonel Alin G\u0103leat\u0103, la fa\u021ba locului intervin pompierii militari cu dou\u0103 autospeciale de stingere \u0219i o ambulan\u021b\u0103 SMURD.<\/p>\n<p class=\"wp-block-paragraph\">La sosirea echipajelor, fl\u0103c\u0103rile se manifestau violent, cu degaj\u0103ri mari de fum, la un garaj \u0219i la o buc\u0103t\u0103rie de var\u0103.<\/p>\n<p class=\"wp-block-paragraph\">Interven\u021bia este dificil\u0103 din cauza cantit\u0103\u021bii mari de materiale \u0219i substan\u021be combustibile aflate \u00een zona de ardere.<\/p>\n<p class=\"wp-block-paragraph\">P\u00e2n\u0103 \u00een acest moment nu au fost \u00eenregistrate victime. Pompierii au reu\u0219it s\u0103 localizeze incendiul \u0219i s\u0103 \u00eempiedice propagarea fl\u0103c\u0103rilor la construc\u021biile \u00eenvecinate.<\/p>\n<figure class=\"wp-block-embed is-type-video is-provider-youtube wp-block-embed-youtube wp-embed-aspect-16-9 wp-has-aspect-ratio\">\n<div class=\"wp-block-embed__wrapper\">\n<div class=\"youtube-embed\" data-video_id=\"rhlFudBccv8\"><iframe loading=\"lazy\" title=\"400 de bikers + 2 domni de la Poli\u021bie cu BMW-ul... Jandarmii BONUS!! Adrenalin\u0103 la maxim la KILLER\" width=\"696\" height=\"392\" src=\"https:\/\/www.youtube.com\/embed\/rhlFudBccv8?feature=oembed&amp;enablejsapi=1\" frameborder allow=\"accelerometer; autoplay; clipboard-write; encrypted-media; gyroscope; picture-in-picture; web-share\" referrerpolicy=\"strict-origin-when-cross-origin\" allowfullscreen><\/iframe><\/div>\n<\/div>\n<\/figure>\n<div class=\"td-a-rec td-a-rec-id-content_bottom  tdi_4 td_block_template_1\"><strong>Intr\u0103 acum \u0219i \u00een grupul de <\/p>\n<div class=\"wp-block-button\"><a class=\"wp-block-button__link wp-element-button\" href=\"https:\/\/t.me\/+TH8wcfnp8fw5NWI0\">Telegram News Bucovina<\/a><\/div>\n<p><\/strong><\/div>\n<\/div>\n<p>[analyse_source url=&#8221;https:\/\/www.newsbucovina.ro\/actualitate\/445435\/incendiu-la-o-gospodarie-din-municipiul-suceava-pompierii-intervin-cu-doua-autospeciale&#8221;]<\/p>\n","protected":false},"excerpt":{"rendered":"<p>[analyse_image type=&#8221;featured&#8221; src=&#8221;https:\/\/www.newsbucovina.ro\/wp-content\/uploads\/2026\/08\/WhatsApp-Image-2026-08-02-at-15.07.09.jpeghttps:\/\/cdn.newsbucovina.ro\/wp-content\/uploads\/2026\/08\/WhatsApp-Image-2026-08-02-at-15.07.09.jpeg&#8221;] Intr\u0103 acum \u0219i \u00een grupul de Telegram News Bucovina Un incendiu a izbucnit duminic\u0103 dup\u0103 amiaza la o gospod\u0103rie din municipiul Suceava. Potrivit purt\u0103torului de cuv\u00e2nt al ISU Suceava, locotenent colonel Alin G\u0103leat\u0103, la fa\u021ba locului intervin pompierii militari cu dou\u0103 autospeciale de stingere \u0219i o ambulan\u021b\u0103 SMURD. La sosirea echipajelor, fl\u0103c\u0103rile [&hellip;]<\/p>\n","protected":false},"author":1,"featured_media":0,"comment_status":"open","ping_status":"","sticky":false,"template":"","format":"standard","meta":{"footnotes":""},"categories":[89],"tags":[226,165],"class_list":["post-2076264","post","type-post","status-publish","format-standard","hentry","category-romania","tag-crawlmanager","tag-newsbucovina-ro"],"_links":{"self":[{"href":"https:\/\/analyse.optim.biz\/index.php?rest_route=\/wp\/v2\/posts\/2076264","targetHints":{"allow":["GET"]}}],"collection":[{"href":"https:\/\/analyse.optim.biz\/index.php?rest_route=\/wp\/v2\/posts"}],"about":[{"href":"https:\/\/analyse.optim.biz\/index.php?rest_route=\/wp\/v2\/types\/post"}],"author":[{"embeddable":true,"href":"https:\/\/analyse.optim.biz\/index.php?rest_route=\/wp\/v2\/users\/1"}],"replies":[{"embeddable":true,"href":"https:\/\/analyse.optim.biz\/index.php?rest_route=%2Fwp%2Fv2%2Fcomments&post=2076264"}],"version-history":[{"count":0,"href":"https:\/\/analyse.optim.biz\/index.php?rest_route=\/wp\/v2\/posts\/2076264\/revisions"}],"wp:attachment":[{"href":"https:\/\/analyse.optim.biz\/index.php?rest_route=%2Fwp%2Fv2%2Fmedia&parent=2076264"}],"wp:term":[{"taxonomy":"category","embeddable":true,"href":"https:\/\/analyse.optim.biz\/index.php?rest_route=%2Fwp%2Fv2%2Fcategories&post=2076264"},{"taxonomy":"post_tag","embeddable":true,"href":"https:\/\/analyse.optim.biz\/index.php?rest_route=%2Fwp%2Fv2%2Ftags&post=2076264"}],"curies":[{"name":"wp","href":"https:\/\/api.w.org\/{rel}","templated":true}]}}