{"id":2076261,"date":"2026-08-02T17:51:08","date_gmt":"2026-08-02T14:51:08","guid":{"rendered":"https:\/\/analyse.optim.biz\/?p=2076261"},"modified":"2026-08-02T17:51:08","modified_gmt":"2026-08-02T14:51:08","slug":"accident-grav-la-salcea-doi-motociclisti-politraumatizati-transportati-in-stare-critica-la-upu-suceava","status":"publish","type":"post","link":"https:\/\/analyse.optim.biz\/?p=2076261","title":{"rendered":"Accident grav la Salcea: doi motocicli\u0219ti politraumatiza\u021bi, transporta\u021bi \u00een stare critic\u0103 la UPU Suceava"},"content":{"rendered":"<p>[analyse_image type=&#8221;featured&#8221; src=&#8221;https:\/\/www.newsbucovina.ro\/wp-content\/uploads\/2026\/03\/ambulanta1.jpghttps:\/\/cdn.newsbucovina.ro\/wp-content\/uploads\/2026\/03\/ambulanta1.jpg&#8221;]<\/p>\n<div class=\"td-post-content tagdiv-type\">\n<div class=\"td-a-rec td-a-rec-id-content_top  tdi_3 td_block_template_1\"><strong>Intr\u0103 acum \u0219i \u00een grupul de <\/p>\n<div class=\"wp-block-button\"><a class=\"wp-block-button__link wp-element-button\" href=\"https:\/\/t.me\/+TH8wcfnp8fw5NWI0\">Telegram News Bucovina<\/a><\/div>\n<p><\/strong><\/div>\n<p class=\"wp-block-paragraph\">Doi tineri \u00een v\u00e2rst\u0103 de 29, respectiv 25 de ani, au fost r\u0103ni\u021bi grav duminic\u0103 seara \u00eentr-un accident rutier produs pe raza localit\u0103\u021bii Salcea.<\/p>\n<figure class=\"wp-block-image size-large\"><a href=\"https:\/\/cdn.newsbucovina.ro\/wp-content\/uploads\/2026\/03\/ambulanta1.jpg\"><img loading=\"lazy\" decoding=\"async\" width=\"1024\" height=\"608\" src=\"https:\/\/cdn.newsbucovina.ro\/wp-content\/uploads\/2026\/03\/ambulanta1-1024x608.jpg\" alt class=\"wp-image-435188\"><\/a><\/figure>\n<p class=\"wp-block-paragraph\">Potrivit informa\u021biilor furnizate de purt\u0103torul de cuv\u00e2nt al Serviciului de Ambulan\u021b\u0103 Jude\u021bean Suceava, dr. Dan Teodorovici, cei doi motocicli\u0219ti au p\u0103r\u0103sit partea carosabil\u0103.<\/p>\n<p class=\"wp-block-paragraph\"> La fa\u021ba locului au intervenit trei echipaje SAJ \u2013 dou\u0103 de tip C \u0219i unul de tip B.<\/p>\n<p class=\"wp-block-paragraph\">Victimele au fost g\u0103site politraumatizate, \u00een com\u0103, cu traumatism cranio-cerebral grav \u0219i traumatism toraco-abdominal. Echipajele medicale le-au acordat \u00eengrijiri de stabilizare pe loc, dup\u0103 care le-au transportat la Unitatea de Primiri Urgen\u021be a Spitalului Jude\u021bean de Urgen\u021b\u0103 \u201eSf\u00e2ntul Ioan cel Nou\u201d Suceava.<\/p>\n<p class=\"wp-block-paragraph\">Ancheta privind \u00eemprejur\u0103rile producerii accidentului este continuat\u0103 de poli\u021bi\u0219ti.<\/p>\n<figure class=\"wp-block-embed is-type-video is-provider-youtube wp-block-embed-youtube wp-embed-aspect-16-9 wp-has-aspect-ratio\">\n<div class=\"wp-block-embed__wrapper\">\n<div class=\"youtube-embed\" data-video_id=\"H5LcMzGH100\"><iframe loading=\"lazy\" title=\"Cum transformi Bucuria-n...SC\u00c2RB\u0102? Te plimbi cu ma\u0219ina Prim\u0103riei ...f\u0103r\u0103 acte! POLI\u021aIA o cam scald\u0103!\" width=\"696\" height=\"392\" src=\"https:\/\/www.youtube.com\/embed\/H5LcMzGH100?feature=oembed&amp;enablejsapi=1\" frameborder allow=\"accelerometer; autoplay; clipboard-write; encrypted-media; gyroscope; picture-in-picture; web-share\" referrerpolicy=\"strict-origin-when-cross-origin\" allowfullscreen><\/iframe><\/div>\n<\/div>\n<\/figure>\n<div class=\"td-a-rec td-a-rec-id-content_bottom  tdi_4 td_block_template_1\"><strong>Intr\u0103 acum \u0219i \u00een grupul de <\/p>\n<div class=\"wp-block-button\"><a class=\"wp-block-button__link wp-element-button\" href=\"https:\/\/t.me\/+TH8wcfnp8fw5NWI0\">Telegram News Bucovina<\/a><\/div>\n<p><\/strong><\/div>\n<\/div>\n<div class=\"td-post-content tagdiv-type\">\n<div class=\"td-a-rec td-a-rec-id-content_top  tdi_3 td_block_template_1\"><strong>Intr\u0103 acum \u0219i \u00een grupul de <\/p>\n<div class=\"wp-block-button\"><a class=\"wp-block-button__link wp-element-button\" href=\"https:\/\/t.me\/+TH8wcfnp8fw5NWI0\">Telegram News Bucovina<\/a><\/div>\n<p><\/strong><\/div>\n<p class=\"wp-block-paragraph\">Doi tineri \u00een v\u00e2rst\u0103 de 29, respectiv 25 de ani, au fost r\u0103ni\u021bi grav duminic\u0103 seara \u00eentr-un accident rutier produs pe raza localit\u0103\u021bii Salcea.<\/p>\n<figure class=\"wp-block-image size-large\"><a href=\"https:\/\/cdn.newsbucovina.ro\/wp-content\/uploads\/2026\/03\/ambulanta1.jpg\"><img loading=\"lazy\" decoding=\"async\" width=\"1024\" height=\"608\" src=\"https:\/\/cdn.newsbucovina.ro\/wp-content\/uploads\/2026\/03\/ambulanta1-1024x608.jpg\" alt class=\"wp-image-435188\"><\/a><\/figure>\n<p class=\"wp-block-paragraph\">Potrivit informa\u021biilor furnizate de purt\u0103torul de cuv\u00e2nt al Serviciului de Ambulan\u021b\u0103 Jude\u021bean Suceava, dr. Dan Teodorovici, cei doi motocicli\u0219ti au p\u0103r\u0103sit partea carosabil\u0103.<\/p>\n<p class=\"wp-block-paragraph\"> La fa\u021ba locului au intervenit trei echipaje SAJ \u2013 dou\u0103 de tip C \u0219i unul de tip B.<\/p>\n<p class=\"wp-block-paragraph\">Victimele au fost g\u0103site politraumatizate, \u00een com\u0103, cu traumatism cranio-cerebral grav \u0219i traumatism toraco-abdominal. Echipajele medicale le-au acordat \u00eengrijiri de stabilizare pe loc, dup\u0103 care le-au transportat la Unitatea de Primiri Urgen\u021be a Spitalului Jude\u021bean de Urgen\u021b\u0103 \u201eSf\u00e2ntul Ioan cel Nou\u201d Suceava.<\/p>\n<p class=\"wp-block-paragraph\">Ancheta privind \u00eemprejur\u0103rile producerii accidentului este continuat\u0103 de poli\u021bi\u0219ti.<\/p>\n<figure class=\"wp-block-embed is-type-video is-provider-youtube wp-block-embed-youtube wp-embed-aspect-16-9 wp-has-aspect-ratio\">\n<div class=\"wp-block-embed__wrapper\">\n<div class=\"youtube-embed\" data-video_id=\"H5LcMzGH100\"><iframe loading=\"lazy\" title=\"Cum transformi Bucuria-n...SC\u00c2RB\u0102? Te plimbi cu ma\u0219ina Prim\u0103riei ...f\u0103r\u0103 acte! POLI\u021aIA o cam scald\u0103!\" width=\"696\" height=\"392\" src=\"https:\/\/www.youtube.com\/embed\/H5LcMzGH100?feature=oembed&amp;enablejsapi=1\" frameborder allow=\"accelerometer; autoplay; clipboard-write; encrypted-media; gyroscope; picture-in-picture; web-share\" referrerpolicy=\"strict-origin-when-cross-origin\" allowfullscreen><\/iframe><\/div>\n<\/div>\n<\/figure>\n<div class=\"td-a-rec td-a-rec-id-content_bottom  tdi_4 td_block_template_1\"><strong>Intr\u0103 acum \u0219i \u00een grupul de <\/p>\n<div class=\"wp-block-button\"><a class=\"wp-block-button__link wp-element-button\" href=\"https:\/\/t.me\/+TH8wcfnp8fw5NWI0\">Telegram News Bucovina<\/a><\/div>\n<p><\/strong><\/div>\n<\/div>\n<p>[analyse_source url=&#8221;https:\/\/www.newsbucovina.ro\/actualitate\/445474\/accident-grav-la-salcea-doi-motociclisti-politraumatizati-transportati-in-stare-critica-la-upu-suceava&#8221;]<\/p>\n","protected":false},"excerpt":{"rendered":"<p>[analyse_image type=&#8221;featured&#8221; src=&#8221;https:\/\/www.newsbucovina.ro\/wp-content\/uploads\/2026\/03\/ambulanta1.jpghttps:\/\/cdn.newsbucovina.ro\/wp-content\/uploads\/2026\/03\/ambulanta1.jpg&#8221;] Intr\u0103 acum \u0219i \u00een grupul de Telegram News Bucovina Doi tineri \u00een v\u00e2rst\u0103 de 29, respectiv 25 de ani, au fost r\u0103ni\u021bi grav duminic\u0103 seara \u00eentr-un accident rutier produs pe raza localit\u0103\u021bii Salcea. Potrivit informa\u021biilor furnizate de purt\u0103torul de cuv\u00e2nt al Serviciului de Ambulan\u021b\u0103 Jude\u021bean Suceava, dr. Dan Teodorovici, cei doi motocicli\u0219ti [&hellip;]<\/p>\n","protected":false},"author":1,"featured_media":0,"comment_status":"open","ping_status":"","sticky":false,"template":"","format":"standard","meta":{"footnotes":""},"categories":[89],"tags":[226,165],"class_list":["post-2076261","post","type-post","status-publish","format-standard","hentry","category-romania","tag-crawlmanager","tag-newsbucovina-ro"],"_links":{"self":[{"href":"https:\/\/analyse.optim.biz\/index.php?rest_route=\/wp\/v2\/posts\/2076261","targetHints":{"allow":["GET"]}}],"collection":[{"href":"https:\/\/analyse.optim.biz\/index.php?rest_route=\/wp\/v2\/posts"}],"about":[{"href":"https:\/\/analyse.optim.biz\/index.php?rest_route=\/wp\/v2\/types\/post"}],"author":[{"embeddable":true,"href":"https:\/\/analyse.optim.biz\/index.php?rest_route=\/wp\/v2\/users\/1"}],"replies":[{"embeddable":true,"href":"https:\/\/analyse.optim.biz\/index.php?rest_route=%2Fwp%2Fv2%2Fcomments&post=2076261"}],"version-history":[{"count":0,"href":"https:\/\/analyse.optim.biz\/index.php?rest_route=\/wp\/v2\/posts\/2076261\/revisions"}],"wp:attachment":[{"href":"https:\/\/analyse.optim.biz\/index.php?rest_route=%2Fwp%2Fv2%2Fmedia&parent=2076261"}],"wp:term":[{"taxonomy":"category","embeddable":true,"href":"https:\/\/analyse.optim.biz\/index.php?rest_route=%2Fwp%2Fv2%2Fcategories&post=2076261"},{"taxonomy":"post_tag","embeddable":true,"href":"https:\/\/analyse.optim.biz\/index.php?rest_route=%2Fwp%2Fv2%2Ftags&post=2076261"}],"curies":[{"name":"wp","href":"https:\/\/api.w.org\/{rel}","templated":true}]}}