{"id":2076089,"date":"2026-08-03T13:18:57","date_gmt":"2026-08-03T10:18:57","guid":{"rendered":"https:\/\/analyse.optim.biz\/?p=2076089"},"modified":"2026-08-03T13:18:57","modified_gmt":"2026-08-03T10:18:57","slug":"modernizare-pe-dj-155p-in-comuna-fantana-mare-se-toarna-asfalt-pe-un-tronson-de-trei-kilometri","status":"publish","type":"post","link":"https:\/\/analyse.optim.biz\/?p=2076089","title":{"rendered":"Modernizare pe DJ 155P, \u00een comuna F\u00e2nt\u00e2na Mare. Se toarn\u0103 asfalt pe un tronson de trei kilometri"},"content":{"rendered":"<p>[analyse_image type=&#8221;featured&#8221; src=&#8221;https:\/\/www.newsbucovina.ro\/wp-content\/uploads\/2026\/08\/asfaltare-drum-judetean-fantana-mare-9.jpeghttps:\/\/cdn.newsbucovina.ro\/wp-content\/uploads\/2026\/08\/asfaltare-drum-judetean-fantana-mare-9.jpeg&#8221;]<\/p>\n<div class=\"td-post-content tagdiv-type\">\n<div class=\"td-a-rec td-a-rec-id-content_top  tdi_3 td_block_template_1\"><strong>Intr\u0103 acum \u0219i \u00een grupul de <\/p>\n<div class=\"wp-block-button\"><a class=\"wp-block-button__link wp-element-button\" href=\"https:\/\/t.me\/+TH8wcfnp8fw5NWI0\">Telegram News Bucovina<\/a><\/div>\n<p><\/strong><\/div>\n<p class=\"wp-block-paragraph\">Pre\u0219edintele Consiliului Jude\u021bean Suceava, Gheorghe \u0218oldan, a anun\u021bat c\u0103 se continu\u0103 modernizarea drumurilor jude\u021bene cu un nou tronson important: DJ 155P, pe raza comunei F\u00e2nt\u00e2na Mare, care nu a mai fost asfaltat din 2014.<\/p>\n<figure class=\"wp-block-gallery has-nested-images columns-default is-cropped wp-block-gallery-1 is-layout-flex wp-block-gallery-is-layout-flex\">\n<figure class=\"wp-block-image size-large\"><a href=\"https:\/\/cdn.newsbucovina.ro\/wp-content\/uploads\/2026\/08\/asfaltare-drum-judetean-fantana-mare-2.jpeg\"><img loading=\"lazy\" decoding=\"async\" width=\"1024\" height=\"576\" data-id=\"445530\" src=\"https:\/\/cdn.newsbucovina.ro\/wp-content\/uploads\/2026\/08\/asfaltare-drum-judetean-fantana-mare-2-1024x576.jpeg\" alt class=\"wp-image-445530\"><\/a><\/figure>\n<figure class=\"wp-block-image size-large\"><a href=\"https:\/\/cdn.newsbucovina.ro\/wp-content\/uploads\/2026\/08\/asfaltare-drum-judetean-fantana-mare-3.jpeg\"><img loading=\"lazy\" decoding=\"async\" width=\"1024\" height=\"683\" data-id=\"445527\" src=\"https:\/\/cdn.newsbucovina.ro\/wp-content\/uploads\/2026\/08\/asfaltare-drum-judetean-fantana-mare-3-1024x683.jpeg\" alt class=\"wp-image-445527\"><\/a><\/figure>\n<figure class=\"wp-block-image size-large\"><a href=\"https:\/\/cdn.newsbucovina.ro\/wp-content\/uploads\/2026\/08\/asfaltare-drum-judetean-fantana-mare-4.jpeg\"><img decoding=\"async\" loading=\"lazy\" width=\"1024\" height=\"683\" data-id=\"445528\" src=\"https:\/\/cdn.newsbucovina.ro\/wp-content\/uploads\/2026\/08\/asfaltare-drum-judetean-fantana-mare-4-1024x683.jpeg\" alt class=\"wp-image-445528\"><\/a><\/figure>\n<figure class=\"wp-block-image size-large\"><a href=\"https:\/\/cdn.newsbucovina.ro\/wp-content\/uploads\/2026\/08\/asfaltare-drum-judetean-fantana-mare-5.jpeg\"><img decoding=\"async\" loading=\"lazy\" width=\"1024\" height=\"576\" data-id=\"445534\" src=\"https:\/\/cdn.newsbucovina.ro\/wp-content\/uploads\/2026\/08\/asfaltare-drum-judetean-fantana-mare-5-1024x576.jpeg\" alt class=\"wp-image-445534\"><\/a><\/figure>\n<figure class=\"wp-block-image size-large\"><a href=\"https:\/\/cdn.newsbucovina.ro\/wp-content\/uploads\/2026\/08\/asfaltare-drum-judetean-fantana-mare-6.jpeg\"><img decoding=\"async\" loading=\"lazy\" width=\"1024\" height=\"576\" data-id=\"445533\" src=\"https:\/\/cdn.newsbucovina.ro\/wp-content\/uploads\/2026\/08\/asfaltare-drum-judetean-fantana-mare-6-1024x576.jpeg\" alt class=\"wp-image-445533\"><\/a><\/figure>\n<figure class=\"wp-block-image size-large\"><a href=\"https:\/\/cdn.newsbucovina.ro\/wp-content\/uploads\/2026\/08\/asfaltare-drum-judetean-fantana-mare-7.jpeg\"><img decoding=\"async\" loading=\"lazy\" width=\"1024\" height=\"576\" data-id=\"445531\" src=\"https:\/\/cdn.newsbucovina.ro\/wp-content\/uploads\/2026\/08\/asfaltare-drum-judetean-fantana-mare-7-1024x576.jpeg\" alt class=\"wp-image-445531\"><\/a><\/figure>\n<figure class=\"wp-block-image size-large\"><a href=\"https:\/\/cdn.newsbucovina.ro\/wp-content\/uploads\/2026\/08\/asfaltare-drum-judetean-fantana-mare-8.jpeg\"><img decoding=\"async\" loading=\"lazy\" width=\"1024\" height=\"576\" data-id=\"445535\" src=\"https:\/\/cdn.newsbucovina.ro\/wp-content\/uploads\/2026\/08\/asfaltare-drum-judetean-fantana-mare-8-1024x576.jpeg\" alt class=\"wp-image-445535\"><\/a><\/figure>\n<figure class=\"wp-block-image size-large\"><a href=\"https:\/\/cdn.newsbucovina.ro\/wp-content\/uploads\/2026\/08\/asfaltare-drum-judetean-fantana-mare-9.jpeg\"><img decoding=\"async\" loading=\"lazy\" width=\"1024\" height=\"683\" data-id=\"445529\" src=\"https:\/\/cdn.newsbucovina.ro\/wp-content\/uploads\/2026\/08\/asfaltare-drum-judetean-fantana-mare-9-1024x683.jpeg\" alt class=\"wp-image-445529\"><\/a><\/figure>\n<figure class=\"wp-block-image size-large\"><a href=\"https:\/\/cdn.newsbucovina.ro\/wp-content\/uploads\/2026\/08\/asfaltare-drum-judetean-fantana-mare-1.jpeg\"><img decoding=\"async\" loading=\"lazy\" width=\"1024\" height=\"683\" data-id=\"445532\" src=\"https:\/\/cdn.newsbucovina.ro\/wp-content\/uploads\/2026\/08\/asfaltare-drum-judetean-fantana-mare-1-1024x683.jpeg\" alt class=\"wp-image-445532\"><\/a><\/figure>\n<\/figure>\n<p class=\"wp-block-paragraph\">\u00cen aceste zile, drumarii toarn\u0103 un nou covor asfaltic pe o distan\u021b\u0103 de aproximativ trei kilometri. Lucr\u0103rile vor fi finalizate p\u00e2n\u0103 la sf\u00e2r\u0219itul acestei s\u0103pt\u0103m\u00e2ni.<\/p>\n<p class=\"wp-block-paragraph\">Dincolo de tronsonul aflat acum \u00een asfaltare, exist\u0103 o por\u021biune de drum doar de balast \u0219i piatr\u0103, situat\u0103 \u00een extravilanul comunei, care necesit\u0103 o modernizare complet\u0103. Pentru aceast\u0103 sec\u021biune a fost deja finalizat\u0103 documenta\u021bia de avizare a lucr\u0103rilor de interven\u021bie (DALI), urm\u00e2nd s\u0103 fie lansat\u0103 licita\u021bia pentru proiectare \u0219i execu\u021bie.<\/p>\n<p class=\"wp-block-paragraph\">\u201ePas cu pas, continu\u0103m modernizarea drumurilor jude\u021bene, cu cel mai mare buget alocat p\u00e2n\u0103 acum pentru infrastructura rutier\u0103 a jude\u021bului\u201d, a transmis Gheorghe \u0218oldan.<\/p>\n<figure class=\"wp-block-embed is-type-video is-provider-youtube wp-block-embed-youtube wp-embed-aspect-16-9 wp-has-aspect-ratio\">\n<div class=\"wp-block-embed__wrapper\">\n<div class=\"youtube-embed\" data-video_id=\"H5LcMzGH100\"><iframe loading=\"lazy\" title=\"Cum transformi Bucuria-n...SC\u00c2RB\u0102? Te plimbi cu ma\u0219ina Prim\u0103riei ...f\u0103r\u0103 acte! POLI\u021aIA o cam scald\u0103!\" width=\"696\" height=\"392\" src=\"https:\/\/www.youtube.com\/embed\/H5LcMzGH100?feature=oembed&amp;enablejsapi=1\" frameborder allow=\"accelerometer; autoplay; clipboard-write; encrypted-media; gyroscope; picture-in-picture; web-share\" referrerpolicy=\"strict-origin-when-cross-origin\" allowfullscreen><\/iframe><\/div>\n<\/div>\n<\/figure>\n<div class=\"td-a-rec td-a-rec-id-content_bottom  tdi_4 td_block_template_1\"><strong>Intr\u0103 acum \u0219i \u00een grupul de <\/p>\n<div class=\"wp-block-button\"><a class=\"wp-block-button__link wp-element-button\" href=\"https:\/\/t.me\/+TH8wcfnp8fw5NWI0\">Telegram News Bucovina<\/a><\/div>\n<p><\/strong><\/div>\n<\/div>\n<div class=\"td-post-content tagdiv-type\">\n<div class=\"td-a-rec td-a-rec-id-content_top  tdi_3 td_block_template_1\"><strong>Intr\u0103 acum \u0219i \u00een grupul de <\/p>\n<div class=\"wp-block-button\"><a class=\"wp-block-button__link wp-element-button\" href=\"https:\/\/t.me\/+TH8wcfnp8fw5NWI0\">Telegram News Bucovina<\/a><\/div>\n<p><\/strong><\/div>\n<p class=\"wp-block-paragraph\">Pre\u0219edintele Consiliului Jude\u021bean Suceava, Gheorghe \u0218oldan, a anun\u021bat c\u0103 se continu\u0103 modernizarea drumurilor jude\u021bene cu un nou tronson important: DJ 155P, pe raza comunei F\u00e2nt\u00e2na Mare, care nu a mai fost asfaltat din 2014.<\/p>\n<figure class=\"wp-block-gallery has-nested-images columns-default is-cropped wp-block-gallery-1 is-layout-flex wp-block-gallery-is-layout-flex\">\n<figure class=\"wp-block-image size-large\"><a href=\"https:\/\/cdn.newsbucovina.ro\/wp-content\/uploads\/2026\/08\/asfaltare-drum-judetean-fantana-mare-2.jpeg\"><img loading=\"lazy\" decoding=\"async\" width=\"1024\" height=\"576\" data-id=\"445530\" src=\"https:\/\/cdn.newsbucovina.ro\/wp-content\/uploads\/2026\/08\/asfaltare-drum-judetean-fantana-mare-2-1024x576.jpeg\" alt class=\"wp-image-445530\"><\/a><\/figure>\n<figure class=\"wp-block-image size-large\"><a href=\"https:\/\/cdn.newsbucovina.ro\/wp-content\/uploads\/2026\/08\/asfaltare-drum-judetean-fantana-mare-3.jpeg\"><img loading=\"lazy\" decoding=\"async\" width=\"1024\" height=\"683\" data-id=\"445527\" src=\"https:\/\/cdn.newsbucovina.ro\/wp-content\/uploads\/2026\/08\/asfaltare-drum-judetean-fantana-mare-3-1024x683.jpeg\" alt class=\"wp-image-445527\"><\/a><\/figure>\n<figure class=\"wp-block-image size-large\"><a href=\"https:\/\/cdn.newsbucovina.ro\/wp-content\/uploads\/2026\/08\/asfaltare-drum-judetean-fantana-mare-4.jpeg\"><img decoding=\"async\" loading=\"lazy\" width=\"1024\" height=\"683\" data-id=\"445528\" src=\"https:\/\/cdn.newsbucovina.ro\/wp-content\/uploads\/2026\/08\/asfaltare-drum-judetean-fantana-mare-4-1024x683.jpeg\" alt class=\"wp-image-445528\"><\/a><\/figure>\n<figure class=\"wp-block-image size-large\"><a href=\"https:\/\/cdn.newsbucovina.ro\/wp-content\/uploads\/2026\/08\/asfaltare-drum-judetean-fantana-mare-5.jpeg\"><img decoding=\"async\" loading=\"lazy\" width=\"1024\" height=\"576\" data-id=\"445534\" src=\"https:\/\/cdn.newsbucovina.ro\/wp-content\/uploads\/2026\/08\/asfaltare-drum-judetean-fantana-mare-5-1024x576.jpeg\" alt class=\"wp-image-445534\"><\/a><\/figure>\n<figure class=\"wp-block-image size-large\"><a href=\"https:\/\/cdn.newsbucovina.ro\/wp-content\/uploads\/2026\/08\/asfaltare-drum-judetean-fantana-mare-6.jpeg\"><img decoding=\"async\" loading=\"lazy\" width=\"1024\" height=\"576\" data-id=\"445533\" src=\"https:\/\/cdn.newsbucovina.ro\/wp-content\/uploads\/2026\/08\/asfaltare-drum-judetean-fantana-mare-6-1024x576.jpeg\" alt class=\"wp-image-445533\"><\/a><\/figure>\n<figure class=\"wp-block-image size-large\"><a href=\"https:\/\/cdn.newsbucovina.ro\/wp-content\/uploads\/2026\/08\/asfaltare-drum-judetean-fantana-mare-7.jpeg\"><img decoding=\"async\" loading=\"lazy\" width=\"1024\" height=\"576\" data-id=\"445531\" src=\"https:\/\/cdn.newsbucovina.ro\/wp-content\/uploads\/2026\/08\/asfaltare-drum-judetean-fantana-mare-7-1024x576.jpeg\" alt class=\"wp-image-445531\"><\/a><\/figure>\n<figure class=\"wp-block-image size-large\"><a href=\"https:\/\/cdn.newsbucovina.ro\/wp-content\/uploads\/2026\/08\/asfaltare-drum-judetean-fantana-mare-8.jpeg\"><img decoding=\"async\" loading=\"lazy\" width=\"1024\" height=\"576\" data-id=\"445535\" src=\"https:\/\/cdn.newsbucovina.ro\/wp-content\/uploads\/2026\/08\/asfaltare-drum-judetean-fantana-mare-8-1024x576.jpeg\" alt class=\"wp-image-445535\"><\/a><\/figure>\n<figure class=\"wp-block-image size-large\"><a href=\"https:\/\/cdn.newsbucovina.ro\/wp-content\/uploads\/2026\/08\/asfaltare-drum-judetean-fantana-mare-9.jpeg\"><img decoding=\"async\" loading=\"lazy\" width=\"1024\" height=\"683\" data-id=\"445529\" src=\"https:\/\/cdn.newsbucovina.ro\/wp-content\/uploads\/2026\/08\/asfaltare-drum-judetean-fantana-mare-9-1024x683.jpeg\" alt class=\"wp-image-445529\"><\/a><\/figure>\n<figure class=\"wp-block-image size-large\"><a href=\"https:\/\/cdn.newsbucovina.ro\/wp-content\/uploads\/2026\/08\/asfaltare-drum-judetean-fantana-mare-1.jpeg\"><img decoding=\"async\" loading=\"lazy\" width=\"1024\" height=\"683\" data-id=\"445532\" src=\"https:\/\/cdn.newsbucovina.ro\/wp-content\/uploads\/2026\/08\/asfaltare-drum-judetean-fantana-mare-1-1024x683.jpeg\" alt class=\"wp-image-445532\"><\/a><\/figure>\n<\/figure>\n<p class=\"wp-block-paragraph\">\u00cen aceste zile, drumarii toarn\u0103 un nou covor asfaltic pe o distan\u021b\u0103 de aproximativ trei kilometri. Lucr\u0103rile vor fi finalizate p\u00e2n\u0103 la sf\u00e2r\u0219itul acestei s\u0103pt\u0103m\u00e2ni.<\/p>\n<p class=\"wp-block-paragraph\">Dincolo de tronsonul aflat acum \u00een asfaltare, exist\u0103 o por\u021biune de drum doar de balast \u0219i piatr\u0103, situat\u0103 \u00een extravilanul comunei, care necesit\u0103 o modernizare complet\u0103. Pentru aceast\u0103 sec\u021biune a fost deja finalizat\u0103 documenta\u021bia de avizare a lucr\u0103rilor de interven\u021bie (DALI), urm\u00e2nd s\u0103 fie lansat\u0103 licita\u021bia pentru proiectare \u0219i execu\u021bie.<\/p>\n<p class=\"wp-block-paragraph\">\u201ePas cu pas, continu\u0103m modernizarea drumurilor jude\u021bene, cu cel mai mare buget alocat p\u00e2n\u0103 acum pentru infrastructura rutier\u0103 a jude\u021bului\u201d, a transmis Gheorghe \u0218oldan.<\/p>\n<figure class=\"wp-block-embed is-type-video is-provider-youtube wp-block-embed-youtube wp-embed-aspect-16-9 wp-has-aspect-ratio\">\n<div class=\"wp-block-embed__wrapper\">\n<div class=\"youtube-embed\" data-video_id=\"H5LcMzGH100\"><iframe loading=\"lazy\" title=\"Cum transformi Bucuria-n...SC\u00c2RB\u0102? Te plimbi cu ma\u0219ina Prim\u0103riei ...f\u0103r\u0103 acte! POLI\u021aIA o cam scald\u0103!\" width=\"696\" height=\"392\" src=\"https:\/\/www.youtube.com\/embed\/H5LcMzGH100?feature=oembed&amp;enablejsapi=1\" frameborder allow=\"accelerometer; autoplay; clipboard-write; encrypted-media; gyroscope; picture-in-picture; web-share\" referrerpolicy=\"strict-origin-when-cross-origin\" allowfullscreen><\/iframe><\/div>\n<\/div>\n<\/figure>\n<div class=\"td-a-rec td-a-rec-id-content_bottom  tdi_4 td_block_template_1\"><strong>Intr\u0103 acum \u0219i \u00een grupul de <\/p>\n<div class=\"wp-block-button\"><a class=\"wp-block-button__link wp-element-button\" href=\"https:\/\/t.me\/+TH8wcfnp8fw5NWI0\">Telegram News Bucovina<\/a><\/div>\n<p><\/strong><\/div>\n<\/div>\n<p>[analyse_source url=&#8221;https:\/\/www.newsbucovina.ro\/actualitate\/445526\/modernizare-pe-dj-155p-in-comuna-fantana-mare-se-toarna-asfalt-pe-un-tronson-de-trei-kilometri&#8221;]<\/p>\n","protected":false},"excerpt":{"rendered":"<p>[analyse_image type=&#8221;featured&#8221; src=&#8221;https:\/\/www.newsbucovina.ro\/wp-content\/uploads\/2026\/08\/asfaltare-drum-judetean-fantana-mare-9.jpeghttps:\/\/cdn.newsbucovina.ro\/wp-content\/uploads\/2026\/08\/asfaltare-drum-judetean-fantana-mare-9.jpeg&#8221;] Intr\u0103 acum \u0219i \u00een grupul de Telegram News Bucovina Pre\u0219edintele Consiliului Jude\u021bean Suceava, Gheorghe \u0218oldan, a anun\u021bat c\u0103 se continu\u0103 modernizarea drumurilor jude\u021bene cu un nou tronson important: DJ 155P, pe raza comunei F\u00e2nt\u00e2na Mare, care nu a mai fost asfaltat din 2014. \u00cen aceste zile, drumarii toarn\u0103 un nou covor asfaltic [&hellip;]<\/p>\n","protected":false},"author":1,"featured_media":0,"comment_status":"open","ping_status":"","sticky":false,"template":"","format":"standard","meta":{"footnotes":""},"categories":[89],"tags":[226,165],"class_list":["post-2076089","post","type-post","status-publish","format-standard","hentry","category-romania","tag-crawlmanager","tag-newsbucovina-ro"],"_links":{"self":[{"href":"https:\/\/analyse.optim.biz\/index.php?rest_route=\/wp\/v2\/posts\/2076089","targetHints":{"allow":["GET"]}}],"collection":[{"href":"https:\/\/analyse.optim.biz\/index.php?rest_route=\/wp\/v2\/posts"}],"about":[{"href":"https:\/\/analyse.optim.biz\/index.php?rest_route=\/wp\/v2\/types\/post"}],"author":[{"embeddable":true,"href":"https:\/\/analyse.optim.biz\/index.php?rest_route=\/wp\/v2\/users\/1"}],"replies":[{"embeddable":true,"href":"https:\/\/analyse.optim.biz\/index.php?rest_route=%2Fwp%2Fv2%2Fcomments&post=2076089"}],"version-history":[{"count":0,"href":"https:\/\/analyse.optim.biz\/index.php?rest_route=\/wp\/v2\/posts\/2076089\/revisions"}],"wp:attachment":[{"href":"https:\/\/analyse.optim.biz\/index.php?rest_route=%2Fwp%2Fv2%2Fmedia&parent=2076089"}],"wp:term":[{"taxonomy":"category","embeddable":true,"href":"https:\/\/analyse.optim.biz\/index.php?rest_route=%2Fwp%2Fv2%2Fcategories&post=2076089"},{"taxonomy":"post_tag","embeddable":true,"href":"https:\/\/analyse.optim.biz\/index.php?rest_route=%2Fwp%2Fv2%2Ftags&post=2076089"}],"curies":[{"name":"wp","href":"https:\/\/api.w.org\/{rel}","templated":true}]}}