{"id":2076086,"date":"2026-08-02T12:35:03","date_gmt":"2026-08-02T09:35:03","guid":{"rendered":"https:\/\/analyse.optim.biz\/?p=2076086"},"modified":"2026-08-02T12:35:03","modified_gmt":"2026-08-02T09:35:03","slug":"record-de-trafic-la-aeroportul-suceava-in-iulie-106-060-de-pasageri-este-a-doua-luna-consecutiva-cu-peste-100-000-de-calatori","status":"publish","type":"post","link":"https:\/\/analyse.optim.biz\/?p=2076086","title":{"rendered":"Record de trafic la Aeroportul Suceava \u00een iulie: 106.060 de pasageri. Este a doua lun\u0103 consecutiv\u0103 cu peste 100.000 de c\u0103l\u0103tori"},"content":{"rendered":"<p>[analyse_image type=&#8221;featured&#8221; src=&#8221;https:\/\/www.newsbucovina.ro\/wp-content\/uploads\/2026\/08\/aeroport-2.jpeghttps:\/\/cdn.newsbucovina.ro\/wp-content\/uploads\/2026\/08\/aeroport-2.jpeg&#8221;]<\/p>\n<div class=\"td-post-content tagdiv-type\">\n<div class=\"td-a-rec td-a-rec-id-content_top  tdi_3 td_block_template_1\"><strong>Intr\u0103 acum \u0219i \u00een grupul de <\/p>\n<div class=\"wp-block-button\"><a class=\"wp-block-button__link wp-element-button\" href=\"https:\/\/t.me\/+TH8wcfnp8fw5NWI0\">Telegram News Bucovina<\/a><\/div>\n<p><\/strong><\/div>\n<p class=\"wp-block-paragraph\">Aeroportul Interna\u021bional \u201e\u0218tefan cel Mare\u201d Suceava a \u00eenregistrat \u00een luna iulie un nou record de trafic: 106.060 de pasageri. Comparativ cu iulie 2025, c\u00e2nd au trecut prin aeroport 80.455 de c\u0103l\u0103tori, cre\u0219terea este de 25.605 persoane, adic\u0103 aproximativ 31,82%.<\/p>\n<p class=\"wp-block-paragraph\">Noul rezultat dep\u0103\u0219e\u0219te \u0219i performan\u021ba din iunie 2026, c\u00e2nd au fost deservi\u021bi 100.731 de pasageri. Este a doua lun\u0103 consecutiv\u0103 \u00een care aeroportul sucevean trece pragul de 100.000 de c\u0103l\u0103tori.<\/p>\n<figure class=\"wp-block-gallery has-nested-images columns-default is-cropped wp-block-gallery-1 is-layout-flex wp-block-gallery-is-layout-flex\">\n<figure class=\"wp-block-image size-large\"><a href=\"https:\/\/cdn.newsbucovina.ro\/wp-content\/uploads\/2026\/08\/aeroport-1.jpeg\"><img loading=\"lazy\" decoding=\"async\" width=\"1024\" height=\"576\" data-id=\"445438\" src=\"https:\/\/cdn.newsbucovina.ro\/wp-content\/uploads\/2026\/08\/aeroport-1-1024x576.jpeg\" alt class=\"wp-image-445438\"><\/a><\/figure>\n<figure class=\"wp-block-image size-large\"><a href=\"https:\/\/cdn.newsbucovina.ro\/wp-content\/uploads\/2026\/08\/aeroport-2.jpeg\"><img loading=\"lazy\" decoding=\"async\" width=\"1024\" height=\"576\" data-id=\"445439\" src=\"https:\/\/cdn.newsbucovina.ro\/wp-content\/uploads\/2026\/08\/aeroport-2-1024x576.jpeg\" alt class=\"wp-image-445439\"><\/a><\/figure>\n<figure class=\"wp-block-image size-large\"><a href=\"https:\/\/cdn.newsbucovina.ro\/wp-content\/uploads\/2026\/08\/aeroport-3.jpeg\"><img decoding=\"async\" loading=\"lazy\" width=\"1024\" height=\"576\" data-id=\"445440\" src=\"https:\/\/cdn.newsbucovina.ro\/wp-content\/uploads\/2026\/08\/aeroport-3-1024x576.jpeg\" alt class=\"wp-image-445440\"><\/a><\/figure>\n<\/figure>\n<p class=\"wp-block-paragraph\">\u00cen iulie au fost \u00eenregistrate 778 de mi\u0219c\u0103ri de aeronave (ateriz\u0103ri \u0219i decol\u0103ri), fa\u021b\u0103 de 728 \u00een aceea\u0219i perioad\u0103 a anului trecut, o cre\u0219tere de aproximativ 7%.<\/p>\n<p class=\"wp-block-paragraph\">\u00cen primele \u0219apte luni ale anului 2026, Aeroportul Suceava a deservit 604.480 de pasageri, cu 93.206 mai mul\u021bi dec\u00e2t \u00een perioada similar\u0103 din 2025, c\u00e2nd au fost 511.274 de c\u0103l\u0103tori. Cre\u0219terea este de 18,23%.<\/p>\n<p class=\"wp-block-paragraph\">Potrivit datelor oficiale publicate de Asocia\u021bia Aeroporturilor din Rom\u00e2nia pentru primul semestru al anului 2026, Aeroportul Suceava se afl\u0103 pe locul al \u0219aselea la nivel na\u021bional \u00een ceea ce prive\u0219te traficul total de pasageri, traficul interna\u021bional \u0219i num\u0103rul de mi\u0219c\u0103ri ale aeronavelor, dup\u0103 Otopeni, Cluj-Napoca, Ia\u0219i, B\u0103neasa \u0219i Timi\u0219oara. La traficul c\u0103tre destina\u021biile din afara spa\u021biului Schengen ocup\u0103 locul al patrulea, iar la destina\u021biile Schengen se situeaz\u0103 pe locul al \u0219aselea.<\/p>\n<p class=\"wp-block-paragraph\">Pre\u0219edintele Consiliului Jude\u021bean Suceava, Gheorghe \u0218oldan, a comentat rezultatele: \u201eEste a doua lun\u0103 consecutiv\u0103 \u00een care dep\u0103\u0219im pragul de 100.000 de c\u0103l\u0103tori. \u0218tiu, mai sunt multe de f\u0103cut, dar suntem pe drumul cel bun. A\u0219tept\u0103m finalizarea licita\u021biei pentru terminalul T3, de aproape patru ori mai mare dec\u00e2t cele dou\u0103 terminale existente, apoi ne apuc\u0103m de treab\u0103.\u201d<\/p>\n<p class=\"wp-block-paragraph\">\u0218oldan a precizat c\u0103 cite\u0219te comentariile \u0219i sugestiile sucevenilor privind noi destina\u021bii \u0219i atragerea mai multor companii, \u00eens\u0103 a subliniat c\u0103 nici Consiliul Jude\u021bean, nici conducerea aeroportului nu stabilesc rutele sau pre\u021burile biletelor.<\/p>\n<p class=\"wp-block-paragraph\">\u201eS\u0103 \u0219ti\u021bi c\u0103 citesc comentariile \u0219i sugestiile sucevenilor pe pagina mea de Facebook despre noi destina\u021bii \u0219i atragerea mai multor companii. Vreau s\u0103 \u0219ti\u021bi c\u0103 nici Consiliul Jude\u021bean, nici conducerea aeroportului nu stabilesc unde \u0219i c\u00e2nd s\u0103 zboare aeronavele. \u0218i nici pre\u021burile biletelor. Toate aceste decizii apar\u021bin exclusiv companiilor aeriene. Da, suntem \u00een discu\u021bii cu mai mul\u021bi operatori, \u00eens\u0103 trebuie spus c\u0103 nu sunt foarte multe op\u021biuni. Unele companii aleg s\u0103 opereze doar pe aeroporturile mari, iar altele nu au suficiente aeronave pentru a deschide noi rute. A\u0219a cum am spus, fiecare decide \u00een func\u021bie de propria strategie comercial\u0103. Nici tarifele aeroportuare nu sunt o problem\u0103, a\u0219a cum sugerau unii \u00een comentarii. La Suceava, acestea sunt la un nivel mic spre mediu comparativ cu alte aeroporturi din \u021bar\u0103. \u00cen aceste condi\u021bii, tot ce avem de f\u0103cut este s\u0103 moderniz\u0103m aeroportul existent \u0219i s\u0103-l facem mai atractiv pentru companii \u0219i c\u0103l\u0103tori. Iar asta nu se poate face peste noapte. Important este c\u0103 \u0219tim ce avem de f\u0103cut. \u0218i facem!\u201d, a declarat \u0218oldan.<\/p>\n<p class=\"wp-block-paragraph\">Consiliul Jude\u021bean Suceava continu\u0103 investi\u021biile \u00een modernizare. Principalele proiecte vizeaz\u0103 construirea noului terminal T3, cu o suprafa\u021b\u0103 de aproximativ 11.000 de metri p\u0103tra\u021bi, extinderea parc\u0103rii de la circa 300 la peste 600 de locuri \u0219i realizarea balizajului luminos al platformei aeroportuare.<\/p>\n<figure class=\"wp-block-embed is-type-video is-provider-youtube wp-block-embed-youtube wp-embed-aspect-16-9 wp-has-aspect-ratio\">\n<div class=\"wp-block-embed__wrapper\">\n<div class=\"youtube-embed\" data-video_id=\"rhlFudBccv8\"><iframe loading=\"lazy\" title=\"400 de bikers + 2 domni de la Poli\u021bie cu BMW-ul... Jandarmii BONUS!! Adrenalin\u0103 la maxim la KILLER\" width=\"696\" height=\"392\" src=\"https:\/\/www.youtube.com\/embed\/rhlFudBccv8?feature=oembed&amp;enablejsapi=1\" frameborder allow=\"accelerometer; autoplay; clipboard-write; encrypted-media; gyroscope; picture-in-picture; web-share\" referrerpolicy=\"strict-origin-when-cross-origin\" allowfullscreen><\/iframe><\/div>\n<\/div>\n<\/figure>\n<div class=\"td-a-rec td-a-rec-id-content_bottom  tdi_4 td_block_template_1\"><strong>Intr\u0103 acum \u0219i \u00een grupul de <\/p>\n<div class=\"wp-block-button\"><a class=\"wp-block-button__link wp-element-button\" href=\"https:\/\/t.me\/+TH8wcfnp8fw5NWI0\">Telegram News Bucovina<\/a><\/div>\n<p><\/strong><\/div>\n<\/div>\n<div class=\"td-post-content tagdiv-type\">\n<div class=\"td-a-rec td-a-rec-id-content_top  tdi_3 td_block_template_1\"><strong>Intr\u0103 acum \u0219i \u00een grupul de <\/p>\n<div class=\"wp-block-button\"><a class=\"wp-block-button__link wp-element-button\" href=\"https:\/\/t.me\/+TH8wcfnp8fw5NWI0\">Telegram News Bucovina<\/a><\/div>\n<p><\/strong><\/div>\n<p class=\"wp-block-paragraph\">Aeroportul Interna\u021bional \u201e\u0218tefan cel Mare\u201d Suceava a \u00eenregistrat \u00een luna iulie un nou record de trafic: 106.060 de pasageri. Comparativ cu iulie 2025, c\u00e2nd au trecut prin aeroport 80.455 de c\u0103l\u0103tori, cre\u0219terea este de 25.605 persoane, adic\u0103 aproximativ 31,82%.<\/p>\n<p class=\"wp-block-paragraph\">Noul rezultat dep\u0103\u0219e\u0219te \u0219i performan\u021ba din iunie 2026, c\u00e2nd au fost deservi\u021bi 100.731 de pasageri. Este a doua lun\u0103 consecutiv\u0103 \u00een care aeroportul sucevean trece pragul de 100.000 de c\u0103l\u0103tori.<\/p>\n<figure class=\"wp-block-gallery has-nested-images columns-default is-cropped wp-block-gallery-1 is-layout-flex wp-block-gallery-is-layout-flex\">\n<figure class=\"wp-block-image size-large\"><a href=\"https:\/\/cdn.newsbucovina.ro\/wp-content\/uploads\/2026\/08\/aeroport-1.jpeg\"><img loading=\"lazy\" decoding=\"async\" width=\"1024\" height=\"576\" data-id=\"445438\" src=\"https:\/\/cdn.newsbucovina.ro\/wp-content\/uploads\/2026\/08\/aeroport-1-1024x576.jpeg\" alt class=\"wp-image-445438\"><\/a><\/figure>\n<figure class=\"wp-block-image size-large\"><a href=\"https:\/\/cdn.newsbucovina.ro\/wp-content\/uploads\/2026\/08\/aeroport-2.jpeg\"><img loading=\"lazy\" decoding=\"async\" width=\"1024\" height=\"576\" data-id=\"445439\" src=\"https:\/\/cdn.newsbucovina.ro\/wp-content\/uploads\/2026\/08\/aeroport-2-1024x576.jpeg\" alt class=\"wp-image-445439\"><\/a><\/figure>\n<figure class=\"wp-block-image size-large\"><a href=\"https:\/\/cdn.newsbucovina.ro\/wp-content\/uploads\/2026\/08\/aeroport-3.jpeg\"><img decoding=\"async\" loading=\"lazy\" width=\"1024\" height=\"576\" data-id=\"445440\" src=\"https:\/\/cdn.newsbucovina.ro\/wp-content\/uploads\/2026\/08\/aeroport-3-1024x576.jpeg\" alt class=\"wp-image-445440\"><\/a><\/figure>\n<\/figure>\n<p class=\"wp-block-paragraph\">\u00cen iulie au fost \u00eenregistrate 778 de mi\u0219c\u0103ri de aeronave (ateriz\u0103ri \u0219i decol\u0103ri), fa\u021b\u0103 de 728 \u00een aceea\u0219i perioad\u0103 a anului trecut, o cre\u0219tere de aproximativ 7%.<\/p>\n<p class=\"wp-block-paragraph\">\u00cen primele \u0219apte luni ale anului 2026, Aeroportul Suceava a deservit 604.480 de pasageri, cu 93.206 mai mul\u021bi dec\u00e2t \u00een perioada similar\u0103 din 2025, c\u00e2nd au fost 511.274 de c\u0103l\u0103tori. Cre\u0219terea este de 18,23%.<\/p>\n<p class=\"wp-block-paragraph\">Potrivit datelor oficiale publicate de Asocia\u021bia Aeroporturilor din Rom\u00e2nia pentru primul semestru al anului 2026, Aeroportul Suceava se afl\u0103 pe locul al \u0219aselea la nivel na\u021bional \u00een ceea ce prive\u0219te traficul total de pasageri, traficul interna\u021bional \u0219i num\u0103rul de mi\u0219c\u0103ri ale aeronavelor, dup\u0103 Otopeni, Cluj-Napoca, Ia\u0219i, B\u0103neasa \u0219i Timi\u0219oara. La traficul c\u0103tre destina\u021biile din afara spa\u021biului Schengen ocup\u0103 locul al patrulea, iar la destina\u021biile Schengen se situeaz\u0103 pe locul al \u0219aselea.<\/p>\n<p class=\"wp-block-paragraph\">Pre\u0219edintele Consiliului Jude\u021bean Suceava, Gheorghe \u0218oldan, a comentat rezultatele: \u201eEste a doua lun\u0103 consecutiv\u0103 \u00een care dep\u0103\u0219im pragul de 100.000 de c\u0103l\u0103tori. \u0218tiu, mai sunt multe de f\u0103cut, dar suntem pe drumul cel bun. A\u0219tept\u0103m finalizarea licita\u021biei pentru terminalul T3, de aproape patru ori mai mare dec\u00e2t cele dou\u0103 terminale existente, apoi ne apuc\u0103m de treab\u0103.\u201d<\/p>\n<p class=\"wp-block-paragraph\">\u0218oldan a precizat c\u0103 cite\u0219te comentariile \u0219i sugestiile sucevenilor privind noi destina\u021bii \u0219i atragerea mai multor companii, \u00eens\u0103 a subliniat c\u0103 nici Consiliul Jude\u021bean, nici conducerea aeroportului nu stabilesc rutele sau pre\u021burile biletelor.<\/p>\n<p class=\"wp-block-paragraph\">\u201eS\u0103 \u0219ti\u021bi c\u0103 citesc comentariile \u0219i sugestiile sucevenilor pe pagina mea de Facebook despre noi destina\u021bii \u0219i atragerea mai multor companii. Vreau s\u0103 \u0219ti\u021bi c\u0103 nici Consiliul Jude\u021bean, nici conducerea aeroportului nu stabilesc unde \u0219i c\u00e2nd s\u0103 zboare aeronavele. \u0218i nici pre\u021burile biletelor. Toate aceste decizii apar\u021bin exclusiv companiilor aeriene. Da, suntem \u00een discu\u021bii cu mai mul\u021bi operatori, \u00eens\u0103 trebuie spus c\u0103 nu sunt foarte multe op\u021biuni. Unele companii aleg s\u0103 opereze doar pe aeroporturile mari, iar altele nu au suficiente aeronave pentru a deschide noi rute. A\u0219a cum am spus, fiecare decide \u00een func\u021bie de propria strategie comercial\u0103. Nici tarifele aeroportuare nu sunt o problem\u0103, a\u0219a cum sugerau unii \u00een comentarii. La Suceava, acestea sunt la un nivel mic spre mediu comparativ cu alte aeroporturi din \u021bar\u0103. \u00cen aceste condi\u021bii, tot ce avem de f\u0103cut este s\u0103 moderniz\u0103m aeroportul existent \u0219i s\u0103-l facem mai atractiv pentru companii \u0219i c\u0103l\u0103tori. Iar asta nu se poate face peste noapte. Important este c\u0103 \u0219tim ce avem de f\u0103cut. \u0218i facem!\u201d, a declarat \u0218oldan.<\/p>\n<p class=\"wp-block-paragraph\">Consiliul Jude\u021bean Suceava continu\u0103 investi\u021biile \u00een modernizare. Principalele proiecte vizeaz\u0103 construirea noului terminal T3, cu o suprafa\u021b\u0103 de aproximativ 11.000 de metri p\u0103tra\u021bi, extinderea parc\u0103rii de la circa 300 la peste 600 de locuri \u0219i realizarea balizajului luminos al platformei aeroportuare.<\/p>\n<figure class=\"wp-block-embed is-type-video is-provider-youtube wp-block-embed-youtube wp-embed-aspect-16-9 wp-has-aspect-ratio\">\n<div class=\"wp-block-embed__wrapper\">\n<div class=\"youtube-embed\" data-video_id=\"rhlFudBccv8\"><iframe loading=\"lazy\" title=\"400 de bikers + 2 domni de la Poli\u021bie cu BMW-ul... Jandarmii BONUS!! Adrenalin\u0103 la maxim la KILLER\" width=\"696\" height=\"392\" src=\"https:\/\/www.youtube.com\/embed\/rhlFudBccv8?feature=oembed&amp;enablejsapi=1\" frameborder allow=\"accelerometer; autoplay; clipboard-write; encrypted-media; gyroscope; picture-in-picture; web-share\" referrerpolicy=\"strict-origin-when-cross-origin\" allowfullscreen><\/iframe><\/div>\n<\/div>\n<\/figure>\n<div class=\"td-a-rec td-a-rec-id-content_bottom  tdi_4 td_block_template_1\"><strong>Intr\u0103 acum \u0219i \u00een grupul de <\/p>\n<div class=\"wp-block-button\"><a class=\"wp-block-button__link wp-element-button\" href=\"https:\/\/t.me\/+TH8wcfnp8fw5NWI0\">Telegram News Bucovina<\/a><\/div>\n<p><\/strong><\/div>\n<\/div>\n<p>[analyse_source url=&#8221;https:\/\/www.newsbucovina.ro\/actualitate\/445437\/record-de-trafic-la-aeroportul-suceava-in-iulie-106-060-de-pasageri-este-a-doua-luna-consecutiva-cu-peste-100-000-de-calatori&#8221;]<\/p>\n","protected":false},"excerpt":{"rendered":"<p>[analyse_image type=&#8221;featured&#8221; src=&#8221;https:\/\/www.newsbucovina.ro\/wp-content\/uploads\/2026\/08\/aeroport-2.jpeghttps:\/\/cdn.newsbucovina.ro\/wp-content\/uploads\/2026\/08\/aeroport-2.jpeg&#8221;] Intr\u0103 acum \u0219i \u00een grupul de Telegram News Bucovina Aeroportul Interna\u021bional \u201e\u0218tefan cel Mare\u201d Suceava a \u00eenregistrat \u00een luna iulie un nou record de trafic: 106.060 de pasageri. Comparativ cu iulie 2025, c\u00e2nd au trecut prin aeroport 80.455 de c\u0103l\u0103tori, cre\u0219terea este de 25.605 persoane, adic\u0103 aproximativ 31,82%. Noul rezultat dep\u0103\u0219e\u0219te \u0219i [&hellip;]<\/p>\n","protected":false},"author":1,"featured_media":0,"comment_status":"open","ping_status":"","sticky":false,"template":"","format":"standard","meta":{"footnotes":""},"categories":[89],"tags":[226,165],"class_list":["post-2076086","post","type-post","status-publish","format-standard","hentry","category-romania","tag-crawlmanager","tag-newsbucovina-ro"],"_links":{"self":[{"href":"https:\/\/analyse.optim.biz\/index.php?rest_route=\/wp\/v2\/posts\/2076086","targetHints":{"allow":["GET"]}}],"collection":[{"href":"https:\/\/analyse.optim.biz\/index.php?rest_route=\/wp\/v2\/posts"}],"about":[{"href":"https:\/\/analyse.optim.biz\/index.php?rest_route=\/wp\/v2\/types\/post"}],"author":[{"embeddable":true,"href":"https:\/\/analyse.optim.biz\/index.php?rest_route=\/wp\/v2\/users\/1"}],"replies":[{"embeddable":true,"href":"https:\/\/analyse.optim.biz\/index.php?rest_route=%2Fwp%2Fv2%2Fcomments&post=2076086"}],"version-history":[{"count":0,"href":"https:\/\/analyse.optim.biz\/index.php?rest_route=\/wp\/v2\/posts\/2076086\/revisions"}],"wp:attachment":[{"href":"https:\/\/analyse.optim.biz\/index.php?rest_route=%2Fwp%2Fv2%2Fmedia&parent=2076086"}],"wp:term":[{"taxonomy":"category","embeddable":true,"href":"https:\/\/analyse.optim.biz\/index.php?rest_route=%2Fwp%2Fv2%2Fcategories&post=2076086"},{"taxonomy":"post_tag","embeddable":true,"href":"https:\/\/analyse.optim.biz\/index.php?rest_route=%2Fwp%2Fv2%2Ftags&post=2076086"}],"curies":[{"name":"wp","href":"https:\/\/api.w.org\/{rel}","templated":true}]}}