{"id":2076084,"date":"2026-08-03T17:29:25","date_gmt":"2026-08-03T14:29:25","guid":{"rendered":"https:\/\/analyse.optim.biz\/?p=2076084"},"modified":"2026-08-03T17:29:25","modified_gmt":"2026-08-03T14:29:25","slug":"ministrul-mediului-a-cerut-control-de-urgenta-la-garda-de-mediu-din-suceava-si-in-alte-patru-judete","status":"publish","type":"post","link":"https:\/\/analyse.optim.biz\/?p=2076084","title":{"rendered":"Ministrul Mediului a cerut control de urgen\u021b\u0103 la Garda de Mediu din Suceava \u0219i \u00een alte patru jude\u021be"},"content":{"rendered":"<p>[analyse_image type=&#8221;featured&#8221; src=&#8221;https:\/\/www.newsbucovina.ro\/wp-content\/uploads\/2026\/08\/diana-buzoianu.jpghttps:\/\/cdn.newsbucovina.ro\/wp-content\/uploads\/2026\/08\/diana-buzoianu.jpg&#8221;]<\/p>\n<div class=\"td-post-content tagdiv-type\">\n<div class=\"td-a-rec td-a-rec-id-content_top  tdi_3 td_block_template_1\"><strong>Intr\u0103 acum \u0219i \u00een grupul de <\/p>\n<div class=\"wp-block-button\"><a class=\"wp-block-button__link wp-element-button\" href=\"https:\/\/t.me\/+TH8wcfnp8fw5NWI0\">Telegram News Bucovina<\/a><\/div>\n<p><\/strong><\/div>\n<p class=\"wp-block-paragraph\">Ministrul Mediului, Diana Buzoianu, a anun\u021bat c\u0103 a solicitat corpului de control al ministerului un control de urgen\u021b\u0103 privind modul \u00een care au fost prioritizate problemele grave de mediu din cinci jude\u021be, printre care \u0219i Suceava. Ac\u021biunea vizeaz\u0103 \u0219i jude\u021bele Ialomi\u021ba, Gorj, Timi\u0219 \u0219i Tulcea.<\/p>\n<figure class=\"wp-block-image size-large\"><a href=\"https:\/\/cdn.newsbucovina.ro\/wp-content\/uploads\/2026\/08\/diana-buzoianu.jpg\"><img loading=\"lazy\" decoding=\"async\" width=\"1024\" height=\"512\" src=\"https:\/\/cdn.newsbucovina.ro\/wp-content\/uploads\/2026\/08\/diana-buzoianu-1024x512.jpg\" alt class=\"wp-image-445568\"><\/a><\/figure>\n<p class=\"wp-block-paragraph\">Potrivit ministrului, corpul de control va analiza dac\u0103 activitatea comisariatelor jude\u021bene reflect\u0103 o preocupare real\u0103 pentru rezolvarea problemelor sistemice de mediu sau dac\u0103 se limiteaz\u0103 la generarea de cifre record de amenzi pentru nereguli minore, doar pentru a bifa protec\u021bia mediului.<\/p>\n<p class=\"wp-block-paragraph\">Diana Buzoianu a explicat c\u0103 decizia vine dup\u0103 numeroase sesiz\u0103ri primite \u00een deplas\u0103rile din \u021bar\u0103, unde localnicii reclam\u0103 c\u0103 Garda de Mediu ar fi \u201em\u00e2n\u0103 \u00een m\u00e2n\u0103\u201d cu autorit\u0103\u021bile locale, c\u0103 inspectorii nu r\u0103spund la sesiz\u0103ri sau c\u0103 probleme vechi de mediu r\u0103m\u00e2n nerezolvate ani de zile.<\/p>\n<p class=\"wp-block-paragraph\">Ministrul a precizat c\u0103, de\u0219i Garda de Mediu are sute de inspectori profesioni\u0219ti care \u00ee\u0219i fac treaba corect, exist\u0103 \u0219i cazuri \u00een care comisari \u0219efi sau inspectori ac\u021bioneaz\u0103 la comanda unor interese politice locale sau nu pun binele comunit\u0103\u021bii pe primul plan.<\/p>\n<p class=\"wp-block-paragraph\">Buzoianu a subliniat c\u0103 nu o intereseaz\u0103 \u201ebifele\u201d \u0219i rapoartele str\u0103lucitoare, ci ca problemele grave de mediu, care pot pune \u00een pericol chiar via\u021ba oamenilor, s\u0103 fie adresate concret. Controlul de urgen\u021b\u0103 urm\u0103re\u0219te tocmai verificarea acestei prioritiz\u0103ri \u00een jude\u021bele vizate, inclusiv Suceava.<\/p>\n<div class=\"td-a-rec td-a-rec-id-content_bottom  tdi_4 td_block_template_1\"><strong>Intr\u0103 acum \u0219i \u00een grupul de <\/p>\n<div class=\"wp-block-button\"><a class=\"wp-block-button__link wp-element-button\" href=\"https:\/\/t.me\/+TH8wcfnp8fw5NWI0\">Telegram News Bucovina<\/a><\/div>\n<p><\/strong><\/div>\n<\/div>\n<div class=\"td-post-content tagdiv-type\">\n<div class=\"td-a-rec td-a-rec-id-content_top  tdi_3 td_block_template_1\"><strong>Intr\u0103 acum \u0219i \u00een grupul de <\/p>\n<div class=\"wp-block-button\"><a class=\"wp-block-button__link wp-element-button\" href=\"https:\/\/t.me\/+TH8wcfnp8fw5NWI0\">Telegram News Bucovina<\/a><\/div>\n<p><\/strong><\/div>\n<p class=\"wp-block-paragraph\">Ministrul Mediului, Diana Buzoianu, a anun\u021bat c\u0103 a solicitat corpului de control al ministerului un control de urgen\u021b\u0103 privind modul \u00een care au fost prioritizate problemele grave de mediu din cinci jude\u021be, printre care \u0219i Suceava. Ac\u021biunea vizeaz\u0103 \u0219i jude\u021bele Ialomi\u021ba, Gorj, Timi\u0219 \u0219i Tulcea.<\/p>\n<figure class=\"wp-block-image size-large\"><a href=\"https:\/\/cdn.newsbucovina.ro\/wp-content\/uploads\/2026\/08\/diana-buzoianu.jpg\"><img loading=\"lazy\" decoding=\"async\" width=\"1024\" height=\"512\" src=\"https:\/\/cdn.newsbucovina.ro\/wp-content\/uploads\/2026\/08\/diana-buzoianu-1024x512.jpg\" alt class=\"wp-image-445568\"><\/a><\/figure>\n<p class=\"wp-block-paragraph\">Potrivit ministrului, corpul de control va analiza dac\u0103 activitatea comisariatelor jude\u021bene reflect\u0103 o preocupare real\u0103 pentru rezolvarea problemelor sistemice de mediu sau dac\u0103 se limiteaz\u0103 la generarea de cifre record de amenzi pentru nereguli minore, doar pentru a bifa protec\u021bia mediului.<\/p>\n<p class=\"wp-block-paragraph\">Diana Buzoianu a explicat c\u0103 decizia vine dup\u0103 numeroase sesiz\u0103ri primite \u00een deplas\u0103rile din \u021bar\u0103, unde localnicii reclam\u0103 c\u0103 Garda de Mediu ar fi \u201em\u00e2n\u0103 \u00een m\u00e2n\u0103\u201d cu autorit\u0103\u021bile locale, c\u0103 inspectorii nu r\u0103spund la sesiz\u0103ri sau c\u0103 probleme vechi de mediu r\u0103m\u00e2n nerezolvate ani de zile.<\/p>\n<p class=\"wp-block-paragraph\">Ministrul a precizat c\u0103, de\u0219i Garda de Mediu are sute de inspectori profesioni\u0219ti care \u00ee\u0219i fac treaba corect, exist\u0103 \u0219i cazuri \u00een care comisari \u0219efi sau inspectori ac\u021bioneaz\u0103 la comanda unor interese politice locale sau nu pun binele comunit\u0103\u021bii pe primul plan.<\/p>\n<p class=\"wp-block-paragraph\">Buzoianu a subliniat c\u0103 nu o intereseaz\u0103 \u201ebifele\u201d \u0219i rapoartele str\u0103lucitoare, ci ca problemele grave de mediu, care pot pune \u00een pericol chiar via\u021ba oamenilor, s\u0103 fie adresate concret. Controlul de urgen\u021b\u0103 urm\u0103re\u0219te tocmai verificarea acestei prioritiz\u0103ri \u00een jude\u021bele vizate, inclusiv Suceava.<\/p>\n<div class=\"td-a-rec td-a-rec-id-content_bottom  tdi_4 td_block_template_1\"><strong>Intr\u0103 acum \u0219i \u00een grupul de <\/p>\n<div class=\"wp-block-button\"><a class=\"wp-block-button__link wp-element-button\" href=\"https:\/\/t.me\/+TH8wcfnp8fw5NWI0\">Telegram News Bucovina<\/a><\/div>\n<p><\/strong><\/div>\n<\/div>\n<p>[analyse_source url=&#8221;https:\/\/www.newsbucovina.ro\/actualitate\/445567\/ministrul-mediului-a-cerut-control-de-urgenta-la-garda-de-mediu-din-suceava-si-in-alte-patru-judete&#8221;]<\/p>\n","protected":false},"excerpt":{"rendered":"<p>[analyse_image type=&#8221;featured&#8221; src=&#8221;https:\/\/www.newsbucovina.ro\/wp-content\/uploads\/2026\/08\/diana-buzoianu.jpghttps:\/\/cdn.newsbucovina.ro\/wp-content\/uploads\/2026\/08\/diana-buzoianu.jpg&#8221;] Intr\u0103 acum \u0219i \u00een grupul de Telegram News Bucovina Ministrul Mediului, Diana Buzoianu, a anun\u021bat c\u0103 a solicitat corpului de control al ministerului un control de urgen\u021b\u0103 privind modul \u00een care au fost prioritizate problemele grave de mediu din cinci jude\u021be, printre care \u0219i Suceava. Ac\u021biunea vizeaz\u0103 \u0219i jude\u021bele Ialomi\u021ba, Gorj, Timi\u0219 [&hellip;]<\/p>\n","protected":false},"author":1,"featured_media":0,"comment_status":"open","ping_status":"","sticky":false,"template":"","format":"standard","meta":{"footnotes":""},"categories":[89],"tags":[226,165],"class_list":["post-2076084","post","type-post","status-publish","format-standard","hentry","category-romania","tag-crawlmanager","tag-newsbucovina-ro"],"_links":{"self":[{"href":"https:\/\/analyse.optim.biz\/index.php?rest_route=\/wp\/v2\/posts\/2076084","targetHints":{"allow":["GET"]}}],"collection":[{"href":"https:\/\/analyse.optim.biz\/index.php?rest_route=\/wp\/v2\/posts"}],"about":[{"href":"https:\/\/analyse.optim.biz\/index.php?rest_route=\/wp\/v2\/types\/post"}],"author":[{"embeddable":true,"href":"https:\/\/analyse.optim.biz\/index.php?rest_route=\/wp\/v2\/users\/1"}],"replies":[{"embeddable":true,"href":"https:\/\/analyse.optim.biz\/index.php?rest_route=%2Fwp%2Fv2%2Fcomments&post=2076084"}],"version-history":[{"count":0,"href":"https:\/\/analyse.optim.biz\/index.php?rest_route=\/wp\/v2\/posts\/2076084\/revisions"}],"wp:attachment":[{"href":"https:\/\/analyse.optim.biz\/index.php?rest_route=%2Fwp%2Fv2%2Fmedia&parent=2076084"}],"wp:term":[{"taxonomy":"category","embeddable":true,"href":"https:\/\/analyse.optim.biz\/index.php?rest_route=%2Fwp%2Fv2%2Fcategories&post=2076084"},{"taxonomy":"post_tag","embeddable":true,"href":"https:\/\/analyse.optim.biz\/index.php?rest_route=%2Fwp%2Fv2%2Ftags&post=2076084"}],"curies":[{"name":"wp","href":"https:\/\/api.w.org\/{rel}","templated":true}]}}