{"id":2076082,"date":"2026-08-03T15:10:34","date_gmt":"2026-08-03T12:10:34","guid":{"rendered":"https:\/\/analyse.optim.biz\/?p=2076082"},"modified":"2026-08-03T15:10:34","modified_gmt":"2026-08-03T12:10:34","slug":"universitatea-stefan-cel-mare-din-suceava-a-finalizat-proiectul-pnrr-cexford-dedicat-impactului-evenimentelor-climatice-extreme-asupra-padurilor","status":"publish","type":"post","link":"https:\/\/analyse.optim.biz\/?p=2076082","title":{"rendered":"Universitatea \u201e\u0218tefan cel Mare\u201d din Suceava a finalizat proiectul PNRR CexForD, dedicat impactului evenimentelor climatice extreme asupra p\u0103durilor"},"content":{"rendered":"<p>[analyse_image type=&#8221;featured&#8221; src=&#8221;https:\/\/www.newsbucovina.ro\/wp-content\/uploads\/2026\/08\/foto1.jpeghttps:\/\/cdn.newsbucovina.ro\/wp-content\/uploads\/2026\/08\/foto1.jpeg&#8221;]<\/p>\n<div class=\"td-post-content tagdiv-type\">\n<div class=\"td-a-rec td-a-rec-id-content_top  tdi_3 td_block_template_1\"><strong>Intr\u0103 acum \u0219i \u00een grupul de <\/p>\n<div class=\"wp-block-button\"><a class=\"wp-block-button__link wp-element-button\" href=\"https:\/\/t.me\/+TH8wcfnp8fw5NWI0\">Telegram News Bucovina<\/a><\/div>\n<p><\/strong><\/div>\n<p class=\"wp-block-paragraph\">Universitatea \u201e\u0218tefan cel Mare\u201d din Suceava anun\u021b\u0103 finalizarea proiectului \u201eCompound extreme events from a long-term perspective and their impact on forest growth dynamics\u201d (CexForD), finan\u021bat prin Planul Na\u021bional de Redresare \u0219i Rezilien\u021b\u0103 (PNRR), Componenta C9 \u2013 Suport pentru sectorul privat \u0219i CDI, Investi\u021bia I8.<\/p>\n<div class=\"wp-block-image\">\n<figure class=\"aligncenter size-full\"><a href=\"https:\/\/cdn.newsbucovina.ro\/wp-content\/uploads\/2026\/08\/foto1.jpeg\"><img loading=\"lazy\" decoding=\"async\" width=\"750\" height=\"562\" src=\"https:\/\/cdn.newsbucovina.ro\/wp-content\/uploads\/2026\/08\/foto1.jpeg\" alt class=\"wp-image-445543\"><\/a><\/figure>\n<\/div>\n<p class=\"wp-block-paragraph\">Proiectul a fost implementat pe o perioad\u0103 de 36 de luni, \u00eentre iulie 2023 \u0219i iunie 2026, \u0219i a avut o valoare total\u0103 de 6.992.496,81 lei (f\u0103r\u0103 TVA), echivalentul a aproximativ 1.415.771,78 euro.<\/p>\n<p class=\"wp-block-paragraph\">Obiectivul general a vizat identificarea factorilor determinan\u021bi ai evenimentelor climatice extreme compuse, la scar\u0103 regional\u0103 \u0219i local\u0103, precum \u0219i evaluarea impactului acestora asupra dinamicii ecosistemelor forestiere. Prin utilizarea datelor climatice \u0219i dendrocronologice, cercet\u0103rile au contribuit la \u00een\u021belegerea modului \u00een care p\u0103durile r\u0103spund la schimb\u0103rile climatice \u0219i la evaluarea vulnerabilit\u0103\u021bii \u0219i adaptabilit\u0103\u021bii acestora.<\/p>\n<p class=\"wp-block-paragraph\">\u00cen cadrul proiectului au fost evaluate mecanismele care controleaz\u0103 variabilitatea \u0219i tendin\u021bele evenimentelor extreme \u00een estul Europei, a fost investigat\u0103 sensibilitatea climatic\u0103 a z\u00e2mbrului (Pinus cembra) \u0219i a speciilor de stejar (Quercus sp.) pe baza inelelor anuale ale arborilor, au fost reconstruite parametri climatici prin metode integrative \u0219i au fost elaborate scenarii privind evolu\u021bia frecven\u021bei \u0219i intensit\u0103\u021bii acestor evenimente pentru perioada 2021\u20132100.<\/p>\n<p class=\"wp-block-paragraph\">Infrastructura de cercetare a fost consolidat\u0103 prin achizi\u021bia de echipamente moderne pentru analize dendrocronologice \u0219i de anatomia lemnului, echipamente TIC, un sistem de digitalizare a preparatelor microscopice (slidescanner) \u0219i o autoutilitar\u0103 echipat\u0103 ca laborator mobil pentru activit\u0103\u021bi de teren.<\/p>\n<p class=\"wp-block-paragraph\">Rezultatele au fost valorificate prin publicarea a peste 15 articole \u0219tiin\u021bifice \u00een reviste interna\u021bionale din categoriile Q1 \u0219i Q2 (\u021binta asumat\u0103 fiind de 5) \u0219i prin prezent\u0103ri la 7 conferin\u021be na\u021bionale \u0219i interna\u021bionale. Proiectul a sus\u021binut activitatea doctoranzilor \u0219i postdoctoranzilor, iar universitatea a ob\u021binut certificarea \u201eHR Excellence in Research\u201d acordat\u0103 de Comisia European\u0103, dup\u0103 aderarea la Carta European\u0103 a Cercet\u0103torilor \u0219i la Codul de conduit\u0103 pentru recrutarea cercet\u0103torilor.<\/p>\n<p class=\"wp-block-paragraph\">Prin implementarea CexForD, Universitatea \u201e\u0218tefan cel Mare\u201d din Suceava a creat condi\u021bii pentru cercetare avansat\u0103 \u00een climatologie, dendrocronologie \u0219i studiul impactului schimb\u0103rilor climatice asupra p\u0103durilor. Infrastructura \u0219i rezultatele ob\u021binute vor sus\u021bine activit\u0103\u021bi viitoare de cercetare \u0219i vor oferi un fundament \u0219tiin\u021bific pentru strategii de adaptare \u0219i management durabil al ecosistemelor forestiere.<\/p>\n<figure class=\"wp-block-embed is-type-video is-provider-youtube wp-block-embed-youtube wp-embed-aspect-16-9 wp-has-aspect-ratio\">\n<div class=\"wp-block-embed__wrapper\">\n<div class=\"youtube-embed\" data-video_id=\"H5LcMzGH100\"><iframe loading=\"lazy\" title=\"Cum transformi Bucuria-n...SC\u00c2RB\u0102? Te plimbi cu ma\u0219ina Prim\u0103riei ...f\u0103r\u0103 acte! POLI\u021aIA o cam scald\u0103!\" width=\"696\" height=\"392\" src=\"https:\/\/www.youtube.com\/embed\/H5LcMzGH100?feature=oembed&amp;enablejsapi=1\" frameborder allow=\"accelerometer; autoplay; clipboard-write; encrypted-media; gyroscope; picture-in-picture; web-share\" referrerpolicy=\"strict-origin-when-cross-origin\" allowfullscreen><\/iframe><\/div>\n<\/div>\n<\/figure>\n<div class=\"td-a-rec td-a-rec-id-content_bottom  tdi_4 td_block_template_1\"><strong>Intr\u0103 acum \u0219i \u00een grupul de <\/p>\n<div class=\"wp-block-button\"><a class=\"wp-block-button__link wp-element-button\" href=\"https:\/\/t.me\/+TH8wcfnp8fw5NWI0\">Telegram News Bucovina<\/a><\/div>\n<p><\/strong><\/div>\n<\/div>\n<div class=\"td-post-content tagdiv-type\">\n<div class=\"td-a-rec td-a-rec-id-content_top  tdi_3 td_block_template_1\"><strong>Intr\u0103 acum \u0219i \u00een grupul de <\/p>\n<div class=\"wp-block-button\"><a class=\"wp-block-button__link wp-element-button\" href=\"https:\/\/t.me\/+TH8wcfnp8fw5NWI0\">Telegram News Bucovina<\/a><\/div>\n<p><\/strong><\/div>\n<p class=\"wp-block-paragraph\">Universitatea \u201e\u0218tefan cel Mare\u201d din Suceava anun\u021b\u0103 finalizarea proiectului \u201eCompound extreme events from a long-term perspective and their impact on forest growth dynamics\u201d (CexForD), finan\u021bat prin Planul Na\u021bional de Redresare \u0219i Rezilien\u021b\u0103 (PNRR), Componenta C9 \u2013 Suport pentru sectorul privat \u0219i CDI, Investi\u021bia I8.<\/p>\n<div class=\"wp-block-image\">\n<figure class=\"aligncenter size-full\"><a href=\"https:\/\/cdn.newsbucovina.ro\/wp-content\/uploads\/2026\/08\/foto1.jpeg\"><img loading=\"lazy\" decoding=\"async\" width=\"750\" height=\"562\" src=\"https:\/\/cdn.newsbucovina.ro\/wp-content\/uploads\/2026\/08\/foto1.jpeg\" alt class=\"wp-image-445543\"><\/a><\/figure>\n<\/div>\n<p class=\"wp-block-paragraph\">Proiectul a fost implementat pe o perioad\u0103 de 36 de luni, \u00eentre iulie 2023 \u0219i iunie 2026, \u0219i a avut o valoare total\u0103 de 6.992.496,81 lei (f\u0103r\u0103 TVA), echivalentul a aproximativ 1.415.771,78 euro.<\/p>\n<p class=\"wp-block-paragraph\">Obiectivul general a vizat identificarea factorilor determinan\u021bi ai evenimentelor climatice extreme compuse, la scar\u0103 regional\u0103 \u0219i local\u0103, precum \u0219i evaluarea impactului acestora asupra dinamicii ecosistemelor forestiere. Prin utilizarea datelor climatice \u0219i dendrocronologice, cercet\u0103rile au contribuit la \u00een\u021belegerea modului \u00een care p\u0103durile r\u0103spund la schimb\u0103rile climatice \u0219i la evaluarea vulnerabilit\u0103\u021bii \u0219i adaptabilit\u0103\u021bii acestora.<\/p>\n<p class=\"wp-block-paragraph\">\u00cen cadrul proiectului au fost evaluate mecanismele care controleaz\u0103 variabilitatea \u0219i tendin\u021bele evenimentelor extreme \u00een estul Europei, a fost investigat\u0103 sensibilitatea climatic\u0103 a z\u00e2mbrului (Pinus cembra) \u0219i a speciilor de stejar (Quercus sp.) pe baza inelelor anuale ale arborilor, au fost reconstruite parametri climatici prin metode integrative \u0219i au fost elaborate scenarii privind evolu\u021bia frecven\u021bei \u0219i intensit\u0103\u021bii acestor evenimente pentru perioada 2021\u20132100.<\/p>\n<p class=\"wp-block-paragraph\">Infrastructura de cercetare a fost consolidat\u0103 prin achizi\u021bia de echipamente moderne pentru analize dendrocronologice \u0219i de anatomia lemnului, echipamente TIC, un sistem de digitalizare a preparatelor microscopice (slidescanner) \u0219i o autoutilitar\u0103 echipat\u0103 ca laborator mobil pentru activit\u0103\u021bi de teren.<\/p>\n<p class=\"wp-block-paragraph\">Rezultatele au fost valorificate prin publicarea a peste 15 articole \u0219tiin\u021bifice \u00een reviste interna\u021bionale din categoriile Q1 \u0219i Q2 (\u021binta asumat\u0103 fiind de 5) \u0219i prin prezent\u0103ri la 7 conferin\u021be na\u021bionale \u0219i interna\u021bionale. Proiectul a sus\u021binut activitatea doctoranzilor \u0219i postdoctoranzilor, iar universitatea a ob\u021binut certificarea \u201eHR Excellence in Research\u201d acordat\u0103 de Comisia European\u0103, dup\u0103 aderarea la Carta European\u0103 a Cercet\u0103torilor \u0219i la Codul de conduit\u0103 pentru recrutarea cercet\u0103torilor.<\/p>\n<p class=\"wp-block-paragraph\">Prin implementarea CexForD, Universitatea \u201e\u0218tefan cel Mare\u201d din Suceava a creat condi\u021bii pentru cercetare avansat\u0103 \u00een climatologie, dendrocronologie \u0219i studiul impactului schimb\u0103rilor climatice asupra p\u0103durilor. Infrastructura \u0219i rezultatele ob\u021binute vor sus\u021bine activit\u0103\u021bi viitoare de cercetare \u0219i vor oferi un fundament \u0219tiin\u021bific pentru strategii de adaptare \u0219i management durabil al ecosistemelor forestiere.<\/p>\n<figure class=\"wp-block-embed is-type-video is-provider-youtube wp-block-embed-youtube wp-embed-aspect-16-9 wp-has-aspect-ratio\">\n<div class=\"wp-block-embed__wrapper\">\n<div class=\"youtube-embed\" data-video_id=\"H5LcMzGH100\"><iframe loading=\"lazy\" title=\"Cum transformi Bucuria-n...SC\u00c2RB\u0102? Te plimbi cu ma\u0219ina Prim\u0103riei ...f\u0103r\u0103 acte! POLI\u021aIA o cam scald\u0103!\" width=\"696\" height=\"392\" src=\"https:\/\/www.youtube.com\/embed\/H5LcMzGH100?feature=oembed&amp;enablejsapi=1\" frameborder allow=\"accelerometer; autoplay; clipboard-write; encrypted-media; gyroscope; picture-in-picture; web-share\" referrerpolicy=\"strict-origin-when-cross-origin\" allowfullscreen><\/iframe><\/div>\n<\/div>\n<\/figure>\n<div class=\"td-a-rec td-a-rec-id-content_bottom  tdi_4 td_block_template_1\"><strong>Intr\u0103 acum \u0219i \u00een grupul de <\/p>\n<div class=\"wp-block-button\"><a class=\"wp-block-button__link wp-element-button\" href=\"https:\/\/t.me\/+TH8wcfnp8fw5NWI0\">Telegram News Bucovina<\/a><\/div>\n<p><\/strong><\/div>\n<\/div>\n<p>[analyse_source url=&#8221;https:\/\/www.newsbucovina.ro\/actualitate\/445542\/universitatea-stefan-cel-mare-din-suceava-a-finalizat-proiectul-pnrr-cexford-dedicat-impactului-evenimentelor-climatice-extreme-asupra-padurilor&#8221;]<\/p>\n","protected":false},"excerpt":{"rendered":"<p>[analyse_image type=&#8221;featured&#8221; src=&#8221;https:\/\/www.newsbucovina.ro\/wp-content\/uploads\/2026\/08\/foto1.jpeghttps:\/\/cdn.newsbucovina.ro\/wp-content\/uploads\/2026\/08\/foto1.jpeg&#8221;] Intr\u0103 acum \u0219i \u00een grupul de Telegram News Bucovina Universitatea \u201e\u0218tefan cel Mare\u201d din Suceava anun\u021b\u0103 finalizarea proiectului \u201eCompound extreme events from a long-term perspective and their impact on forest growth dynamics\u201d (CexForD), finan\u021bat prin Planul Na\u021bional de Redresare \u0219i Rezilien\u021b\u0103 (PNRR), Componenta C9 \u2013 Suport pentru sectorul privat \u0219i CDI, Investi\u021bia [&hellip;]<\/p>\n","protected":false},"author":1,"featured_media":0,"comment_status":"open","ping_status":"","sticky":false,"template":"","format":"standard","meta":{"footnotes":""},"categories":[89],"tags":[226,165],"class_list":["post-2076082","post","type-post","status-publish","format-standard","hentry","category-romania","tag-crawlmanager","tag-newsbucovina-ro"],"_links":{"self":[{"href":"https:\/\/analyse.optim.biz\/index.php?rest_route=\/wp\/v2\/posts\/2076082","targetHints":{"allow":["GET"]}}],"collection":[{"href":"https:\/\/analyse.optim.biz\/index.php?rest_route=\/wp\/v2\/posts"}],"about":[{"href":"https:\/\/analyse.optim.biz\/index.php?rest_route=\/wp\/v2\/types\/post"}],"author":[{"embeddable":true,"href":"https:\/\/analyse.optim.biz\/index.php?rest_route=\/wp\/v2\/users\/1"}],"replies":[{"embeddable":true,"href":"https:\/\/analyse.optim.biz\/index.php?rest_route=%2Fwp%2Fv2%2Fcomments&post=2076082"}],"version-history":[{"count":0,"href":"https:\/\/analyse.optim.biz\/index.php?rest_route=\/wp\/v2\/posts\/2076082\/revisions"}],"wp:attachment":[{"href":"https:\/\/analyse.optim.biz\/index.php?rest_route=%2Fwp%2Fv2%2Fmedia&parent=2076082"}],"wp:term":[{"taxonomy":"category","embeddable":true,"href":"https:\/\/analyse.optim.biz\/index.php?rest_route=%2Fwp%2Fv2%2Fcategories&post=2076082"},{"taxonomy":"post_tag","embeddable":true,"href":"https:\/\/analyse.optim.biz\/index.php?rest_route=%2Fwp%2Fv2%2Ftags&post=2076082"}],"curies":[{"name":"wp","href":"https:\/\/api.w.org\/{rel}","templated":true}]}}