{"id":2076080,"date":"2026-08-03T14:22:27","date_gmt":"2026-08-03T11:22:27","guid":{"rendered":"https:\/\/analyse.optim.biz\/?p=2076080"},"modified":"2026-08-03T14:22:27","modified_gmt":"2026-08-03T11:22:27","slug":"sinodul-mitropolitan-a-aprobat-noi-manastiri-si-metocuri-in-arhiepiscopia-sucevei-si-radautilor","status":"publish","type":"post","link":"https:\/\/analyse.optim.biz\/?p=2076080","title":{"rendered":"Sinodul Mitropolitan a aprobat noi m\u0103n\u0103stiri \u0219i metocuri \u00een Arhiepiscopia Sucevei \u0219i R\u0103d\u0103u\u021bilor"},"content":{"rendered":"<p>[analyse_image type=&#8221;featured&#8221; src=&#8221;https:\/\/www.newsbucovina.ro\/wp-content\/uploads\/2025\/01\/sinod_mitropolitan_iasi_2021.jpeghttps:\/\/cdn.newsbucovina.ro\/wp-content\/uploads\/2025\/01\/sinod_mitropolitan_iasi_2021.jpeg&#8221;]<\/p>\n<div class=\"td-post-content tagdiv-type\">\n<div class=\"td-a-rec td-a-rec-id-content_top  tdi_3 td_block_template_1\"><strong>Intr\u0103 acum \u0219i \u00een grupul de <\/p>\n<div class=\"wp-block-button\"><a class=\"wp-block-button__link wp-element-button\" href=\"https:\/\/t.me\/+TH8wcfnp8fw5NWI0\">Telegram News Bucovina<\/a><\/div>\n<p><\/strong><\/div>\n<p class=\"wp-block-paragraph\">Luni, 3 august 2026, la Re\u0219edin\u021ba mitropolitan\u0103 din Ia\u0219i s-a \u00eentrunit Sinodul Mitropolitan al Mitropoliei Moldovei \u0219i Bucovinei, sub pre\u0219edin\u021bia \u00cenaltpreasfin\u021bitului P\u0103rinte Mitropolit Teofan. La \u0219edin\u021b\u0103 au participat \u00cenaltpreasfin\u021bitul P\u0103rinte Calinic, Arhiepiscopul Sucevei \u0219i R\u0103d\u0103u\u021bilor, \u00eempreun\u0103 cu ceilal\u021bi ierarhi ai Mitropoliei, printre care \u0219i Preasfin\u021bitul P\u0103rinte Damaschin Dorneanul, Episcop vicar al Arhiepiscopiei Sucevei \u0219i R\u0103d\u0103u\u021bilor.<\/p>\n<figure class=\"wp-block-image size-full\"><a href=\"https:\/\/cdn.newsbucovina.ro\/wp-content\/uploads\/2025\/01\/sinod_mitropolitan_iasi_2021.jpeg\"><img loading=\"lazy\" decoding=\"async\" width=\"960\" height=\"640\" src=\"https:\/\/cdn.newsbucovina.ro\/wp-content\/uploads\/2025\/01\/sinod_mitropolitan_iasi_2021.jpeg\" alt class=\"wp-image-402864\"><\/a><\/figure>\n<p class=\"wp-block-paragraph\">Pe ordinea de zi s-au aflat mai multe subiecte privind via\u021ba bisericeasc\u0103. Pentru Arhiepiscopia Sucevei \u0219i R\u0103d\u0103u\u021bilor, Sinodul a aprobat ridicarea Schitului de c\u0103lug\u0103ri \u201eSf\u00e2ntul Nectarie\u201d (B\u0103rn\u0103rel) la rang de m\u0103n\u0103stire, cu denumirea M\u0103n\u0103stirea \u201eSf\u00e2ntul Ierarh Nectarie de la Eghina\u201d (B\u0103rn\u0103rel).<\/p>\n<p class=\"wp-block-paragraph\">De asemenea, a fost aprobat\u0103 \u00eenfiin\u021barea a trei metocuri de c\u0103lug\u0103ri \u00een subordinea M\u0103n\u0103stirii Putna: Metocul \u201eSf\u00e2ntul Ignatie Teoforul \u0219i Sf\u00e2ntul Filaret cel Milostiv\u201d de la Izvoarele Sucevei, Metocul \u201eAcoper\u0103m\u00e2ntul Maicii Domnului\u201d de la Poiana Jiji \u0219i Metocul \u201eAcoper\u0103m\u00e2ntul Maicii Domnului \u0219i Sf\u00e2ntul Mucenic Trifon\u201d de la G\u0103l\u0103ne\u0219ti.<\/p>\n<p class=\"wp-block-paragraph\">Sinodul a avizat d\u0103ruirea unui fragment din sfintele moa\u0219te ale Sf\u00e2ntului Cuvios Cleopa de la Sih\u0103stria pentru M\u0103n\u0103stirea Vadu Negrilesei, aflat\u0103 \u00een cuprinsul Arhiepiscopiei Sucevei \u0219i R\u0103d\u0103u\u021bilor. Au fost desemna\u021bi \u0219i noi membri titulari \u0219i suplean\u021bi din partea Arhiepiscopiei pentru Consistoriul Mitropolitan Monahal, p\u00e2n\u0103 la finalizarea mandatului 2025-2029.<\/p>\n<p class=\"wp-block-paragraph\">\u00cen cadrul aceleia\u0219i \u0219edin\u021be au fost discutate \u0219i alte subiecte de competen\u021ba Sinodului Mitropolitan, inclusiv probleme de ordin patrimonial \u0219i educa\u021bional, precum \u0219i propuneri de acordare a rangului de arhimandrit, care vor fi \u00eenaintate Sf\u00e2ntului Sinod al Bisericii Ortodoxe Rom\u00e2ne.<\/p>\n<figure class=\"wp-block-embed is-type-video is-provider-youtube wp-block-embed-youtube wp-embed-aspect-16-9 wp-has-aspect-ratio\">\n<div class=\"wp-block-embed__wrapper\">\n<div class=\"youtube-embed\" data-video_id=\"H5LcMzGH100\"><iframe loading=\"lazy\" title=\"Cum transformi Bucuria-n...SC\u00c2RB\u0102? Te plimbi cu ma\u0219ina Prim\u0103riei ...f\u0103r\u0103 acte! POLI\u021aIA o cam scald\u0103!\" width=\"696\" height=\"392\" src=\"https:\/\/www.youtube.com\/embed\/H5LcMzGH100?feature=oembed&amp;enablejsapi=1\" frameborder allow=\"accelerometer; autoplay; clipboard-write; encrypted-media; gyroscope; picture-in-picture; web-share\" referrerpolicy=\"strict-origin-when-cross-origin\" allowfullscreen><\/iframe><\/div>\n<\/div>\n<\/figure>\n<div class=\"td-a-rec td-a-rec-id-content_bottom  tdi_4 td_block_template_1\"><strong>Intr\u0103 acum \u0219i \u00een grupul de <\/p>\n<div class=\"wp-block-button\"><a class=\"wp-block-button__link wp-element-button\" href=\"https:\/\/t.me\/+TH8wcfnp8fw5NWI0\">Telegram News Bucovina<\/a><\/div>\n<p><\/strong><\/div>\n<\/div>\n<div class=\"td-post-content tagdiv-type\">\n<div class=\"td-a-rec td-a-rec-id-content_top  tdi_3 td_block_template_1\"><strong>Intr\u0103 acum \u0219i \u00een grupul de <\/p>\n<div class=\"wp-block-button\"><a class=\"wp-block-button__link wp-element-button\" href=\"https:\/\/t.me\/+TH8wcfnp8fw5NWI0\">Telegram News Bucovina<\/a><\/div>\n<p><\/strong><\/div>\n<p class=\"wp-block-paragraph\">Luni, 3 august 2026, la Re\u0219edin\u021ba mitropolitan\u0103 din Ia\u0219i s-a \u00eentrunit Sinodul Mitropolitan al Mitropoliei Moldovei \u0219i Bucovinei, sub pre\u0219edin\u021bia \u00cenaltpreasfin\u021bitului P\u0103rinte Mitropolit Teofan. La \u0219edin\u021b\u0103 au participat \u00cenaltpreasfin\u021bitul P\u0103rinte Calinic, Arhiepiscopul Sucevei \u0219i R\u0103d\u0103u\u021bilor, \u00eempreun\u0103 cu ceilal\u021bi ierarhi ai Mitropoliei, printre care \u0219i Preasfin\u021bitul P\u0103rinte Damaschin Dorneanul, Episcop vicar al Arhiepiscopiei Sucevei \u0219i R\u0103d\u0103u\u021bilor.<\/p>\n<figure class=\"wp-block-image size-full\"><a href=\"https:\/\/cdn.newsbucovina.ro\/wp-content\/uploads\/2025\/01\/sinod_mitropolitan_iasi_2021.jpeg\"><img loading=\"lazy\" decoding=\"async\" width=\"960\" height=\"640\" src=\"https:\/\/cdn.newsbucovina.ro\/wp-content\/uploads\/2025\/01\/sinod_mitropolitan_iasi_2021.jpeg\" alt class=\"wp-image-402864\"><\/a><\/figure>\n<p class=\"wp-block-paragraph\">Pe ordinea de zi s-au aflat mai multe subiecte privind via\u021ba bisericeasc\u0103. Pentru Arhiepiscopia Sucevei \u0219i R\u0103d\u0103u\u021bilor, Sinodul a aprobat ridicarea Schitului de c\u0103lug\u0103ri \u201eSf\u00e2ntul Nectarie\u201d (B\u0103rn\u0103rel) la rang de m\u0103n\u0103stire, cu denumirea M\u0103n\u0103stirea \u201eSf\u00e2ntul Ierarh Nectarie de la Eghina\u201d (B\u0103rn\u0103rel).<\/p>\n<p class=\"wp-block-paragraph\">De asemenea, a fost aprobat\u0103 \u00eenfiin\u021barea a trei metocuri de c\u0103lug\u0103ri \u00een subordinea M\u0103n\u0103stirii Putna: Metocul \u201eSf\u00e2ntul Ignatie Teoforul \u0219i Sf\u00e2ntul Filaret cel Milostiv\u201d de la Izvoarele Sucevei, Metocul \u201eAcoper\u0103m\u00e2ntul Maicii Domnului\u201d de la Poiana Jiji \u0219i Metocul \u201eAcoper\u0103m\u00e2ntul Maicii Domnului \u0219i Sf\u00e2ntul Mucenic Trifon\u201d de la G\u0103l\u0103ne\u0219ti.<\/p>\n<p class=\"wp-block-paragraph\">Sinodul a avizat d\u0103ruirea unui fragment din sfintele moa\u0219te ale Sf\u00e2ntului Cuvios Cleopa de la Sih\u0103stria pentru M\u0103n\u0103stirea Vadu Negrilesei, aflat\u0103 \u00een cuprinsul Arhiepiscopiei Sucevei \u0219i R\u0103d\u0103u\u021bilor. Au fost desemna\u021bi \u0219i noi membri titulari \u0219i suplean\u021bi din partea Arhiepiscopiei pentru Consistoriul Mitropolitan Monahal, p\u00e2n\u0103 la finalizarea mandatului 2025-2029.<\/p>\n<p class=\"wp-block-paragraph\">\u00cen cadrul aceleia\u0219i \u0219edin\u021be au fost discutate \u0219i alte subiecte de competen\u021ba Sinodului Mitropolitan, inclusiv probleme de ordin patrimonial \u0219i educa\u021bional, precum \u0219i propuneri de acordare a rangului de arhimandrit, care vor fi \u00eenaintate Sf\u00e2ntului Sinod al Bisericii Ortodoxe Rom\u00e2ne.<\/p>\n<figure class=\"wp-block-embed is-type-video is-provider-youtube wp-block-embed-youtube wp-embed-aspect-16-9 wp-has-aspect-ratio\">\n<div class=\"wp-block-embed__wrapper\">\n<div class=\"youtube-embed\" data-video_id=\"H5LcMzGH100\"><iframe loading=\"lazy\" title=\"Cum transformi Bucuria-n...SC\u00c2RB\u0102? Te plimbi cu ma\u0219ina Prim\u0103riei ...f\u0103r\u0103 acte! POLI\u021aIA o cam scald\u0103!\" width=\"696\" height=\"392\" src=\"https:\/\/www.youtube.com\/embed\/H5LcMzGH100?feature=oembed&amp;enablejsapi=1\" frameborder allow=\"accelerometer; autoplay; clipboard-write; encrypted-media; gyroscope; picture-in-picture; web-share\" referrerpolicy=\"strict-origin-when-cross-origin\" allowfullscreen><\/iframe><\/div>\n<\/div>\n<\/figure>\n<div class=\"td-a-rec td-a-rec-id-content_bottom  tdi_4 td_block_template_1\"><strong>Intr\u0103 acum \u0219i \u00een grupul de <\/p>\n<div class=\"wp-block-button\"><a class=\"wp-block-button__link wp-element-button\" href=\"https:\/\/t.me\/+TH8wcfnp8fw5NWI0\">Telegram News Bucovina<\/a><\/div>\n<p><\/strong><\/div>\n<\/div>\n<p>[analyse_source url=&#8221;https:\/\/www.newsbucovina.ro\/actualitate\/445540\/sinodul-mitropolitan-a-aprobat-noi-manastiri-si-metocuri-in-arhiepiscopia-sucevei-si-radautilor&#8221;]<\/p>\n","protected":false},"excerpt":{"rendered":"<p>[analyse_image type=&#8221;featured&#8221; src=&#8221;https:\/\/www.newsbucovina.ro\/wp-content\/uploads\/2025\/01\/sinod_mitropolitan_iasi_2021.jpeghttps:\/\/cdn.newsbucovina.ro\/wp-content\/uploads\/2025\/01\/sinod_mitropolitan_iasi_2021.jpeg&#8221;] Intr\u0103 acum \u0219i \u00een grupul de Telegram News Bucovina Luni, 3 august 2026, la Re\u0219edin\u021ba mitropolitan\u0103 din Ia\u0219i s-a \u00eentrunit Sinodul Mitropolitan al Mitropoliei Moldovei \u0219i Bucovinei, sub pre\u0219edin\u021bia \u00cenaltpreasfin\u021bitului P\u0103rinte Mitropolit Teofan. La \u0219edin\u021b\u0103 au participat \u00cenaltpreasfin\u021bitul P\u0103rinte Calinic, Arhiepiscopul Sucevei \u0219i R\u0103d\u0103u\u021bilor, \u00eempreun\u0103 cu ceilal\u021bi ierarhi ai Mitropoliei, printre care [&hellip;]<\/p>\n","protected":false},"author":1,"featured_media":0,"comment_status":"open","ping_status":"","sticky":false,"template":"","format":"standard","meta":{"footnotes":""},"categories":[89],"tags":[226,165],"class_list":["post-2076080","post","type-post","status-publish","format-standard","hentry","category-romania","tag-crawlmanager","tag-newsbucovina-ro"],"_links":{"self":[{"href":"https:\/\/analyse.optim.biz\/index.php?rest_route=\/wp\/v2\/posts\/2076080","targetHints":{"allow":["GET"]}}],"collection":[{"href":"https:\/\/analyse.optim.biz\/index.php?rest_route=\/wp\/v2\/posts"}],"about":[{"href":"https:\/\/analyse.optim.biz\/index.php?rest_route=\/wp\/v2\/types\/post"}],"author":[{"embeddable":true,"href":"https:\/\/analyse.optim.biz\/index.php?rest_route=\/wp\/v2\/users\/1"}],"replies":[{"embeddable":true,"href":"https:\/\/analyse.optim.biz\/index.php?rest_route=%2Fwp%2Fv2%2Fcomments&post=2076080"}],"version-history":[{"count":0,"href":"https:\/\/analyse.optim.biz\/index.php?rest_route=\/wp\/v2\/posts\/2076080\/revisions"}],"wp:attachment":[{"href":"https:\/\/analyse.optim.biz\/index.php?rest_route=%2Fwp%2Fv2%2Fmedia&parent=2076080"}],"wp:term":[{"taxonomy":"category","embeddable":true,"href":"https:\/\/analyse.optim.biz\/index.php?rest_route=%2Fwp%2Fv2%2Fcategories&post=2076080"},{"taxonomy":"post_tag","embeddable":true,"href":"https:\/\/analyse.optim.biz\/index.php?rest_route=%2Fwp%2Fv2%2Ftags&post=2076080"}],"curies":[{"name":"wp","href":"https:\/\/api.w.org\/{rel}","templated":true}]}}