{"id":2076078,"date":"2026-08-03T13:44:57","date_gmt":"2026-08-03T10:44:57","guid":{"rendered":"https:\/\/analyse.optim.biz\/?p=2076078"},"modified":"2026-08-03T13:44:57","modified_gmt":"2026-08-03T10:44:57","slug":"au-fost-lansate-procedurile-pentru-concursul-de-manager-al-spitalului-clinic-judetean-de-urgenta-suceava","status":"publish","type":"post","link":"https:\/\/analyse.optim.biz\/?p=2076078","title":{"rendered":"Au fost lansate procedurile pentru concursul de manager al Spitalului Clinic Jude\u021bean de Urgen\u021b\u0103 Suceava"},"content":{"rendered":"<p>[analyse_image type=&#8221;featured&#8221; src=&#8221;https:\/\/www.newsbucovina.ro\/wp-content\/uploads\/2025\/07\/spitalul-judetean.pnghttps:\/\/cdn.newsbucovina.ro\/wp-content\/uploads\/2025\/07\/spitalul-judetean.png&#8221;]<\/p>\n<div class=\"td-post-content tagdiv-type\">\n<div class=\"td-a-rec td-a-rec-id-content_top  tdi_3 td_block_template_1\"><strong>Intr\u0103 acum \u0219i \u00een grupul de <\/p>\n<div class=\"wp-block-button\"><a class=\"wp-block-button__link wp-element-button\" href=\"https:\/\/t.me\/+TH8wcfnp8fw5NWI0\">Telegram News Bucovina<\/a><\/div>\n<p><\/strong><\/div>\n<p class=\"wp-block-paragraph\">Consiliul Jude\u021bean Suceava a demarat procedurile pentru organizarea concursului destinat ocup\u0103rii func\u021biei de manager al Spitalului Clinic Jude\u021bean de Urgen\u021b\u0103 \u201eSf\u00e2ntul Ioan cel Nou\u201d Suceava.<\/p>\n<figure class=\"wp-block-image size-full\"><a href=\"https:\/\/cdn.newsbucovina.ro\/wp-content\/uploads\/2026\/07\/spitalul-judetean.jpg\"><img loading=\"lazy\" decoding=\"async\" width=\"960\" height=\"540\" src=\"https:\/\/cdn.newsbucovina.ro\/wp-content\/uploads\/2026\/07\/spitalul-judetean.jpg\" alt class=\"wp-image-445064\"><\/a><\/figure>\n<p class=\"wp-block-paragraph\">Postul este vacant din 24 martie 2025, data de la care a demisionat fostul manager, dr. Alexandru Calancea. Conducerea interimar\u0103 a unit\u0103\u021bii medicale este asigurat\u0103 \u00een prezent de Larisa Blanari.<\/p>\n<p class=\"wp-block-paragraph\">Vicepre\u0219edintele Consiliului Jude\u021bean Suceava, Nicolae Robu, a anun\u021bat c\u0103 au fost deja \u00eentocmite \u0219i transmise adrese c\u0103tre spitale publice \u0219i centre universitare, \u00een vederea constituirii comisiei de concurs. \u201eNu au fost primite r\u0103spunsurile la toate adresele de la cei solicita\u021bi\u201d, a precizat oficialul.<\/p>\n<p class=\"wp-block-paragraph\">Dup\u0103 formarea comisiei, concursul trebuie organizat \u00een termen de 50 de zile. Potrivit vicepre\u0219edintelui CJ Suceava, exist\u0103 \u0219anse ca examenul s\u0103 aib\u0103 loc la sf\u00e2r\u0219itul lunii septembrie sau \u00een cursul lunii octombrie.<\/p>\n<p class=\"wp-block-paragraph\">Postul de manager al Spitalului Clinic Jude\u021bean de Urgen\u021b\u0103 Suceava a fost vacantat \u00een luna martie 2025 dup\u0103 ce dr. Alexandru Calancea a renun\u021bat la func\u021bie.<\/p>\n<p class=\"wp-block-paragraph\">Unitatea medical\u0103 a fost apoi condus\u0103 interimar de dr. Mircea Jurchi\u0219 Irimie p\u00e2n\u0103 \u00een septembrie 2025, iar apoi func\u021bia de manager a fost ocupat\u0103 interimar de ec. Larisa Blanari.<\/p>\n<figure class=\"wp-block-embed is-type-video is-provider-youtube wp-block-embed-youtube wp-embed-aspect-16-9 wp-has-aspect-ratio\">\n<div class=\"wp-block-embed__wrapper\">\n<div class=\"youtube-embed\" data-video_id=\"H5LcMzGH100\"><iframe loading=\"lazy\" title=\"Cum transformi Bucuria-n...SC\u00c2RB\u0102? Te plimbi cu ma\u0219ina Prim\u0103riei ...f\u0103r\u0103 acte! POLI\u021aIA o cam scald\u0103!\" width=\"696\" height=\"392\" src=\"https:\/\/www.youtube.com\/embed\/H5LcMzGH100?feature=oembed&amp;enablejsapi=1\" frameborder allow=\"accelerometer; autoplay; clipboard-write; encrypted-media; gyroscope; picture-in-picture; web-share\" referrerpolicy=\"strict-origin-when-cross-origin\" allowfullscreen><\/iframe><\/div>\n<\/div>\n<\/figure>\n<div class=\"td-a-rec td-a-rec-id-content_bottom  tdi_4 td_block_template_1\"><strong>Intr\u0103 acum \u0219i \u00een grupul de <\/p>\n<div class=\"wp-block-button\"><a class=\"wp-block-button__link wp-element-button\" href=\"https:\/\/t.me\/+TH8wcfnp8fw5NWI0\">Telegram News Bucovina<\/a><\/div>\n<p><\/strong><\/div>\n<\/div>\n<div class=\"td-post-content tagdiv-type\">\n<div class=\"td-a-rec td-a-rec-id-content_top  tdi_3 td_block_template_1\"><strong>Intr\u0103 acum \u0219i \u00een grupul de <\/p>\n<div class=\"wp-block-button\"><a class=\"wp-block-button__link wp-element-button\" href=\"https:\/\/t.me\/+TH8wcfnp8fw5NWI0\">Telegram News Bucovina<\/a><\/div>\n<p><\/strong><\/div>\n<p class=\"wp-block-paragraph\">Consiliul Jude\u021bean Suceava a demarat procedurile pentru organizarea concursului destinat ocup\u0103rii func\u021biei de manager al Spitalului Clinic Jude\u021bean de Urgen\u021b\u0103 \u201eSf\u00e2ntul Ioan cel Nou\u201d Suceava.<\/p>\n<figure class=\"wp-block-image size-full\"><a href=\"https:\/\/cdn.newsbucovina.ro\/wp-content\/uploads\/2026\/07\/spitalul-judetean.jpg\"><img loading=\"lazy\" decoding=\"async\" width=\"960\" height=\"540\" src=\"https:\/\/cdn.newsbucovina.ro\/wp-content\/uploads\/2026\/07\/spitalul-judetean.jpg\" alt class=\"wp-image-445064\"><\/a><\/figure>\n<p class=\"wp-block-paragraph\">Postul este vacant din 24 martie 2025, data de la care a demisionat fostul manager, dr. Alexandru Calancea. Conducerea interimar\u0103 a unit\u0103\u021bii medicale este asigurat\u0103 \u00een prezent de Larisa Blanari.<\/p>\n<p class=\"wp-block-paragraph\">Vicepre\u0219edintele Consiliului Jude\u021bean Suceava, Nicolae Robu, a anun\u021bat c\u0103 au fost deja \u00eentocmite \u0219i transmise adrese c\u0103tre spitale publice \u0219i centre universitare, \u00een vederea constituirii comisiei de concurs. \u201eNu au fost primite r\u0103spunsurile la toate adresele de la cei solicita\u021bi\u201d, a precizat oficialul.<\/p>\n<p class=\"wp-block-paragraph\">Dup\u0103 formarea comisiei, concursul trebuie organizat \u00een termen de 50 de zile. Potrivit vicepre\u0219edintelui CJ Suceava, exist\u0103 \u0219anse ca examenul s\u0103 aib\u0103 loc la sf\u00e2r\u0219itul lunii septembrie sau \u00een cursul lunii octombrie.<\/p>\n<p class=\"wp-block-paragraph\">Postul de manager al Spitalului Clinic Jude\u021bean de Urgen\u021b\u0103 Suceava a fost vacantat \u00een luna martie 2025 dup\u0103 ce dr. Alexandru Calancea a renun\u021bat la func\u021bie.<\/p>\n<p class=\"wp-block-paragraph\">Unitatea medical\u0103 a fost apoi condus\u0103 interimar de dr. Mircea Jurchi\u0219 Irimie p\u00e2n\u0103 \u00een septembrie 2025, iar apoi func\u021bia de manager a fost ocupat\u0103 interimar de ec. Larisa Blanari.<\/p>\n<figure class=\"wp-block-embed is-type-video is-provider-youtube wp-block-embed-youtube wp-embed-aspect-16-9 wp-has-aspect-ratio\">\n<div class=\"wp-block-embed__wrapper\">\n<div class=\"youtube-embed\" data-video_id=\"H5LcMzGH100\"><iframe loading=\"lazy\" title=\"Cum transformi Bucuria-n...SC\u00c2RB\u0102? Te plimbi cu ma\u0219ina Prim\u0103riei ...f\u0103r\u0103 acte! POLI\u021aIA o cam scald\u0103!\" width=\"696\" height=\"392\" src=\"https:\/\/www.youtube.com\/embed\/H5LcMzGH100?feature=oembed&amp;enablejsapi=1\" frameborder allow=\"accelerometer; autoplay; clipboard-write; encrypted-media; gyroscope; picture-in-picture; web-share\" referrerpolicy=\"strict-origin-when-cross-origin\" allowfullscreen><\/iframe><\/div>\n<\/div>\n<\/figure>\n<div class=\"td-a-rec td-a-rec-id-content_bottom  tdi_4 td_block_template_1\"><strong>Intr\u0103 acum \u0219i \u00een grupul de <\/p>\n<div class=\"wp-block-button\"><a class=\"wp-block-button__link wp-element-button\" href=\"https:\/\/t.me\/+TH8wcfnp8fw5NWI0\">Telegram News Bucovina<\/a><\/div>\n<p><\/strong><\/div>\n<\/div>\n<p>[analyse_source url=&#8221;https:\/\/www.newsbucovina.ro\/actualitate\/445537\/au-fost-lansate-procedurile-pentru-concursul-de-manager-al-spitalului-clinic-judetean-de-urgenta-suceava&#8221;]<\/p>\n","protected":false},"excerpt":{"rendered":"<p>[analyse_image type=&#8221;featured&#8221; src=&#8221;https:\/\/www.newsbucovina.ro\/wp-content\/uploads\/2025\/07\/spitalul-judetean.pnghttps:\/\/cdn.newsbucovina.ro\/wp-content\/uploads\/2025\/07\/spitalul-judetean.png&#8221;] Intr\u0103 acum \u0219i \u00een grupul de Telegram News Bucovina Consiliul Jude\u021bean Suceava a demarat procedurile pentru organizarea concursului destinat ocup\u0103rii func\u021biei de manager al Spitalului Clinic Jude\u021bean de Urgen\u021b\u0103 \u201eSf\u00e2ntul Ioan cel Nou\u201d Suceava. Postul este vacant din 24 martie 2025, data de la care a demisionat fostul manager, dr. Alexandru Calancea. [&hellip;]<\/p>\n","protected":false},"author":1,"featured_media":0,"comment_status":"open","ping_status":"","sticky":false,"template":"","format":"standard","meta":{"footnotes":""},"categories":[89],"tags":[226,165],"class_list":["post-2076078","post","type-post","status-publish","format-standard","hentry","category-romania","tag-crawlmanager","tag-newsbucovina-ro"],"_links":{"self":[{"href":"https:\/\/analyse.optim.biz\/index.php?rest_route=\/wp\/v2\/posts\/2076078","targetHints":{"allow":["GET"]}}],"collection":[{"href":"https:\/\/analyse.optim.biz\/index.php?rest_route=\/wp\/v2\/posts"}],"about":[{"href":"https:\/\/analyse.optim.biz\/index.php?rest_route=\/wp\/v2\/types\/post"}],"author":[{"embeddable":true,"href":"https:\/\/analyse.optim.biz\/index.php?rest_route=\/wp\/v2\/users\/1"}],"replies":[{"embeddable":true,"href":"https:\/\/analyse.optim.biz\/index.php?rest_route=%2Fwp%2Fv2%2Fcomments&post=2076078"}],"version-history":[{"count":0,"href":"https:\/\/analyse.optim.biz\/index.php?rest_route=\/wp\/v2\/posts\/2076078\/revisions"}],"wp:attachment":[{"href":"https:\/\/analyse.optim.biz\/index.php?rest_route=%2Fwp%2Fv2%2Fmedia&parent=2076078"}],"wp:term":[{"taxonomy":"category","embeddable":true,"href":"https:\/\/analyse.optim.biz\/index.php?rest_route=%2Fwp%2Fv2%2Fcategories&post=2076078"},{"taxonomy":"post_tag","embeddable":true,"href":"https:\/\/analyse.optim.biz\/index.php?rest_route=%2Fwp%2Fv2%2Ftags&post=2076078"}],"curies":[{"name":"wp","href":"https:\/\/api.w.org\/{rel}","templated":true}]}}