{"id":2076076,"date":"2026-08-03T10:27:48","date_gmt":"2026-08-03T07:27:48","guid":{"rendered":"https:\/\/analyse.optim.biz\/?p=2076076"},"modified":"2026-08-03T10:27:48","modified_gmt":"2026-08-03T07:27:48","slug":"accident-de-motoscuter-intre-salcea-si-veresti-un-barbat-de-80-de-ani-in-stare-grava","status":"publish","type":"post","link":"https:\/\/analyse.optim.biz\/?p=2076076","title":{"rendered":"Accident de motoscuter \u00eentre Salcea \u0219i Vere\u0219ti: Un b\u0103rbat de 80 de ani, \u00een stare grav\u0103"},"content":{"rendered":"<p>[analyse_image type=&#8221;featured&#8221; src=&#8221;https:\/\/www.newsbucovina.ro\/wp-content\/uploads\/2026\/07\/ambulanta-smurd.jpeghttps:\/\/cdn.newsbucovina.ro\/wp-content\/uploads\/2026\/07\/ambulanta-smurd.jpeg&#8221;]<\/p>\n<div class=\"td-post-content tagdiv-type\">\n<div class=\"td-a-rec td-a-rec-id-content_top  tdi_3 td_block_template_1\"><strong>Intr\u0103 acum \u0219i \u00een grupul de <\/p>\n<div class=\"wp-block-button\"><a class=\"wp-block-button__link wp-element-button\" href=\"https:\/\/t.me\/+TH8wcfnp8fw5NWI0\">Telegram News Bucovina<\/a><\/div>\n<p><\/strong><\/div>\n<p class=\"wp-block-paragraph\">Un b\u0103rbat \u00een v\u00e2rst\u0103 de 80 de ani a fost r\u0103nit grav luni, \u00eentr-un accident de circula\u021bie produs pe drumul dintre localit\u0103\u021bile Salcea \u0219i Vere\u0219ti.<\/p>\n<p class=\"wp-block-paragraph\"> Conform informa\u021biilor furnizate de purt\u0103torul de cuv\u00e2nt al Serviciului de Ambulan\u021b\u0103 Jude\u021bean Suceava, dr. Dan Teodorovici, victima se afla pe un motoscuter \u0219i ar fi fost acro\u0219at\u0103 de un autovehicul mai mare.<\/p>\n<p class=\"wp-block-paragraph\">La fa\u021ba locului a intervenit un echipaj medical de tip C. <\/p>\n<p class=\"wp-block-paragraph\">Pacientul a fost g\u0103sit \u00een stare grav\u0103, politraumatizat \u0219i \u00een com\u0103.<\/p>\n<p class=\"wp-block-paragraph\"> Echipajul a acordat primul ajutor \u0219i a stabilizat starea victimei.Dup\u0103 interven\u021bia medical\u0103 de urgen\u021b\u0103, b\u0103rbatul a fost transportat la Unitatea de Primiri Urgen\u021be a Spitalului Jude\u021bean de Urgen\u021b\u0103 \u201eSf\u00e2ntul Ioan cel Nou\u201d Suceava.<\/p>\n<p class=\"wp-block-paragraph\">Cauzele exacte ale producerii accidentului \u0219i \u00eemprejur\u0103rile \u00een care a avut loc evenimentul sunt stabilite de poli\u021bi\u0219tii care efectueaz\u0103 cercet\u0103rile.<\/p>\n<figure class=\"wp-block-embed is-type-video is-provider-youtube wp-block-embed-youtube wp-embed-aspect-16-9 wp-has-aspect-ratio\">\n<div class=\"wp-block-embed__wrapper\">\n<div class=\"youtube-embed\" data-video_id=\"H5LcMzGH100\"><iframe loading=\"lazy\" title=\"Cum transformi Bucuria-n...SC\u00c2RB\u0102? Te plimbi cu ma\u0219ina Prim\u0103riei ...f\u0103r\u0103 acte! POLI\u021aIA o cam scald\u0103!\" width=\"696\" height=\"392\" src=\"https:\/\/www.youtube.com\/embed\/H5LcMzGH100?feature=oembed&amp;enablejsapi=1\" frameborder allow=\"accelerometer; autoplay; clipboard-write; encrypted-media; gyroscope; picture-in-picture; web-share\" referrerpolicy=\"strict-origin-when-cross-origin\" allowfullscreen><\/iframe><\/div>\n<\/div>\n<\/figure>\n<div class=\"td-a-rec td-a-rec-id-content_bottom  tdi_4 td_block_template_1\"><strong>Intr\u0103 acum \u0219i \u00een grupul de <\/p>\n<div class=\"wp-block-button\"><a class=\"wp-block-button__link wp-element-button\" href=\"https:\/\/t.me\/+TH8wcfnp8fw5NWI0\">Telegram News Bucovina<\/a><\/div>\n<p><\/strong><\/div>\n<\/div>\n<div class=\"td-post-content tagdiv-type\">\n<div class=\"td-a-rec td-a-rec-id-content_top  tdi_3 td_block_template_1\"><strong>Intr\u0103 acum \u0219i \u00een grupul de <\/p>\n<div class=\"wp-block-button\"><a class=\"wp-block-button__link wp-element-button\" href=\"https:\/\/t.me\/+TH8wcfnp8fw5NWI0\">Telegram News Bucovina<\/a><\/div>\n<p><\/strong><\/div>\n<p class=\"wp-block-paragraph\">Un b\u0103rbat \u00een v\u00e2rst\u0103 de 80 de ani a fost r\u0103nit grav luni, \u00eentr-un accident de circula\u021bie produs pe drumul dintre localit\u0103\u021bile Salcea \u0219i Vere\u0219ti.<\/p>\n<p class=\"wp-block-paragraph\"> Conform informa\u021biilor furnizate de purt\u0103torul de cuv\u00e2nt al Serviciului de Ambulan\u021b\u0103 Jude\u021bean Suceava, dr. Dan Teodorovici, victima se afla pe un motoscuter \u0219i ar fi fost acro\u0219at\u0103 de un autovehicul mai mare.<\/p>\n<p class=\"wp-block-paragraph\">La fa\u021ba locului a intervenit un echipaj medical de tip C. <\/p>\n<p class=\"wp-block-paragraph\">Pacientul a fost g\u0103sit \u00een stare grav\u0103, politraumatizat \u0219i \u00een com\u0103.<\/p>\n<p class=\"wp-block-paragraph\"> Echipajul a acordat primul ajutor \u0219i a stabilizat starea victimei.Dup\u0103 interven\u021bia medical\u0103 de urgen\u021b\u0103, b\u0103rbatul a fost transportat la Unitatea de Primiri Urgen\u021be a Spitalului Jude\u021bean de Urgen\u021b\u0103 \u201eSf\u00e2ntul Ioan cel Nou\u201d Suceava.<\/p>\n<p class=\"wp-block-paragraph\">Cauzele exacte ale producerii accidentului \u0219i \u00eemprejur\u0103rile \u00een care a avut loc evenimentul sunt stabilite de poli\u021bi\u0219tii care efectueaz\u0103 cercet\u0103rile.<\/p>\n<figure class=\"wp-block-embed is-type-video is-provider-youtube wp-block-embed-youtube wp-embed-aspect-16-9 wp-has-aspect-ratio\">\n<div class=\"wp-block-embed__wrapper\">\n<div class=\"youtube-embed\" data-video_id=\"H5LcMzGH100\"><iframe loading=\"lazy\" title=\"Cum transformi Bucuria-n...SC\u00c2RB\u0102? Te plimbi cu ma\u0219ina Prim\u0103riei ...f\u0103r\u0103 acte! POLI\u021aIA o cam scald\u0103!\" width=\"696\" height=\"392\" src=\"https:\/\/www.youtube.com\/embed\/H5LcMzGH100?feature=oembed&amp;enablejsapi=1\" frameborder allow=\"accelerometer; autoplay; clipboard-write; encrypted-media; gyroscope; picture-in-picture; web-share\" referrerpolicy=\"strict-origin-when-cross-origin\" allowfullscreen><\/iframe><\/div>\n<\/div>\n<\/figure>\n<div class=\"td-a-rec td-a-rec-id-content_bottom  tdi_4 td_block_template_1\"><strong>Intr\u0103 acum \u0219i \u00een grupul de <\/p>\n<div class=\"wp-block-button\"><a class=\"wp-block-button__link wp-element-button\" href=\"https:\/\/t.me\/+TH8wcfnp8fw5NWI0\">Telegram News Bucovina<\/a><\/div>\n<p><\/strong><\/div>\n<\/div>\n<p>[analyse_source url=&#8221;https:\/\/www.newsbucovina.ro\/actualitate\/445490\/accident-de-motoscuter-intre-salcea-si-veresti-un-barbat-de-80-de-ani-in-stare-grava&#8221;]<\/p>\n","protected":false},"excerpt":{"rendered":"<p>[analyse_image type=&#8221;featured&#8221; src=&#8221;https:\/\/www.newsbucovina.ro\/wp-content\/uploads\/2026\/07\/ambulanta-smurd.jpeghttps:\/\/cdn.newsbucovina.ro\/wp-content\/uploads\/2026\/07\/ambulanta-smurd.jpeg&#8221;] Intr\u0103 acum \u0219i \u00een grupul de Telegram News Bucovina Un b\u0103rbat \u00een v\u00e2rst\u0103 de 80 de ani a fost r\u0103nit grav luni, \u00eentr-un accident de circula\u021bie produs pe drumul dintre localit\u0103\u021bile Salcea \u0219i Vere\u0219ti. Conform informa\u021biilor furnizate de purt\u0103torul de cuv\u00e2nt al Serviciului de Ambulan\u021b\u0103 Jude\u021bean Suceava, dr. Dan Teodorovici, victima se [&hellip;]<\/p>\n","protected":false},"author":1,"featured_media":0,"comment_status":"open","ping_status":"","sticky":false,"template":"","format":"standard","meta":{"footnotes":""},"categories":[89],"tags":[226,165],"class_list":["post-2076076","post","type-post","status-publish","format-standard","hentry","category-romania","tag-crawlmanager","tag-newsbucovina-ro"],"_links":{"self":[{"href":"https:\/\/analyse.optim.biz\/index.php?rest_route=\/wp\/v2\/posts\/2076076","targetHints":{"allow":["GET"]}}],"collection":[{"href":"https:\/\/analyse.optim.biz\/index.php?rest_route=\/wp\/v2\/posts"}],"about":[{"href":"https:\/\/analyse.optim.biz\/index.php?rest_route=\/wp\/v2\/types\/post"}],"author":[{"embeddable":true,"href":"https:\/\/analyse.optim.biz\/index.php?rest_route=\/wp\/v2\/users\/1"}],"replies":[{"embeddable":true,"href":"https:\/\/analyse.optim.biz\/index.php?rest_route=%2Fwp%2Fv2%2Fcomments&post=2076076"}],"version-history":[{"count":0,"href":"https:\/\/analyse.optim.biz\/index.php?rest_route=\/wp\/v2\/posts\/2076076\/revisions"}],"wp:attachment":[{"href":"https:\/\/analyse.optim.biz\/index.php?rest_route=%2Fwp%2Fv2%2Fmedia&parent=2076076"}],"wp:term":[{"taxonomy":"category","embeddable":true,"href":"https:\/\/analyse.optim.biz\/index.php?rest_route=%2Fwp%2Fv2%2Fcategories&post=2076076"},{"taxonomy":"post_tag","embeddable":true,"href":"https:\/\/analyse.optim.biz\/index.php?rest_route=%2Fwp%2Fv2%2Ftags&post=2076076"}],"curies":[{"name":"wp","href":"https:\/\/api.w.org\/{rel}","templated":true}]}}