{"id":2076072,"date":"2026-08-03T12:10:00","date_gmt":"2026-08-03T09:10:00","guid":{"rendered":"https:\/\/analyse.optim.biz\/?p=2076072"},"modified":"2026-08-03T12:10:00","modified_gmt":"2026-08-03T09:10:00","slug":"in-incendiul-din-itcani-au-ars-garajul-anexa-si-37-de-panouri-fotovoltaice","status":"publish","type":"post","link":"https:\/\/analyse.optim.biz\/?p=2076072","title":{"rendered":"\u00cen incendiul din I\u021bcani au ars garajul, anexa \u0219i 37 de panouri fotovoltaice"},"content":{"rendered":"<p>[analyse_image type=&#8221;featured&#8221; src=&#8221;https:\/\/www.newsbucovina.ro\/wp-content\/uploads\/2026\/08\/WhatsApp-Image-2026-08-02-at-15.07.09.jpeghttps:\/\/cdn.newsbucovina.ro\/wp-content\/uploads\/2026\/08\/WhatsApp-Image-2026-08-02-at-15.07.09.jpeg&#8221;]<\/p>\n<div class=\"td-post-content tagdiv-type\">\n<div class=\"td-a-rec td-a-rec-id-content_top  tdi_3 td_block_template_1\"><strong>Intr\u0103 acum \u0219i \u00een grupul de <\/p>\n<div class=\"wp-block-button\"><a class=\"wp-block-button__link wp-element-button\" href=\"https:\/\/t.me\/+TH8wcfnp8fw5NWI0\">Telegram News Bucovina<\/a><\/div>\n<p><\/strong><\/div>\n<p class=\"wp-block-paragraph\">Un incendiu a izbucnit duminic\u0103, 2 august 2026, la anexa unei locuin\u021be situate pe strada Gheorghe Doja din cartierul I\u021bcani al municipiului Suceava, \u00een zona Centrofarm. Poli\u021bia a fost sesizat\u0103 prin 112 \u00een jurul orei 14:31.<\/p>\n<figure class=\"wp-block-image size-large\"><a href=\"https:\/\/cdn.newsbucovina.ro\/wp-content\/uploads\/2026\/08\/WhatsApp-Image-2026-08-02-at-15.07.09.jpeg\"><img loading=\"lazy\" decoding=\"async\" width=\"1024\" height=\"576\" src=\"https:\/\/cdn.newsbucovina.ro\/wp-content\/uploads\/2026\/08\/WhatsApp-Image-2026-08-02-at-15.07.09-1024x576.jpeg\" alt class=\"wp-image-445434\"><\/a><\/figure>\n<p class=\"wp-block-paragraph\">La fa\u021ba locului, poli\u021bi\u0219tii din cadrul Sec\u021biei de Poli\u021bie Burdujeni au identificat proprietara imobilului, o femeie de 68 de ani. Aceasta a declarat c\u0103 focul a pornit din camera tehnic\u0103 a locuin\u021bei, unde se afla centrala termic\u0103, \u0219i s-a extins la panourile solare \u0219i la bunurile depozitate \u00een anex\u0103.<\/p>\n<p class=\"wp-block-paragraph\">At\u00e2t proprietara, c\u00e2t \u0219i so\u021bul acesteia au primit \u00eengrijiri medicale la fa\u021ba locului dup\u0103 ce au inhalat de fum, \u00eens\u0103 au refuzat transportul la spital. Un echipaj al Inspectoratului pentru Situa\u021bii de Urgen\u021b\u0103 Suceava a intervenit, a localizat \u0219i a stins incendiul, care se manifesta cu flac\u0103r\u0103 deschis\u0103. Nu s-au \u00eenregistrat victime omene\u0219ti, ci doar pagube materiale.<\/p>\n<p class=\"wp-block-paragraph\">Potrivit pompierilor, sursa probabil\u0103 de aprindere a fost un scurtcircuit electric produs la un conductor defect sau suprasolicitat. \u00cen urma focului au ars garajul pe o suprafa\u021b\u0103 de aproximativ 70 de metri p\u0103tra\u021bi, anexa de circa 50 de metri p\u0103tra\u021bi acoperit\u0103 cu tabl\u0103, aproximativ 40 de metri p\u0103tra\u021bi din acoperi\u0219ul buc\u0103t\u0103riei, 37 de panouri fotovoltaice, un invertor, o baterie de 12 kW, un motor auto, o remorc\u0103 \u0219i alte materiale combustibile.<\/p>\n<p class=\"wp-block-paragraph\">Poli\u021bi\u0219tii au \u00eentocmit dosar penal sub aspectul s\u0103v\u00e2r\u0219irii infrac\u021biunii de distrugere din culp\u0103.<\/p>\n<figure class=\"wp-block-embed is-type-video is-provider-youtube wp-block-embed-youtube wp-embed-aspect-16-9 wp-has-aspect-ratio\">\n<div class=\"wp-block-embed__wrapper\">\n<div class=\"youtube-embed\" data-video_id=\"H5LcMzGH100\"><iframe loading=\"lazy\" title=\"Cum transformi Bucuria-n...SC\u00c2RB\u0102? Te plimbi cu ma\u0219ina Prim\u0103riei ...f\u0103r\u0103 acte! POLI\u021aIA o cam scald\u0103!\" width=\"696\" height=\"392\" src=\"https:\/\/www.youtube.com\/embed\/H5LcMzGH100?feature=oembed&amp;enablejsapi=1\" frameborder allow=\"accelerometer; autoplay; clipboard-write; encrypted-media; gyroscope; picture-in-picture; web-share\" referrerpolicy=\"strict-origin-when-cross-origin\" allowfullscreen><\/iframe><\/div>\n<\/div>\n<\/figure>\n<div class=\"td-a-rec td-a-rec-id-content_bottom  tdi_4 td_block_template_1\"><strong>Intr\u0103 acum \u0219i \u00een grupul de <\/p>\n<div class=\"wp-block-button\"><a class=\"wp-block-button__link wp-element-button\" href=\"https:\/\/t.me\/+TH8wcfnp8fw5NWI0\">Telegram News Bucovina<\/a><\/div>\n<p><\/strong><\/div>\n<\/div>\n<div class=\"td-post-content tagdiv-type\">\n<div class=\"td-a-rec td-a-rec-id-content_top  tdi_3 td_block_template_1\"><strong>Intr\u0103 acum \u0219i \u00een grupul de <\/p>\n<div class=\"wp-block-button\"><a class=\"wp-block-button__link wp-element-button\" href=\"https:\/\/t.me\/+TH8wcfnp8fw5NWI0\">Telegram News Bucovina<\/a><\/div>\n<p><\/strong><\/div>\n<p class=\"wp-block-paragraph\">Un incendiu a izbucnit duminic\u0103, 2 august 2026, la anexa unei locuin\u021be situate pe strada Gheorghe Doja din cartierul I\u021bcani al municipiului Suceava, \u00een zona Centrofarm. Poli\u021bia a fost sesizat\u0103 prin 112 \u00een jurul orei 14:31.<\/p>\n<figure class=\"wp-block-image size-large\"><a href=\"https:\/\/cdn.newsbucovina.ro\/wp-content\/uploads\/2026\/08\/WhatsApp-Image-2026-08-02-at-15.07.09.jpeg\"><img loading=\"lazy\" decoding=\"async\" width=\"1024\" height=\"576\" src=\"https:\/\/cdn.newsbucovina.ro\/wp-content\/uploads\/2026\/08\/WhatsApp-Image-2026-08-02-at-15.07.09-1024x576.jpeg\" alt class=\"wp-image-445434\"><\/a><\/figure>\n<p class=\"wp-block-paragraph\">La fa\u021ba locului, poli\u021bi\u0219tii din cadrul Sec\u021biei de Poli\u021bie Burdujeni au identificat proprietara imobilului, o femeie de 68 de ani. Aceasta a declarat c\u0103 focul a pornit din camera tehnic\u0103 a locuin\u021bei, unde se afla centrala termic\u0103, \u0219i s-a extins la panourile solare \u0219i la bunurile depozitate \u00een anex\u0103.<\/p>\n<p class=\"wp-block-paragraph\">At\u00e2t proprietara, c\u00e2t \u0219i so\u021bul acesteia au primit \u00eengrijiri medicale la fa\u021ba locului dup\u0103 ce au inhalat de fum, \u00eens\u0103 au refuzat transportul la spital. Un echipaj al Inspectoratului pentru Situa\u021bii de Urgen\u021b\u0103 Suceava a intervenit, a localizat \u0219i a stins incendiul, care se manifesta cu flac\u0103r\u0103 deschis\u0103. Nu s-au \u00eenregistrat victime omene\u0219ti, ci doar pagube materiale.<\/p>\n<p class=\"wp-block-paragraph\">Potrivit pompierilor, sursa probabil\u0103 de aprindere a fost un scurtcircuit electric produs la un conductor defect sau suprasolicitat. \u00cen urma focului au ars garajul pe o suprafa\u021b\u0103 de aproximativ 70 de metri p\u0103tra\u021bi, anexa de circa 50 de metri p\u0103tra\u021bi acoperit\u0103 cu tabl\u0103, aproximativ 40 de metri p\u0103tra\u021bi din acoperi\u0219ul buc\u0103t\u0103riei, 37 de panouri fotovoltaice, un invertor, o baterie de 12 kW, un motor auto, o remorc\u0103 \u0219i alte materiale combustibile.<\/p>\n<p class=\"wp-block-paragraph\">Poli\u021bi\u0219tii au \u00eentocmit dosar penal sub aspectul s\u0103v\u00e2r\u0219irii infrac\u021biunii de distrugere din culp\u0103.<\/p>\n<figure class=\"wp-block-embed is-type-video is-provider-youtube wp-block-embed-youtube wp-embed-aspect-16-9 wp-has-aspect-ratio\">\n<div class=\"wp-block-embed__wrapper\">\n<div class=\"youtube-embed\" data-video_id=\"H5LcMzGH100\"><iframe loading=\"lazy\" title=\"Cum transformi Bucuria-n...SC\u00c2RB\u0102? Te plimbi cu ma\u0219ina Prim\u0103riei ...f\u0103r\u0103 acte! POLI\u021aIA o cam scald\u0103!\" width=\"696\" height=\"392\" src=\"https:\/\/www.youtube.com\/embed\/H5LcMzGH100?feature=oembed&amp;enablejsapi=1\" frameborder allow=\"accelerometer; autoplay; clipboard-write; encrypted-media; gyroscope; picture-in-picture; web-share\" referrerpolicy=\"strict-origin-when-cross-origin\" allowfullscreen><\/iframe><\/div>\n<\/div>\n<\/figure>\n<div class=\"td-a-rec td-a-rec-id-content_bottom  tdi_4 td_block_template_1\"><strong>Intr\u0103 acum \u0219i \u00een grupul de <\/p>\n<div class=\"wp-block-button\"><a class=\"wp-block-button__link wp-element-button\" href=\"https:\/\/t.me\/+TH8wcfnp8fw5NWI0\">Telegram News Bucovina<\/a><\/div>\n<p><\/strong><\/div>\n<\/div>\n<p>[analyse_source url=&#8221;https:\/\/www.newsbucovina.ro\/social\/445520\/in-incendiul-din-itcani-au-ars-garajul-anexa-si-37-de-panouri-fotovoltaice&#8221;]<\/p>\n","protected":false},"excerpt":{"rendered":"<p>[analyse_image type=&#8221;featured&#8221; src=&#8221;https:\/\/www.newsbucovina.ro\/wp-content\/uploads\/2026\/08\/WhatsApp-Image-2026-08-02-at-15.07.09.jpeghttps:\/\/cdn.newsbucovina.ro\/wp-content\/uploads\/2026\/08\/WhatsApp-Image-2026-08-02-at-15.07.09.jpeg&#8221;] Intr\u0103 acum \u0219i \u00een grupul de Telegram News Bucovina Un incendiu a izbucnit duminic\u0103, 2 august 2026, la anexa unei locuin\u021be situate pe strada Gheorghe Doja din cartierul I\u021bcani al municipiului Suceava, \u00een zona Centrofarm. Poli\u021bia a fost sesizat\u0103 prin 112 \u00een jurul orei 14:31. La fa\u021ba locului, poli\u021bi\u0219tii din cadrul Sec\u021biei [&hellip;]<\/p>\n","protected":false},"author":1,"featured_media":0,"comment_status":"open","ping_status":"","sticky":false,"template":"","format":"standard","meta":{"footnotes":""},"categories":[89],"tags":[226,165],"class_list":["post-2076072","post","type-post","status-publish","format-standard","hentry","category-romania","tag-crawlmanager","tag-newsbucovina-ro"],"_links":{"self":[{"href":"https:\/\/analyse.optim.biz\/index.php?rest_route=\/wp\/v2\/posts\/2076072","targetHints":{"allow":["GET"]}}],"collection":[{"href":"https:\/\/analyse.optim.biz\/index.php?rest_route=\/wp\/v2\/posts"}],"about":[{"href":"https:\/\/analyse.optim.biz\/index.php?rest_route=\/wp\/v2\/types\/post"}],"author":[{"embeddable":true,"href":"https:\/\/analyse.optim.biz\/index.php?rest_route=\/wp\/v2\/users\/1"}],"replies":[{"embeddable":true,"href":"https:\/\/analyse.optim.biz\/index.php?rest_route=%2Fwp%2Fv2%2Fcomments&post=2076072"}],"version-history":[{"count":0,"href":"https:\/\/analyse.optim.biz\/index.php?rest_route=\/wp\/v2\/posts\/2076072\/revisions"}],"wp:attachment":[{"href":"https:\/\/analyse.optim.biz\/index.php?rest_route=%2Fwp%2Fv2%2Fmedia&parent=2076072"}],"wp:term":[{"taxonomy":"category","embeddable":true,"href":"https:\/\/analyse.optim.biz\/index.php?rest_route=%2Fwp%2Fv2%2Fcategories&post=2076072"},{"taxonomy":"post_tag","embeddable":true,"href":"https:\/\/analyse.optim.biz\/index.php?rest_route=%2Fwp%2Fv2%2Ftags&post=2076072"}],"curies":[{"name":"wp","href":"https:\/\/api.w.org\/{rel}","templated":true}]}}