{"id":2076068,"date":"2026-08-03T11:43:08","date_gmt":"2026-08-03T08:43:08","guid":{"rendered":"https:\/\/analyse.optim.biz\/?p=2076068"},"modified":"2026-08-03T11:43:08","modified_gmt":"2026-08-03T08:43:08","slug":"un-autoturism-bmw-a-luat-foc-pe-strada-putna-din-burdujeni-la-scurt-timp-dupa-ce-i-au-fost-efectuate-lucrari-la-alternator","status":"publish","type":"post","link":"https:\/\/analyse.optim.biz\/?p=2076068","title":{"rendered":"Un autoturism BMW a luat foc pe strada Putna din Burdujeni la scurt timp dup\u0103 ce i-au fost efectuate lucr\u0103ri la alternator"},"content":{"rendered":"<p>[analyse_image type=&#8221;featured&#8221; src=&#8221;https:\/\/www.newsbucovina.ro\/wp-content\/uploads\/2023\/10\/pompier-incendiu-auto-3.jpghttps:\/\/cdn.newsbucovina.ro\/wp-content\/uploads\/2023\/10\/pompier-incendiu-auto-3.jpg&#8221;]<\/p>\n<div class=\"td-post-content tagdiv-type\">\n<div class=\"td-a-rec td-a-rec-id-content_top  tdi_3 td_block_template_1\"><strong>Intr\u0103 acum \u0219i \u00een grupul de <\/p>\n<div class=\"wp-block-button\"><a class=\"wp-block-button__link wp-element-button\" href=\"https:\/\/t.me\/+TH8wcfnp8fw5NWI0\">Telegram News Bucovina<\/a><\/div>\n<p><\/strong><\/div>\n<p class=\"wp-block-paragraph\">Un autoturism marca BMW a luat foc duminic\u0103, 2 august 2026, pe strada Putna din cartierul Burdujeni al municipiului Suceava. Poli\u021bia a fost sesizat\u0103 prin 112 \u00een jurul orei 15:37.<\/p>\n<figure class=\"wp-block-image size-full\"><a href=\"https:\/\/cdn.newsbucovina.ro\/wp-content\/uploads\/2020\/10\/autoturism-incendiu-3.jpeg\"><img loading=\"lazy\" decoding=\"async\" width=\"1024\" height=\"622\" src=\"https:\/\/cdn.newsbucovina.ro\/wp-content\/uploads\/2020\/10\/autoturism-incendiu-3.jpeg.webp\" alt class=\"wp-image-300692\"><\/a><figcaption class=\"wp-element-caption\">Foto ilustrativ<\/figcaption><\/figure>\n<p class=\"wp-block-paragraph\">Potrivit cercet\u0103rilor, proprietara ma\u0219inii, o femeie de 33 de ani din municipiul Suceava, \u00ee\u0219i ridicase autoturismul de la un service pe 31 iulie 2026, dup\u0103 ce mecanicii efectuaser\u0103 lucr\u0103ri la alternator. \u00cen intervalul 31 iulie \u2013 2 august, femeia a utilizat normal vehiculul.<\/p>\n<p class=\"wp-block-paragraph\">Duminic\u0103, \u00een jurul orei 15:30, aceasta a parcat BMW-ul pe strada Putna. Dup\u0103 aproximativ cinci minute a auzit \u021bipete pe strad\u0103 \u0219i a observat c\u0103 de sub capot\u0103 ie\u0219ea fum, provenind de la un incendiu izbucnit \u00een zona alternatorului.<\/p>\n<p class=\"wp-block-paragraph\">Poli\u021bi\u0219tii din cadrul Poli\u021biei Municipiului Suceava au \u00eentocmit dosar penal sub aspectul s\u0103v\u00e2r\u0219irii infrac\u021biunii de distrugere din culp\u0103. Cercet\u0103rile continu\u0103 pentru stabilirea exact\u0103 a cauzelor care au dus la izbucnirea focului.<\/p>\n<figure class=\"wp-block-embed is-type-video is-provider-youtube wp-block-embed-youtube wp-embed-aspect-16-9 wp-has-aspect-ratio\">\n<div class=\"wp-block-embed__wrapper\">\n<div class=\"youtube-embed\" data-video_id=\"H5LcMzGH100\"><iframe loading=\"lazy\" title=\"Cum transformi Bucuria-n...SC\u00c2RB\u0102? Te plimbi cu ma\u0219ina Prim\u0103riei ...f\u0103r\u0103 acte! POLI\u021aIA o cam scald\u0103!\" width=\"696\" height=\"392\" src=\"https:\/\/www.youtube.com\/embed\/H5LcMzGH100?feature=oembed&amp;enablejsapi=1\" frameborder allow=\"accelerometer; autoplay; clipboard-write; encrypted-media; gyroscope; picture-in-picture; web-share\" referrerpolicy=\"strict-origin-when-cross-origin\" allowfullscreen><\/iframe><\/div>\n<\/div>\n<\/figure>\n<div class=\"td-a-rec td-a-rec-id-content_bottom  tdi_4 td_block_template_1\"><strong>Intr\u0103 acum \u0219i \u00een grupul de <\/p>\n<div class=\"wp-block-button\"><a class=\"wp-block-button__link wp-element-button\" href=\"https:\/\/t.me\/+TH8wcfnp8fw5NWI0\">Telegram News Bucovina<\/a><\/div>\n<p><\/strong><\/div>\n<\/div>\n<div class=\"td-post-content tagdiv-type\">\n<div class=\"td-a-rec td-a-rec-id-content_top  tdi_3 td_block_template_1\"><strong>Intr\u0103 acum \u0219i \u00een grupul de <\/p>\n<div class=\"wp-block-button\"><a class=\"wp-block-button__link wp-element-button\" href=\"https:\/\/t.me\/+TH8wcfnp8fw5NWI0\">Telegram News Bucovina<\/a><\/div>\n<p><\/strong><\/div>\n<p class=\"wp-block-paragraph\">Un autoturism marca BMW a luat foc duminic\u0103, 2 august 2026, pe strada Putna din cartierul Burdujeni al municipiului Suceava. Poli\u021bia a fost sesizat\u0103 prin 112 \u00een jurul orei 15:37.<\/p>\n<figure class=\"wp-block-image size-full\"><a href=\"https:\/\/cdn.newsbucovina.ro\/wp-content\/uploads\/2020\/10\/autoturism-incendiu-3.jpeg\"><img loading=\"lazy\" decoding=\"async\" width=\"1024\" height=\"622\" src=\"https:\/\/cdn.newsbucovina.ro\/wp-content\/uploads\/2020\/10\/autoturism-incendiu-3.jpeg.webp\" alt class=\"wp-image-300692\"><\/a><figcaption class=\"wp-element-caption\">Foto ilustrativ<\/figcaption><\/figure>\n<p class=\"wp-block-paragraph\">Potrivit cercet\u0103rilor, proprietara ma\u0219inii, o femeie de 33 de ani din municipiul Suceava, \u00ee\u0219i ridicase autoturismul de la un service pe 31 iulie 2026, dup\u0103 ce mecanicii efectuaser\u0103 lucr\u0103ri la alternator. \u00cen intervalul 31 iulie \u2013 2 august, femeia a utilizat normal vehiculul.<\/p>\n<p class=\"wp-block-paragraph\">Duminic\u0103, \u00een jurul orei 15:30, aceasta a parcat BMW-ul pe strada Putna. Dup\u0103 aproximativ cinci minute a auzit \u021bipete pe strad\u0103 \u0219i a observat c\u0103 de sub capot\u0103 ie\u0219ea fum, provenind de la un incendiu izbucnit \u00een zona alternatorului.<\/p>\n<p class=\"wp-block-paragraph\">Poli\u021bi\u0219tii din cadrul Poli\u021biei Municipiului Suceava au \u00eentocmit dosar penal sub aspectul s\u0103v\u00e2r\u0219irii infrac\u021biunii de distrugere din culp\u0103. Cercet\u0103rile continu\u0103 pentru stabilirea exact\u0103 a cauzelor care au dus la izbucnirea focului.<\/p>\n<figure class=\"wp-block-embed is-type-video is-provider-youtube wp-block-embed-youtube wp-embed-aspect-16-9 wp-has-aspect-ratio\">\n<div class=\"wp-block-embed__wrapper\">\n<div class=\"youtube-embed\" data-video_id=\"H5LcMzGH100\"><iframe loading=\"lazy\" title=\"Cum transformi Bucuria-n...SC\u00c2RB\u0102? Te plimbi cu ma\u0219ina Prim\u0103riei ...f\u0103r\u0103 acte! POLI\u021aIA o cam scald\u0103!\" width=\"696\" height=\"392\" src=\"https:\/\/www.youtube.com\/embed\/H5LcMzGH100?feature=oembed&amp;enablejsapi=1\" frameborder allow=\"accelerometer; autoplay; clipboard-write; encrypted-media; gyroscope; picture-in-picture; web-share\" referrerpolicy=\"strict-origin-when-cross-origin\" allowfullscreen><\/iframe><\/div>\n<\/div>\n<\/figure>\n<div class=\"td-a-rec td-a-rec-id-content_bottom  tdi_4 td_block_template_1\"><strong>Intr\u0103 acum \u0219i \u00een grupul de <\/p>\n<div class=\"wp-block-button\"><a class=\"wp-block-button__link wp-element-button\" href=\"https:\/\/t.me\/+TH8wcfnp8fw5NWI0\">Telegram News Bucovina<\/a><\/div>\n<p><\/strong><\/div>\n<\/div>\n<p>[analyse_source url=&#8221;https:\/\/www.newsbucovina.ro\/social\/445510\/un-autoturism-bmw-a-luat-foc-pe-strada-putna-din-burdujeni-la-scurt-timp-dupa-ce-i-au-fost-efectuate-lucrari-la-alternator&#8221;]<\/p>\n","protected":false},"excerpt":{"rendered":"<p>[analyse_image type=&#8221;featured&#8221; src=&#8221;https:\/\/www.newsbucovina.ro\/wp-content\/uploads\/2023\/10\/pompier-incendiu-auto-3.jpghttps:\/\/cdn.newsbucovina.ro\/wp-content\/uploads\/2023\/10\/pompier-incendiu-auto-3.jpg&#8221;] Intr\u0103 acum \u0219i \u00een grupul de Telegram News Bucovina Un autoturism marca BMW a luat foc duminic\u0103, 2 august 2026, pe strada Putna din cartierul Burdujeni al municipiului Suceava. Poli\u021bia a fost sesizat\u0103 prin 112 \u00een jurul orei 15:37. Foto ilustrativ Potrivit cercet\u0103rilor, proprietara ma\u0219inii, o femeie de 33 de ani din [&hellip;]<\/p>\n","protected":false},"author":1,"featured_media":0,"comment_status":"open","ping_status":"","sticky":false,"template":"","format":"standard","meta":{"footnotes":""},"categories":[89],"tags":[226,165],"class_list":["post-2076068","post","type-post","status-publish","format-standard","hentry","category-romania","tag-crawlmanager","tag-newsbucovina-ro"],"_links":{"self":[{"href":"https:\/\/analyse.optim.biz\/index.php?rest_route=\/wp\/v2\/posts\/2076068","targetHints":{"allow":["GET"]}}],"collection":[{"href":"https:\/\/analyse.optim.biz\/index.php?rest_route=\/wp\/v2\/posts"}],"about":[{"href":"https:\/\/analyse.optim.biz\/index.php?rest_route=\/wp\/v2\/types\/post"}],"author":[{"embeddable":true,"href":"https:\/\/analyse.optim.biz\/index.php?rest_route=\/wp\/v2\/users\/1"}],"replies":[{"embeddable":true,"href":"https:\/\/analyse.optim.biz\/index.php?rest_route=%2Fwp%2Fv2%2Fcomments&post=2076068"}],"version-history":[{"count":0,"href":"https:\/\/analyse.optim.biz\/index.php?rest_route=\/wp\/v2\/posts\/2076068\/revisions"}],"wp:attachment":[{"href":"https:\/\/analyse.optim.biz\/index.php?rest_route=%2Fwp%2Fv2%2Fmedia&parent=2076068"}],"wp:term":[{"taxonomy":"category","embeddable":true,"href":"https:\/\/analyse.optim.biz\/index.php?rest_route=%2Fwp%2Fv2%2Fcategories&post=2076068"},{"taxonomy":"post_tag","embeddable":true,"href":"https:\/\/analyse.optim.biz\/index.php?rest_route=%2Fwp%2Fv2%2Ftags&post=2076068"}],"curies":[{"name":"wp","href":"https:\/\/api.w.org\/{rel}","templated":true}]}}