{"id":2076066,"date":"2026-08-03T11:28:28","date_gmt":"2026-08-03T08:28:28","guid":{"rendered":"https:\/\/analyse.optim.biz\/?p=2076066"},"modified":"2026-08-03T11:28:28","modified_gmt":"2026-08-03T08:28:28","slug":"barbat-retinut-la-vatra-dornei-dupa-ce-a-fost-prins-la-volanul-unui-mercedes-cu-numere-false-si-permis-suspendat","status":"publish","type":"post","link":"https:\/\/analyse.optim.biz\/?p=2076066","title":{"rendered":"B\u0103rbat re\u021binut la Vatra Dornei dup\u0103 ce a fost prins la volanul unui Mercedes cu numere false \u0219i permis suspendat"},"content":{"rendered":"<p>[analyse_image type=&#8221;featured&#8221; src=&#8221;https:\/\/www.newsbucovina.ro\/wp-content\/uploads\/2024\/06\/politia-1.jpghttps:\/\/cdn.newsbucovina.ro\/wp-content\/uploads\/2024\/06\/politia-1.jpg&#8221;]<\/p>\n<div class=\"td-post-content tagdiv-type\">\n<div class=\"td-a-rec td-a-rec-id-content_top  tdi_3 td_block_template_1\"><strong>Intr\u0103 acum \u0219i \u00een grupul de <\/p>\n<div class=\"wp-block-button\"><a class=\"wp-block-button__link wp-element-button\" href=\"https:\/\/t.me\/+TH8wcfnp8fw5NWI0\">Telegram News Bucovina<\/a><\/div>\n<p><\/strong><\/div>\n<p class=\"wp-block-paragraph\">Un b\u0103rbat din jude\u021bul Bistri\u021ba-N\u0103s\u0103ud a fost re\u021binut pentru 24 de ore, duminic\u0103, 2 august 2026, dup\u0103 ce poli\u021bi\u0219tii din Vatra Dornei l-au depistat la volanul unui autoturism Mercedes Benz cu probleme de \u00eenmatriculare \u0219i cu permisul de conducere suspendat.<\/p>\n<div class=\"wp-block-image\">\n<figure class=\"aligncenter size-full\"><a href=\"https:\/\/cdn.newsbucovina.ro\/wp-content\/uploads\/2024\/06\/politia-1.jpg\"><img loading=\"lazy\" decoding=\"async\" width=\"650\" height=\"413\" src=\"https:\/\/cdn.newsbucovina.ro\/wp-content\/uploads\/2024\/06\/politia-1.jpg\" alt class=\"wp-image-388613\"><\/a><\/figure>\n<\/div>\n<p class=\"wp-block-paragraph\">\u00cen jurul orei 10:05, un echipaj al Poli\u021biei municipiului Vatra Dornei \u2013 Biroul de Ordine Public\u0103, aflat \u00een activit\u0103\u021bi de control trafic pe strada Argestru din municipiu, a oprit pentru verificare autoturismul marca Mercedes Benz. Conduc\u0103torul auto a declarat verbal c\u0103 de\u021bine permis de conducere, \u00eens\u0103 verific\u0103rile \u00een bazele de date au confirmat c\u0103 acesta este suspendat.<\/p>\n<p class=\"wp-block-paragraph\">Din cercet\u0103rile efectuate a rezultat c\u0103 autoturismul, a c\u0103rui serie de \u0219asiu a fost identificat\u0103 la examinare, a fost \u00eenmatriculat \u00een Germania \u0219i radiat din circula\u021bie la data de 30 august 2024. Numerele de \u00eenmatriculare aplicate pe vehicul, provenind din Bulgaria, erau atribuite unui alt autovehicul.<\/p>\n<p class=\"wp-block-paragraph\">Poli\u021bi\u0219tii din cadrul Compartimentului Rutier Vatra Dornei au \u00eentocmit dosar de cercetare penal\u0103 sub aspectul s\u0103v\u00e2r\u0219irii infrac\u021biunilor de conducere a unui vehicul av\u00e2nd permisul de conducere suspendat, conducere pe drumurile publice a unui vehicul ne\u00eenmatriculat \u0219i conducere pe drumurile publice a unui autovehicul cu num\u0103r fals de \u00eenmatriculare. \u00cen urma probatoriului administrat, organele de cercetare penal\u0103 au dispus re\u021binerea b\u0103rbatului pentru 24 de ore, acesta urm\u00e2nd s\u0103 fie introdus \u00een Centrul de Re\u021binere \u0219i Arest Preventiv al Inspectoratului de Poli\u021bie Jude\u021bean Suceava.<\/p>\n<figure class=\"wp-block-embed is-type-video is-provider-youtube wp-block-embed-youtube wp-embed-aspect-16-9 wp-has-aspect-ratio\">\n<div class=\"wp-block-embed__wrapper\">\n<div class=\"youtube-embed\" data-video_id=\"H5LcMzGH100\"><iframe loading=\"lazy\" title=\"Cum transformi Bucuria-n...SC\u00c2RB\u0102? Te plimbi cu ma\u0219ina Prim\u0103riei ...f\u0103r\u0103 acte! POLI\u021aIA o cam scald\u0103!\" width=\"696\" height=\"392\" src=\"https:\/\/www.youtube.com\/embed\/H5LcMzGH100?feature=oembed&amp;enablejsapi=1\" frameborder allow=\"accelerometer; autoplay; clipboard-write; encrypted-media; gyroscope; picture-in-picture; web-share\" referrerpolicy=\"strict-origin-when-cross-origin\" allowfullscreen><\/iframe><\/div>\n<\/div>\n<\/figure>\n<div class=\"td-a-rec td-a-rec-id-content_bottom  tdi_4 td_block_template_1\"><strong>Intr\u0103 acum \u0219i \u00een grupul de <\/p>\n<div class=\"wp-block-button\"><a class=\"wp-block-button__link wp-element-button\" href=\"https:\/\/t.me\/+TH8wcfnp8fw5NWI0\">Telegram News Bucovina<\/a><\/div>\n<p><\/strong><\/div>\n<\/div>\n<div class=\"td-post-content tagdiv-type\">\n<div class=\"td-a-rec td-a-rec-id-content_top  tdi_3 td_block_template_1\"><strong>Intr\u0103 acum \u0219i \u00een grupul de <\/p>\n<div class=\"wp-block-button\"><a class=\"wp-block-button__link wp-element-button\" href=\"https:\/\/t.me\/+TH8wcfnp8fw5NWI0\">Telegram News Bucovina<\/a><\/div>\n<p><\/strong><\/div>\n<p class=\"wp-block-paragraph\">Un b\u0103rbat din jude\u021bul Bistri\u021ba-N\u0103s\u0103ud a fost re\u021binut pentru 24 de ore, duminic\u0103, 2 august 2026, dup\u0103 ce poli\u021bi\u0219tii din Vatra Dornei l-au depistat la volanul unui autoturism Mercedes Benz cu probleme de \u00eenmatriculare \u0219i cu permisul de conducere suspendat.<\/p>\n<div class=\"wp-block-image\">\n<figure class=\"aligncenter size-full\"><a href=\"https:\/\/cdn.newsbucovina.ro\/wp-content\/uploads\/2024\/06\/politia-1.jpg\"><img loading=\"lazy\" decoding=\"async\" width=\"650\" height=\"413\" src=\"https:\/\/cdn.newsbucovina.ro\/wp-content\/uploads\/2024\/06\/politia-1.jpg\" alt class=\"wp-image-388613\"><\/a><\/figure>\n<\/div>\n<p class=\"wp-block-paragraph\">\u00cen jurul orei 10:05, un echipaj al Poli\u021biei municipiului Vatra Dornei \u2013 Biroul de Ordine Public\u0103, aflat \u00een activit\u0103\u021bi de control trafic pe strada Argestru din municipiu, a oprit pentru verificare autoturismul marca Mercedes Benz. Conduc\u0103torul auto a declarat verbal c\u0103 de\u021bine permis de conducere, \u00eens\u0103 verific\u0103rile \u00een bazele de date au confirmat c\u0103 acesta este suspendat.<\/p>\n<p class=\"wp-block-paragraph\">Din cercet\u0103rile efectuate a rezultat c\u0103 autoturismul, a c\u0103rui serie de \u0219asiu a fost identificat\u0103 la examinare, a fost \u00eenmatriculat \u00een Germania \u0219i radiat din circula\u021bie la data de 30 august 2024. Numerele de \u00eenmatriculare aplicate pe vehicul, provenind din Bulgaria, erau atribuite unui alt autovehicul.<\/p>\n<p class=\"wp-block-paragraph\">Poli\u021bi\u0219tii din cadrul Compartimentului Rutier Vatra Dornei au \u00eentocmit dosar de cercetare penal\u0103 sub aspectul s\u0103v\u00e2r\u0219irii infrac\u021biunilor de conducere a unui vehicul av\u00e2nd permisul de conducere suspendat, conducere pe drumurile publice a unui vehicul ne\u00eenmatriculat \u0219i conducere pe drumurile publice a unui autovehicul cu num\u0103r fals de \u00eenmatriculare. \u00cen urma probatoriului administrat, organele de cercetare penal\u0103 au dispus re\u021binerea b\u0103rbatului pentru 24 de ore, acesta urm\u00e2nd s\u0103 fie introdus \u00een Centrul de Re\u021binere \u0219i Arest Preventiv al Inspectoratului de Poli\u021bie Jude\u021bean Suceava.<\/p>\n<figure class=\"wp-block-embed is-type-video is-provider-youtube wp-block-embed-youtube wp-embed-aspect-16-9 wp-has-aspect-ratio\">\n<div class=\"wp-block-embed__wrapper\">\n<div class=\"youtube-embed\" data-video_id=\"H5LcMzGH100\"><iframe loading=\"lazy\" title=\"Cum transformi Bucuria-n...SC\u00c2RB\u0102? Te plimbi cu ma\u0219ina Prim\u0103riei ...f\u0103r\u0103 acte! POLI\u021aIA o cam scald\u0103!\" width=\"696\" height=\"392\" src=\"https:\/\/www.youtube.com\/embed\/H5LcMzGH100?feature=oembed&amp;enablejsapi=1\" frameborder allow=\"accelerometer; autoplay; clipboard-write; encrypted-media; gyroscope; picture-in-picture; web-share\" referrerpolicy=\"strict-origin-when-cross-origin\" allowfullscreen><\/iframe><\/div>\n<\/div>\n<\/figure>\n<div class=\"td-a-rec td-a-rec-id-content_bottom  tdi_4 td_block_template_1\"><strong>Intr\u0103 acum \u0219i \u00een grupul de <\/p>\n<div class=\"wp-block-button\"><a class=\"wp-block-button__link wp-element-button\" href=\"https:\/\/t.me\/+TH8wcfnp8fw5NWI0\">Telegram News Bucovina<\/a><\/div>\n<p><\/strong><\/div>\n<\/div>\n<p>[analyse_source url=&#8221;https:\/\/www.newsbucovina.ro\/social\/445504\/barbat-retinut-la-vatra-dornei-dupa-ce-a-fost-prins-la-volanul-unui-mercedes-cu-numere-false-si-permis-suspendat&#8221;]<\/p>\n","protected":false},"excerpt":{"rendered":"<p>[analyse_image type=&#8221;featured&#8221; src=&#8221;https:\/\/www.newsbucovina.ro\/wp-content\/uploads\/2024\/06\/politia-1.jpghttps:\/\/cdn.newsbucovina.ro\/wp-content\/uploads\/2024\/06\/politia-1.jpg&#8221;] Intr\u0103 acum \u0219i \u00een grupul de Telegram News Bucovina Un b\u0103rbat din jude\u021bul Bistri\u021ba-N\u0103s\u0103ud a fost re\u021binut pentru 24 de ore, duminic\u0103, 2 august 2026, dup\u0103 ce poli\u021bi\u0219tii din Vatra Dornei l-au depistat la volanul unui autoturism Mercedes Benz cu probleme de \u00eenmatriculare \u0219i cu permisul de conducere suspendat. \u00cen jurul orei [&hellip;]<\/p>\n","protected":false},"author":1,"featured_media":0,"comment_status":"open","ping_status":"","sticky":false,"template":"","format":"standard","meta":{"footnotes":""},"categories":[89],"tags":[226,165],"class_list":["post-2076066","post","type-post","status-publish","format-standard","hentry","category-romania","tag-crawlmanager","tag-newsbucovina-ro"],"_links":{"self":[{"href":"https:\/\/analyse.optim.biz\/index.php?rest_route=\/wp\/v2\/posts\/2076066","targetHints":{"allow":["GET"]}}],"collection":[{"href":"https:\/\/analyse.optim.biz\/index.php?rest_route=\/wp\/v2\/posts"}],"about":[{"href":"https:\/\/analyse.optim.biz\/index.php?rest_route=\/wp\/v2\/types\/post"}],"author":[{"embeddable":true,"href":"https:\/\/analyse.optim.biz\/index.php?rest_route=\/wp\/v2\/users\/1"}],"replies":[{"embeddable":true,"href":"https:\/\/analyse.optim.biz\/index.php?rest_route=%2Fwp%2Fv2%2Fcomments&post=2076066"}],"version-history":[{"count":0,"href":"https:\/\/analyse.optim.biz\/index.php?rest_route=\/wp\/v2\/posts\/2076066\/revisions"}],"wp:attachment":[{"href":"https:\/\/analyse.optim.biz\/index.php?rest_route=%2Fwp%2Fv2%2Fmedia&parent=2076066"}],"wp:term":[{"taxonomy":"category","embeddable":true,"href":"https:\/\/analyse.optim.biz\/index.php?rest_route=%2Fwp%2Fv2%2Fcategories&post=2076066"},{"taxonomy":"post_tag","embeddable":true,"href":"https:\/\/analyse.optim.biz\/index.php?rest_route=%2Fwp%2Fv2%2Ftags&post=2076066"}],"curies":[{"name":"wp","href":"https:\/\/api.w.org\/{rel}","templated":true}]}}