{"id":2076062,"date":"2026-08-03T12:03:55","date_gmt":"2026-08-03T09:03:55","guid":{"rendered":"https:\/\/analyse.optim.biz\/?p=2076062"},"modified":"2026-08-03T12:03:55","modified_gmt":"2026-08-03T09:03:55","slug":"muzeul-national-al-bucovinei-partener-intr-un-proiect-european-dedicat-memoriei-holocaustului","status":"publish","type":"post","link":"https:\/\/analyse.optim.biz\/?p=2076062","title":{"rendered":"Muzeul Na\u021bional al Bucovinei, partener \u00eentr-un proiect european dedicat memoriei Holocaustului"},"content":{"rendered":"<p>[analyse_image type=&#8221;featured&#8221; src=&#8221;https:\/\/www.newsbucovina.ro\/wp-content\/uploads\/2026\/08\/muzeu-siret.jpghttps:\/\/cdn.newsbucovina.ro\/wp-content\/uploads\/2026\/08\/muzeu-siret.jpg&#8221;]<\/p>\n<div class=\"td-post-content tagdiv-type\">\n<div class=\"td-a-rec td-a-rec-id-content_top  tdi_3 td_block_template_1\"><strong>Intr\u0103 acum \u0219i \u00een grupul de <\/p>\n<div class=\"wp-block-button\"><a class=\"wp-block-button__link wp-element-button\" href=\"https:\/\/t.me\/+TH8wcfnp8fw5NWI0\">Telegram News Bucovina<\/a><\/div>\n<p><\/strong><\/div>\n<p class=\"wp-block-paragraph\">Muzeul Na\u021bional al Bucovinei a anun\u021bat lansarea proiectului european \u201eLearning from the Holocaust memories\u201d (LHM) \u2013 \u201e\u00cenv\u0103\u021b\u00e2nd din memoria Holocaustului\u201d, finan\u021bat de Uniunea European\u0103 prin programul Citizens, Equality, Rights and Values (CERV), apelul CERV-2025-CITIZENS-REM \u2013 European Remembrance.<\/p>\n<figure class=\"wp-block-image size-large\"><a href=\"https:\/\/cdn.newsbucovina.ro\/wp-content\/uploads\/2026\/08\/muzeu-siret.jpg\"><img loading=\"lazy\" decoding=\"async\" width=\"1024\" height=\"512\" src=\"https:\/\/cdn.newsbucovina.ro\/wp-content\/uploads\/2026\/08\/muzeu-siret-1024x512.jpg\" alt class=\"wp-image-445516\"><\/a><\/figure>\n<p class=\"wp-block-paragraph\">Proiectul, cu o durat\u0103 de implementare de 19 luni, este coordonat de Asociaci\u00f3n Iniciativa Internacional Joven A.I.I.J. din Malaga (Spania) \u0219i reune\u0219te cinci organiza\u021bii partenere din Spania, Italia, Rom\u00e2nia, Polonia \u0219i Bulgaria. Rom\u00e2nia este reprezentat\u0103 de Muzeul Na\u021bional al Bucovinei, care va valorifica \u00een acest demers patrimoniul Muzeului Memoriei Holocaustului de la Siret.<\/p>\n<p class=\"wp-block-paragraph\">Ini\u021biativa \u00ee\u0219i propune s\u0103 contribuie la p\u0103strarea memoriei Holocaustului \u0219i la promovarea valorilor europene fundamentale prin educa\u021bie, dialog \u0219i cooperare interna\u021bional\u0103. Pornind de la convingerea c\u0103 \u00een\u021belegerea trecutului este esen\u021bial\u0103 pentru prevenirea intoleran\u021bei \u0219i a discrimin\u0103rii, proiectul urm\u0103re\u0219te consolidarea cunoa\u0219terii istoriei europene \u0219i \u00eencurajarea reflec\u021biei asupra consecin\u021belor antisemitismului, extremismului \u0219i \u00eenc\u0103lc\u0103rii drepturilor omului.<\/p>\n<p class=\"wp-block-paragraph\">Activit\u0103\u021bile vor fi organizate \u00een jurul a dou\u0103 componente principale. Prima vizeaz\u0103 colectarea de m\u0103rturii \u0219i organizarea unor mese rotunde, care vor crea contexte pentru dialog, reflec\u021bie \u0219i schimb intergenera\u021bional. Cea de-a doua urm\u0103re\u0219te crearea \u0219i implementarea unor ateliere educa\u021bionale menite s\u0103 sprijine \u00een\u021belegerea istoriei Holocaustului, s\u0103 dezvolte g\u00e2ndirea critic\u0103 \u0219i s\u0103 eviden\u021bieze importan\u021ba valorilor democratice \u0219i a respect\u0103rii drepturilor fundamentale.<\/p>\n<p class=\"wp-block-paragraph\">Proiectul va crea, totodat\u0103, o re\u021bea de organiza\u021bii europene implicate \u00een cercetarea, conservarea \u0219i promovarea memoriei istorice, facilit\u00e2nd schimbul de bune practici \u0219i dezvoltarea unor metode inovatoare de educa\u021bie privind Holocaustul \u0219i istoria secolului al XX-lea. Muzeul Memoriei Holocaustului de la Siret va avea un rol important, contribuind prin patrimoniul documentar \u0219i experien\u021ba sa \u00een valorificarea memoriei.<\/p>\n<p class=\"wp-block-paragraph\">Rezultatele vor fi diseminate prin publica\u021bii digitale, materiale educa\u021bionale \u0219i un canal YouTube dedicat, astfel \u00eenc\u00e2t m\u0103rturiile, resursele \u0219i experien\u021bele dezvoltate s\u0103 fie accesibile unui public larg \u0219i s\u0103 poat\u0103 fi utilizate \u00een activit\u0103\u021bi educa\u021bionale \u0219i culturale.<\/p>\n<figure class=\"wp-block-embed is-type-video is-provider-youtube wp-block-embed-youtube wp-embed-aspect-16-9 wp-has-aspect-ratio\">\n<div class=\"wp-block-embed__wrapper\">\n<div class=\"youtube-embed\" data-video_id=\"H5LcMzGH100\"><iframe loading=\"lazy\" title=\"Cum transformi Bucuria-n...SC\u00c2RB\u0102? Te plimbi cu ma\u0219ina Prim\u0103riei ...f\u0103r\u0103 acte! POLI\u021aIA o cam scald\u0103!\" width=\"696\" height=\"392\" src=\"https:\/\/www.youtube.com\/embed\/H5LcMzGH100?feature=oembed&amp;enablejsapi=1\" frameborder allow=\"accelerometer; autoplay; clipboard-write; encrypted-media; gyroscope; picture-in-picture; web-share\" referrerpolicy=\"strict-origin-when-cross-origin\" allowfullscreen><\/iframe><\/div>\n<\/div>\n<\/figure>\n<div class=\"td-a-rec td-a-rec-id-content_bottom  tdi_4 td_block_template_1\"><strong>Intr\u0103 acum \u0219i \u00een grupul de <\/p>\n<div class=\"wp-block-button\"><a class=\"wp-block-button__link wp-element-button\" href=\"https:\/\/t.me\/+TH8wcfnp8fw5NWI0\">Telegram News Bucovina<\/a><\/div>\n<p><\/strong><\/div>\n<\/div>\n<div class=\"td-post-content tagdiv-type\">\n<div class=\"td-a-rec td-a-rec-id-content_top  tdi_3 td_block_template_1\"><strong>Intr\u0103 acum \u0219i \u00een grupul de <\/p>\n<div class=\"wp-block-button\"><a class=\"wp-block-button__link wp-element-button\" href=\"https:\/\/t.me\/+TH8wcfnp8fw5NWI0\">Telegram News Bucovina<\/a><\/div>\n<p><\/strong><\/div>\n<p class=\"wp-block-paragraph\">Muzeul Na\u021bional al Bucovinei a anun\u021bat lansarea proiectului european \u201eLearning from the Holocaust memories\u201d (LHM) \u2013 \u201e\u00cenv\u0103\u021b\u00e2nd din memoria Holocaustului\u201d, finan\u021bat de Uniunea European\u0103 prin programul Citizens, Equality, Rights and Values (CERV), apelul CERV-2025-CITIZENS-REM \u2013 European Remembrance.<\/p>\n<figure class=\"wp-block-image size-large\"><a href=\"https:\/\/cdn.newsbucovina.ro\/wp-content\/uploads\/2026\/08\/muzeu-siret.jpg\"><img loading=\"lazy\" decoding=\"async\" width=\"1024\" height=\"512\" src=\"https:\/\/cdn.newsbucovina.ro\/wp-content\/uploads\/2026\/08\/muzeu-siret-1024x512.jpg\" alt class=\"wp-image-445516\"><\/a><\/figure>\n<p class=\"wp-block-paragraph\">Proiectul, cu o durat\u0103 de implementare de 19 luni, este coordonat de Asociaci\u00f3n Iniciativa Internacional Joven A.I.I.J. din Malaga (Spania) \u0219i reune\u0219te cinci organiza\u021bii partenere din Spania, Italia, Rom\u00e2nia, Polonia \u0219i Bulgaria. Rom\u00e2nia este reprezentat\u0103 de Muzeul Na\u021bional al Bucovinei, care va valorifica \u00een acest demers patrimoniul Muzeului Memoriei Holocaustului de la Siret.<\/p>\n<p class=\"wp-block-paragraph\">Ini\u021biativa \u00ee\u0219i propune s\u0103 contribuie la p\u0103strarea memoriei Holocaustului \u0219i la promovarea valorilor europene fundamentale prin educa\u021bie, dialog \u0219i cooperare interna\u021bional\u0103. Pornind de la convingerea c\u0103 \u00een\u021belegerea trecutului este esen\u021bial\u0103 pentru prevenirea intoleran\u021bei \u0219i a discrimin\u0103rii, proiectul urm\u0103re\u0219te consolidarea cunoa\u0219terii istoriei europene \u0219i \u00eencurajarea reflec\u021biei asupra consecin\u021belor antisemitismului, extremismului \u0219i \u00eenc\u0103lc\u0103rii drepturilor omului.<\/p>\n<p class=\"wp-block-paragraph\">Activit\u0103\u021bile vor fi organizate \u00een jurul a dou\u0103 componente principale. Prima vizeaz\u0103 colectarea de m\u0103rturii \u0219i organizarea unor mese rotunde, care vor crea contexte pentru dialog, reflec\u021bie \u0219i schimb intergenera\u021bional. Cea de-a doua urm\u0103re\u0219te crearea \u0219i implementarea unor ateliere educa\u021bionale menite s\u0103 sprijine \u00een\u021belegerea istoriei Holocaustului, s\u0103 dezvolte g\u00e2ndirea critic\u0103 \u0219i s\u0103 eviden\u021bieze importan\u021ba valorilor democratice \u0219i a respect\u0103rii drepturilor fundamentale.<\/p>\n<p class=\"wp-block-paragraph\">Proiectul va crea, totodat\u0103, o re\u021bea de organiza\u021bii europene implicate \u00een cercetarea, conservarea \u0219i promovarea memoriei istorice, facilit\u00e2nd schimbul de bune practici \u0219i dezvoltarea unor metode inovatoare de educa\u021bie privind Holocaustul \u0219i istoria secolului al XX-lea. Muzeul Memoriei Holocaustului de la Siret va avea un rol important, contribuind prin patrimoniul documentar \u0219i experien\u021ba sa \u00een valorificarea memoriei.<\/p>\n<p class=\"wp-block-paragraph\">Rezultatele vor fi diseminate prin publica\u021bii digitale, materiale educa\u021bionale \u0219i un canal YouTube dedicat, astfel \u00eenc\u00e2t m\u0103rturiile, resursele \u0219i experien\u021bele dezvoltate s\u0103 fie accesibile unui public larg \u0219i s\u0103 poat\u0103 fi utilizate \u00een activit\u0103\u021bi educa\u021bionale \u0219i culturale.<\/p>\n<figure class=\"wp-block-embed is-type-video is-provider-youtube wp-block-embed-youtube wp-embed-aspect-16-9 wp-has-aspect-ratio\">\n<div class=\"wp-block-embed__wrapper\">\n<div class=\"youtube-embed\" data-video_id=\"H5LcMzGH100\"><iframe loading=\"lazy\" title=\"Cum transformi Bucuria-n...SC\u00c2RB\u0102? Te plimbi cu ma\u0219ina Prim\u0103riei ...f\u0103r\u0103 acte! POLI\u021aIA o cam scald\u0103!\" width=\"696\" height=\"392\" src=\"https:\/\/www.youtube.com\/embed\/H5LcMzGH100?feature=oembed&amp;enablejsapi=1\" frameborder allow=\"accelerometer; autoplay; clipboard-write; encrypted-media; gyroscope; picture-in-picture; web-share\" referrerpolicy=\"strict-origin-when-cross-origin\" allowfullscreen><\/iframe><\/div>\n<\/div>\n<\/figure>\n<div class=\"td-a-rec td-a-rec-id-content_bottom  tdi_4 td_block_template_1\"><strong>Intr\u0103 acum \u0219i \u00een grupul de <\/p>\n<div class=\"wp-block-button\"><a class=\"wp-block-button__link wp-element-button\" href=\"https:\/\/t.me\/+TH8wcfnp8fw5NWI0\">Telegram News Bucovina<\/a><\/div>\n<p><\/strong><\/div>\n<\/div>\n<p>[analyse_source url=&#8221;https:\/\/www.newsbucovina.ro\/subiectul-zilei\/445515\/muzeul-national-al-bucovinei-partener-intr-un-proiect-european-dedicat-memoriei-holocaustului&#8221;]<\/p>\n","protected":false},"excerpt":{"rendered":"<p>[analyse_image type=&#8221;featured&#8221; src=&#8221;https:\/\/www.newsbucovina.ro\/wp-content\/uploads\/2026\/08\/muzeu-siret.jpghttps:\/\/cdn.newsbucovina.ro\/wp-content\/uploads\/2026\/08\/muzeu-siret.jpg&#8221;] Intr\u0103 acum \u0219i \u00een grupul de Telegram News Bucovina Muzeul Na\u021bional al Bucovinei a anun\u021bat lansarea proiectului european \u201eLearning from the Holocaust memories\u201d (LHM) \u2013 \u201e\u00cenv\u0103\u021b\u00e2nd din memoria Holocaustului\u201d, finan\u021bat de Uniunea European\u0103 prin programul Citizens, Equality, Rights and Values (CERV), apelul CERV-2025-CITIZENS-REM \u2013 European Remembrance. Proiectul, cu o durat\u0103 de implementare [&hellip;]<\/p>\n","protected":false},"author":1,"featured_media":0,"comment_status":"open","ping_status":"","sticky":false,"template":"","format":"standard","meta":{"footnotes":""},"categories":[89],"tags":[226,165],"class_list":["post-2076062","post","type-post","status-publish","format-standard","hentry","category-romania","tag-crawlmanager","tag-newsbucovina-ro"],"_links":{"self":[{"href":"https:\/\/analyse.optim.biz\/index.php?rest_route=\/wp\/v2\/posts\/2076062","targetHints":{"allow":["GET"]}}],"collection":[{"href":"https:\/\/analyse.optim.biz\/index.php?rest_route=\/wp\/v2\/posts"}],"about":[{"href":"https:\/\/analyse.optim.biz\/index.php?rest_route=\/wp\/v2\/types\/post"}],"author":[{"embeddable":true,"href":"https:\/\/analyse.optim.biz\/index.php?rest_route=\/wp\/v2\/users\/1"}],"replies":[{"embeddable":true,"href":"https:\/\/analyse.optim.biz\/index.php?rest_route=%2Fwp%2Fv2%2Fcomments&post=2076062"}],"version-history":[{"count":0,"href":"https:\/\/analyse.optim.biz\/index.php?rest_route=\/wp\/v2\/posts\/2076062\/revisions"}],"wp:attachment":[{"href":"https:\/\/analyse.optim.biz\/index.php?rest_route=%2Fwp%2Fv2%2Fmedia&parent=2076062"}],"wp:term":[{"taxonomy":"category","embeddable":true,"href":"https:\/\/analyse.optim.biz\/index.php?rest_route=%2Fwp%2Fv2%2Fcategories&post=2076062"},{"taxonomy":"post_tag","embeddable":true,"href":"https:\/\/analyse.optim.biz\/index.php?rest_route=%2Fwp%2Fv2%2Ftags&post=2076062"}],"curies":[{"name":"wp","href":"https:\/\/api.w.org\/{rel}","templated":true}]}}