{"id":2076058,"date":"2026-08-03T11:37:33","date_gmt":"2026-08-03T08:37:33","guid":{"rendered":"https:\/\/analyse.optim.biz\/?p=2076058"},"modified":"2026-08-03T11:37:33","modified_gmt":"2026-08-03T08:37:33","slug":"vernisaj-la-muzeul-de-istorie-din-suceava-expozitia-de-pictura-valentin-sava-va-putea-fi-vizitata-pana-la-sfarsitul-lunii-august","status":"publish","type":"post","link":"https:\/\/analyse.optim.biz\/?p=2076058","title":{"rendered":"Vernisaj la Muzeul de Istorie din Suceava: Expozi\u021bia de pictur\u0103 \u201eValentin Sava\u201d va putea fi vizitat\u0103 p\u00e2n\u0103 la sf\u00e2r\u0219itul lunii august"},"content":{"rendered":"<p>[analyse_image type=&#8221;featured&#8221; src=&#8221;https:\/\/www.newsbucovina.ro\/wp-content\/uploads\/2026\/08\/afis-expo-Valentin-Sava-1.jpghttps:\/\/cdn.newsbucovina.ro\/wp-content\/uploads\/2026\/08\/afis-expo-Valentin-Sava-1.jpg&#8221;]<\/p>\n<div class=\"td-post-content tagdiv-type\">\n<div class=\"td-a-rec td-a-rec-id-content_top  tdi_3 td_block_template_1\"><strong>Intr\u0103 acum \u0219i \u00een grupul de <\/p>\n<div class=\"wp-block-button\"><a class=\"wp-block-button__link wp-element-button\" href=\"https:\/\/t.me\/+TH8wcfnp8fw5NWI0\">Telegram News Bucovina<\/a><\/div>\n<p><\/strong><\/div>\n<p class=\"wp-block-paragraph\">Muzeul Na\u021bional al Bucovinei invit\u0103 publicul joi, 6 august 2026, de la ora 13.00, la vernisajul expozi\u021biei \u201eValentin Sava. Pictur\u0103\u201d, care va avea loc \u00een Foaierul Muzeului de Istorie din Suceava.<\/p>\n<figure class=\"wp-block-image size-large\"><a href=\"https:\/\/cdn.newsbucovina.ro\/wp-content\/uploads\/2026\/08\/afis-expo-Valentin-Sava.jpg\"><img loading=\"lazy\" decoding=\"async\" width=\"724\" height=\"1024\" src=\"https:\/\/cdn.newsbucovina.ro\/wp-content\/uploads\/2026\/08\/afis-expo-Valentin-Sava-724x1024.jpg\" alt class=\"wp-image-445507\"><\/a><\/figure>\n<p class=\"wp-block-paragraph\">Expozi\u021bia reune\u0219te o selec\u021bie reprezentativ\u0103 de lucr\u0103ri semnate de Valentin Sava, pictor \u0219i profesor universitar doctor abilitat, personalitate de referin\u021b\u0103 a artei contemporane rom\u00e2ne\u0219ti \u0219i Professor Emeritus al Universit\u0103\u021bii Na\u021bionale de Arte \u201eGeorge Enescu\u201d din Ia\u0219i. Artistul propune un parcurs vizual \u00een care peisajul, portretul \u0219i compozi\u021bia se \u00eent\u00e2lnesc \u00eentr-un discurs plastic rafinat, construit printr-o remarcabil\u0103 st\u0103p\u00e2nire a culorii \u0219i a expresiei picturale.<\/p>\n<p class=\"wp-block-paragraph\">\u00cen cadrul vernisajului, expozi\u021bia va fi prezentat\u0103 de dr. Minola Iuti\u0219, muzeograf la Complexul Na\u021bional Muzeal \u201eMoldova\u201d Ia\u0219i, care va eviden\u021bia reperele esen\u021biale ale crea\u021biei lui Valentin Sava \u0219i locul acesteia \u00een contextul artei rom\u00e2ne\u0219ti contemporane.<\/p>\n<p class=\"wp-block-paragraph\">Publicul este invitat s\u0103 descopere o expozi\u021bie care reflect\u0103 at\u00e2t experien\u021ba artistic\u0103 acumulat\u0103 de-a lungul unei cariere de peste patru decenii, c\u00e2t \u0219i preocuparea constant\u0103 a autorului pentru dialogul dintre tradi\u021bie \u0219i modernitate, dintre observa\u021bia atent\u0103 a realit\u0103\u021bii \u0219i expresia sensibilit\u0103\u021bii personale.<\/p>\n<p class=\"wp-block-paragraph\">Expozi\u021bia va putea fi vizitat\u0103 \u00een perioada 6\u201329 august 2026, \u00een Foaierul Muzeului de Istorie. Proiectul este finan\u021bat de Consiliul Jude\u021bean Suceava.<\/p>\n<figure class=\"wp-block-embed is-type-video is-provider-youtube wp-block-embed-youtube wp-embed-aspect-16-9 wp-has-aspect-ratio\">\n<div class=\"wp-block-embed__wrapper\">\n<div class=\"youtube-embed\" data-video_id=\"H5LcMzGH100\"><iframe loading=\"lazy\" title=\"Cum transformi Bucuria-n...SC\u00c2RB\u0102? Te plimbi cu ma\u0219ina Prim\u0103riei ...f\u0103r\u0103 acte! POLI\u021aIA o cam scald\u0103!\" width=\"696\" height=\"392\" src=\"https:\/\/www.youtube.com\/embed\/H5LcMzGH100?feature=oembed&amp;enablejsapi=1\" frameborder allow=\"accelerometer; autoplay; clipboard-write; encrypted-media; gyroscope; picture-in-picture; web-share\" referrerpolicy=\"strict-origin-when-cross-origin\" allowfullscreen><\/iframe><\/div>\n<\/div>\n<\/figure>\n<div class=\"td-a-rec td-a-rec-id-content_bottom  tdi_4 td_block_template_1\"><strong>Intr\u0103 acum \u0219i \u00een grupul de <\/p>\n<div class=\"wp-block-button\"><a class=\"wp-block-button__link wp-element-button\" href=\"https:\/\/t.me\/+TH8wcfnp8fw5NWI0\">Telegram News Bucovina<\/a><\/div>\n<p><\/strong><\/div>\n<\/div>\n<div class=\"td-post-content tagdiv-type\">\n<div class=\"td-a-rec td-a-rec-id-content_top  tdi_3 td_block_template_1\"><strong>Intr\u0103 acum \u0219i \u00een grupul de <\/p>\n<div class=\"wp-block-button\"><a class=\"wp-block-button__link wp-element-button\" href=\"https:\/\/t.me\/+TH8wcfnp8fw5NWI0\">Telegram News Bucovina<\/a><\/div>\n<p><\/strong><\/div>\n<p class=\"wp-block-paragraph\">Muzeul Na\u021bional al Bucovinei invit\u0103 publicul joi, 6 august 2026, de la ora 13.00, la vernisajul expozi\u021biei \u201eValentin Sava. Pictur\u0103\u201d, care va avea loc \u00een Foaierul Muzeului de Istorie din Suceava.<\/p>\n<figure class=\"wp-block-image size-large\"><a href=\"https:\/\/cdn.newsbucovina.ro\/wp-content\/uploads\/2026\/08\/afis-expo-Valentin-Sava.jpg\"><img loading=\"lazy\" decoding=\"async\" width=\"724\" height=\"1024\" src=\"https:\/\/cdn.newsbucovina.ro\/wp-content\/uploads\/2026\/08\/afis-expo-Valentin-Sava-724x1024.jpg\" alt class=\"wp-image-445507\"><\/a><\/figure>\n<p class=\"wp-block-paragraph\">Expozi\u021bia reune\u0219te o selec\u021bie reprezentativ\u0103 de lucr\u0103ri semnate de Valentin Sava, pictor \u0219i profesor universitar doctor abilitat, personalitate de referin\u021b\u0103 a artei contemporane rom\u00e2ne\u0219ti \u0219i Professor Emeritus al Universit\u0103\u021bii Na\u021bionale de Arte \u201eGeorge Enescu\u201d din Ia\u0219i. Artistul propune un parcurs vizual \u00een care peisajul, portretul \u0219i compozi\u021bia se \u00eent\u00e2lnesc \u00eentr-un discurs plastic rafinat, construit printr-o remarcabil\u0103 st\u0103p\u00e2nire a culorii \u0219i a expresiei picturale.<\/p>\n<p class=\"wp-block-paragraph\">\u00cen cadrul vernisajului, expozi\u021bia va fi prezentat\u0103 de dr. Minola Iuti\u0219, muzeograf la Complexul Na\u021bional Muzeal \u201eMoldova\u201d Ia\u0219i, care va eviden\u021bia reperele esen\u021biale ale crea\u021biei lui Valentin Sava \u0219i locul acesteia \u00een contextul artei rom\u00e2ne\u0219ti contemporane.<\/p>\n<p class=\"wp-block-paragraph\">Publicul este invitat s\u0103 descopere o expozi\u021bie care reflect\u0103 at\u00e2t experien\u021ba artistic\u0103 acumulat\u0103 de-a lungul unei cariere de peste patru decenii, c\u00e2t \u0219i preocuparea constant\u0103 a autorului pentru dialogul dintre tradi\u021bie \u0219i modernitate, dintre observa\u021bia atent\u0103 a realit\u0103\u021bii \u0219i expresia sensibilit\u0103\u021bii personale.<\/p>\n<p class=\"wp-block-paragraph\">Expozi\u021bia va putea fi vizitat\u0103 \u00een perioada 6\u201329 august 2026, \u00een Foaierul Muzeului de Istorie. Proiectul este finan\u021bat de Consiliul Jude\u021bean Suceava.<\/p>\n<figure class=\"wp-block-embed is-type-video is-provider-youtube wp-block-embed-youtube wp-embed-aspect-16-9 wp-has-aspect-ratio\">\n<div class=\"wp-block-embed__wrapper\">\n<div class=\"youtube-embed\" data-video_id=\"H5LcMzGH100\"><iframe loading=\"lazy\" title=\"Cum transformi Bucuria-n...SC\u00c2RB\u0102? Te plimbi cu ma\u0219ina Prim\u0103riei ...f\u0103r\u0103 acte! POLI\u021aIA o cam scald\u0103!\" width=\"696\" height=\"392\" src=\"https:\/\/www.youtube.com\/embed\/H5LcMzGH100?feature=oembed&amp;enablejsapi=1\" frameborder allow=\"accelerometer; autoplay; clipboard-write; encrypted-media; gyroscope; picture-in-picture; web-share\" referrerpolicy=\"strict-origin-when-cross-origin\" allowfullscreen><\/iframe><\/div>\n<\/div>\n<\/figure>\n<div class=\"td-a-rec td-a-rec-id-content_bottom  tdi_4 td_block_template_1\"><strong>Intr\u0103 acum \u0219i \u00een grupul de <\/p>\n<div class=\"wp-block-button\"><a class=\"wp-block-button__link wp-element-button\" href=\"https:\/\/t.me\/+TH8wcfnp8fw5NWI0\">Telegram News Bucovina<\/a><\/div>\n<p><\/strong><\/div>\n<\/div>\n<p>[analyse_source url=&#8221;https:\/\/www.newsbucovina.ro\/evenimente\/445506\/vernisaj-la-muzeul-de-istorie-din-suceava-expozitia-de-pictura-valentin-sava-va-putea-fi-vizitata-pana-la-sfarsitul-lunii-august&#8221;]<\/p>\n","protected":false},"excerpt":{"rendered":"<p>[analyse_image type=&#8221;featured&#8221; src=&#8221;https:\/\/www.newsbucovina.ro\/wp-content\/uploads\/2026\/08\/afis-expo-Valentin-Sava-1.jpghttps:\/\/cdn.newsbucovina.ro\/wp-content\/uploads\/2026\/08\/afis-expo-Valentin-Sava-1.jpg&#8221;] Intr\u0103 acum \u0219i \u00een grupul de Telegram News Bucovina Muzeul Na\u021bional al Bucovinei invit\u0103 publicul joi, 6 august 2026, de la ora 13.00, la vernisajul expozi\u021biei \u201eValentin Sava. Pictur\u0103\u201d, care va avea loc \u00een Foaierul Muzeului de Istorie din Suceava. Expozi\u021bia reune\u0219te o selec\u021bie reprezentativ\u0103 de lucr\u0103ri semnate de Valentin Sava, pictor [&hellip;]<\/p>\n","protected":false},"author":1,"featured_media":0,"comment_status":"open","ping_status":"","sticky":false,"template":"","format":"standard","meta":{"footnotes":""},"categories":[89],"tags":[226,165],"class_list":["post-2076058","post","type-post","status-publish","format-standard","hentry","category-romania","tag-crawlmanager","tag-newsbucovina-ro"],"_links":{"self":[{"href":"https:\/\/analyse.optim.biz\/index.php?rest_route=\/wp\/v2\/posts\/2076058","targetHints":{"allow":["GET"]}}],"collection":[{"href":"https:\/\/analyse.optim.biz\/index.php?rest_route=\/wp\/v2\/posts"}],"about":[{"href":"https:\/\/analyse.optim.biz\/index.php?rest_route=\/wp\/v2\/types\/post"}],"author":[{"embeddable":true,"href":"https:\/\/analyse.optim.biz\/index.php?rest_route=\/wp\/v2\/users\/1"}],"replies":[{"embeddable":true,"href":"https:\/\/analyse.optim.biz\/index.php?rest_route=%2Fwp%2Fv2%2Fcomments&post=2076058"}],"version-history":[{"count":0,"href":"https:\/\/analyse.optim.biz\/index.php?rest_route=\/wp\/v2\/posts\/2076058\/revisions"}],"wp:attachment":[{"href":"https:\/\/analyse.optim.biz\/index.php?rest_route=%2Fwp%2Fv2%2Fmedia&parent=2076058"}],"wp:term":[{"taxonomy":"category","embeddable":true,"href":"https:\/\/analyse.optim.biz\/index.php?rest_route=%2Fwp%2Fv2%2Fcategories&post=2076058"},{"taxonomy":"post_tag","embeddable":true,"href":"https:\/\/analyse.optim.biz\/index.php?rest_route=%2Fwp%2Fv2%2Ftags&post=2076058"}],"curies":[{"name":"wp","href":"https:\/\/api.w.org\/{rel}","templated":true}]}}