{"id":2076055,"date":"2026-08-03T07:17:33","date_gmt":"2026-08-03T04:17:33","guid":{"rendered":"https:\/\/analyse.optim.biz\/?p=2076055"},"modified":"2026-08-03T07:17:33","modified_gmt":"2026-08-03T04:17:33","slug":"agenda-culturala-a-saptamanii-3-9-august-ateliere-pentru-copii-festival-de-toaca-hit-fest-bucovina-si-expozitii-la-muzeul-de-istorie","status":"publish","type":"post","link":"https:\/\/analyse.optim.biz\/?p=2076055","title":{"rendered":"Agenda cultural\u0103 a s\u0103pt\u0103m\u00e2nii 3\u20139 august: ateliere pentru copii, festival de toac\u0103, Hit Fest Bucovina \u0219i expozi\u021bii la Muzeul de Istorie"},"content":{"rendered":"<p>[analyse_image type=&#8221;featured&#8221; src=&#8221;https:\/\/www.newsbucovina.ro\/wp-content\/uploads\/2026\/08\/WhatsApp-Image-2026-08-03-at-10.11.48-1.jpeghttps:\/\/cdn.newsbucovina.ro\/wp-content\/uploads\/2026\/08\/WhatsApp-Image-2026-08-03-at-10.11.48-1.jpeg&#8221;]<\/p>\n<div class=\"td-post-content tagdiv-type\">\n<div class=\"td-a-rec td-a-rec-id-content_top  tdi_3 td_block_template_1\"><strong>Intr\u0103 acum \u0219i \u00een grupul de <\/p>\n<div class=\"wp-block-button\"><a class=\"wp-block-button__link wp-element-button\" href=\"https:\/\/t.me\/+TH8wcfnp8fw5NWI0\">Telegram News Bucovina<\/a><\/div>\n<p><\/strong><\/div>\n<p class=\"wp-block-paragraph\">Consiliul Jude\u021bean Suceava propune sucevenilor \u0219i turi\u0219tilor o nou\u0103 agend\u0103 s\u0103pt\u0103m\u00e2nal\u0103 de evenimente, care reune\u0219te manifest\u0103ri organizate de institu\u021biile jude\u021bene sau desf\u0103\u0219urate cu sprijinul administra\u021biei jude\u021bene.<\/p>\n<figure class=\"wp-block-image size-large\"><a href=\"https:\/\/cdn.newsbucovina.ro\/wp-content\/uploads\/2026\/08\/WhatsApp-Image-2026-08-03-at-10.11.48.jpeg\"><img loading=\"lazy\" decoding=\"async\" width=\"1024\" height=\"721\" src=\"https:\/\/cdn.newsbucovina.ro\/wp-content\/uploads\/2026\/08\/WhatsApp-Image-2026-08-03-at-10.11.48-1024x721.jpeg\" alt class=\"wp-image-445486\"><\/a><\/figure>\n<p class=\"wp-block-paragraph\">\u00cen perioada 3\u20137 august, Muzeul Na\u021bional al Bucovinei continu\u0103 programul educa\u021bional \u201eDin secretele mae\u0219trilor \u2013 lumin\u0103 \u0219i culoare\u201d la Muzeul de Istorie din Suceava. Primul atelier din aceast\u0103 serie este cel de modelaj \u201eSculptura \u2013 arta volumelor\u201d, dedicat copiilor, programat \u00eentre orele 09:00\u201312:00 \u0219i 13:00\u201316:00. \u00cen continuare, vor urma ateliere de confec\u021bionare a marionetelor \u0219i de linogravur\u0103.<\/p>\n<p class=\"wp-block-paragraph\">\u00cencep\u00e2nd de miercuri, 5 august, publicul poate vizita expozi\u021bia de pictur\u0103 a artistului \u0219i profesorului universitar Valentin Sava, deschis\u0103 tot la Muzeul de Istorie, \u00een intervalul 10:00\u201318:00. Expozi\u021bia va r\u0103m\u00e2ne deschis\u0103 p\u00e2n\u0103 pe 29 august 2026.<\/p>\n<p class=\"wp-block-paragraph\">Joi, 6 august, de la ora 15:00, la Parohia \u201eAdormirea Maicii Domnului\u201d din Rotunda va avea loc cea de-a XV-a edi\u021bie a Festivalului-Concurs de Toac\u0103 \u201eR\u0103sun\u0103 toaca-n cer\u201d. Evenimentul, dedicat copiilor \u0219i tinerilor, urm\u0103re\u0219te p\u0103strarea \u0219i transmiterea tradi\u021biei artei toacei. Este organizat de Consiliul Jude\u021bean Suceava, prin Centrul Cultural \u201eBucovina\u201d, \u00een parteneriat cu Parohia Ortodox\u0103 Rotunda, Prim\u0103ria \u0219i Consiliul Local al ora\u0219ului Liteni.<\/p>\n<p class=\"wp-block-paragraph\">\u00centre 7 \u0219i 9 august, Parcul Arini\u0219 din Gura Humorului g\u0103zduie\u0219te Hit Fest Bucovina. Timp de trei zile, festivalul ofer\u0103 concerte live, activit\u0103\u021bi pentru copii \u0219i familii, competi\u021bii sportive \u0219i recreative, zone gastronomice cu produse locale, spa\u021bii de promovare turistic\u0103 \u0219i spectacole de lumini. Printre arti\u0219tii anun\u021ba\u021bi se num\u0103r\u0103 Haddaway, Fun Factory \u0219i Georgiana Lobon\u021b. Manifestarea este organizat\u0103 de Funda\u021bia Te Aud Rom\u00e2nia, cu sprijinul Consiliului Jude\u021bean Suceava.<\/p>\n<p class=\"wp-block-paragraph\">La Muzeul de Istorie din Suceava r\u0103m\u00e2n deschise, \u00een intervalul 10:00\u201318:00, expozi\u021biile \u201ePatrimonii culturale vizibile: Costume tradi\u021bionale din Rom\u00e2nia \u0219i Japonia\u201d \u0219i \u201eModa la Por\u021bile Levantului\u201d (ambele p\u00e2n\u0103 la 4 octombrie), precum \u0219i \u201eDu\u0219mance ale poporului\u201d (p\u00e2n\u0103 duminic\u0103, 9 august). Din 5 august li se al\u0103tur\u0103 \u0219i expozi\u021bia de pictur\u0103 Valentin Sava.<\/p>\n<figure class=\"wp-block-embed is-type-video is-provider-youtube wp-block-embed-youtube wp-embed-aspect-16-9 wp-has-aspect-ratio\">\n<div class=\"wp-block-embed__wrapper\">\n<div class=\"youtube-embed\" data-video_id=\"H5LcMzGH100\"><iframe loading=\"lazy\" title=\"Cum transformi Bucuria-n...SC\u00c2RB\u0102? Te plimbi cu ma\u0219ina Prim\u0103riei ...f\u0103r\u0103 acte! POLI\u021aIA o cam scald\u0103!\" width=\"696\" height=\"392\" src=\"https:\/\/www.youtube.com\/embed\/H5LcMzGH100?feature=oembed&amp;enablejsapi=1\" frameborder allow=\"accelerometer; autoplay; clipboard-write; encrypted-media; gyroscope; picture-in-picture; web-share\" referrerpolicy=\"strict-origin-when-cross-origin\" allowfullscreen><\/iframe><\/div>\n<\/div>\n<\/figure>\n<div class=\"td-a-rec td-a-rec-id-content_bottom  tdi_4 td_block_template_1\"><strong>Intr\u0103 acum \u0219i \u00een grupul de <\/p>\n<div class=\"wp-block-button\"><a class=\"wp-block-button__link wp-element-button\" href=\"https:\/\/t.me\/+TH8wcfnp8fw5NWI0\">Telegram News Bucovina<\/a><\/div>\n<p><\/strong><\/div>\n<\/div>\n<div class=\"td-post-content tagdiv-type\">\n<div class=\"td-a-rec td-a-rec-id-content_top  tdi_3 td_block_template_1\"><strong>Intr\u0103 acum \u0219i \u00een grupul de <\/p>\n<div class=\"wp-block-button\"><a class=\"wp-block-button__link wp-element-button\" href=\"https:\/\/t.me\/+TH8wcfnp8fw5NWI0\">Telegram News Bucovina<\/a><\/div>\n<p><\/strong><\/div>\n<p class=\"wp-block-paragraph\">Consiliul Jude\u021bean Suceava propune sucevenilor \u0219i turi\u0219tilor o nou\u0103 agend\u0103 s\u0103pt\u0103m\u00e2nal\u0103 de evenimente, care reune\u0219te manifest\u0103ri organizate de institu\u021biile jude\u021bene sau desf\u0103\u0219urate cu sprijinul administra\u021biei jude\u021bene.<\/p>\n<figure class=\"wp-block-image size-large\"><a href=\"https:\/\/cdn.newsbucovina.ro\/wp-content\/uploads\/2026\/08\/WhatsApp-Image-2026-08-03-at-10.11.48.jpeg\"><img loading=\"lazy\" decoding=\"async\" width=\"1024\" height=\"721\" src=\"https:\/\/cdn.newsbucovina.ro\/wp-content\/uploads\/2026\/08\/WhatsApp-Image-2026-08-03-at-10.11.48-1024x721.jpeg\" alt class=\"wp-image-445486\"><\/a><\/figure>\n<p class=\"wp-block-paragraph\">\u00cen perioada 3\u20137 august, Muzeul Na\u021bional al Bucovinei continu\u0103 programul educa\u021bional \u201eDin secretele mae\u0219trilor \u2013 lumin\u0103 \u0219i culoare\u201d la Muzeul de Istorie din Suceava. Primul atelier din aceast\u0103 serie este cel de modelaj \u201eSculptura \u2013 arta volumelor\u201d, dedicat copiilor, programat \u00eentre orele 09:00\u201312:00 \u0219i 13:00\u201316:00. \u00cen continuare, vor urma ateliere de confec\u021bionare a marionetelor \u0219i de linogravur\u0103.<\/p>\n<p class=\"wp-block-paragraph\">\u00cencep\u00e2nd de miercuri, 5 august, publicul poate vizita expozi\u021bia de pictur\u0103 a artistului \u0219i profesorului universitar Valentin Sava, deschis\u0103 tot la Muzeul de Istorie, \u00een intervalul 10:00\u201318:00. Expozi\u021bia va r\u0103m\u00e2ne deschis\u0103 p\u00e2n\u0103 pe 29 august 2026.<\/p>\n<p class=\"wp-block-paragraph\">Joi, 6 august, de la ora 15:00, la Parohia \u201eAdormirea Maicii Domnului\u201d din Rotunda va avea loc cea de-a XV-a edi\u021bie a Festivalului-Concurs de Toac\u0103 \u201eR\u0103sun\u0103 toaca-n cer\u201d. Evenimentul, dedicat copiilor \u0219i tinerilor, urm\u0103re\u0219te p\u0103strarea \u0219i transmiterea tradi\u021biei artei toacei. Este organizat de Consiliul Jude\u021bean Suceava, prin Centrul Cultural \u201eBucovina\u201d, \u00een parteneriat cu Parohia Ortodox\u0103 Rotunda, Prim\u0103ria \u0219i Consiliul Local al ora\u0219ului Liteni.<\/p>\n<p class=\"wp-block-paragraph\">\u00centre 7 \u0219i 9 august, Parcul Arini\u0219 din Gura Humorului g\u0103zduie\u0219te Hit Fest Bucovina. Timp de trei zile, festivalul ofer\u0103 concerte live, activit\u0103\u021bi pentru copii \u0219i familii, competi\u021bii sportive \u0219i recreative, zone gastronomice cu produse locale, spa\u021bii de promovare turistic\u0103 \u0219i spectacole de lumini. Printre arti\u0219tii anun\u021ba\u021bi se num\u0103r\u0103 Haddaway, Fun Factory \u0219i Georgiana Lobon\u021b. Manifestarea este organizat\u0103 de Funda\u021bia Te Aud Rom\u00e2nia, cu sprijinul Consiliului Jude\u021bean Suceava.<\/p>\n<p class=\"wp-block-paragraph\">La Muzeul de Istorie din Suceava r\u0103m\u00e2n deschise, \u00een intervalul 10:00\u201318:00, expozi\u021biile \u201ePatrimonii culturale vizibile: Costume tradi\u021bionale din Rom\u00e2nia \u0219i Japonia\u201d \u0219i \u201eModa la Por\u021bile Levantului\u201d (ambele p\u00e2n\u0103 la 4 octombrie), precum \u0219i \u201eDu\u0219mance ale poporului\u201d (p\u00e2n\u0103 duminic\u0103, 9 august). Din 5 august li se al\u0103tur\u0103 \u0219i expozi\u021bia de pictur\u0103 Valentin Sava.<\/p>\n<figure class=\"wp-block-embed is-type-video is-provider-youtube wp-block-embed-youtube wp-embed-aspect-16-9 wp-has-aspect-ratio\">\n<div class=\"wp-block-embed__wrapper\">\n<div class=\"youtube-embed\" data-video_id=\"H5LcMzGH100\"><iframe loading=\"lazy\" title=\"Cum transformi Bucuria-n...SC\u00c2RB\u0102? Te plimbi cu ma\u0219ina Prim\u0103riei ...f\u0103r\u0103 acte! POLI\u021aIA o cam scald\u0103!\" width=\"696\" height=\"392\" src=\"https:\/\/www.youtube.com\/embed\/H5LcMzGH100?feature=oembed&amp;enablejsapi=1\" frameborder allow=\"accelerometer; autoplay; clipboard-write; encrypted-media; gyroscope; picture-in-picture; web-share\" referrerpolicy=\"strict-origin-when-cross-origin\" allowfullscreen><\/iframe><\/div>\n<\/div>\n<\/figure>\n<div class=\"td-a-rec td-a-rec-id-content_bottom  tdi_4 td_block_template_1\"><strong>Intr\u0103 acum \u0219i \u00een grupul de <\/p>\n<div class=\"wp-block-button\"><a class=\"wp-block-button__link wp-element-button\" href=\"https:\/\/t.me\/+TH8wcfnp8fw5NWI0\">Telegram News Bucovina<\/a><\/div>\n<p><\/strong><\/div>\n<\/div>\n<p>[analyse_source url=&#8221;https:\/\/www.newsbucovina.ro\/evenimente\/445485\/agenda-culturala-a-saptamanii-3-9-august-ateliere-pentru-copii-festival-de-toaca-hit-fest-bucovina-si-expozitii-la-muzeul-de-istorie&#8221;]<\/p>\n","protected":false},"excerpt":{"rendered":"<p>[analyse_image type=&#8221;featured&#8221; src=&#8221;https:\/\/www.newsbucovina.ro\/wp-content\/uploads\/2026\/08\/WhatsApp-Image-2026-08-03-at-10.11.48-1.jpeghttps:\/\/cdn.newsbucovina.ro\/wp-content\/uploads\/2026\/08\/WhatsApp-Image-2026-08-03-at-10.11.48-1.jpeg&#8221;] Intr\u0103 acum \u0219i \u00een grupul de Telegram News Bucovina Consiliul Jude\u021bean Suceava propune sucevenilor \u0219i turi\u0219tilor o nou\u0103 agend\u0103 s\u0103pt\u0103m\u00e2nal\u0103 de evenimente, care reune\u0219te manifest\u0103ri organizate de institu\u021biile jude\u021bene sau desf\u0103\u0219urate cu sprijinul administra\u021biei jude\u021bene. \u00cen perioada 3\u20137 august, Muzeul Na\u021bional al Bucovinei continu\u0103 programul educa\u021bional \u201eDin secretele mae\u0219trilor \u2013 lumin\u0103 \u0219i [&hellip;]<\/p>\n","protected":false},"author":1,"featured_media":0,"comment_status":"open","ping_status":"","sticky":false,"template":"","format":"standard","meta":{"footnotes":""},"categories":[89],"tags":[226,165],"class_list":["post-2076055","post","type-post","status-publish","format-standard","hentry","category-romania","tag-crawlmanager","tag-newsbucovina-ro"],"_links":{"self":[{"href":"https:\/\/analyse.optim.biz\/index.php?rest_route=\/wp\/v2\/posts\/2076055","targetHints":{"allow":["GET"]}}],"collection":[{"href":"https:\/\/analyse.optim.biz\/index.php?rest_route=\/wp\/v2\/posts"}],"about":[{"href":"https:\/\/analyse.optim.biz\/index.php?rest_route=\/wp\/v2\/types\/post"}],"author":[{"embeddable":true,"href":"https:\/\/analyse.optim.biz\/index.php?rest_route=\/wp\/v2\/users\/1"}],"replies":[{"embeddable":true,"href":"https:\/\/analyse.optim.biz\/index.php?rest_route=%2Fwp%2Fv2%2Fcomments&post=2076055"}],"version-history":[{"count":0,"href":"https:\/\/analyse.optim.biz\/index.php?rest_route=\/wp\/v2\/posts\/2076055\/revisions"}],"wp:attachment":[{"href":"https:\/\/analyse.optim.biz\/index.php?rest_route=%2Fwp%2Fv2%2Fmedia&parent=2076055"}],"wp:term":[{"taxonomy":"category","embeddable":true,"href":"https:\/\/analyse.optim.biz\/index.php?rest_route=%2Fwp%2Fv2%2Fcategories&post=2076055"},{"taxonomy":"post_tag","embeddable":true,"href":"https:\/\/analyse.optim.biz\/index.php?rest_route=%2Fwp%2Fv2%2Ftags&post=2076055"}],"curies":[{"name":"wp","href":"https:\/\/api.w.org\/{rel}","templated":true}]}}