{"id":2076053,"date":"2026-08-03T07:14:12","date_gmt":"2026-08-03T04:14:12","guid":{"rendered":"https:\/\/analyse.optim.biz\/?p=2076053"},"modified":"2026-08-03T07:14:12","modified_gmt":"2026-08-03T04:14:12","slug":"cod-galben-de-canicula-in-judetul-suceava-valul-de-caldura-persista-in-zilele-urmatoare","status":"publish","type":"post","link":"https:\/\/analyse.optim.biz\/?p=2076053","title":{"rendered":"Cod Galben de canicul\u0103 \u00een jude\u021bul Suceava. Valul de c\u0103ldur\u0103 persist\u0103 \u00een zilele urm\u0103toare"},"content":{"rendered":"<p>[analyse_image type=&#8221;featured&#8221; src=&#8221;https:\/\/www.newsbucovina.ro\/wp-content\/uploads\/2017\/06\/canicula.jpghttps:\/\/cdn.newsbucovina.ro\/wp-content\/uploads\/2017\/06\/canicula.jpg&#8221;]<\/p>\n<div class=\"td-post-content tagdiv-type\">\n<div class=\"td-a-rec td-a-rec-id-content_top  tdi_3 td_block_template_1\"><strong>Intr\u0103 acum \u0219i \u00een grupul de <\/p>\n<div class=\"wp-block-button\"><a class=\"wp-block-button__link wp-element-button\" href=\"https:\/\/t.me\/+TH8wcfnp8fw5NWI0\">Telegram News Bucovina<\/a><\/div>\n<p><\/strong><\/div>\n<p class=\"wp-block-paragraph\">Administra\u021bia Na\u021bional\u0103 de Meteorologie a emis o informare meteorologic\u0103 valabil\u0103 de luni, 3 august, ora 10.00, p\u00e2n\u0103 vineri, 7 august, ora 10.00, privind valul de c\u0103ldur\u0103, canicul\u0103, temperaturi extreme, disconfort termic \u0219i nop\u021bi tropicale.<\/p>\n<div class=\"wp-block-image\">\n<figure class=\"aligncenter size-full\"><a href=\"https:\/\/cdn.newsbucovina.ro\/wp-content\/uploads\/2017\/06\/canicula.jpg\"><img loading=\"lazy\" decoding=\"async\" width=\"800\" height=\"478\" src=\"https:\/\/cdn.newsbucovina.ro\/wp-content\/uploads\/2017\/06\/canicula.jpg.webp\" alt class=\"wp-image-193763\"><\/a><\/figure>\n<\/div>\n<p class=\"wp-block-paragraph\">Luni \u0219i mar\u021bi, fenomenul va persista \u0219i se va extinde \u00een cea mai mare parte a \u021b\u0103rii. Va fi canicul\u0103 \u0219i disconfort termic accentuat, iar indicele temperatur\u0103-umezeal\u0103 (ITU) va atinge \u0219i dep\u0103\u0219i pragul critic de 80 de unit\u0103\u021bi. Temperaturile maxime vor ajunge p\u00e2n\u0103 \u00een jurul a 40 de grade \u00een C\u00e2mpia de Vest, iar pe litoral se vor situa \u00eentre 28 \u0219i 33 de grade. Nop\u021bile vor fi tropicale, cu minime de 20\u201326 de grade, pe arii tot mai extinse.<\/p>\n<p class=\"wp-block-paragraph\">Pentru jude\u021bul Suceava ANM a emis avertizare Cod Galben valabil\u0103 luni, 3 august, de la ora 10.00, p\u00e2n\u0103 mar\u021bi, 4 august, ora 10.00. \u00cen aceast\u0103 perioad\u0103, valul de c\u0103ldur\u0103 va fi persistent. Se vor \u00eenregistra temperaturi deosebit de ridicate, local va fi canicul\u0103, iar disconfortul termic va fi ridicat, cu ITU care atinge pragul critic de 80 de unit\u0103\u021bi. Maximele vor fi cuprinse \u00eentre 33 \u0219i 37 de grade. Pe alocuri, noaptea va fi tropical\u0103, cu minime de 20\u201322 de grade.<\/p>\n<p class=\"wp-block-paragraph\">Un al doilea Cod Galben, valabil mar\u021bi, 4 august, de la ora 10.00, p\u00e2n\u0103 miercuri, 5 august, ora 10.00, vizeaz\u0103, printre altele, cea mai mare parte a Moldovei. Valul de c\u0103ldur\u0103 se va extinde \u0219i intensifica. Pe arii extinse va fi canicul\u0103, disconfort termic ridicat \u0219i ITU care atinge pragul critic. Temperaturile maxime vor ajunge p\u00e2n\u0103 la 37\u201338 de grade \u00een unele regiuni, iar nop\u021bile tropicale vor continua, cu minime de 20\u201324 de grade.<\/p>\n<figure class=\"wp-block-embed is-type-video is-provider-youtube wp-block-embed-youtube wp-embed-aspect-16-9 wp-has-aspect-ratio\">\n<div class=\"wp-block-embed__wrapper\">\n<div class=\"youtube-embed\" data-video_id=\"H5LcMzGH100\"><iframe loading=\"lazy\" title=\"Cum transformi Bucuria-n...SC\u00c2RB\u0102? Te plimbi cu ma\u0219ina Prim\u0103riei ...f\u0103r\u0103 acte! POLI\u021aIA o cam scald\u0103!\" width=\"696\" height=\"392\" src=\"https:\/\/www.youtube.com\/embed\/H5LcMzGH100?feature=oembed&amp;enablejsapi=1\" frameborder allow=\"accelerometer; autoplay; clipboard-write; encrypted-media; gyroscope; picture-in-picture; web-share\" referrerpolicy=\"strict-origin-when-cross-origin\" allowfullscreen><\/iframe><\/div>\n<\/div>\n<\/figure>\n<div class=\"td-a-rec td-a-rec-id-content_bottom  tdi_4 td_block_template_1\"><strong>Intr\u0103 acum \u0219i \u00een grupul de <\/p>\n<div class=\"wp-block-button\"><a class=\"wp-block-button__link wp-element-button\" href=\"https:\/\/t.me\/+TH8wcfnp8fw5NWI0\">Telegram News Bucovina<\/a><\/div>\n<p><\/strong><\/div>\n<\/div>\n<div class=\"td-post-content tagdiv-type\">\n<div class=\"td-a-rec td-a-rec-id-content_top  tdi_3 td_block_template_1\"><strong>Intr\u0103 acum \u0219i \u00een grupul de <\/p>\n<div class=\"wp-block-button\"><a class=\"wp-block-button__link wp-element-button\" href=\"https:\/\/t.me\/+TH8wcfnp8fw5NWI0\">Telegram News Bucovina<\/a><\/div>\n<p><\/strong><\/div>\n<p class=\"wp-block-paragraph\">Administra\u021bia Na\u021bional\u0103 de Meteorologie a emis o informare meteorologic\u0103 valabil\u0103 de luni, 3 august, ora 10.00, p\u00e2n\u0103 vineri, 7 august, ora 10.00, privind valul de c\u0103ldur\u0103, canicul\u0103, temperaturi extreme, disconfort termic \u0219i nop\u021bi tropicale.<\/p>\n<div class=\"wp-block-image\">\n<figure class=\"aligncenter size-full\"><a href=\"https:\/\/cdn.newsbucovina.ro\/wp-content\/uploads\/2017\/06\/canicula.jpg\"><img loading=\"lazy\" decoding=\"async\" width=\"800\" height=\"478\" src=\"https:\/\/cdn.newsbucovina.ro\/wp-content\/uploads\/2017\/06\/canicula.jpg.webp\" alt class=\"wp-image-193763\"><\/a><\/figure>\n<\/div>\n<p class=\"wp-block-paragraph\">Luni \u0219i mar\u021bi, fenomenul va persista \u0219i se va extinde \u00een cea mai mare parte a \u021b\u0103rii. Va fi canicul\u0103 \u0219i disconfort termic accentuat, iar indicele temperatur\u0103-umezeal\u0103 (ITU) va atinge \u0219i dep\u0103\u0219i pragul critic de 80 de unit\u0103\u021bi. Temperaturile maxime vor ajunge p\u00e2n\u0103 \u00een jurul a 40 de grade \u00een C\u00e2mpia de Vest, iar pe litoral se vor situa \u00eentre 28 \u0219i 33 de grade. Nop\u021bile vor fi tropicale, cu minime de 20\u201326 de grade, pe arii tot mai extinse.<\/p>\n<p class=\"wp-block-paragraph\">Pentru jude\u021bul Suceava ANM a emis avertizare Cod Galben valabil\u0103 luni, 3 august, de la ora 10.00, p\u00e2n\u0103 mar\u021bi, 4 august, ora 10.00. \u00cen aceast\u0103 perioad\u0103, valul de c\u0103ldur\u0103 va fi persistent. Se vor \u00eenregistra temperaturi deosebit de ridicate, local va fi canicul\u0103, iar disconfortul termic va fi ridicat, cu ITU care atinge pragul critic de 80 de unit\u0103\u021bi. Maximele vor fi cuprinse \u00eentre 33 \u0219i 37 de grade. Pe alocuri, noaptea va fi tropical\u0103, cu minime de 20\u201322 de grade.<\/p>\n<p class=\"wp-block-paragraph\">Un al doilea Cod Galben, valabil mar\u021bi, 4 august, de la ora 10.00, p\u00e2n\u0103 miercuri, 5 august, ora 10.00, vizeaz\u0103, printre altele, cea mai mare parte a Moldovei. Valul de c\u0103ldur\u0103 se va extinde \u0219i intensifica. Pe arii extinse va fi canicul\u0103, disconfort termic ridicat \u0219i ITU care atinge pragul critic. Temperaturile maxime vor ajunge p\u00e2n\u0103 la 37\u201338 de grade \u00een unele regiuni, iar nop\u021bile tropicale vor continua, cu minime de 20\u201324 de grade.<\/p>\n<figure class=\"wp-block-embed is-type-video is-provider-youtube wp-block-embed-youtube wp-embed-aspect-16-9 wp-has-aspect-ratio\">\n<div class=\"wp-block-embed__wrapper\">\n<div class=\"youtube-embed\" data-video_id=\"H5LcMzGH100\"><iframe loading=\"lazy\" title=\"Cum transformi Bucuria-n...SC\u00c2RB\u0102? Te plimbi cu ma\u0219ina Prim\u0103riei ...f\u0103r\u0103 acte! POLI\u021aIA o cam scald\u0103!\" width=\"696\" height=\"392\" src=\"https:\/\/www.youtube.com\/embed\/H5LcMzGH100?feature=oembed&amp;enablejsapi=1\" frameborder allow=\"accelerometer; autoplay; clipboard-write; encrypted-media; gyroscope; picture-in-picture; web-share\" referrerpolicy=\"strict-origin-when-cross-origin\" allowfullscreen><\/iframe><\/div>\n<\/div>\n<\/figure>\n<div class=\"td-a-rec td-a-rec-id-content_bottom  tdi_4 td_block_template_1\"><strong>Intr\u0103 acum \u0219i \u00een grupul de <\/p>\n<div class=\"wp-block-button\"><a class=\"wp-block-button__link wp-element-button\" href=\"https:\/\/t.me\/+TH8wcfnp8fw5NWI0\">Telegram News Bucovina<\/a><\/div>\n<p><\/strong><\/div>\n<\/div>\n<p>[analyse_source url=&#8221;https:\/\/www.newsbucovina.ro\/actualitate\/445483\/cod-galben-de-canicula-in-judetul-suceava-valul-de-caldura-persista-in-zilele-urmatoare&#8221;]<\/p>\n","protected":false},"excerpt":{"rendered":"<p>[analyse_image type=&#8221;featured&#8221; src=&#8221;https:\/\/www.newsbucovina.ro\/wp-content\/uploads\/2017\/06\/canicula.jpghttps:\/\/cdn.newsbucovina.ro\/wp-content\/uploads\/2017\/06\/canicula.jpg&#8221;] Intr\u0103 acum \u0219i \u00een grupul de Telegram News Bucovina Administra\u021bia Na\u021bional\u0103 de Meteorologie a emis o informare meteorologic\u0103 valabil\u0103 de luni, 3 august, ora 10.00, p\u00e2n\u0103 vineri, 7 august, ora 10.00, privind valul de c\u0103ldur\u0103, canicul\u0103, temperaturi extreme, disconfort termic \u0219i nop\u021bi tropicale. Luni \u0219i mar\u021bi, fenomenul va persista \u0219i se va [&hellip;]<\/p>\n","protected":false},"author":1,"featured_media":0,"comment_status":"open","ping_status":"","sticky":false,"template":"","format":"standard","meta":{"footnotes":""},"categories":[89],"tags":[226,165],"class_list":["post-2076053","post","type-post","status-publish","format-standard","hentry","category-romania","tag-crawlmanager","tag-newsbucovina-ro"],"_links":{"self":[{"href":"https:\/\/analyse.optim.biz\/index.php?rest_route=\/wp\/v2\/posts\/2076053","targetHints":{"allow":["GET"]}}],"collection":[{"href":"https:\/\/analyse.optim.biz\/index.php?rest_route=\/wp\/v2\/posts"}],"about":[{"href":"https:\/\/analyse.optim.biz\/index.php?rest_route=\/wp\/v2\/types\/post"}],"author":[{"embeddable":true,"href":"https:\/\/analyse.optim.biz\/index.php?rest_route=\/wp\/v2\/users\/1"}],"replies":[{"embeddable":true,"href":"https:\/\/analyse.optim.biz\/index.php?rest_route=%2Fwp%2Fv2%2Fcomments&post=2076053"}],"version-history":[{"count":0,"href":"https:\/\/analyse.optim.biz\/index.php?rest_route=\/wp\/v2\/posts\/2076053\/revisions"}],"wp:attachment":[{"href":"https:\/\/analyse.optim.biz\/index.php?rest_route=%2Fwp%2Fv2%2Fmedia&parent=2076053"}],"wp:term":[{"taxonomy":"category","embeddable":true,"href":"https:\/\/analyse.optim.biz\/index.php?rest_route=%2Fwp%2Fv2%2Fcategories&post=2076053"},{"taxonomy":"post_tag","embeddable":true,"href":"https:\/\/analyse.optim.biz\/index.php?rest_route=%2Fwp%2Fv2%2Ftags&post=2076053"}],"curies":[{"name":"wp","href":"https:\/\/api.w.org\/{rel}","templated":true}]}}